{"id":100001,"date":"2018-09-03T16:19:41","date_gmt":"2018-09-03T14:19:41","guid":{"rendered":"https:\/\/batijournal.com\/?p=100001"},"modified":"2019-07-15T11:14:57","modified_gmt":"2019-07-15T09:14:57","slug":"un-incendie-detruit-le-musee-national-de-rio-de-janeiro","status":"publish","type":"post","link":"https:\/\/batijournal.com\/index.php\/un-incendie-detruit-le-musee-national-de-rio-de-janeiro\/100001\/","title":{"rendered":"Un incendie d\u00e9truit le Mus\u00e9e national de Rio de Janeiro"},"content":{"rendered":"<p>C&rsquo;est durant la nuit du dimanche 2 septembre, qu&rsquo;un <strong>incendie<\/strong> a eu lieu au <strong>Mus\u00e9e national de Rio de Janeiro.<\/strong><\/p>\n<p>Ce sont plus de 20 millions d&rsquo;\u0153uvres et 200 ans d&rsquo;histoire qui ont \u00e9t\u00e9 d\u00e9truits la nuit derni\u00e8re. Un constat lourd pour le ministre de la Culture Sergio Sa Leitao qui parle de<em> \u00ab\u00a0trag\u00e9die qui aurait pu \u00eatre \u00e9vit\u00e9e\u00a0\u00bb.<\/em>\u00a0Aucune victime n&rsquo;a \u00e9t\u00e9 signal\u00e9e.<\/p>\n<p>Le <strong>Mus\u00e9e national du Br\u00e9sil<\/strong> \u00e9galement nomm\u00e9 mus\u00e9e d&rsquo;histoire naturelle a \u00e9t\u00e9 cr\u00e9\u00e9 par le roi de Portugal Jean VI en 1818. Au fil des ann\u00e9es, le Mus\u00e9e national est devenu une des plus grande collection d&rsquo;histoire naturelle et d&rsquo;anthropologie d&rsquo;Am\u00e9rique latine.<\/p>\n<p>Selon une d\u00e9claration du directeur adjoint du mus\u00e9e Luiz Fernando Dias Duarte, l&rsquo;incendie aurait d\u00e9truit des fresques de Pomp\u00e9i, l&rsquo;ensemble de la collection de l&rsquo;imp\u00e9ratrice Th\u00e9r\u00e8se-Christine ainsi que les archives historiques de l&rsquo;institution.<\/p>\n<p>Les deux expositions temporaires ont \u00e9galement \u00e9t\u00e9 d\u00e9truites. Le bilan est donc cons\u00e9quent mais une partie des collections ext\u00e9rieures a pu \u00eatre conserv\u00e9e ainsi que le zoo de Rio de Janeiro qui se trouve pr\u00e8s du mus\u00e9e.<\/p>\n<p>\u00a9 REUTERS &#8211; Ricardo Moraes<\/p>\n","protected":false},"excerpt":{"rendered":"<p>C&rsquo;est durant la nuit du dimanche 2 septembre, qu&rsquo;un incendie a eu lieu au Mus\u00e9e national de Rio de Janeiro. Ce sont plus de 20 millions d&rsquo;\u0153uvres et 200 ans d&rsquo;histoire qui ont \u00e9t\u00e9 d\u00e9truits la nuit derni\u00e8re. Un constat lourd pour le ministre de la Culture Sergio Sa Leitao qui parle de \u00ab\u00a0trag\u00e9die qui [&hellip;]<\/p>\n","protected":false},"author":1,"featured_media":100004,"comment_status":"closed","ping_status":"closed","sticky":false,"template":"","format":"standard","meta":{"_et_pb_use_builder":"","_et_pb_old_content":"","_et_gb_content_width":"","footnotes":""},"categories":[10530,6340,10785],"tags":[3348,3640,12473,12474,11042],"class_list":["post-100001","post","type-post","status-publish","format-standard","has-post-thumbnail","hentry","category-actualites","category-architecture-conception","category-atrium","tag-incendie","tag-musee","tag-musee-national-de-rio-janeiro","tag-musee-national-du-bresil","tag-patrimoine"],"yoast_head":"<!-- This site is optimized with the Yoast SEO plugin v27.4 - https:\/\/yoast.com\/product\/yoast-seo-wordpress\/ -->\n<title>Mus\u00e9e national de Rio de Janeiro : un incendie a ravag\u00e9 le patrimoine<\/title>\n<meta name=\"description\" content=\"Dans la nuit de dimanche \u00e0 lundi, le Mus\u00e9e national de Rio de Janeiro a \u00e9t\u00e9 enti\u00e8rement ravag\u00e9 par un incendie. Plus de 20 millions d&#039;objets d\u00e9truits.\" \/>\n<meta name=\"robots\" content=\"index, follow, max-snippet:-1, max-image-preview:large, max-video-preview:-1\" \/>\n<link rel=\"canonical\" href=\"https:\/\/batijournal.com\/index.php\/un-incendie-detruit-le-musee-national-de-rio-de-janeiro\/100001\/\" \/>\n<meta property=\"og:locale\" content=\"fr_FR\" \/>\n<meta property=\"og:type\" content=\"article\" \/>\n<meta property=\"og:title\" content=\"Mus\u00e9e national de Rio de Janeiro : un incendie a ravag\u00e9 le patrimoine\" \/>\n<meta property=\"og:description\" content=\"Dans la nuit de dimanche \u00e0 lundi, le Mus\u00e9e national de Rio de Janeiro a \u00e9t\u00e9 enti\u00e8rement ravag\u00e9 par un incendie. Plus de 20 millions d&#039;objets d\u00e9truits.\" \/>\n<meta property=\"og:url\" content=\"https:\/\/batijournal.com\/index.php\/un-incendie-detruit-le-musee-national-de-rio-de-janeiro\/100001\/\" \/>\n<meta property=\"og:site_name\" content=\"Batijournal\" \/>\n<meta property=\"article:published_time\" content=\"2018-09-03T14:19:41+00:00\" \/>\n<meta property=\"article:modified_time\" content=\"2019-07-15T09:14:57+00:00\" \/>\n<meta property=\"og:image\" content=\"https:\/\/batijournal.com\/wp-content\/uploads\/2018\/09\/incendie-musee-national-de-rio-de-janeiro.jpg\" \/>\n\t<meta property=\"og:image:width\" content=\"1200\" \/>\n\t<meta property=\"og:image:height\" content=\"654\" \/>\n\t<meta property=\"og:image:type\" content=\"image\/jpeg\" \/>\n<meta name=\"author\" content=\"Bati-journal\" \/>\n<meta name=\"twitter:card\" content=\"summary_large_image\" \/>\n<meta name=\"twitter:creator\" content=\"@bati_journal\" \/>\n<meta name=\"twitter:site\" content=\"@bati_journal\" \/>\n<meta name=\"twitter:label1\" content=\"\u00c9crit par\" \/>\n\t<meta name=\"twitter:data1\" content=\"Bati-journal\" \/>\n\t<meta name=\"twitter:label2\" content=\"Dur\u00e9e de lecture estim\u00e9e\" \/>\n\t<meta name=\"twitter:data2\" content=\"1 minute\" \/>\n<script type=\"application\/ld+json\" class=\"yoast-schema-graph\">{\"@context\":\"https:\\\/\\\/schema.org\",\"@graph\":[{\"@type\":\"Article\",\"@id\":\"https:\\\/\\\/batijournal.com\\\/index.php\\\/un-incendie-detruit-le-musee-national-de-rio-de-janeiro\\\/100001\\\/#article\",\"isPartOf\":{\"@id\":\"https:\\\/\\\/batijournal.com\\\/index.php\\\/un-incendie-detruit-le-musee-national-de-rio-de-janeiro\\\/100001\\\/\"},\"author\":{\"name\":\"Bati-journal\",\"@id\":\"https:\\\/\\\/batijournal.com\\\/#\\\/schema\\\/person\\\/6a657e8967569e1b299972574848aa76\"},\"headline\":\"Un incendie d\u00e9truit le Mus\u00e9e national de Rio de Janeiro\",\"datePublished\":\"2018-09-03T14:19:41+00:00\",\"dateModified\":\"2019-07-15T09:14:57+00:00\",\"mainEntityOfPage\":{\"@id\":\"https:\\\/\\\/batijournal.com\\\/index.php\\\/un-incendie-detruit-le-musee-national-de-rio-de-janeiro\\\/100001\\\/\"},\"wordCount\":226,\"image\":{\"@id\":\"https:\\\/\\\/batijournal.com\\\/index.php\\\/un-incendie-detruit-le-musee-national-de-rio-de-janeiro\\\/100001\\\/#primaryimage\"},\"thumbnailUrl\":\"https:\\\/\\\/batijournal.com\\\/wp-content\\\/uploads\\\/2018\\\/09\\\/incendie-musee-national-de-rio-de-janeiro.jpg\",\"keywords\":[\"incendie\",\"mus\u00e9e\",\"mus\u00e9e national de rio janeiro\",\"mus\u00e9e national du br\u00e9sil\",\"patrimoine\"],\"articleSection\":[\"Actualit\u00e9s\",\"Architecture &amp; Conception\",\"zz_Atrium Patrimoine\"],\"inLanguage\":\"fr-FR\"},{\"@type\":\"WebPage\",\"@id\":\"https:\\\/\\\/batijournal.com\\\/index.php\\\/un-incendie-detruit-le-musee-national-de-rio-de-janeiro\\\/100001\\\/\",\"url\":\"https:\\\/\\\/batijournal.com\\\/index.php\\\/un-incendie-detruit-le-musee-national-de-rio-de-janeiro\\\/100001\\\/\",\"name\":\"Mus\u00e9e national de Rio de Janeiro : un incendie a ravag\u00e9 le patrimoine\",\"isPartOf\":{\"@id\":\"https:\\\/\\\/batijournal.com\\\/#website\"},\"primaryImageOfPage\":{\"@id\":\"https:\\\/\\\/batijournal.com\\\/index.php\\\/un-incendie-detruit-le-musee-national-de-rio-de-janeiro\\\/100001\\\/#primaryimage\"},\"image\":{\"@id\":\"https:\\\/\\\/batijournal.com\\\/index.php\\\/un-incendie-detruit-le-musee-national-de-rio-de-janeiro\\\/100001\\\/#primaryimage\"},\"thumbnailUrl\":\"https:\\\/\\\/batijournal.com\\\/wp-content\\\/uploads\\\/2018\\\/09\\\/incendie-musee-national-de-rio-de-janeiro.jpg\",\"datePublished\":\"2018-09-03T14:19:41+00:00\",\"dateModified\":\"2019-07-15T09:14:57+00:00\",\"author\":{\"@id\":\"https:\\\/\\\/batijournal.com\\\/#\\\/schema\\\/person\\\/6a657e8967569e1b299972574848aa76\"},\"description\":\"Dans la nuit de dimanche \u00e0 lundi, le Mus\u00e9e national de Rio de Janeiro a \u00e9t\u00e9 enti\u00e8rement ravag\u00e9 par un incendie. Plus de 20 millions d'objets d\u00e9truits.\",\"breadcrumb\":{\"@id\":\"https:\\\/\\\/batijournal.com\\\/index.php\\\/un-incendie-detruit-le-musee-national-de-rio-de-janeiro\\\/100001\\\/#breadcrumb\"},\"inLanguage\":\"fr-FR\",\"potentialAction\":[{\"@type\":\"ReadAction\",\"target\":[\"https:\\\/\\\/batijournal.com\\\/index.php\\\/un-incendie-detruit-le-musee-national-de-rio-de-janeiro\\\/100001\\\/\"]}]},{\"@type\":\"ImageObject\",\"inLanguage\":\"fr-FR\",\"@id\":\"https:\\\/\\\/batijournal.com\\\/index.php\\\/un-incendie-detruit-le-musee-national-de-rio-de-janeiro\\\/100001\\\/#primaryimage\",\"url\":\"https:\\\/\\\/batijournal.com\\\/wp-content\\\/uploads\\\/2018\\\/09\\\/incendie-musee-national-de-rio-de-janeiro.jpg\",\"contentUrl\":\"https:\\\/\\\/batijournal.com\\\/wp-content\\\/uploads\\\/2018\\\/09\\\/incendie-musee-national-de-rio-de-janeiro.jpg\",\"width\":1200,\"height\":654},{\"@type\":\"BreadcrumbList\",\"@id\":\"https:\\\/\\\/batijournal.com\\\/index.php\\\/un-incendie-detruit-le-musee-national-de-rio-de-janeiro\\\/100001\\\/#breadcrumb\",\"itemListElement\":[{\"@type\":\"ListItem\",\"position\":1,\"name\":\"Accueil\",\"item\":\"https:\\\/\\\/batijournal.com\\\/\"},{\"@type\":\"ListItem\",\"position\":2,\"name\":\"Actualit\u00e9s\",\"item\":\"https:\\\/\\\/batijournal.com\\\/index.php\\\/category\\\/actualites\\\/\"},{\"@type\":\"ListItem\",\"position\":3,\"name\":\"Un incendie d\u00e9truit le Mus\u00e9e national de Rio de Janeiro\"}]},{\"@type\":\"WebSite\",\"@id\":\"https:\\\/\\\/batijournal.com\\\/#website\",\"url\":\"https:\\\/\\\/batijournal.com\\\/\",\"name\":\"Batijournal\",\"description\":\"L&#039;actualit\u00e9 du b\u00e2timent\",\"potentialAction\":[{\"@type\":\"SearchAction\",\"target\":{\"@type\":\"EntryPoint\",\"urlTemplate\":\"https:\\\/\\\/batijournal.com\\\/?s={search_term_string}\"},\"query-input\":{\"@type\":\"PropertyValueSpecification\",\"valueRequired\":true,\"valueName\":\"search_term_string\"}}],\"inLanguage\":\"fr-FR\"},{\"@type\":\"Person\",\"@id\":\"https:\\\/\\\/batijournal.com\\\/#\\\/schema\\\/person\\\/6a657e8967569e1b299972574848aa76\",\"name\":\"Bati-journal\",\"image\":{\"@type\":\"ImageObject\",\"inLanguage\":\"fr-FR\",\"@id\":\"https:\\\/\\\/secure.gravatar.com\\\/avatar\\\/a64364ea26392f9b4dd47e017ddaec74ff03aefc073b49e492e847201258f777?s=96&d=mm&r=g\",\"url\":\"https:\\\/\\\/secure.gravatar.com\\\/avatar\\\/a64364ea26392f9b4dd47e017ddaec74ff03aefc073b49e492e847201258f777?s=96&d=mm&r=g\",\"contentUrl\":\"https:\\\/\\\/secure.gravatar.com\\\/avatar\\\/a64364ea26392f9b4dd47e017ddaec74ff03aefc073b49e492e847201258f777?s=96&d=mm&r=g\",\"caption\":\"Bati-journal\"},\"url\":\"https:\\\/\\\/batijournal.com\\\/index.php\\\/author\\\/elodie\\\/\"}]}<\/script>\n<!-- \/ Yoast SEO plugin. -->","yoast_head_json":{"title":"Mus\u00e9e national de Rio de Janeiro : un incendie a ravag\u00e9 le patrimoine","description":"Dans la nuit de dimanche \u00e0 lundi, le Mus\u00e9e national de Rio de Janeiro a \u00e9t\u00e9 enti\u00e8rement ravag\u00e9 par un incendie. Plus de 20 millions d'objets d\u00e9truits.","robots":{"index":"index","follow":"follow","max-snippet":"max-snippet:-1","max-image-preview":"max-image-preview:large","max-video-preview":"max-video-preview:-1"},"canonical":"https:\/\/batijournal.com\/index.php\/un-incendie-detruit-le-musee-national-de-rio-de-janeiro\/100001\/","og_locale":"fr_FR","og_type":"article","og_title":"Mus\u00e9e national de Rio de Janeiro : un incendie a ravag\u00e9 le patrimoine","og_description":"Dans la nuit de dimanche \u00e0 lundi, le Mus\u00e9e national de Rio de Janeiro a \u00e9t\u00e9 enti\u00e8rement ravag\u00e9 par un incendie. Plus de 20 millions d'objets d\u00e9truits.","og_url":"https:\/\/batijournal.com\/index.php\/un-incendie-detruit-le-musee-national-de-rio-de-janeiro\/100001\/","og_site_name":"Batijournal","article_published_time":"2018-09-03T14:19:41+00:00","article_modified_time":"2019-07-15T09:14:57+00:00","og_image":[{"width":1200,"height":654,"url":"https:\/\/batijournal.com\/wp-content\/uploads\/2018\/09\/incendie-musee-national-de-rio-de-janeiro.jpg","type":"image\/jpeg"}],"author":"Bati-journal","twitter_card":"summary_large_image","twitter_creator":"@bati_journal","twitter_site":"@bati_journal","twitter_misc":{"\u00c9crit par":"Bati-journal","Dur\u00e9e de lecture estim\u00e9e":"1 minute"},"schema":{"@context":"https:\/\/schema.org","@graph":[{"@type":"Article","@id":"https:\/\/batijournal.com\/index.php\/un-incendie-detruit-le-musee-national-de-rio-de-janeiro\/100001\/#article","isPartOf":{"@id":"https:\/\/batijournal.com\/index.php\/un-incendie-detruit-le-musee-national-de-rio-de-janeiro\/100001\/"},"author":{"name":"Bati-journal","@id":"https:\/\/batijournal.com\/#\/schema\/person\/6a657e8967569e1b299972574848aa76"},"headline":"Un incendie d\u00e9truit le Mus\u00e9e national de Rio de Janeiro","datePublished":"2018-09-03T14:19:41+00:00","dateModified":"2019-07-15T09:14:57+00:00","mainEntityOfPage":{"@id":"https:\/\/batijournal.com\/index.php\/un-incendie-detruit-le-musee-national-de-rio-de-janeiro\/100001\/"},"wordCount":226,"image":{"@id":"https:\/\/batijournal.com\/index.php\/un-incendie-detruit-le-musee-national-de-rio-de-janeiro\/100001\/#primaryimage"},"thumbnailUrl":"https:\/\/batijournal.com\/wp-content\/uploads\/2018\/09\/incendie-musee-national-de-rio-de-janeiro.jpg","keywords":["incendie","mus\u00e9e","mus\u00e9e national de rio janeiro","mus\u00e9e national du br\u00e9sil","patrimoine"],"articleSection":["Actualit\u00e9s","Architecture &amp; Conception","zz_Atrium Patrimoine"],"inLanguage":"fr-FR"},{"@type":"WebPage","@id":"https:\/\/batijournal.com\/index.php\/un-incendie-detruit-le-musee-national-de-rio-de-janeiro\/100001\/","url":"https:\/\/batijournal.com\/index.php\/un-incendie-detruit-le-musee-national-de-rio-de-janeiro\/100001\/","name":"Mus\u00e9e national de Rio de Janeiro : un incendie a ravag\u00e9 le patrimoine","isPartOf":{"@id":"https:\/\/batijournal.com\/#website"},"primaryImageOfPage":{"@id":"https:\/\/batijournal.com\/index.php\/un-incendie-detruit-le-musee-national-de-rio-de-janeiro\/100001\/#primaryimage"},"image":{"@id":"https:\/\/batijournal.com\/index.php\/un-incendie-detruit-le-musee-national-de-rio-de-janeiro\/100001\/#primaryimage"},"thumbnailUrl":"https:\/\/batijournal.com\/wp-content\/uploads\/2018\/09\/incendie-musee-national-de-rio-de-janeiro.jpg","datePublished":"2018-09-03T14:19:41+00:00","dateModified":"2019-07-15T09:14:57+00:00","author":{"@id":"https:\/\/batijournal.com\/#\/schema\/person\/6a657e8967569e1b299972574848aa76"},"description":"Dans la nuit de dimanche \u00e0 lundi, le Mus\u00e9e national de Rio de Janeiro a \u00e9t\u00e9 enti\u00e8rement ravag\u00e9 par un incendie. Plus de 20 millions d'objets d\u00e9truits.","breadcrumb":{"@id":"https:\/\/batijournal.com\/index.php\/un-incendie-detruit-le-musee-national-de-rio-de-janeiro\/100001\/#breadcrumb"},"inLanguage":"fr-FR","potentialAction":[{"@type":"ReadAction","target":["https:\/\/batijournal.com\/index.php\/un-incendie-detruit-le-musee-national-de-rio-de-janeiro\/100001\/"]}]},{"@type":"ImageObject","inLanguage":"fr-FR","@id":"https:\/\/batijournal.com\/index.php\/un-incendie-detruit-le-musee-national-de-rio-de-janeiro\/100001\/#primaryimage","url":"https:\/\/batijournal.com\/wp-content\/uploads\/2018\/09\/incendie-musee-national-de-rio-de-janeiro.jpg","contentUrl":"https:\/\/batijournal.com\/wp-content\/uploads\/2018\/09\/incendie-musee-national-de-rio-de-janeiro.jpg","width":1200,"height":654},{"@type":"BreadcrumbList","@id":"https:\/\/batijournal.com\/index.php\/un-incendie-detruit-le-musee-national-de-rio-de-janeiro\/100001\/#breadcrumb","itemListElement":[{"@type":"ListItem","position":1,"name":"Accueil","item":"https:\/\/batijournal.com\/"},{"@type":"ListItem","position":2,"name":"Actualit\u00e9s","item":"https:\/\/batijournal.com\/index.php\/category\/actualites\/"},{"@type":"ListItem","position":3,"name":"Un incendie d\u00e9truit le Mus\u00e9e national de Rio de Janeiro"}]},{"@type":"WebSite","@id":"https:\/\/batijournal.com\/#website","url":"https:\/\/batijournal.com\/","name":"Batijournal","description":"L&#039;actualit\u00e9 du b\u00e2timent","potentialAction":[{"@type":"SearchAction","target":{"@type":"EntryPoint","urlTemplate":"https:\/\/batijournal.com\/?s={search_term_string}"},"query-input":{"@type":"PropertyValueSpecification","valueRequired":true,"valueName":"search_term_string"}}],"inLanguage":"fr-FR"},{"@type":"Person","@id":"https:\/\/batijournal.com\/#\/schema\/person\/6a657e8967569e1b299972574848aa76","name":"Bati-journal","image":{"@type":"ImageObject","inLanguage":"fr-FR","@id":"https:\/\/secure.gravatar.com\/avatar\/a64364ea26392f9b4dd47e017ddaec74ff03aefc073b49e492e847201258f777?s=96&d=mm&r=g","url":"https:\/\/secure.gravatar.com\/avatar\/a64364ea26392f9b4dd47e017ddaec74ff03aefc073b49e492e847201258f777?s=96&d=mm&r=g","contentUrl":"https:\/\/secure.gravatar.com\/avatar\/a64364ea26392f9b4dd47e017ddaec74ff03aefc073b49e492e847201258f777?s=96&d=mm&r=g","caption":"Bati-journal"},"url":"https:\/\/batijournal.com\/index.php\/author\/elodie\/"}]}},"_links":{"self":[{"href":"https:\/\/batijournal.com\/index.php\/wp-json\/wp\/v2\/posts\/100001","targetHints":{"allow":["GET"]}}],"collection":[{"href":"https:\/\/batijournal.com\/index.php\/wp-json\/wp\/v2\/posts"}],"about":[{"href":"https:\/\/batijournal.com\/index.php\/wp-json\/wp\/v2\/types\/post"}],"author":[{"embeddable":true,"href":"https:\/\/batijournal.com\/index.php\/wp-json\/wp\/v2\/users\/1"}],"replies":[{"embeddable":true,"href":"https:\/\/batijournal.com\/index.php\/wp-json\/wp\/v2\/comments?post=100001"}],"version-history":[{"count":0,"href":"https:\/\/batijournal.com\/index.php\/wp-json\/wp\/v2\/posts\/100001\/revisions"}],"wp:featuredmedia":[{"embeddable":true,"href":"https:\/\/batijournal.com\/index.php\/wp-json\/wp\/v2\/media\/100004"}],"wp:attachment":[{"href":"https:\/\/batijournal.com\/index.php\/wp-json\/wp\/v2\/media?parent=100001"}],"wp:term":[{"taxonomy":"category","embeddable":true,"href":"https:\/\/batijournal.com\/index.php\/wp-json\/wp\/v2\/categories?post=100001"},{"taxonomy":"post_tag","embeddable":true,"href":"https:\/\/batijournal.com\/index.php\/wp-json\/wp\/v2\/tags?post=100001"}],"curies":[{"name":"wp","href":"https:\/\/api.w.org\/{rel}","templated":true}]}}