{"id":100006,"date":"2018-09-03T17:06:24","date_gmt":"2018-09-03T15:06:24","guid":{"rendered":"https:\/\/batijournal.com\/?p=100006"},"modified":"2018-09-04T11:08:09","modified_gmt":"2018-09-04T09:08:09","slug":"3emes-assises-nationales-du-douglas","status":"publish","type":"post","link":"https:\/\/batijournal.com\/index.php\/3emes-assises-nationales-du-douglas\/100006\/","title":{"rendered":"3\u00e8mes Assises Nationales du Douglas : plus qu\u2019une semaine pour s\u2019inscrire !"},"content":{"rendered":"<p><strong>Les 19, 20 et 21 septembre prochains, se tiendront \u00e0 Bordeaux les 3<sup>\u00e8mes<\/sup> Assises Nationales du Douglas, qui ont vocation \u00e0 dresser un panorama complet des \u00e9volutions ayant marqu\u00e9 la fili\u00e8re au cours de ces derni\u00e8res ann\u00e9es. L\u2019\u00e9v\u00e9nement marquera \u00e9galement les 25 ans de France Douglas : l\u2019occasion de faire le bilan et de se projeter dans l\u2019avenir sur le th\u00e8me de la ville durable.<\/strong><\/p>\n<p>La France, avec ses 420 000 hectares de peuplements en place, se positionne au rang de premier producteur europ\u00e9en de Douglas. Cette essence constitue un enjeu majeur pour l\u2019\u00e9conomie fran\u00e7aise, enjeu d\u2019autant plus fort que la ressource va entrer dans une phase de production acc\u00e9l\u00e9r\u00e9e durant les 25 prochaines ann\u00e9es.<\/p>\n<p>Depuis 1993, France Douglas a contribu\u00e9 \u00e0 structurer cette fili\u00e8re \u00e9mergente. L\u2019association a notamment oeuvr\u00e9 \u2013 en partenariat avec l\u2019ensemble de ses adh\u00e9rents sylviculteurs, experts, transformateurs et utilisateurs &#8211; \u00e0 la d\u00e9finition d\u2019une offre nationale, base indispensable pour la reconnaissance du Douglas. Elle s\u2019efforce depuis de r\u00e9pondre aux \u00e9volutions constantes du march\u00e9 de la construction en concertation avec les diff\u00e9rents acteurs de la fili\u00e8re.<\/p>\n<p>Les Assises s\u2019interrogeront sur la place du Douglas dans la ville durable de demain, avec pour objectifs une meilleure mobilisation de la ressource fran\u00e7aise, la valorisation des qualit\u00e9s intrins\u00e8ques du Douglas (r\u00e9sistance m\u00e9canique et durabilit\u00e9 naturelle), la cr\u00e9ation de valeur ajout\u00e9e sur le territoire national, et l\u2019am\u00e9lioration de la comp\u00e9titivit\u00e9 des entreprises concern\u00e9es sur les march\u00e9s nationaux, europ\u00e9ens et internationaux.<\/p>\n<p>Pour la tenue de cette troisi\u00e8me \u00e9dition, France Douglas a choisi Bordeaux, capitale de la Nouvelle Aquitaine, l\u2019une des plus importantes surfaces foresti\u00e8re d\u2019Europe, repr\u00e9sentant pr\u00e8s de 20% de la surface fran\u00e7aise de Douglas. Bordeaux, ville en pleine mutation, aborde la construction bois comme une r\u00e9elle opportunit\u00e9 de d\u00e9veloppement, en favorisant notamment la construction d\u2019immeubles \u00e0 partir de ressources r\u00e9gionales, s\u2019int\u00e9grant ainsi pleinement dans la d\u00e9marche de la ville durable.<\/p>\n<p>Au vu de la richesse de la programmation, les Assises, habituellement r\u00e9parties sur 2 jours, ont \u00e9t\u00e9 \u00e9tendues sur trois jours, en permettant \u00e0 ceux qui le souhaitent de profiter d\u2019une journ\u00e9e de visites en plus des deux jours de conf\u00e9rences et tables rondes qui se tiendront \u00e0 la Cit\u00e9 Mondiale de Bordeaux. Une vingtaine d\u2019experts, chercheurs et professionnels de qualit\u00e9 interviendront sur les th\u00e9matiques \u00ab ressource\/investissement \u00bb, \u00ab march\u00e9\/innovation \u00bb et \u00ab prescription\/architecture \u00bb.<\/p>\n<p><strong>Lien inscriptions : <a href=\"https:\/\/assises-douglas.com\/inscription.html\" target=\"_blank\" rel=\"noopener\">https:\/\/assises-douglas.com\/inscription.html<\/a><\/strong><\/p>\n<p>D\u00e9tail du programme sur <a href=\"http:\/\/www.assises-douglas.com\" target=\"_blank\" rel=\"noopener\">www.assises-douglas.com<\/a><\/p>\n<p>Plus d\u2019infos : contact@france-douglas.com<\/p>\n","protected":false},"excerpt":{"rendered":"<p>Les 19, 20 et 21 septembre prochains, se tiendront \u00e0 Bordeaux les 3\u00e8mes Assises Nationales du Douglas, qui ont vocation \u00e0 dresser un panorama complet des \u00e9volutions ayant marqu\u00e9 la fili\u00e8re au cours de ces derni\u00e8res ann\u00e9es. L\u2019\u00e9v\u00e9nement marquera \u00e9galement les 25 ans de France Douglas : l\u2019occasion de faire le bilan et de se [&hellip;]<\/p>\n","protected":false},"author":1,"featured_media":100007,"comment_status":"closed","ping_status":"closed","sticky":false,"template":"","format":"standard","meta":{"_et_pb_use_builder":"","_et_pb_old_content":"","_et_gb_content_width":"","footnotes":""},"categories":[10736,10530,9192,10769,10764],"tags":[12477],"class_list":["post-100006","post","type-post","status-publish","format-standard","has-post-thumbnail","hentry","category-a-la-une","category-actualites","category-evenements","category-publications","category-woodsurfer","tag-3e-assises-nationales-du-douglas"],"yoast_head":"<!-- This site is optimized with the Yoast SEO plugin v27.4 - https:\/\/yoast.com\/product\/yoast-seo-wordpress\/ -->\n<title>3e Assises nationales du Douglas sont de retour ! - Batijournal<\/title>\n<meta name=\"description\" content=\"Les 19, 20 et 21 septembre prochains, se tiendront \u00e0 Bordeaux les 3\u00e8mes Assises Nationales du Douglas. Inscrivez-vous \u00e0 cet \u00e9v\u00e9nement !\" \/>\n<meta name=\"robots\" content=\"index, follow, max-snippet:-1, max-image-preview:large, max-video-preview:-1\" \/>\n<link rel=\"canonical\" href=\"https:\/\/batijournal.com\/index.php\/3emes-assises-nationales-du-douglas\/100006\/\" \/>\n<meta property=\"og:locale\" content=\"fr_FR\" \/>\n<meta property=\"og:type\" content=\"article\" \/>\n<meta property=\"og:title\" content=\"3e Assises nationales du Douglas sont de retour ! - Batijournal\" \/>\n<meta property=\"og:description\" content=\"Les 19, 20 et 21 septembre prochains, se tiendront \u00e0 Bordeaux les 3\u00e8mes Assises Nationales du Douglas. Inscrivez-vous \u00e0 cet \u00e9v\u00e9nement !\" \/>\n<meta property=\"og:url\" content=\"https:\/\/batijournal.com\/index.php\/3emes-assises-nationales-du-douglas\/100006\/\" \/>\n<meta property=\"og:site_name\" content=\"Batijournal\" \/>\n<meta property=\"article:published_time\" content=\"2018-09-03T15:06:24+00:00\" \/>\n<meta property=\"article:modified_time\" content=\"2018-09-04T09:08:09+00:00\" \/>\n<meta property=\"og:image\" content=\"https:\/\/batijournal.com\/wp-content\/uploads\/2018\/09\/3-eme-assises-nationales-du-douglas.png\" \/>\n\t<meta property=\"og:image:width\" content=\"714\" \/>\n\t<meta property=\"og:image:height\" content=\"467\" \/>\n\t<meta property=\"og:image:type\" content=\"image\/png\" \/>\n<meta name=\"author\" content=\"Bati-journal\" \/>\n<meta name=\"twitter:card\" content=\"summary_large_image\" \/>\n<meta name=\"twitter:creator\" content=\"@bati_journal\" \/>\n<meta name=\"twitter:site\" content=\"@bati_journal\" \/>\n<meta name=\"twitter:label1\" content=\"\u00c9crit par\" \/>\n\t<meta name=\"twitter:data1\" content=\"Bati-journal\" \/>\n\t<meta name=\"twitter:label2\" content=\"Dur\u00e9e de lecture estim\u00e9e\" \/>\n\t<meta name=\"twitter:data2\" content=\"2 minutes\" \/>\n<script type=\"application\/ld+json\" class=\"yoast-schema-graph\">{\"@context\":\"https:\\\/\\\/schema.org\",\"@graph\":[{\"@type\":\"Article\",\"@id\":\"https:\\\/\\\/batijournal.com\\\/index.php\\\/3emes-assises-nationales-du-douglas\\\/100006\\\/#article\",\"isPartOf\":{\"@id\":\"https:\\\/\\\/batijournal.com\\\/index.php\\\/3emes-assises-nationales-du-douglas\\\/100006\\\/\"},\"author\":{\"name\":\"Bati-journal\",\"@id\":\"https:\\\/\\\/batijournal.com\\\/#\\\/schema\\\/person\\\/6a657e8967569e1b299972574848aa76\"},\"headline\":\"3\u00e8mes Assises Nationales du Douglas : plus qu\u2019une semaine pour s\u2019inscrire !\",\"datePublished\":\"2018-09-03T15:06:24+00:00\",\"dateModified\":\"2018-09-04T09:08:09+00:00\",\"mainEntityOfPage\":{\"@id\":\"https:\\\/\\\/batijournal.com\\\/index.php\\\/3emes-assises-nationales-du-douglas\\\/100006\\\/\"},\"wordCount\":455,\"image\":{\"@id\":\"https:\\\/\\\/batijournal.com\\\/index.php\\\/3emes-assises-nationales-du-douglas\\\/100006\\\/#primaryimage\"},\"thumbnailUrl\":\"https:\\\/\\\/batijournal.com\\\/wp-content\\\/uploads\\\/2018\\\/09\\\/3-eme-assises-nationales-du-douglas.png\",\"keywords\":[\"3e assises nationales du douglas\"],\"articleSection\":[\"A la Une\",\"Actualit\u00e9s\",\"\u00c9v\u00e9nements\",\"zz_Actualit\u00e9s - Woodsurfer\",\"zz_Woodsurfer\"],\"inLanguage\":\"fr-FR\"},{\"@type\":\"WebPage\",\"@id\":\"https:\\\/\\\/batijournal.com\\\/index.php\\\/3emes-assises-nationales-du-douglas\\\/100006\\\/\",\"url\":\"https:\\\/\\\/batijournal.com\\\/index.php\\\/3emes-assises-nationales-du-douglas\\\/100006\\\/\",\"name\":\"3e Assises nationales du Douglas sont de retour ! - Batijournal\",\"isPartOf\":{\"@id\":\"https:\\\/\\\/batijournal.com\\\/#website\"},\"primaryImageOfPage\":{\"@id\":\"https:\\\/\\\/batijournal.com\\\/index.php\\\/3emes-assises-nationales-du-douglas\\\/100006\\\/#primaryimage\"},\"image\":{\"@id\":\"https:\\\/\\\/batijournal.com\\\/index.php\\\/3emes-assises-nationales-du-douglas\\\/100006\\\/#primaryimage\"},\"thumbnailUrl\":\"https:\\\/\\\/batijournal.com\\\/wp-content\\\/uploads\\\/2018\\\/09\\\/3-eme-assises-nationales-du-douglas.png\",\"datePublished\":\"2018-09-03T15:06:24+00:00\",\"dateModified\":\"2018-09-04T09:08:09+00:00\",\"author\":{\"@id\":\"https:\\\/\\\/batijournal.com\\\/#\\\/schema\\\/person\\\/6a657e8967569e1b299972574848aa76\"},\"description\":\"Les 19, 20 et 21 septembre prochains, se tiendront \u00e0 Bordeaux les 3\u00e8mes Assises Nationales du Douglas. Inscrivez-vous \u00e0 cet \u00e9v\u00e9nement !\",\"breadcrumb\":{\"@id\":\"https:\\\/\\\/batijournal.com\\\/index.php\\\/3emes-assises-nationales-du-douglas\\\/100006\\\/#breadcrumb\"},\"inLanguage\":\"fr-FR\",\"potentialAction\":[{\"@type\":\"ReadAction\",\"target\":[\"https:\\\/\\\/batijournal.com\\\/index.php\\\/3emes-assises-nationales-du-douglas\\\/100006\\\/\"]}]},{\"@type\":\"ImageObject\",\"inLanguage\":\"fr-FR\",\"@id\":\"https:\\\/\\\/batijournal.com\\\/index.php\\\/3emes-assises-nationales-du-douglas\\\/100006\\\/#primaryimage\",\"url\":\"https:\\\/\\\/batijournal.com\\\/wp-content\\\/uploads\\\/2018\\\/09\\\/3-eme-assises-nationales-du-douglas.png\",\"contentUrl\":\"https:\\\/\\\/batijournal.com\\\/wp-content\\\/uploads\\\/2018\\\/09\\\/3-eme-assises-nationales-du-douglas.png\",\"width\":714,\"height\":467},{\"@type\":\"BreadcrumbList\",\"@id\":\"https:\\\/\\\/batijournal.com\\\/index.php\\\/3emes-assises-nationales-du-douglas\\\/100006\\\/#breadcrumb\",\"itemListElement\":[{\"@type\":\"ListItem\",\"position\":1,\"name\":\"Accueil\",\"item\":\"https:\\\/\\\/batijournal.com\\\/\"},{\"@type\":\"ListItem\",\"position\":2,\"name\":\"Actualit\u00e9s\",\"item\":\"https:\\\/\\\/batijournal.com\\\/index.php\\\/category\\\/actualites\\\/\"},{\"@type\":\"ListItem\",\"position\":3,\"name\":\"3\u00e8mes Assises Nationales du Douglas : plus qu\u2019une semaine pour s\u2019inscrire !\"}]},{\"@type\":\"WebSite\",\"@id\":\"https:\\\/\\\/batijournal.com\\\/#website\",\"url\":\"https:\\\/\\\/batijournal.com\\\/\",\"name\":\"Batijournal\",\"description\":\"L&#039;actualit\u00e9 du b\u00e2timent\",\"potentialAction\":[{\"@type\":\"SearchAction\",\"target\":{\"@type\":\"EntryPoint\",\"urlTemplate\":\"https:\\\/\\\/batijournal.com\\\/?s={search_term_string}\"},\"query-input\":{\"@type\":\"PropertyValueSpecification\",\"valueRequired\":true,\"valueName\":\"search_term_string\"}}],\"inLanguage\":\"fr-FR\"},{\"@type\":\"Person\",\"@id\":\"https:\\\/\\\/batijournal.com\\\/#\\\/schema\\\/person\\\/6a657e8967569e1b299972574848aa76\",\"name\":\"Bati-journal\",\"image\":{\"@type\":\"ImageObject\",\"inLanguage\":\"fr-FR\",\"@id\":\"https:\\\/\\\/secure.gravatar.com\\\/avatar\\\/a64364ea26392f9b4dd47e017ddaec74ff03aefc073b49e492e847201258f777?s=96&d=mm&r=g\",\"url\":\"https:\\\/\\\/secure.gravatar.com\\\/avatar\\\/a64364ea26392f9b4dd47e017ddaec74ff03aefc073b49e492e847201258f777?s=96&d=mm&r=g\",\"contentUrl\":\"https:\\\/\\\/secure.gravatar.com\\\/avatar\\\/a64364ea26392f9b4dd47e017ddaec74ff03aefc073b49e492e847201258f777?s=96&d=mm&r=g\",\"caption\":\"Bati-journal\"},\"url\":\"https:\\\/\\\/batijournal.com\\\/index.php\\\/author\\\/elodie\\\/\"}]}<\/script>\n<!-- \/ Yoast SEO plugin. -->","yoast_head_json":{"title":"3e Assises nationales du Douglas sont de retour ! - Batijournal","description":"Les 19, 20 et 21 septembre prochains, se tiendront \u00e0 Bordeaux les 3\u00e8mes Assises Nationales du Douglas. Inscrivez-vous \u00e0 cet \u00e9v\u00e9nement !","robots":{"index":"index","follow":"follow","max-snippet":"max-snippet:-1","max-image-preview":"max-image-preview:large","max-video-preview":"max-video-preview:-1"},"canonical":"https:\/\/batijournal.com\/index.php\/3emes-assises-nationales-du-douglas\/100006\/","og_locale":"fr_FR","og_type":"article","og_title":"3e Assises nationales du Douglas sont de retour ! - Batijournal","og_description":"Les 19, 20 et 21 septembre prochains, se tiendront \u00e0 Bordeaux les 3\u00e8mes Assises Nationales du Douglas. Inscrivez-vous \u00e0 cet \u00e9v\u00e9nement !","og_url":"https:\/\/batijournal.com\/index.php\/3emes-assises-nationales-du-douglas\/100006\/","og_site_name":"Batijournal","article_published_time":"2018-09-03T15:06:24+00:00","article_modified_time":"2018-09-04T09:08:09+00:00","og_image":[{"width":714,"height":467,"url":"https:\/\/batijournal.com\/wp-content\/uploads\/2018\/09\/3-eme-assises-nationales-du-douglas.png","type":"image\/png"}],"author":"Bati-journal","twitter_card":"summary_large_image","twitter_creator":"@bati_journal","twitter_site":"@bati_journal","twitter_misc":{"\u00c9crit par":"Bati-journal","Dur\u00e9e de lecture estim\u00e9e":"2 minutes"},"schema":{"@context":"https:\/\/schema.org","@graph":[{"@type":"Article","@id":"https:\/\/batijournal.com\/index.php\/3emes-assises-nationales-du-douglas\/100006\/#article","isPartOf":{"@id":"https:\/\/batijournal.com\/index.php\/3emes-assises-nationales-du-douglas\/100006\/"},"author":{"name":"Bati-journal","@id":"https:\/\/batijournal.com\/#\/schema\/person\/6a657e8967569e1b299972574848aa76"},"headline":"3\u00e8mes Assises Nationales du Douglas : plus qu\u2019une semaine pour s\u2019inscrire !","datePublished":"2018-09-03T15:06:24+00:00","dateModified":"2018-09-04T09:08:09+00:00","mainEntityOfPage":{"@id":"https:\/\/batijournal.com\/index.php\/3emes-assises-nationales-du-douglas\/100006\/"},"wordCount":455,"image":{"@id":"https:\/\/batijournal.com\/index.php\/3emes-assises-nationales-du-douglas\/100006\/#primaryimage"},"thumbnailUrl":"https:\/\/batijournal.com\/wp-content\/uploads\/2018\/09\/3-eme-assises-nationales-du-douglas.png","keywords":["3e assises nationales du douglas"],"articleSection":["A la Une","Actualit\u00e9s","\u00c9v\u00e9nements","zz_Actualit\u00e9s - Woodsurfer","zz_Woodsurfer"],"inLanguage":"fr-FR"},{"@type":"WebPage","@id":"https:\/\/batijournal.com\/index.php\/3emes-assises-nationales-du-douglas\/100006\/","url":"https:\/\/batijournal.com\/index.php\/3emes-assises-nationales-du-douglas\/100006\/","name":"3e Assises nationales du Douglas sont de retour ! - Batijournal","isPartOf":{"@id":"https:\/\/batijournal.com\/#website"},"primaryImageOfPage":{"@id":"https:\/\/batijournal.com\/index.php\/3emes-assises-nationales-du-douglas\/100006\/#primaryimage"},"image":{"@id":"https:\/\/batijournal.com\/index.php\/3emes-assises-nationales-du-douglas\/100006\/#primaryimage"},"thumbnailUrl":"https:\/\/batijournal.com\/wp-content\/uploads\/2018\/09\/3-eme-assises-nationales-du-douglas.png","datePublished":"2018-09-03T15:06:24+00:00","dateModified":"2018-09-04T09:08:09+00:00","author":{"@id":"https:\/\/batijournal.com\/#\/schema\/person\/6a657e8967569e1b299972574848aa76"},"description":"Les 19, 20 et 21 septembre prochains, se tiendront \u00e0 Bordeaux les 3\u00e8mes Assises Nationales du Douglas. Inscrivez-vous \u00e0 cet \u00e9v\u00e9nement !","breadcrumb":{"@id":"https:\/\/batijournal.com\/index.php\/3emes-assises-nationales-du-douglas\/100006\/#breadcrumb"},"inLanguage":"fr-FR","potentialAction":[{"@type":"ReadAction","target":["https:\/\/batijournal.com\/index.php\/3emes-assises-nationales-du-douglas\/100006\/"]}]},{"@type":"ImageObject","inLanguage":"fr-FR","@id":"https:\/\/batijournal.com\/index.php\/3emes-assises-nationales-du-douglas\/100006\/#primaryimage","url":"https:\/\/batijournal.com\/wp-content\/uploads\/2018\/09\/3-eme-assises-nationales-du-douglas.png","contentUrl":"https:\/\/batijournal.com\/wp-content\/uploads\/2018\/09\/3-eme-assises-nationales-du-douglas.png","width":714,"height":467},{"@type":"BreadcrumbList","@id":"https:\/\/batijournal.com\/index.php\/3emes-assises-nationales-du-douglas\/100006\/#breadcrumb","itemListElement":[{"@type":"ListItem","position":1,"name":"Accueil","item":"https:\/\/batijournal.com\/"},{"@type":"ListItem","position":2,"name":"Actualit\u00e9s","item":"https:\/\/batijournal.com\/index.php\/category\/actualites\/"},{"@type":"ListItem","position":3,"name":"3\u00e8mes Assises Nationales du Douglas : plus qu\u2019une semaine pour s\u2019inscrire !"}]},{"@type":"WebSite","@id":"https:\/\/batijournal.com\/#website","url":"https:\/\/batijournal.com\/","name":"Batijournal","description":"L&#039;actualit\u00e9 du b\u00e2timent","potentialAction":[{"@type":"SearchAction","target":{"@type":"EntryPoint","urlTemplate":"https:\/\/batijournal.com\/?s={search_term_string}"},"query-input":{"@type":"PropertyValueSpecification","valueRequired":true,"valueName":"search_term_string"}}],"inLanguage":"fr-FR"},{"@type":"Person","@id":"https:\/\/batijournal.com\/#\/schema\/person\/6a657e8967569e1b299972574848aa76","name":"Bati-journal","image":{"@type":"ImageObject","inLanguage":"fr-FR","@id":"https:\/\/secure.gravatar.com\/avatar\/a64364ea26392f9b4dd47e017ddaec74ff03aefc073b49e492e847201258f777?s=96&d=mm&r=g","url":"https:\/\/secure.gravatar.com\/avatar\/a64364ea26392f9b4dd47e017ddaec74ff03aefc073b49e492e847201258f777?s=96&d=mm&r=g","contentUrl":"https:\/\/secure.gravatar.com\/avatar\/a64364ea26392f9b4dd47e017ddaec74ff03aefc073b49e492e847201258f777?s=96&d=mm&r=g","caption":"Bati-journal"},"url":"https:\/\/batijournal.com\/index.php\/author\/elodie\/"}]}},"_links":{"self":[{"href":"https:\/\/batijournal.com\/index.php\/wp-json\/wp\/v2\/posts\/100006","targetHints":{"allow":["GET"]}}],"collection":[{"href":"https:\/\/batijournal.com\/index.php\/wp-json\/wp\/v2\/posts"}],"about":[{"href":"https:\/\/batijournal.com\/index.php\/wp-json\/wp\/v2\/types\/post"}],"author":[{"embeddable":true,"href":"https:\/\/batijournal.com\/index.php\/wp-json\/wp\/v2\/users\/1"}],"replies":[{"embeddable":true,"href":"https:\/\/batijournal.com\/index.php\/wp-json\/wp\/v2\/comments?post=100006"}],"version-history":[{"count":0,"href":"https:\/\/batijournal.com\/index.php\/wp-json\/wp\/v2\/posts\/100006\/revisions"}],"wp:featuredmedia":[{"embeddable":true,"href":"https:\/\/batijournal.com\/index.php\/wp-json\/wp\/v2\/media\/100007"}],"wp:attachment":[{"href":"https:\/\/batijournal.com\/index.php\/wp-json\/wp\/v2\/media?parent=100006"}],"wp:term":[{"taxonomy":"category","embeddable":true,"href":"https:\/\/batijournal.com\/index.php\/wp-json\/wp\/v2\/categories?post=100006"},{"taxonomy":"post_tag","embeddable":true,"href":"https:\/\/batijournal.com\/index.php\/wp-json\/wp\/v2\/tags?post=100006"}],"curies":[{"name":"wp","href":"https:\/\/api.w.org\/{rel}","templated":true}]}}