{"id":100049,"date":"2018-09-10T04:58:50","date_gmt":"2018-09-10T02:58:50","guid":{"rendered":"https:\/\/batijournal.com\/?p=100049"},"modified":"2019-07-15T12:03:43","modified_gmt":"2019-07-15T10:03:43","slug":"maintien-des-taux-reduits-de-tva-la-ffb-rassure","status":"publish","type":"post","link":"https:\/\/batijournal.com\/index.php\/maintien-des-taux-reduits-de-tva-la-ffb-rassure\/100049\/","title":{"rendered":"Maintien des taux r\u00e9duits de TVA, la FFB rassure"},"content":{"rendered":"<p>La FFB a obtenu, de la part du ministre de l\u2019\u00c9conomie d\u00e8s la mi-juin, puis du Premier ministre, des engagements tr\u00e8s clairs en faveur du maintien des taux r\u00e9duits de TVA pour le b\u00e2timent. D\u00e8s le d\u00e9but 2018, plusieurs voix concordantes avaient pourtant laiss\u00e9 craindre une remise en cause de ces aides, afin de permettre au gouvernement de boucler le budget 2019. Lors du Congr\u00e8s national de la FFB en juin dernier, le ministre de l\u2019\u00c9conomie et des Finances, Bruno Le Maire, conscient de l\u2019inqui\u00e9tude de la profession, a propos\u00e9 \u00e0 la FFB de participer \u00e0 un groupe d\u2019\u00e9tudes \u00e0 Bercy afin de d\u00e9miner le sujet. Tout au long de l\u2019\u00e9t\u00e9, la FFB a ainsi \u00e9t\u00e9 la seule organisation professionnelle de branche \u00e0 participer aux travaux du minist\u00e8re, aux c\u00f4t\u00e9s du MEDEF et de la CPME. Ces r\u00e9unions ont permis de d\u00e9fendre le dispositif dans un environnement budg\u00e9taire contraint et d\u2019obtenir la garantie d\u2019un maintien du taux r\u00e9duit de TVA pour le b\u00e2timent dans la loi de Finances pour 2019.<\/p>\n","protected":false},"excerpt":{"rendered":"<p>La FFB a obtenu, de la part du ministre de l\u2019\u00c9conomie d\u00e8s la mi-juin, puis du Premier ministre, des engagements tr\u00e8s clairs en faveur du maintien des taux r\u00e9duits de TVA pour le b\u00e2timent. D\u00e8s le d\u00e9but 2018, plusieurs voix concordantes avaient pourtant laiss\u00e9 craindre une remise en cause de ces aides, afin de permettre [&hellip;]<\/p>\n","protected":false},"author":17,"featured_media":90824,"comment_status":"closed","ping_status":"closed","sticky":false,"template":"","format":"standard","meta":{"_et_pb_use_builder":"","_et_pb_old_content":"","_et_gb_content_width":"","footnotes":""},"categories":[10736,10530,6345],"tags":[373,1693],"class_list":["post-100049","post","type-post","status-publish","format-standard","has-post-thumbnail","hentry","category-a-la-une","category-actualites","category-economie-marches","tag-ffb","tag-tva"],"yoast_head":"<!-- This site is optimized with the Yoast SEO plugin v27.4 - https:\/\/yoast.com\/product\/yoast-seo-wordpress\/ -->\n<title>Taux r\u00e9duits de la TVA maintenu, la FFB rassure - Batijournal<\/title>\n<meta name=\"description\" content=\"La FFB a obtenu la garantie d\u2019un maintien des taux r\u00e9duits de la TVA pour le b\u00e2timent dans la loi de Finances pour 2019\" \/>\n<meta name=\"robots\" content=\"index, follow, max-snippet:-1, max-image-preview:large, max-video-preview:-1\" \/>\n<link rel=\"canonical\" href=\"https:\/\/batijournal.com\/index.php\/maintien-des-taux-reduits-de-tva-la-ffb-rassure\/100049\/\" \/>\n<meta property=\"og:locale\" content=\"fr_FR\" \/>\n<meta property=\"og:type\" content=\"article\" \/>\n<meta property=\"og:title\" content=\"Taux r\u00e9duits de la TVA maintenu, la FFB rassure - Batijournal\" \/>\n<meta property=\"og:description\" content=\"La FFB a obtenu la garantie d\u2019un maintien des taux r\u00e9duits de la TVA pour le b\u00e2timent dans la loi de Finances pour 2019\" \/>\n<meta property=\"og:url\" content=\"https:\/\/batijournal.com\/index.php\/maintien-des-taux-reduits-de-tva-la-ffb-rassure\/100049\/\" \/>\n<meta property=\"og:site_name\" content=\"Batijournal\" \/>\n<meta property=\"article:published_time\" content=\"2018-09-10T02:58:50+00:00\" \/>\n<meta property=\"article:modified_time\" content=\"2019-07-15T10:03:43+00:00\" \/>\n<meta property=\"og:image\" content=\"https:\/\/batijournal.com\/wp-content\/uploads\/2015\/12\/tva-2.jpg\" \/>\n\t<meta property=\"og:image:width\" content=\"1100\" \/>\n\t<meta property=\"og:image:height\" content=\"660\" \/>\n\t<meta property=\"og:image:type\" content=\"image\/jpeg\" \/>\n<meta name=\"author\" content=\"St\u00e9phane Miget\" \/>\n<meta name=\"twitter:card\" content=\"summary_large_image\" \/>\n<meta name=\"twitter:creator\" content=\"@bati_journal\" \/>\n<meta name=\"twitter:site\" content=\"@bati_journal\" \/>\n<meta name=\"twitter:label1\" content=\"\u00c9crit par\" \/>\n\t<meta name=\"twitter:data1\" content=\"St\u00e9phane Miget\" \/>\n\t<meta name=\"twitter:label2\" content=\"Dur\u00e9e de lecture estim\u00e9e\" \/>\n\t<meta name=\"twitter:data2\" content=\"1 minute\" \/>\n<script type=\"application\/ld+json\" class=\"yoast-schema-graph\">{\"@context\":\"https:\\\/\\\/schema.org\",\"@graph\":[{\"@type\":\"Article\",\"@id\":\"https:\\\/\\\/batijournal.com\\\/index.php\\\/maintien-des-taux-reduits-de-tva-la-ffb-rassure\\\/100049\\\/#article\",\"isPartOf\":{\"@id\":\"https:\\\/\\\/batijournal.com\\\/index.php\\\/maintien-des-taux-reduits-de-tva-la-ffb-rassure\\\/100049\\\/\"},\"author\":{\"name\":\"St\u00e9phane Miget\",\"@id\":\"https:\\\/\\\/batijournal.com\\\/#\\\/schema\\\/person\\\/1dc96ec6957aa1ccb25ebe78bb19f100\"},\"headline\":\"Maintien des taux r\u00e9duits de TVA, la FFB rassure\",\"datePublished\":\"2018-09-10T02:58:50+00:00\",\"dateModified\":\"2019-07-15T10:03:43+00:00\",\"mainEntityOfPage\":{\"@id\":\"https:\\\/\\\/batijournal.com\\\/index.php\\\/maintien-des-taux-reduits-de-tva-la-ffb-rassure\\\/100049\\\/\"},\"wordCount\":197,\"image\":{\"@id\":\"https:\\\/\\\/batijournal.com\\\/index.php\\\/maintien-des-taux-reduits-de-tva-la-ffb-rassure\\\/100049\\\/#primaryimage\"},\"thumbnailUrl\":\"https:\\\/\\\/batijournal.com\\\/wp-content\\\/uploads\\\/2015\\\/12\\\/tva-2.jpg\",\"keywords\":[\"ffb\",\"tva\"],\"articleSection\":[\"A la Une\",\"Actualit\u00e9s\",\"\u00c9conomie &amp; March\u00e9s\"],\"inLanguage\":\"fr-FR\"},{\"@type\":\"WebPage\",\"@id\":\"https:\\\/\\\/batijournal.com\\\/index.php\\\/maintien-des-taux-reduits-de-tva-la-ffb-rassure\\\/100049\\\/\",\"url\":\"https:\\\/\\\/batijournal.com\\\/index.php\\\/maintien-des-taux-reduits-de-tva-la-ffb-rassure\\\/100049\\\/\",\"name\":\"Taux r\u00e9duits de la TVA maintenu, la FFB rassure - Batijournal\",\"isPartOf\":{\"@id\":\"https:\\\/\\\/batijournal.com\\\/#website\"},\"primaryImageOfPage\":{\"@id\":\"https:\\\/\\\/batijournal.com\\\/index.php\\\/maintien-des-taux-reduits-de-tva-la-ffb-rassure\\\/100049\\\/#primaryimage\"},\"image\":{\"@id\":\"https:\\\/\\\/batijournal.com\\\/index.php\\\/maintien-des-taux-reduits-de-tva-la-ffb-rassure\\\/100049\\\/#primaryimage\"},\"thumbnailUrl\":\"https:\\\/\\\/batijournal.com\\\/wp-content\\\/uploads\\\/2015\\\/12\\\/tva-2.jpg\",\"datePublished\":\"2018-09-10T02:58:50+00:00\",\"dateModified\":\"2019-07-15T10:03:43+00:00\",\"author\":{\"@id\":\"https:\\\/\\\/batijournal.com\\\/#\\\/schema\\\/person\\\/1dc96ec6957aa1ccb25ebe78bb19f100\"},\"description\":\"La FFB a obtenu la garantie d\u2019un maintien des taux r\u00e9duits de la TVA pour le b\u00e2timent dans la loi de Finances pour 2019\",\"breadcrumb\":{\"@id\":\"https:\\\/\\\/batijournal.com\\\/index.php\\\/maintien-des-taux-reduits-de-tva-la-ffb-rassure\\\/100049\\\/#breadcrumb\"},\"inLanguage\":\"fr-FR\",\"potentialAction\":[{\"@type\":\"ReadAction\",\"target\":[\"https:\\\/\\\/batijournal.com\\\/index.php\\\/maintien-des-taux-reduits-de-tva-la-ffb-rassure\\\/100049\\\/\"]}]},{\"@type\":\"ImageObject\",\"inLanguage\":\"fr-FR\",\"@id\":\"https:\\\/\\\/batijournal.com\\\/index.php\\\/maintien-des-taux-reduits-de-tva-la-ffb-rassure\\\/100049\\\/#primaryimage\",\"url\":\"https:\\\/\\\/batijournal.com\\\/wp-content\\\/uploads\\\/2015\\\/12\\\/tva-2.jpg\",\"contentUrl\":\"https:\\\/\\\/batijournal.com\\\/wp-content\\\/uploads\\\/2015\\\/12\\\/tva-2.jpg\",\"width\":1100,\"height\":660,\"caption\":\"taux reduits tva et capeb\"},{\"@type\":\"BreadcrumbList\",\"@id\":\"https:\\\/\\\/batijournal.com\\\/index.php\\\/maintien-des-taux-reduits-de-tva-la-ffb-rassure\\\/100049\\\/#breadcrumb\",\"itemListElement\":[{\"@type\":\"ListItem\",\"position\":1,\"name\":\"Accueil\",\"item\":\"https:\\\/\\\/batijournal.com\\\/\"},{\"@type\":\"ListItem\",\"position\":2,\"name\":\"A la Une\",\"item\":\"https:\\\/\\\/batijournal.com\\\/index.php\\\/category\\\/a-la-une\\\/\"},{\"@type\":\"ListItem\",\"position\":3,\"name\":\"Maintien des taux r\u00e9duits de TVA, la FFB rassure\"}]},{\"@type\":\"WebSite\",\"@id\":\"https:\\\/\\\/batijournal.com\\\/#website\",\"url\":\"https:\\\/\\\/batijournal.com\\\/\",\"name\":\"Batijournal\",\"description\":\"L&#039;actualit\u00e9 du b\u00e2timent\",\"potentialAction\":[{\"@type\":\"SearchAction\",\"target\":{\"@type\":\"EntryPoint\",\"urlTemplate\":\"https:\\\/\\\/batijournal.com\\\/?s={search_term_string}\"},\"query-input\":{\"@type\":\"PropertyValueSpecification\",\"valueRequired\":true,\"valueName\":\"search_term_string\"}}],\"inLanguage\":\"fr-FR\"},{\"@type\":\"Person\",\"@id\":\"https:\\\/\\\/batijournal.com\\\/#\\\/schema\\\/person\\\/1dc96ec6957aa1ccb25ebe78bb19f100\",\"name\":\"St\u00e9phane Miget\",\"image\":{\"@type\":\"ImageObject\",\"inLanguage\":\"fr-FR\",\"@id\":\"https:\\\/\\\/secure.gravatar.com\\\/avatar\\\/89915563d925342126b8ef0281b93d9d7fc337043e8df017f780908eb9644451?s=96&d=mm&r=g\",\"url\":\"https:\\\/\\\/secure.gravatar.com\\\/avatar\\\/89915563d925342126b8ef0281b93d9d7fc337043e8df017f780908eb9644451?s=96&d=mm&r=g\",\"contentUrl\":\"https:\\\/\\\/secure.gravatar.com\\\/avatar\\\/89915563d925342126b8ef0281b93d9d7fc337043e8df017f780908eb9644451?s=96&d=mm&r=g\",\"caption\":\"St\u00e9phane Miget\"},\"url\":\"https:\\\/\\\/batijournal.com\\\/index.php\\\/author\\\/stephane\\\/\"}]}<\/script>\n<!-- \/ Yoast SEO plugin. -->","yoast_head_json":{"title":"Taux r\u00e9duits de la TVA maintenu, la FFB rassure - Batijournal","description":"La FFB a obtenu la garantie d\u2019un maintien des taux r\u00e9duits de la TVA pour le b\u00e2timent dans la loi de Finances pour 2019","robots":{"index":"index","follow":"follow","max-snippet":"max-snippet:-1","max-image-preview":"max-image-preview:large","max-video-preview":"max-video-preview:-1"},"canonical":"https:\/\/batijournal.com\/index.php\/maintien-des-taux-reduits-de-tva-la-ffb-rassure\/100049\/","og_locale":"fr_FR","og_type":"article","og_title":"Taux r\u00e9duits de la TVA maintenu, la FFB rassure - Batijournal","og_description":"La FFB a obtenu la garantie d\u2019un maintien des taux r\u00e9duits de la TVA pour le b\u00e2timent dans la loi de Finances pour 2019","og_url":"https:\/\/batijournal.com\/index.php\/maintien-des-taux-reduits-de-tva-la-ffb-rassure\/100049\/","og_site_name":"Batijournal","article_published_time":"2018-09-10T02:58:50+00:00","article_modified_time":"2019-07-15T10:03:43+00:00","og_image":[{"width":1100,"height":660,"url":"https:\/\/batijournal.com\/wp-content\/uploads\/2015\/12\/tva-2.jpg","type":"image\/jpeg"}],"author":"St\u00e9phane Miget","twitter_card":"summary_large_image","twitter_creator":"@bati_journal","twitter_site":"@bati_journal","twitter_misc":{"\u00c9crit par":"St\u00e9phane Miget","Dur\u00e9e de lecture estim\u00e9e":"1 minute"},"schema":{"@context":"https:\/\/schema.org","@graph":[{"@type":"Article","@id":"https:\/\/batijournal.com\/index.php\/maintien-des-taux-reduits-de-tva-la-ffb-rassure\/100049\/#article","isPartOf":{"@id":"https:\/\/batijournal.com\/index.php\/maintien-des-taux-reduits-de-tva-la-ffb-rassure\/100049\/"},"author":{"name":"St\u00e9phane Miget","@id":"https:\/\/batijournal.com\/#\/schema\/person\/1dc96ec6957aa1ccb25ebe78bb19f100"},"headline":"Maintien des taux r\u00e9duits de TVA, la FFB rassure","datePublished":"2018-09-10T02:58:50+00:00","dateModified":"2019-07-15T10:03:43+00:00","mainEntityOfPage":{"@id":"https:\/\/batijournal.com\/index.php\/maintien-des-taux-reduits-de-tva-la-ffb-rassure\/100049\/"},"wordCount":197,"image":{"@id":"https:\/\/batijournal.com\/index.php\/maintien-des-taux-reduits-de-tva-la-ffb-rassure\/100049\/#primaryimage"},"thumbnailUrl":"https:\/\/batijournal.com\/wp-content\/uploads\/2015\/12\/tva-2.jpg","keywords":["ffb","tva"],"articleSection":["A la Une","Actualit\u00e9s","\u00c9conomie &amp; March\u00e9s"],"inLanguage":"fr-FR"},{"@type":"WebPage","@id":"https:\/\/batijournal.com\/index.php\/maintien-des-taux-reduits-de-tva-la-ffb-rassure\/100049\/","url":"https:\/\/batijournal.com\/index.php\/maintien-des-taux-reduits-de-tva-la-ffb-rassure\/100049\/","name":"Taux r\u00e9duits de la TVA maintenu, la FFB rassure - Batijournal","isPartOf":{"@id":"https:\/\/batijournal.com\/#website"},"primaryImageOfPage":{"@id":"https:\/\/batijournal.com\/index.php\/maintien-des-taux-reduits-de-tva-la-ffb-rassure\/100049\/#primaryimage"},"image":{"@id":"https:\/\/batijournal.com\/index.php\/maintien-des-taux-reduits-de-tva-la-ffb-rassure\/100049\/#primaryimage"},"thumbnailUrl":"https:\/\/batijournal.com\/wp-content\/uploads\/2015\/12\/tva-2.jpg","datePublished":"2018-09-10T02:58:50+00:00","dateModified":"2019-07-15T10:03:43+00:00","author":{"@id":"https:\/\/batijournal.com\/#\/schema\/person\/1dc96ec6957aa1ccb25ebe78bb19f100"},"description":"La FFB a obtenu la garantie d\u2019un maintien des taux r\u00e9duits de la TVA pour le b\u00e2timent dans la loi de Finances pour 2019","breadcrumb":{"@id":"https:\/\/batijournal.com\/index.php\/maintien-des-taux-reduits-de-tva-la-ffb-rassure\/100049\/#breadcrumb"},"inLanguage":"fr-FR","potentialAction":[{"@type":"ReadAction","target":["https:\/\/batijournal.com\/index.php\/maintien-des-taux-reduits-de-tva-la-ffb-rassure\/100049\/"]}]},{"@type":"ImageObject","inLanguage":"fr-FR","@id":"https:\/\/batijournal.com\/index.php\/maintien-des-taux-reduits-de-tva-la-ffb-rassure\/100049\/#primaryimage","url":"https:\/\/batijournal.com\/wp-content\/uploads\/2015\/12\/tva-2.jpg","contentUrl":"https:\/\/batijournal.com\/wp-content\/uploads\/2015\/12\/tva-2.jpg","width":1100,"height":660,"caption":"taux reduits tva et capeb"},{"@type":"BreadcrumbList","@id":"https:\/\/batijournal.com\/index.php\/maintien-des-taux-reduits-de-tva-la-ffb-rassure\/100049\/#breadcrumb","itemListElement":[{"@type":"ListItem","position":1,"name":"Accueil","item":"https:\/\/batijournal.com\/"},{"@type":"ListItem","position":2,"name":"A la Une","item":"https:\/\/batijournal.com\/index.php\/category\/a-la-une\/"},{"@type":"ListItem","position":3,"name":"Maintien des taux r\u00e9duits de TVA, la FFB rassure"}]},{"@type":"WebSite","@id":"https:\/\/batijournal.com\/#website","url":"https:\/\/batijournal.com\/","name":"Batijournal","description":"L&#039;actualit\u00e9 du b\u00e2timent","potentialAction":[{"@type":"SearchAction","target":{"@type":"EntryPoint","urlTemplate":"https:\/\/batijournal.com\/?s={search_term_string}"},"query-input":{"@type":"PropertyValueSpecification","valueRequired":true,"valueName":"search_term_string"}}],"inLanguage":"fr-FR"},{"@type":"Person","@id":"https:\/\/batijournal.com\/#\/schema\/person\/1dc96ec6957aa1ccb25ebe78bb19f100","name":"St\u00e9phane Miget","image":{"@type":"ImageObject","inLanguage":"fr-FR","@id":"https:\/\/secure.gravatar.com\/avatar\/89915563d925342126b8ef0281b93d9d7fc337043e8df017f780908eb9644451?s=96&d=mm&r=g","url":"https:\/\/secure.gravatar.com\/avatar\/89915563d925342126b8ef0281b93d9d7fc337043e8df017f780908eb9644451?s=96&d=mm&r=g","contentUrl":"https:\/\/secure.gravatar.com\/avatar\/89915563d925342126b8ef0281b93d9d7fc337043e8df017f780908eb9644451?s=96&d=mm&r=g","caption":"St\u00e9phane Miget"},"url":"https:\/\/batijournal.com\/index.php\/author\/stephane\/"}]}},"_links":{"self":[{"href":"https:\/\/batijournal.com\/index.php\/wp-json\/wp\/v2\/posts\/100049","targetHints":{"allow":["GET"]}}],"collection":[{"href":"https:\/\/batijournal.com\/index.php\/wp-json\/wp\/v2\/posts"}],"about":[{"href":"https:\/\/batijournal.com\/index.php\/wp-json\/wp\/v2\/types\/post"}],"author":[{"embeddable":true,"href":"https:\/\/batijournal.com\/index.php\/wp-json\/wp\/v2\/users\/17"}],"replies":[{"embeddable":true,"href":"https:\/\/batijournal.com\/index.php\/wp-json\/wp\/v2\/comments?post=100049"}],"version-history":[{"count":0,"href":"https:\/\/batijournal.com\/index.php\/wp-json\/wp\/v2\/posts\/100049\/revisions"}],"wp:featuredmedia":[{"embeddable":true,"href":"https:\/\/batijournal.com\/index.php\/wp-json\/wp\/v2\/media\/90824"}],"wp:attachment":[{"href":"https:\/\/batijournal.com\/index.php\/wp-json\/wp\/v2\/media?parent=100049"}],"wp:term":[{"taxonomy":"category","embeddable":true,"href":"https:\/\/batijournal.com\/index.php\/wp-json\/wp\/v2\/categories?post=100049"},{"taxonomy":"post_tag","embeddable":true,"href":"https:\/\/batijournal.com\/index.php\/wp-json\/wp\/v2\/tags?post=100049"}],"curies":[{"name":"wp","href":"https:\/\/api.w.org\/{rel}","templated":true}]}}