{"id":100057,"date":"2018-09-10T15:35:58","date_gmt":"2018-09-10T13:35:58","guid":{"rendered":"https:\/\/batijournal.com\/?p=100057"},"modified":"2019-07-15T12:19:48","modified_gmt":"2019-07-15T10:19:48","slug":"lancement-de-la-campagne-de-mobilisation-faire-pour-la-renovation-energetique-des-batiments","status":"publish","type":"post","link":"https:\/\/batijournal.com\/index.php\/lancement-de-la-campagne-de-mobilisation-faire-pour-la-renovation-energetique-des-batiments\/100057\/","title":{"rendered":"Lancement de la campagne de mobilisation \u00ab\u00a0FAIRE\u00a0\u00bb pour la r\u00e9novation \u00e9nerg\u00e9tique des b\u00e2timents"},"content":{"rendered":"<p><strong>Le Gouvernement a lanc\u00e9 en avril 2018 le Plan de R\u00e9novation \u00e9nerg\u00e9tique des b\u00e2timents, qui s\u2019inscrit dans les objectifs du Plan climat fixant comme cap la neutralit\u00e9 carbone \u00e0 l\u2019horizon 2050 en diminuant les consommations \u00e9nerg\u00e9tiques du secteur et en luttant contre la pr\u00e9carit\u00e9 \u00e9nerg\u00e9tique. Cet objectif devrait se traduire par la r\u00e9novation de 500 000 logements par an jusqu\u2019en 2050 et la r\u00e9novation de toutes les passoires thermiques occup\u00e9es par des personnes aux revenus modestes d\u2019ici 2025.<\/strong><\/p>\n<p>Une des ambitions du Plan est de cr\u00e9er une signature commune de la r\u00e9novation afin de rassembler tous les acteurs publics et priv\u00e9s qui s\u2019engagent et de donner confiance aux particuliers.\u00a0Cette ambition n\u00e9cessite une large mobilisation des Fran\u00e7ais, c\u2019est pourquoi les minist\u00e8res de la Transition \u00e9cologique et solidaire et de la Coh\u00e9sion des territoires et l\u2019ADEME lancent une grande campagne de communication. Celle-ci contribuera \u00e0 donner aux citoyens envie et confiance dans les solutions qui existent, \u00e0 favoriser le passage \u00e0 l\u2019acte de r\u00e9novation et \u00e0 f\u00e9d\u00e9rer les acteurs du secteur et les collectivit\u00e9s.<\/p>\n<p>Cette campagne baptis\u00e9e <strong>FAIRE<\/strong> pour Faciliter, Accompagner et Informer pour la R\u00e9novation \u00c9nerg\u00e9tique a pour objectif :<br \/>\n&#8211; De rendre lisible un \u00ab service public \u00bb d\u2019information et de conseil sur la r\u00e9novation \u00e9nerg\u00e9tique de l\u2019habitat pour les citoyens ;<br \/>\n&#8211; d\u2019entra\u00eener l\u2019ensemble des acteurs publics et priv\u00e9s dans la r\u00e9novation.<br \/>\nLe d\u00e9ploiement s\u2019effectuera sur 3 ann\u00e9es (jusqu\u2019en 2020) et touchera plusieurs publics : les particuliers, les professionnels du secteur de la r\u00e9novation et les collectivit\u00e9s locales.<\/p>\n<p><em>\u00ab Je souhaite que la r\u00e9novation \u00e9nerg\u00e9tique des logements devienne un mouvement de grande ampleur, et pour cela il faut que la r\u00e9novation devienne un r\u00e9flexe pour les Fran\u00e7ais. La campagne \u00ab <strong>FAIRE<\/strong> \u00bb de l\u2019ADEME permettra de montrer qu\u2019habiter un logement bien isol\u00e9 et ventil\u00e9, ce n\u2019est pas seulement faire des \u00e9conomies, c\u2019est aussi mieux vivre \u00bb<\/em>\u00a0a d\u00e9clar\u00e9 Fran\u00e7ois de Rugy, le nouveau ministre de la Transition \u00e9cologique et solidaire qui a pris la succession de Nicolas Hulot.<\/p>\n<h2>Un r\u00e9seau<\/h2>\n<p>Le \u00ab service public \u00bb d\u2019information et de conseil sur la r\u00e9novation \u00e9nerg\u00e9tique de l\u2019habitat repr\u00e9sente pr\u00e8s de 400 espaces conseil. Ils sont mis en place par l\u2019ADEME, l\u2019Anah (Agence Nationale de l\u2019Habitat), l\u2019ANIL (Agence Nationale pour l\u2019Information sur le Logement) et les collectivit\u00e9s, afin de r\u00e9pondre aux questions des citoyens concernant la ma\u00eetrise de l\u2019\u00e9nergie, la r\u00e9novation \u00e9nerg\u00e9tique et les \u00e9nergies renouvelables. L\u2019ensemble de ces conseillers deviennent aujourd\u2019hui des \u00ab conseillers <strong>FAIRE<\/strong> \u00bb pour faciliter leur identification et rendre plus lisible ce \u00ab service public de la r\u00e9novation \u00bb.<\/p>\n<p><a href=\"http:\/\/www.faire.fr\" target=\"_blank\" rel=\"noopener noreferrer\">www.faire.fr<\/a><\/p>\n<p>&nbsp;<\/p>\n","protected":false},"excerpt":{"rendered":"<p>Le Gouvernement a lanc\u00e9 en avril 2018 le Plan de R\u00e9novation \u00e9nerg\u00e9tique des b\u00e2timents, qui s\u2019inscrit dans les objectifs du Plan climat fixant comme cap la neutralit\u00e9 carbone \u00e0 l\u2019horizon 2050 en diminuant les consommations \u00e9nerg\u00e9tiques du secteur et en luttant contre la pr\u00e9carit\u00e9 \u00e9nerg\u00e9tique. Cet objectif devrait se traduire par la r\u00e9novation de 500 [&hellip;]<\/p>\n","protected":false},"author":17,"featured_media":100058,"comment_status":"closed","ping_status":"closed","sticky":false,"template":"","format":"standard","meta":{"_et_pb_use_builder":"","_et_pb_old_content":"","_et_gb_content_width":"","footnotes":""},"categories":[10736,10530,6351,10778],"tags":[12487,12119,1683,871],"class_list":["post-100057","post","type-post","status-publish","format-standard","has-post-thumbnail","hentry","category-a-la-une","category-actualites","category-energie-environnement","category-planete","tag-faire","tag-passoires-thermiques","tag-renovation-energetique","tag-renovation-thermique"],"yoast_head":"<!-- This site is optimized with the Yoast SEO plugin v27.4 - https:\/\/yoast.com\/product\/yoast-seo-wordpress\/ -->\n<title>Lancement de la campagne de mobilisation &quot;FAIRE&quot; pour la r\u00e9novation \u00e9nerg\u00e9tique des b\u00e2timents<\/title>\n<meta name=\"description\" content=\"La campagne \u00ab FAIRE \u00bb permettra de montrer qu\u2019habiter un logement bien isol\u00e9 et ventil\u00e9, ce n\u2019est pas seulement faire des \u00e9conomies, c\u2019est aussi mieux vivre\" \/>\n<meta name=\"robots\" content=\"index, follow, max-snippet:-1, max-image-preview:large, max-video-preview:-1\" \/>\n<link rel=\"canonical\" href=\"https:\/\/batijournal.com\/index.php\/lancement-de-la-campagne-de-mobilisation-faire-pour-la-renovation-energetique-des-batiments\/100057\/\" \/>\n<meta property=\"og:locale\" content=\"fr_FR\" \/>\n<meta property=\"og:type\" content=\"article\" \/>\n<meta property=\"og:title\" content=\"Lancement de la campagne de mobilisation &quot;FAIRE&quot; pour la r\u00e9novation \u00e9nerg\u00e9tique des b\u00e2timents\" \/>\n<meta property=\"og:description\" content=\"La campagne \u00ab FAIRE \u00bb permettra de montrer qu\u2019habiter un logement bien isol\u00e9 et ventil\u00e9, ce n\u2019est pas seulement faire des \u00e9conomies, c\u2019est aussi mieux vivre\" \/>\n<meta property=\"og:url\" content=\"https:\/\/batijournal.com\/index.php\/lancement-de-la-campagne-de-mobilisation-faire-pour-la-renovation-energetique-des-batiments\/100057\/\" \/>\n<meta property=\"og:site_name\" content=\"Batijournal\" \/>\n<meta property=\"article:published_time\" content=\"2018-09-10T13:35:58+00:00\" \/>\n<meta property=\"article:modified_time\" content=\"2019-07-15T10:19:48+00:00\" \/>\n<meta property=\"og:image\" content=\"https:\/\/batijournal.com\/wp-content\/uploads\/2018\/09\/campagne-faire-tous-eco-confortables.png\" \/>\n\t<meta property=\"og:image:width\" content=\"1056\" \/>\n\t<meta property=\"og:image:height\" content=\"558\" \/>\n\t<meta property=\"og:image:type\" content=\"image\/png\" \/>\n<meta name=\"author\" content=\"St\u00e9phane Miget\" \/>\n<meta name=\"twitter:card\" content=\"summary_large_image\" \/>\n<meta name=\"twitter:creator\" content=\"@bati_journal\" \/>\n<meta name=\"twitter:site\" content=\"@bati_journal\" \/>\n<meta name=\"twitter:label1\" content=\"\u00c9crit par\" \/>\n\t<meta name=\"twitter:data1\" content=\"St\u00e9phane Miget\" \/>\n\t<meta name=\"twitter:label2\" content=\"Dur\u00e9e de lecture estim\u00e9e\" \/>\n\t<meta name=\"twitter:data2\" content=\"2 minutes\" \/>\n<script type=\"application\/ld+json\" class=\"yoast-schema-graph\">{\"@context\":\"https:\\\/\\\/schema.org\",\"@graph\":[{\"@type\":\"Article\",\"@id\":\"https:\\\/\\\/batijournal.com\\\/index.php\\\/lancement-de-la-campagne-de-mobilisation-faire-pour-la-renovation-energetique-des-batiments\\\/100057\\\/#article\",\"isPartOf\":{\"@id\":\"https:\\\/\\\/batijournal.com\\\/index.php\\\/lancement-de-la-campagne-de-mobilisation-faire-pour-la-renovation-energetique-des-batiments\\\/100057\\\/\"},\"author\":{\"name\":\"St\u00e9phane Miget\",\"@id\":\"https:\\\/\\\/batijournal.com\\\/#\\\/schema\\\/person\\\/1dc96ec6957aa1ccb25ebe78bb19f100\"},\"headline\":\"Lancement de la campagne de mobilisation \u00ab\u00a0FAIRE\u00a0\u00bb pour la r\u00e9novation \u00e9nerg\u00e9tique des b\u00e2timents\",\"datePublished\":\"2018-09-10T13:35:58+00:00\",\"dateModified\":\"2019-07-15T10:19:48+00:00\",\"mainEntityOfPage\":{\"@id\":\"https:\\\/\\\/batijournal.com\\\/index.php\\\/lancement-de-la-campagne-de-mobilisation-faire-pour-la-renovation-energetique-des-batiments\\\/100057\\\/\"},\"wordCount\":491,\"image\":{\"@id\":\"https:\\\/\\\/batijournal.com\\\/index.php\\\/lancement-de-la-campagne-de-mobilisation-faire-pour-la-renovation-energetique-des-batiments\\\/100057\\\/#primaryimage\"},\"thumbnailUrl\":\"https:\\\/\\\/batijournal.com\\\/wp-content\\\/uploads\\\/2018\\\/09\\\/campagne-faire-tous-eco-confortables.png\",\"keywords\":[\"FAIRE\",\"passoires thermiques\",\"renovation energetique\",\"r\u00e9novation thermique\"],\"articleSection\":[\"A la Une\",\"Actualit\u00e9s\",\"\u00c9nergie &amp; Environnement\",\"zz_Plan\u00e8te B\u00e2timent\"],\"inLanguage\":\"fr-FR\"},{\"@type\":\"WebPage\",\"@id\":\"https:\\\/\\\/batijournal.com\\\/index.php\\\/lancement-de-la-campagne-de-mobilisation-faire-pour-la-renovation-energetique-des-batiments\\\/100057\\\/\",\"url\":\"https:\\\/\\\/batijournal.com\\\/index.php\\\/lancement-de-la-campagne-de-mobilisation-faire-pour-la-renovation-energetique-des-batiments\\\/100057\\\/\",\"name\":\"Lancement de la campagne de mobilisation \\\"FAIRE\\\" pour la r\u00e9novation \u00e9nerg\u00e9tique des b\u00e2timents\",\"isPartOf\":{\"@id\":\"https:\\\/\\\/batijournal.com\\\/#website\"},\"primaryImageOfPage\":{\"@id\":\"https:\\\/\\\/batijournal.com\\\/index.php\\\/lancement-de-la-campagne-de-mobilisation-faire-pour-la-renovation-energetique-des-batiments\\\/100057\\\/#primaryimage\"},\"image\":{\"@id\":\"https:\\\/\\\/batijournal.com\\\/index.php\\\/lancement-de-la-campagne-de-mobilisation-faire-pour-la-renovation-energetique-des-batiments\\\/100057\\\/#primaryimage\"},\"thumbnailUrl\":\"https:\\\/\\\/batijournal.com\\\/wp-content\\\/uploads\\\/2018\\\/09\\\/campagne-faire-tous-eco-confortables.png\",\"datePublished\":\"2018-09-10T13:35:58+00:00\",\"dateModified\":\"2019-07-15T10:19:48+00:00\",\"author\":{\"@id\":\"https:\\\/\\\/batijournal.com\\\/#\\\/schema\\\/person\\\/1dc96ec6957aa1ccb25ebe78bb19f100\"},\"description\":\"La campagne \u00ab FAIRE \u00bb permettra de montrer qu\u2019habiter un logement bien isol\u00e9 et ventil\u00e9, ce n\u2019est pas seulement faire des \u00e9conomies, c\u2019est aussi mieux vivre\",\"breadcrumb\":{\"@id\":\"https:\\\/\\\/batijournal.com\\\/index.php\\\/lancement-de-la-campagne-de-mobilisation-faire-pour-la-renovation-energetique-des-batiments\\\/100057\\\/#breadcrumb\"},\"inLanguage\":\"fr-FR\",\"potentialAction\":[{\"@type\":\"ReadAction\",\"target\":[\"https:\\\/\\\/batijournal.com\\\/index.php\\\/lancement-de-la-campagne-de-mobilisation-faire-pour-la-renovation-energetique-des-batiments\\\/100057\\\/\"]}]},{\"@type\":\"ImageObject\",\"inLanguage\":\"fr-FR\",\"@id\":\"https:\\\/\\\/batijournal.com\\\/index.php\\\/lancement-de-la-campagne-de-mobilisation-faire-pour-la-renovation-energetique-des-batiments\\\/100057\\\/#primaryimage\",\"url\":\"https:\\\/\\\/batijournal.com\\\/wp-content\\\/uploads\\\/2018\\\/09\\\/campagne-faire-tous-eco-confortables.png\",\"contentUrl\":\"https:\\\/\\\/batijournal.com\\\/wp-content\\\/uploads\\\/2018\\\/09\\\/campagne-faire-tous-eco-confortables.png\",\"width\":1056,\"height\":558},{\"@type\":\"BreadcrumbList\",\"@id\":\"https:\\\/\\\/batijournal.com\\\/index.php\\\/lancement-de-la-campagne-de-mobilisation-faire-pour-la-renovation-energetique-des-batiments\\\/100057\\\/#breadcrumb\",\"itemListElement\":[{\"@type\":\"ListItem\",\"position\":1,\"name\":\"Accueil\",\"item\":\"https:\\\/\\\/batijournal.com\\\/\"},{\"@type\":\"ListItem\",\"position\":2,\"name\":\"A la Une\",\"item\":\"https:\\\/\\\/batijournal.com\\\/index.php\\\/category\\\/a-la-une\\\/\"},{\"@type\":\"ListItem\",\"position\":3,\"name\":\"Lancement de la campagne de mobilisation \u00ab\u00a0FAIRE\u00a0\u00bb pour la r\u00e9novation \u00e9nerg\u00e9tique des b\u00e2timents\"}]},{\"@type\":\"WebSite\",\"@id\":\"https:\\\/\\\/batijournal.com\\\/#website\",\"url\":\"https:\\\/\\\/batijournal.com\\\/\",\"name\":\"Batijournal\",\"description\":\"L&#039;actualit\u00e9 du b\u00e2timent\",\"potentialAction\":[{\"@type\":\"SearchAction\",\"target\":{\"@type\":\"EntryPoint\",\"urlTemplate\":\"https:\\\/\\\/batijournal.com\\\/?s={search_term_string}\"},\"query-input\":{\"@type\":\"PropertyValueSpecification\",\"valueRequired\":true,\"valueName\":\"search_term_string\"}}],\"inLanguage\":\"fr-FR\"},{\"@type\":\"Person\",\"@id\":\"https:\\\/\\\/batijournal.com\\\/#\\\/schema\\\/person\\\/1dc96ec6957aa1ccb25ebe78bb19f100\",\"name\":\"St\u00e9phane Miget\",\"image\":{\"@type\":\"ImageObject\",\"inLanguage\":\"fr-FR\",\"@id\":\"https:\\\/\\\/secure.gravatar.com\\\/avatar\\\/89915563d925342126b8ef0281b93d9d7fc337043e8df017f780908eb9644451?s=96&d=mm&r=g\",\"url\":\"https:\\\/\\\/secure.gravatar.com\\\/avatar\\\/89915563d925342126b8ef0281b93d9d7fc337043e8df017f780908eb9644451?s=96&d=mm&r=g\",\"contentUrl\":\"https:\\\/\\\/secure.gravatar.com\\\/avatar\\\/89915563d925342126b8ef0281b93d9d7fc337043e8df017f780908eb9644451?s=96&d=mm&r=g\",\"caption\":\"St\u00e9phane Miget\"},\"url\":\"https:\\\/\\\/batijournal.com\\\/index.php\\\/author\\\/stephane\\\/\"}]}<\/script>\n<!-- \/ Yoast SEO plugin. -->","yoast_head_json":{"title":"Lancement de la campagne de mobilisation \"FAIRE\" pour la r\u00e9novation \u00e9nerg\u00e9tique des b\u00e2timents","description":"La campagne \u00ab FAIRE \u00bb permettra de montrer qu\u2019habiter un logement bien isol\u00e9 et ventil\u00e9, ce n\u2019est pas seulement faire des \u00e9conomies, c\u2019est aussi mieux vivre","robots":{"index":"index","follow":"follow","max-snippet":"max-snippet:-1","max-image-preview":"max-image-preview:large","max-video-preview":"max-video-preview:-1"},"canonical":"https:\/\/batijournal.com\/index.php\/lancement-de-la-campagne-de-mobilisation-faire-pour-la-renovation-energetique-des-batiments\/100057\/","og_locale":"fr_FR","og_type":"article","og_title":"Lancement de la campagne de mobilisation \"FAIRE\" pour la r\u00e9novation \u00e9nerg\u00e9tique des b\u00e2timents","og_description":"La campagne \u00ab FAIRE \u00bb permettra de montrer qu\u2019habiter un logement bien isol\u00e9 et ventil\u00e9, ce n\u2019est pas seulement faire des \u00e9conomies, c\u2019est aussi mieux vivre","og_url":"https:\/\/batijournal.com\/index.php\/lancement-de-la-campagne-de-mobilisation-faire-pour-la-renovation-energetique-des-batiments\/100057\/","og_site_name":"Batijournal","article_published_time":"2018-09-10T13:35:58+00:00","article_modified_time":"2019-07-15T10:19:48+00:00","og_image":[{"width":1056,"height":558,"url":"https:\/\/batijournal.com\/wp-content\/uploads\/2018\/09\/campagne-faire-tous-eco-confortables.png","type":"image\/png"}],"author":"St\u00e9phane Miget","twitter_card":"summary_large_image","twitter_creator":"@bati_journal","twitter_site":"@bati_journal","twitter_misc":{"\u00c9crit par":"St\u00e9phane Miget","Dur\u00e9e de lecture estim\u00e9e":"2 minutes"},"schema":{"@context":"https:\/\/schema.org","@graph":[{"@type":"Article","@id":"https:\/\/batijournal.com\/index.php\/lancement-de-la-campagne-de-mobilisation-faire-pour-la-renovation-energetique-des-batiments\/100057\/#article","isPartOf":{"@id":"https:\/\/batijournal.com\/index.php\/lancement-de-la-campagne-de-mobilisation-faire-pour-la-renovation-energetique-des-batiments\/100057\/"},"author":{"name":"St\u00e9phane Miget","@id":"https:\/\/batijournal.com\/#\/schema\/person\/1dc96ec6957aa1ccb25ebe78bb19f100"},"headline":"Lancement de la campagne de mobilisation \u00ab\u00a0FAIRE\u00a0\u00bb pour la r\u00e9novation \u00e9nerg\u00e9tique des b\u00e2timents","datePublished":"2018-09-10T13:35:58+00:00","dateModified":"2019-07-15T10:19:48+00:00","mainEntityOfPage":{"@id":"https:\/\/batijournal.com\/index.php\/lancement-de-la-campagne-de-mobilisation-faire-pour-la-renovation-energetique-des-batiments\/100057\/"},"wordCount":491,"image":{"@id":"https:\/\/batijournal.com\/index.php\/lancement-de-la-campagne-de-mobilisation-faire-pour-la-renovation-energetique-des-batiments\/100057\/#primaryimage"},"thumbnailUrl":"https:\/\/batijournal.com\/wp-content\/uploads\/2018\/09\/campagne-faire-tous-eco-confortables.png","keywords":["FAIRE","passoires thermiques","renovation energetique","r\u00e9novation thermique"],"articleSection":["A la Une","Actualit\u00e9s","\u00c9nergie &amp; Environnement","zz_Plan\u00e8te B\u00e2timent"],"inLanguage":"fr-FR"},{"@type":"WebPage","@id":"https:\/\/batijournal.com\/index.php\/lancement-de-la-campagne-de-mobilisation-faire-pour-la-renovation-energetique-des-batiments\/100057\/","url":"https:\/\/batijournal.com\/index.php\/lancement-de-la-campagne-de-mobilisation-faire-pour-la-renovation-energetique-des-batiments\/100057\/","name":"Lancement de la campagne de mobilisation \"FAIRE\" pour la r\u00e9novation \u00e9nerg\u00e9tique des b\u00e2timents","isPartOf":{"@id":"https:\/\/batijournal.com\/#website"},"primaryImageOfPage":{"@id":"https:\/\/batijournal.com\/index.php\/lancement-de-la-campagne-de-mobilisation-faire-pour-la-renovation-energetique-des-batiments\/100057\/#primaryimage"},"image":{"@id":"https:\/\/batijournal.com\/index.php\/lancement-de-la-campagne-de-mobilisation-faire-pour-la-renovation-energetique-des-batiments\/100057\/#primaryimage"},"thumbnailUrl":"https:\/\/batijournal.com\/wp-content\/uploads\/2018\/09\/campagne-faire-tous-eco-confortables.png","datePublished":"2018-09-10T13:35:58+00:00","dateModified":"2019-07-15T10:19:48+00:00","author":{"@id":"https:\/\/batijournal.com\/#\/schema\/person\/1dc96ec6957aa1ccb25ebe78bb19f100"},"description":"La campagne \u00ab FAIRE \u00bb permettra de montrer qu\u2019habiter un logement bien isol\u00e9 et ventil\u00e9, ce n\u2019est pas seulement faire des \u00e9conomies, c\u2019est aussi mieux vivre","breadcrumb":{"@id":"https:\/\/batijournal.com\/index.php\/lancement-de-la-campagne-de-mobilisation-faire-pour-la-renovation-energetique-des-batiments\/100057\/#breadcrumb"},"inLanguage":"fr-FR","potentialAction":[{"@type":"ReadAction","target":["https:\/\/batijournal.com\/index.php\/lancement-de-la-campagne-de-mobilisation-faire-pour-la-renovation-energetique-des-batiments\/100057\/"]}]},{"@type":"ImageObject","inLanguage":"fr-FR","@id":"https:\/\/batijournal.com\/index.php\/lancement-de-la-campagne-de-mobilisation-faire-pour-la-renovation-energetique-des-batiments\/100057\/#primaryimage","url":"https:\/\/batijournal.com\/wp-content\/uploads\/2018\/09\/campagne-faire-tous-eco-confortables.png","contentUrl":"https:\/\/batijournal.com\/wp-content\/uploads\/2018\/09\/campagne-faire-tous-eco-confortables.png","width":1056,"height":558},{"@type":"BreadcrumbList","@id":"https:\/\/batijournal.com\/index.php\/lancement-de-la-campagne-de-mobilisation-faire-pour-la-renovation-energetique-des-batiments\/100057\/#breadcrumb","itemListElement":[{"@type":"ListItem","position":1,"name":"Accueil","item":"https:\/\/batijournal.com\/"},{"@type":"ListItem","position":2,"name":"A la Une","item":"https:\/\/batijournal.com\/index.php\/category\/a-la-une\/"},{"@type":"ListItem","position":3,"name":"Lancement de la campagne de mobilisation \u00ab\u00a0FAIRE\u00a0\u00bb pour la r\u00e9novation \u00e9nerg\u00e9tique des b\u00e2timents"}]},{"@type":"WebSite","@id":"https:\/\/batijournal.com\/#website","url":"https:\/\/batijournal.com\/","name":"Batijournal","description":"L&#039;actualit\u00e9 du b\u00e2timent","potentialAction":[{"@type":"SearchAction","target":{"@type":"EntryPoint","urlTemplate":"https:\/\/batijournal.com\/?s={search_term_string}"},"query-input":{"@type":"PropertyValueSpecification","valueRequired":true,"valueName":"search_term_string"}}],"inLanguage":"fr-FR"},{"@type":"Person","@id":"https:\/\/batijournal.com\/#\/schema\/person\/1dc96ec6957aa1ccb25ebe78bb19f100","name":"St\u00e9phane Miget","image":{"@type":"ImageObject","inLanguage":"fr-FR","@id":"https:\/\/secure.gravatar.com\/avatar\/89915563d925342126b8ef0281b93d9d7fc337043e8df017f780908eb9644451?s=96&d=mm&r=g","url":"https:\/\/secure.gravatar.com\/avatar\/89915563d925342126b8ef0281b93d9d7fc337043e8df017f780908eb9644451?s=96&d=mm&r=g","contentUrl":"https:\/\/secure.gravatar.com\/avatar\/89915563d925342126b8ef0281b93d9d7fc337043e8df017f780908eb9644451?s=96&d=mm&r=g","caption":"St\u00e9phane Miget"},"url":"https:\/\/batijournal.com\/index.php\/author\/stephane\/"}]}},"_links":{"self":[{"href":"https:\/\/batijournal.com\/index.php\/wp-json\/wp\/v2\/posts\/100057","targetHints":{"allow":["GET"]}}],"collection":[{"href":"https:\/\/batijournal.com\/index.php\/wp-json\/wp\/v2\/posts"}],"about":[{"href":"https:\/\/batijournal.com\/index.php\/wp-json\/wp\/v2\/types\/post"}],"author":[{"embeddable":true,"href":"https:\/\/batijournal.com\/index.php\/wp-json\/wp\/v2\/users\/17"}],"replies":[{"embeddable":true,"href":"https:\/\/batijournal.com\/index.php\/wp-json\/wp\/v2\/comments?post=100057"}],"version-history":[{"count":0,"href":"https:\/\/batijournal.com\/index.php\/wp-json\/wp\/v2\/posts\/100057\/revisions"}],"wp:featuredmedia":[{"embeddable":true,"href":"https:\/\/batijournal.com\/index.php\/wp-json\/wp\/v2\/media\/100058"}],"wp:attachment":[{"href":"https:\/\/batijournal.com\/index.php\/wp-json\/wp\/v2\/media?parent=100057"}],"wp:term":[{"taxonomy":"category","embeddable":true,"href":"https:\/\/batijournal.com\/index.php\/wp-json\/wp\/v2\/categories?post=100057"},{"taxonomy":"post_tag","embeddable":true,"href":"https:\/\/batijournal.com\/index.php\/wp-json\/wp\/v2\/tags?post=100057"}],"curies":[{"name":"wp","href":"https:\/\/api.w.org\/{rel}","templated":true}]}}