{"id":100062,"date":"2018-09-11T04:47:24","date_gmt":"2018-09-11T02:47:24","guid":{"rendered":"https:\/\/batijournal.com\/?p=100062"},"modified":"2019-07-15T11:21:35","modified_gmt":"2019-07-15T09:21:35","slug":"fibra-award-architectures-contemporaines-en-fibres-vegetales","status":"publish","type":"post","link":"https:\/\/batijournal.com\/index.php\/fibra-award-architectures-contemporaines-en-fibres-vegetales\/100062\/","title":{"rendered":"FIBRA Award : premier prix mondial des architectures contemporaines en fibres v\u00e9g\u00e9tales"},"content":{"rendered":"<p>Le FIBRA Award est le premier prix mondial des architectures contemporaines en fibres v\u00e9g\u00e9tales. Ses 40 finalistes seront mis en valeur dans une exposition itin\u00e9rante et un grand livre illustr\u00e9. Ceux qui ont construit ou r\u00e9nov\u00e9 un ou plusieurs b\u00e2timents utilisant largement des fibres v\u00e9g\u00e9tales peuvent participer \u00e0 ce palmar\u00e8s en envoyant leur candidature avant le 15 septembre 2018. Le FIBRA Award est organis\u00e9 et port\u00e9 par am\u00e0co, le centre de recherche et d\u2019exp\u00e9rimentation sur les \u00ab mati\u00e8res \u00e0 construire \u00bb, avec le soutien scientifique de l\u2019\u00c9cole Polytechnique (ETH) de Zurich et l\u2019expertise de BioBuild Concept.<\/p>\n<p><a href=\"https:\/\/www.fibra-award.org\/?lang=fr\" target=\"_blank\" rel=\"noopener noreferrer\">le site internet<\/a><\/p>\n<p>&nbsp;<\/p>\n","protected":false},"excerpt":{"rendered":"<p>Le FIBRA Award est le premier prix mondial des architectures contemporaines en fibres v\u00e9g\u00e9tales. Ses 40 finalistes seront mis en valeur dans une exposition itin\u00e9rante et un grand livre illustr\u00e9. Ceux qui ont construit ou r\u00e9nov\u00e9 un ou plusieurs b\u00e2timents utilisant largement des fibres v\u00e9g\u00e9tales peuvent participer \u00e0 ce palmar\u00e8s en envoyant leur candidature avant [&hellip;]<\/p>\n","protected":false},"author":17,"featured_media":100064,"comment_status":"closed","ping_status":"closed","sticky":false,"template":"","format":"standard","meta":{"_et_pb_use_builder":"","_et_pb_old_content":"","_et_gb_content_width":"","footnotes":""},"categories":[10530,6340,10778],"tags":[11005,12489],"class_list":["post-100062","post","type-post","status-publish","format-standard","has-post-thumbnail","hentry","category-actualites","category-architecture-conception","category-planete","tag-concours","tag-fibres-vegetales"],"yoast_head":"<!-- This site is optimized with the Yoast SEO plugin v27.4 - https:\/\/yoast.com\/product\/yoast-seo-wordpress\/ -->\n<title>FIBRA Award : prix mondial des architectures contemporaines en fibres v\u00e9g\u00e9tales<\/title>\n<meta name=\"description\" content=\"Le FIBRA Award est le premier prix mondial des architectures contemporaines en fibres v\u00e9g\u00e9tales. Ses 40 finalistes seront mis en valeur dans une exposition\" \/>\n<meta name=\"robots\" content=\"index, follow, max-snippet:-1, max-image-preview:large, max-video-preview:-1\" \/>\n<link rel=\"canonical\" href=\"https:\/\/batijournal.com\/index.php\/fibra-award-architectures-contemporaines-en-fibres-vegetales\/100062\/\" \/>\n<meta property=\"og:locale\" content=\"fr_FR\" \/>\n<meta property=\"og:type\" content=\"article\" \/>\n<meta property=\"og:title\" content=\"FIBRA Award : prix mondial des architectures contemporaines en fibres v\u00e9g\u00e9tales\" \/>\n<meta property=\"og:description\" content=\"Le FIBRA Award est le premier prix mondial des architectures contemporaines en fibres v\u00e9g\u00e9tales. Ses 40 finalistes seront mis en valeur dans une exposition\" \/>\n<meta property=\"og:url\" content=\"https:\/\/batijournal.com\/index.php\/fibra-award-architectures-contemporaines-en-fibres-vegetales\/100062\/\" \/>\n<meta property=\"og:site_name\" content=\"Batijournal\" \/>\n<meta property=\"article:published_time\" content=\"2018-09-11T02:47:24+00:00\" \/>\n<meta property=\"article:modified_time\" content=\"2019-07-15T09:21:35+00:00\" \/>\n<meta property=\"og:image\" content=\"https:\/\/batijournal.com\/wp-content\/uploads\/2018\/09\/Logo-FibraAward.png\" \/>\n\t<meta property=\"og:image:width\" content=\"1706\" \/>\n\t<meta property=\"og:image:height\" content=\"735\" \/>\n\t<meta property=\"og:image:type\" content=\"image\/png\" \/>\n<meta name=\"author\" content=\"St\u00e9phane Miget\" \/>\n<meta name=\"twitter:card\" content=\"summary_large_image\" \/>\n<meta name=\"twitter:creator\" content=\"@bati_journal\" \/>\n<meta name=\"twitter:site\" content=\"@bati_journal\" \/>\n<meta name=\"twitter:label1\" content=\"\u00c9crit par\" \/>\n\t<meta name=\"twitter:data1\" content=\"St\u00e9phane Miget\" \/>\n\t<meta name=\"twitter:label2\" content=\"Dur\u00e9e de lecture estim\u00e9e\" \/>\n\t<meta name=\"twitter:data2\" content=\"1 minute\" \/>\n<script type=\"application\/ld+json\" class=\"yoast-schema-graph\">{\"@context\":\"https:\\\/\\\/schema.org\",\"@graph\":[{\"@type\":\"Article\",\"@id\":\"https:\\\/\\\/batijournal.com\\\/index.php\\\/fibra-award-architectures-contemporaines-en-fibres-vegetales\\\/100062\\\/#article\",\"isPartOf\":{\"@id\":\"https:\\\/\\\/batijournal.com\\\/index.php\\\/fibra-award-architectures-contemporaines-en-fibres-vegetales\\\/100062\\\/\"},\"author\":{\"name\":\"St\u00e9phane Miget\",\"@id\":\"https:\\\/\\\/batijournal.com\\\/#\\\/schema\\\/person\\\/1dc96ec6957aa1ccb25ebe78bb19f100\"},\"headline\":\"FIBRA Award : premier prix mondial des architectures contemporaines en fibres v\u00e9g\u00e9tales\",\"datePublished\":\"2018-09-11T02:47:24+00:00\",\"dateModified\":\"2019-07-15T09:21:35+00:00\",\"mainEntityOfPage\":{\"@id\":\"https:\\\/\\\/batijournal.com\\\/index.php\\\/fibra-award-architectures-contemporaines-en-fibres-vegetales\\\/100062\\\/\"},\"wordCount\":120,\"image\":{\"@id\":\"https:\\\/\\\/batijournal.com\\\/index.php\\\/fibra-award-architectures-contemporaines-en-fibres-vegetales\\\/100062\\\/#primaryimage\"},\"thumbnailUrl\":\"https:\\\/\\\/batijournal.com\\\/wp-content\\\/uploads\\\/2018\\\/09\\\/Logo-FibraAward.png\",\"keywords\":[\"concours\",\"fibres v\u00e9g\u00e9tales\"],\"articleSection\":[\"Actualit\u00e9s\",\"Architecture &amp; Conception\",\"zz_Plan\u00e8te B\u00e2timent\"],\"inLanguage\":\"fr-FR\"},{\"@type\":\"WebPage\",\"@id\":\"https:\\\/\\\/batijournal.com\\\/index.php\\\/fibra-award-architectures-contemporaines-en-fibres-vegetales\\\/100062\\\/\",\"url\":\"https:\\\/\\\/batijournal.com\\\/index.php\\\/fibra-award-architectures-contemporaines-en-fibres-vegetales\\\/100062\\\/\",\"name\":\"FIBRA Award : prix mondial des architectures contemporaines en fibres v\u00e9g\u00e9tales\",\"isPartOf\":{\"@id\":\"https:\\\/\\\/batijournal.com\\\/#website\"},\"primaryImageOfPage\":{\"@id\":\"https:\\\/\\\/batijournal.com\\\/index.php\\\/fibra-award-architectures-contemporaines-en-fibres-vegetales\\\/100062\\\/#primaryimage\"},\"image\":{\"@id\":\"https:\\\/\\\/batijournal.com\\\/index.php\\\/fibra-award-architectures-contemporaines-en-fibres-vegetales\\\/100062\\\/#primaryimage\"},\"thumbnailUrl\":\"https:\\\/\\\/batijournal.com\\\/wp-content\\\/uploads\\\/2018\\\/09\\\/Logo-FibraAward.png\",\"datePublished\":\"2018-09-11T02:47:24+00:00\",\"dateModified\":\"2019-07-15T09:21:35+00:00\",\"author\":{\"@id\":\"https:\\\/\\\/batijournal.com\\\/#\\\/schema\\\/person\\\/1dc96ec6957aa1ccb25ebe78bb19f100\"},\"description\":\"Le FIBRA Award est le premier prix mondial des architectures contemporaines en fibres v\u00e9g\u00e9tales. Ses 40 finalistes seront mis en valeur dans une exposition\",\"breadcrumb\":{\"@id\":\"https:\\\/\\\/batijournal.com\\\/index.php\\\/fibra-award-architectures-contemporaines-en-fibres-vegetales\\\/100062\\\/#breadcrumb\"},\"inLanguage\":\"fr-FR\",\"potentialAction\":[{\"@type\":\"ReadAction\",\"target\":[\"https:\\\/\\\/batijournal.com\\\/index.php\\\/fibra-award-architectures-contemporaines-en-fibres-vegetales\\\/100062\\\/\"]}]},{\"@type\":\"ImageObject\",\"inLanguage\":\"fr-FR\",\"@id\":\"https:\\\/\\\/batijournal.com\\\/index.php\\\/fibra-award-architectures-contemporaines-en-fibres-vegetales\\\/100062\\\/#primaryimage\",\"url\":\"https:\\\/\\\/batijournal.com\\\/wp-content\\\/uploads\\\/2018\\\/09\\\/Logo-FibraAward.png\",\"contentUrl\":\"https:\\\/\\\/batijournal.com\\\/wp-content\\\/uploads\\\/2018\\\/09\\\/Logo-FibraAward.png\",\"width\":1706,\"height\":735,\"caption\":\"Logo-Fibra Award\"},{\"@type\":\"BreadcrumbList\",\"@id\":\"https:\\\/\\\/batijournal.com\\\/index.php\\\/fibra-award-architectures-contemporaines-en-fibres-vegetales\\\/100062\\\/#breadcrumb\",\"itemListElement\":[{\"@type\":\"ListItem\",\"position\":1,\"name\":\"Accueil\",\"item\":\"https:\\\/\\\/batijournal.com\\\/\"},{\"@type\":\"ListItem\",\"position\":2,\"name\":\"Actualit\u00e9s\",\"item\":\"https:\\\/\\\/batijournal.com\\\/index.php\\\/category\\\/actualites\\\/\"},{\"@type\":\"ListItem\",\"position\":3,\"name\":\"FIBRA Award : premier prix mondial des architectures contemporaines en fibres v\u00e9g\u00e9tales\"}]},{\"@type\":\"WebSite\",\"@id\":\"https:\\\/\\\/batijournal.com\\\/#website\",\"url\":\"https:\\\/\\\/batijournal.com\\\/\",\"name\":\"Batijournal\",\"description\":\"L&#039;actualit\u00e9 du b\u00e2timent\",\"potentialAction\":[{\"@type\":\"SearchAction\",\"target\":{\"@type\":\"EntryPoint\",\"urlTemplate\":\"https:\\\/\\\/batijournal.com\\\/?s={search_term_string}\"},\"query-input\":{\"@type\":\"PropertyValueSpecification\",\"valueRequired\":true,\"valueName\":\"search_term_string\"}}],\"inLanguage\":\"fr-FR\"},{\"@type\":\"Person\",\"@id\":\"https:\\\/\\\/batijournal.com\\\/#\\\/schema\\\/person\\\/1dc96ec6957aa1ccb25ebe78bb19f100\",\"name\":\"St\u00e9phane Miget\",\"image\":{\"@type\":\"ImageObject\",\"inLanguage\":\"fr-FR\",\"@id\":\"https:\\\/\\\/secure.gravatar.com\\\/avatar\\\/89915563d925342126b8ef0281b93d9d7fc337043e8df017f780908eb9644451?s=96&d=mm&r=g\",\"url\":\"https:\\\/\\\/secure.gravatar.com\\\/avatar\\\/89915563d925342126b8ef0281b93d9d7fc337043e8df017f780908eb9644451?s=96&d=mm&r=g\",\"contentUrl\":\"https:\\\/\\\/secure.gravatar.com\\\/avatar\\\/89915563d925342126b8ef0281b93d9d7fc337043e8df017f780908eb9644451?s=96&d=mm&r=g\",\"caption\":\"St\u00e9phane Miget\"},\"url\":\"https:\\\/\\\/batijournal.com\\\/index.php\\\/author\\\/stephane\\\/\"}]}<\/script>\n<!-- \/ Yoast SEO plugin. -->","yoast_head_json":{"title":"FIBRA Award : prix mondial des architectures contemporaines en fibres v\u00e9g\u00e9tales","description":"Le FIBRA Award est le premier prix mondial des architectures contemporaines en fibres v\u00e9g\u00e9tales. Ses 40 finalistes seront mis en valeur dans une exposition","robots":{"index":"index","follow":"follow","max-snippet":"max-snippet:-1","max-image-preview":"max-image-preview:large","max-video-preview":"max-video-preview:-1"},"canonical":"https:\/\/batijournal.com\/index.php\/fibra-award-architectures-contemporaines-en-fibres-vegetales\/100062\/","og_locale":"fr_FR","og_type":"article","og_title":"FIBRA Award : prix mondial des architectures contemporaines en fibres v\u00e9g\u00e9tales","og_description":"Le FIBRA Award est le premier prix mondial des architectures contemporaines en fibres v\u00e9g\u00e9tales. Ses 40 finalistes seront mis en valeur dans une exposition","og_url":"https:\/\/batijournal.com\/index.php\/fibra-award-architectures-contemporaines-en-fibres-vegetales\/100062\/","og_site_name":"Batijournal","article_published_time":"2018-09-11T02:47:24+00:00","article_modified_time":"2019-07-15T09:21:35+00:00","og_image":[{"width":1706,"height":735,"url":"https:\/\/batijournal.com\/wp-content\/uploads\/2018\/09\/Logo-FibraAward.png","type":"image\/png"}],"author":"St\u00e9phane Miget","twitter_card":"summary_large_image","twitter_creator":"@bati_journal","twitter_site":"@bati_journal","twitter_misc":{"\u00c9crit par":"St\u00e9phane Miget","Dur\u00e9e de lecture estim\u00e9e":"1 minute"},"schema":{"@context":"https:\/\/schema.org","@graph":[{"@type":"Article","@id":"https:\/\/batijournal.com\/index.php\/fibra-award-architectures-contemporaines-en-fibres-vegetales\/100062\/#article","isPartOf":{"@id":"https:\/\/batijournal.com\/index.php\/fibra-award-architectures-contemporaines-en-fibres-vegetales\/100062\/"},"author":{"name":"St\u00e9phane Miget","@id":"https:\/\/batijournal.com\/#\/schema\/person\/1dc96ec6957aa1ccb25ebe78bb19f100"},"headline":"FIBRA Award : premier prix mondial des architectures contemporaines en fibres v\u00e9g\u00e9tales","datePublished":"2018-09-11T02:47:24+00:00","dateModified":"2019-07-15T09:21:35+00:00","mainEntityOfPage":{"@id":"https:\/\/batijournal.com\/index.php\/fibra-award-architectures-contemporaines-en-fibres-vegetales\/100062\/"},"wordCount":120,"image":{"@id":"https:\/\/batijournal.com\/index.php\/fibra-award-architectures-contemporaines-en-fibres-vegetales\/100062\/#primaryimage"},"thumbnailUrl":"https:\/\/batijournal.com\/wp-content\/uploads\/2018\/09\/Logo-FibraAward.png","keywords":["concours","fibres v\u00e9g\u00e9tales"],"articleSection":["Actualit\u00e9s","Architecture &amp; Conception","zz_Plan\u00e8te B\u00e2timent"],"inLanguage":"fr-FR"},{"@type":"WebPage","@id":"https:\/\/batijournal.com\/index.php\/fibra-award-architectures-contemporaines-en-fibres-vegetales\/100062\/","url":"https:\/\/batijournal.com\/index.php\/fibra-award-architectures-contemporaines-en-fibres-vegetales\/100062\/","name":"FIBRA Award : prix mondial des architectures contemporaines en fibres v\u00e9g\u00e9tales","isPartOf":{"@id":"https:\/\/batijournal.com\/#website"},"primaryImageOfPage":{"@id":"https:\/\/batijournal.com\/index.php\/fibra-award-architectures-contemporaines-en-fibres-vegetales\/100062\/#primaryimage"},"image":{"@id":"https:\/\/batijournal.com\/index.php\/fibra-award-architectures-contemporaines-en-fibres-vegetales\/100062\/#primaryimage"},"thumbnailUrl":"https:\/\/batijournal.com\/wp-content\/uploads\/2018\/09\/Logo-FibraAward.png","datePublished":"2018-09-11T02:47:24+00:00","dateModified":"2019-07-15T09:21:35+00:00","author":{"@id":"https:\/\/batijournal.com\/#\/schema\/person\/1dc96ec6957aa1ccb25ebe78bb19f100"},"description":"Le FIBRA Award est le premier prix mondial des architectures contemporaines en fibres v\u00e9g\u00e9tales. Ses 40 finalistes seront mis en valeur dans une exposition","breadcrumb":{"@id":"https:\/\/batijournal.com\/index.php\/fibra-award-architectures-contemporaines-en-fibres-vegetales\/100062\/#breadcrumb"},"inLanguage":"fr-FR","potentialAction":[{"@type":"ReadAction","target":["https:\/\/batijournal.com\/index.php\/fibra-award-architectures-contemporaines-en-fibres-vegetales\/100062\/"]}]},{"@type":"ImageObject","inLanguage":"fr-FR","@id":"https:\/\/batijournal.com\/index.php\/fibra-award-architectures-contemporaines-en-fibres-vegetales\/100062\/#primaryimage","url":"https:\/\/batijournal.com\/wp-content\/uploads\/2018\/09\/Logo-FibraAward.png","contentUrl":"https:\/\/batijournal.com\/wp-content\/uploads\/2018\/09\/Logo-FibraAward.png","width":1706,"height":735,"caption":"Logo-Fibra Award"},{"@type":"BreadcrumbList","@id":"https:\/\/batijournal.com\/index.php\/fibra-award-architectures-contemporaines-en-fibres-vegetales\/100062\/#breadcrumb","itemListElement":[{"@type":"ListItem","position":1,"name":"Accueil","item":"https:\/\/batijournal.com\/"},{"@type":"ListItem","position":2,"name":"Actualit\u00e9s","item":"https:\/\/batijournal.com\/index.php\/category\/actualites\/"},{"@type":"ListItem","position":3,"name":"FIBRA Award : premier prix mondial des architectures contemporaines en fibres v\u00e9g\u00e9tales"}]},{"@type":"WebSite","@id":"https:\/\/batijournal.com\/#website","url":"https:\/\/batijournal.com\/","name":"Batijournal","description":"L&#039;actualit\u00e9 du b\u00e2timent","potentialAction":[{"@type":"SearchAction","target":{"@type":"EntryPoint","urlTemplate":"https:\/\/batijournal.com\/?s={search_term_string}"},"query-input":{"@type":"PropertyValueSpecification","valueRequired":true,"valueName":"search_term_string"}}],"inLanguage":"fr-FR"},{"@type":"Person","@id":"https:\/\/batijournal.com\/#\/schema\/person\/1dc96ec6957aa1ccb25ebe78bb19f100","name":"St\u00e9phane Miget","image":{"@type":"ImageObject","inLanguage":"fr-FR","@id":"https:\/\/secure.gravatar.com\/avatar\/89915563d925342126b8ef0281b93d9d7fc337043e8df017f780908eb9644451?s=96&d=mm&r=g","url":"https:\/\/secure.gravatar.com\/avatar\/89915563d925342126b8ef0281b93d9d7fc337043e8df017f780908eb9644451?s=96&d=mm&r=g","contentUrl":"https:\/\/secure.gravatar.com\/avatar\/89915563d925342126b8ef0281b93d9d7fc337043e8df017f780908eb9644451?s=96&d=mm&r=g","caption":"St\u00e9phane Miget"},"url":"https:\/\/batijournal.com\/index.php\/author\/stephane\/"}]}},"_links":{"self":[{"href":"https:\/\/batijournal.com\/index.php\/wp-json\/wp\/v2\/posts\/100062","targetHints":{"allow":["GET"]}}],"collection":[{"href":"https:\/\/batijournal.com\/index.php\/wp-json\/wp\/v2\/posts"}],"about":[{"href":"https:\/\/batijournal.com\/index.php\/wp-json\/wp\/v2\/types\/post"}],"author":[{"embeddable":true,"href":"https:\/\/batijournal.com\/index.php\/wp-json\/wp\/v2\/users\/17"}],"replies":[{"embeddable":true,"href":"https:\/\/batijournal.com\/index.php\/wp-json\/wp\/v2\/comments?post=100062"}],"version-history":[{"count":0,"href":"https:\/\/batijournal.com\/index.php\/wp-json\/wp\/v2\/posts\/100062\/revisions"}],"wp:featuredmedia":[{"embeddable":true,"href":"https:\/\/batijournal.com\/index.php\/wp-json\/wp\/v2\/media\/100064"}],"wp:attachment":[{"href":"https:\/\/batijournal.com\/index.php\/wp-json\/wp\/v2\/media?parent=100062"}],"wp:term":[{"taxonomy":"category","embeddable":true,"href":"https:\/\/batijournal.com\/index.php\/wp-json\/wp\/v2\/categories?post=100062"},{"taxonomy":"post_tag","embeddable":true,"href":"https:\/\/batijournal.com\/index.php\/wp-json\/wp\/v2\/tags?post=100062"}],"curies":[{"name":"wp","href":"https:\/\/api.w.org\/{rel}","templated":true}]}}