{"id":100081,"date":"2018-09-12T07:26:33","date_gmt":"2018-09-12T05:26:33","guid":{"rendered":"https:\/\/batijournal.com\/?p=100081"},"modified":"2019-07-15T11:14:56","modified_gmt":"2019-07-15T09:14:56","slug":"plus-de-72-millions-de-visites-dans-les-monuments-nationaux-depuis-debut-2018","status":"publish","type":"post","link":"https:\/\/batijournal.com\/index.php\/plus-de-72-millions-de-visites-dans-les-monuments-nationaux-depuis-debut-2018\/100081\/","title":{"rendered":"Plus de 7,2 millions de visites dans les monuments nationaux depuis d\u00e9but 2018"},"content":{"rendered":"<p><strong>Le Centre des monuments nationaux a accueilli plus de 7 273 000 visites dans les monuments de son r\u00e9seau entre le 1er janvier et le 31 ao\u00fbt 2018, soit une augmentation de pr\u00e8s de 9,5% par rapport \u00e0 2017. A l\u2019issue du premier semestre et de la p\u00e9riode estivale, ce sont ainsi plus de 630 000 visites suppl\u00e9mentaires qui ont \u00e9t\u00e9 enregistr\u00e9es. Cette hausse confirm\u00e9e de la fr\u00e9quentation traduit l\u2019attractivit\u00e9 retrouv\u00e9e de la France aupr\u00e8s des visiteurs \u00e9trangers, l\u2019attachement fort du public au patrimoine et \u00e0 la culture et refl\u00e8te le dynamisme culturel et touristique des territoires. <\/strong><\/p>\n<p>Gr\u00e2ce \u00e0 cette conjoncture, mais aussi \u00e0 une programmation culturelle riche et \u00e0 la r\u00e9ouverture de monuments \u00e0 la suite de campagnes de restauration, le CMN esp\u00e8re voir fr\u00e9quentation atteindre voire d\u00e9passer celle de 2014 (9 534 989 visites) au terme de l\u2019ann\u00e9e 2018.<\/p>\n<p><strong>L\u2019Arc de triomphe<\/strong> reste le monument du r\u00e9seau le plus fr\u00e9quent\u00e9 avec 1 214 846 visites en 2018 (pr\u00e8s de +8,6%). <strong>L\u2019abbaye du Mont-Saint-Michel<\/strong> a quant \u00e0 elle re\u00e7u 1 049 363 visites (+11,2%). <strong>La<\/strong> <strong>Sainte-Chapelle<\/strong> qui a d\u00e9j\u00e0 enregistr\u00e9 869 509 visites (+14,8%) devrait aussi atteindre le million de visites \u00e0 la fin de l\u2019ann\u00e9e. <strong>Le<\/strong> <strong>Panth\u00e9on<\/strong>, th\u00e9\u00e2tre d\u2019un \u00e9v\u00e9nement national majeur avec l\u2019hommage rendu \u00e0 Simone Veil, a vu sa fr\u00e9quentation progresser de 20,2% par rapport \u00e0 2017 avec 594 423 visites, dont 219 900 (+40,6%) depuis le 1er juillet. <strong>La Conciergerie<\/strong>, qui totalise 307 637 visites depuis le d\u00e9but de l\u2019ann\u00e9e (+14%), a re\u00e7u depuis le d\u00e9but de l\u2019installation \u00ab D\u00e9tournement \u00bb de St\u00e9phane Thidet 40 581 visites de plus qu\u2019en 2017 sur la m\u00eame p\u00e9riode, lui permettant ainsi d\u2019enregistrer une hausse de 22% sup\u00e9rieure \u00e0 la moyenne des autres monuments parisiens (\u00e0 l\u2019exception du Panth\u00e9on). <strong>Le ch\u00e2teau de Vincennes<\/strong>, a re\u00e7u 93 223 visites en 2018 (+13,6%), dont 36 868 pendant l\u2019exposition \u00ab D\u00e9tenues \u00bb de Bettina Rheims du 9 f\u00e9vrier au 30 avril (+37,4%).\u00a0<strong>Le monast\u00e8re royal de Brou<\/strong> a re\u00e7u 50 012 visiteurs (+25,6%) sur la p\u00e9riode de l\u2019exposition \u00ab Primitifs flamands \u00bb, du 8 mai au 26 ao\u00fbt, lui permettant de totaliser 70 115 visites depuis le 1er janvier (+9,8%). La hausse a \u00e9t\u00e9 particuli\u00e8rement sensible au <strong>ch\u00e2teau d\u2019Aulteribe<\/strong> avec une augmentation de 28,8% (9 745 visites). <strong>Le ch\u00e2teau de Cadillac<\/strong> a accueilli 13 399 visites, soit 18,6% de plus qu\u2019en 2017. <strong>Le Palais du Tau et les tours de la cath\u00e9drale de Reims<\/strong> ont vu une augmentation de pr\u00e8s de 32,5% de leurs visites (66 183 visites). La fr\u00e9quentation des <strong>alignements de Carnac<\/strong> et de sa maison des m\u00e9galithes enti\u00e8rement r\u00e9am\u00e9nag\u00e9e a connu une hausse de 18,5% avec 30 516 visites.<\/p>\n","protected":false},"excerpt":{"rendered":"<p>Le Centre des monuments nationaux a accueilli plus de 7 273 000 visites dans les monuments de son r\u00e9seau entre le 1er janvier et le 31 ao\u00fbt 2018, soit une augmentation de pr\u00e8s de 9,5% par rapport \u00e0 2017. A l\u2019issue du premier semestre et de la p\u00e9riode estivale, ce sont ainsi plus de 630 [&hellip;]<\/p>\n","protected":false},"author":17,"featured_media":96780,"comment_status":"closed","ping_status":"closed","sticky":false,"template":"","format":"standard","meta":{"_et_pb_use_builder":"","_et_pb_old_content":"","_et_gb_content_width":"","footnotes":""},"categories":[10530,6340,10785],"tags":[8651,8345],"class_list":["post-100081","post","type-post","status-publish","format-standard","has-post-thumbnail","hentry","category-actualites","category-architecture-conception","category-atrium","tag-cmn","tag-monuments-nationaux"],"yoast_head":"<!-- This site is optimized with the Yoast SEO plugin v27.4 - https:\/\/yoast.com\/product\/yoast-seo-wordpress\/ -->\n<title>Plus de 7,2 millions de visites dans les monuments nationaux depuis d\u00e9but 2018<\/title>\n<meta name=\"description\" content=\"Plus de 7,2 millions de visites dans les monuments nationaux depuis d\u00e9but 2018, soit une augmentation de pr\u00e8s de 9,5% par rapport \u00e0 2017.\" \/>\n<meta name=\"robots\" content=\"index, follow, max-snippet:-1, max-image-preview:large, max-video-preview:-1\" \/>\n<link rel=\"canonical\" href=\"https:\/\/batijournal.com\/index.php\/plus-de-72-millions-de-visites-dans-les-monuments-nationaux-depuis-debut-2018\/100081\/\" \/>\n<meta property=\"og:locale\" content=\"fr_FR\" \/>\n<meta property=\"og:type\" content=\"article\" \/>\n<meta property=\"og:title\" content=\"Plus de 7,2 millions de visites dans les monuments nationaux depuis d\u00e9but 2018\" \/>\n<meta property=\"og:description\" content=\"Plus de 7,2 millions de visites dans les monuments nationaux depuis d\u00e9but 2018, soit une augmentation de pr\u00e8s de 9,5% par rapport \u00e0 2017.\" \/>\n<meta property=\"og:url\" content=\"https:\/\/batijournal.com\/index.php\/plus-de-72-millions-de-visites-dans-les-monuments-nationaux-depuis-debut-2018\/100081\/\" \/>\n<meta property=\"og:site_name\" content=\"Batijournal\" \/>\n<meta property=\"article:published_time\" content=\"2018-09-12T05:26:33+00:00\" \/>\n<meta property=\"article:modified_time\" content=\"2019-07-15T09:14:56+00:00\" \/>\n<meta property=\"og:image\" content=\"https:\/\/batijournal.com\/wp-content\/uploads\/2017\/09\/arc-de-triomphe.jpg\" \/>\n\t<meta property=\"og:image:width\" content=\"1024\" \/>\n\t<meta property=\"og:image:height\" content=\"756\" \/>\n\t<meta property=\"og:image:type\" content=\"image\/jpeg\" \/>\n<meta name=\"author\" content=\"St\u00e9phane Miget\" \/>\n<meta name=\"twitter:card\" content=\"summary_large_image\" \/>\n<meta name=\"twitter:creator\" content=\"@bati_journal\" \/>\n<meta name=\"twitter:site\" content=\"@bati_journal\" \/>\n<meta name=\"twitter:label1\" content=\"\u00c9crit par\" \/>\n\t<meta name=\"twitter:data1\" content=\"St\u00e9phane Miget\" \/>\n\t<meta name=\"twitter:label2\" content=\"Dur\u00e9e de lecture estim\u00e9e\" \/>\n\t<meta name=\"twitter:data2\" content=\"2 minutes\" \/>\n<script type=\"application\/ld+json\" class=\"yoast-schema-graph\">{\"@context\":\"https:\\\/\\\/schema.org\",\"@graph\":[{\"@type\":\"Article\",\"@id\":\"https:\\\/\\\/batijournal.com\\\/index.php\\\/plus-de-72-millions-de-visites-dans-les-monuments-nationaux-depuis-debut-2018\\\/100081\\\/#article\",\"isPartOf\":{\"@id\":\"https:\\\/\\\/batijournal.com\\\/index.php\\\/plus-de-72-millions-de-visites-dans-les-monuments-nationaux-depuis-debut-2018\\\/100081\\\/\"},\"author\":{\"name\":\"St\u00e9phane Miget\",\"@id\":\"https:\\\/\\\/batijournal.com\\\/#\\\/schema\\\/person\\\/1dc96ec6957aa1ccb25ebe78bb19f100\"},\"headline\":\"Plus de 7,2 millions de visites dans les monuments nationaux depuis d\u00e9but 2018\",\"datePublished\":\"2018-09-12T05:26:33+00:00\",\"dateModified\":\"2019-07-15T09:14:56+00:00\",\"mainEntityOfPage\":{\"@id\":\"https:\\\/\\\/batijournal.com\\\/index.php\\\/plus-de-72-millions-de-visites-dans-les-monuments-nationaux-depuis-debut-2018\\\/100081\\\/\"},\"wordCount\":438,\"image\":{\"@id\":\"https:\\\/\\\/batijournal.com\\\/index.php\\\/plus-de-72-millions-de-visites-dans-les-monuments-nationaux-depuis-debut-2018\\\/100081\\\/#primaryimage\"},\"thumbnailUrl\":\"https:\\\/\\\/batijournal.com\\\/wp-content\\\/uploads\\\/2017\\\/09\\\/arc-de-triomphe.jpg\",\"keywords\":[\"cmn\",\"monuments nationaux\"],\"articleSection\":[\"Actualit\u00e9s\",\"Architecture &amp; Conception\",\"zz_Atrium Patrimoine\"],\"inLanguage\":\"fr-FR\"},{\"@type\":\"WebPage\",\"@id\":\"https:\\\/\\\/batijournal.com\\\/index.php\\\/plus-de-72-millions-de-visites-dans-les-monuments-nationaux-depuis-debut-2018\\\/100081\\\/\",\"url\":\"https:\\\/\\\/batijournal.com\\\/index.php\\\/plus-de-72-millions-de-visites-dans-les-monuments-nationaux-depuis-debut-2018\\\/100081\\\/\",\"name\":\"Plus de 7,2 millions de visites dans les monuments nationaux depuis d\u00e9but 2018\",\"isPartOf\":{\"@id\":\"https:\\\/\\\/batijournal.com\\\/#website\"},\"primaryImageOfPage\":{\"@id\":\"https:\\\/\\\/batijournal.com\\\/index.php\\\/plus-de-72-millions-de-visites-dans-les-monuments-nationaux-depuis-debut-2018\\\/100081\\\/#primaryimage\"},\"image\":{\"@id\":\"https:\\\/\\\/batijournal.com\\\/index.php\\\/plus-de-72-millions-de-visites-dans-les-monuments-nationaux-depuis-debut-2018\\\/100081\\\/#primaryimage\"},\"thumbnailUrl\":\"https:\\\/\\\/batijournal.com\\\/wp-content\\\/uploads\\\/2017\\\/09\\\/arc-de-triomphe.jpg\",\"datePublished\":\"2018-09-12T05:26:33+00:00\",\"dateModified\":\"2019-07-15T09:14:56+00:00\",\"author\":{\"@id\":\"https:\\\/\\\/batijournal.com\\\/#\\\/schema\\\/person\\\/1dc96ec6957aa1ccb25ebe78bb19f100\"},\"description\":\"Plus de 7,2 millions de visites dans les monuments nationaux depuis d\u00e9but 2018, soit une augmentation de pr\u00e8s de 9,5% par rapport \u00e0 2017.\",\"breadcrumb\":{\"@id\":\"https:\\\/\\\/batijournal.com\\\/index.php\\\/plus-de-72-millions-de-visites-dans-les-monuments-nationaux-depuis-debut-2018\\\/100081\\\/#breadcrumb\"},\"inLanguage\":\"fr-FR\",\"potentialAction\":[{\"@type\":\"ReadAction\",\"target\":[\"https:\\\/\\\/batijournal.com\\\/index.php\\\/plus-de-72-millions-de-visites-dans-les-monuments-nationaux-depuis-debut-2018\\\/100081\\\/\"]}]},{\"@type\":\"ImageObject\",\"inLanguage\":\"fr-FR\",\"@id\":\"https:\\\/\\\/batijournal.com\\\/index.php\\\/plus-de-72-millions-de-visites-dans-les-monuments-nationaux-depuis-debut-2018\\\/100081\\\/#primaryimage\",\"url\":\"https:\\\/\\\/batijournal.com\\\/wp-content\\\/uploads\\\/2017\\\/09\\\/arc-de-triomphe.jpg\",\"contentUrl\":\"https:\\\/\\\/batijournal.com\\\/wp-content\\\/uploads\\\/2017\\\/09\\\/arc-de-triomphe.jpg\",\"width\":1024,\"height\":756},{\"@type\":\"BreadcrumbList\",\"@id\":\"https:\\\/\\\/batijournal.com\\\/index.php\\\/plus-de-72-millions-de-visites-dans-les-monuments-nationaux-depuis-debut-2018\\\/100081\\\/#breadcrumb\",\"itemListElement\":[{\"@type\":\"ListItem\",\"position\":1,\"name\":\"Accueil\",\"item\":\"https:\\\/\\\/batijournal.com\\\/\"},{\"@type\":\"ListItem\",\"position\":2,\"name\":\"Actualit\u00e9s\",\"item\":\"https:\\\/\\\/batijournal.com\\\/index.php\\\/category\\\/actualites\\\/\"},{\"@type\":\"ListItem\",\"position\":3,\"name\":\"Plus de 7,2 millions de visites dans les monuments nationaux depuis d\u00e9but 2018\"}]},{\"@type\":\"WebSite\",\"@id\":\"https:\\\/\\\/batijournal.com\\\/#website\",\"url\":\"https:\\\/\\\/batijournal.com\\\/\",\"name\":\"Batijournal\",\"description\":\"L&#039;actualit\u00e9 du b\u00e2timent\",\"potentialAction\":[{\"@type\":\"SearchAction\",\"target\":{\"@type\":\"EntryPoint\",\"urlTemplate\":\"https:\\\/\\\/batijournal.com\\\/?s={search_term_string}\"},\"query-input\":{\"@type\":\"PropertyValueSpecification\",\"valueRequired\":true,\"valueName\":\"search_term_string\"}}],\"inLanguage\":\"fr-FR\"},{\"@type\":\"Person\",\"@id\":\"https:\\\/\\\/batijournal.com\\\/#\\\/schema\\\/person\\\/1dc96ec6957aa1ccb25ebe78bb19f100\",\"name\":\"St\u00e9phane Miget\",\"image\":{\"@type\":\"ImageObject\",\"inLanguage\":\"fr-FR\",\"@id\":\"https:\\\/\\\/secure.gravatar.com\\\/avatar\\\/89915563d925342126b8ef0281b93d9d7fc337043e8df017f780908eb9644451?s=96&d=mm&r=g\",\"url\":\"https:\\\/\\\/secure.gravatar.com\\\/avatar\\\/89915563d925342126b8ef0281b93d9d7fc337043e8df017f780908eb9644451?s=96&d=mm&r=g\",\"contentUrl\":\"https:\\\/\\\/secure.gravatar.com\\\/avatar\\\/89915563d925342126b8ef0281b93d9d7fc337043e8df017f780908eb9644451?s=96&d=mm&r=g\",\"caption\":\"St\u00e9phane Miget\"},\"url\":\"https:\\\/\\\/batijournal.com\\\/index.php\\\/author\\\/stephane\\\/\"}]}<\/script>\n<!-- \/ Yoast SEO plugin. -->","yoast_head_json":{"title":"Plus de 7,2 millions de visites dans les monuments nationaux depuis d\u00e9but 2018","description":"Plus de 7,2 millions de visites dans les monuments nationaux depuis d\u00e9but 2018, soit une augmentation de pr\u00e8s de 9,5% par rapport \u00e0 2017.","robots":{"index":"index","follow":"follow","max-snippet":"max-snippet:-1","max-image-preview":"max-image-preview:large","max-video-preview":"max-video-preview:-1"},"canonical":"https:\/\/batijournal.com\/index.php\/plus-de-72-millions-de-visites-dans-les-monuments-nationaux-depuis-debut-2018\/100081\/","og_locale":"fr_FR","og_type":"article","og_title":"Plus de 7,2 millions de visites dans les monuments nationaux depuis d\u00e9but 2018","og_description":"Plus de 7,2 millions de visites dans les monuments nationaux depuis d\u00e9but 2018, soit une augmentation de pr\u00e8s de 9,5% par rapport \u00e0 2017.","og_url":"https:\/\/batijournal.com\/index.php\/plus-de-72-millions-de-visites-dans-les-monuments-nationaux-depuis-debut-2018\/100081\/","og_site_name":"Batijournal","article_published_time":"2018-09-12T05:26:33+00:00","article_modified_time":"2019-07-15T09:14:56+00:00","og_image":[{"width":1024,"height":756,"url":"https:\/\/batijournal.com\/wp-content\/uploads\/2017\/09\/arc-de-triomphe.jpg","type":"image\/jpeg"}],"author":"St\u00e9phane Miget","twitter_card":"summary_large_image","twitter_creator":"@bati_journal","twitter_site":"@bati_journal","twitter_misc":{"\u00c9crit par":"St\u00e9phane Miget","Dur\u00e9e de lecture estim\u00e9e":"2 minutes"},"schema":{"@context":"https:\/\/schema.org","@graph":[{"@type":"Article","@id":"https:\/\/batijournal.com\/index.php\/plus-de-72-millions-de-visites-dans-les-monuments-nationaux-depuis-debut-2018\/100081\/#article","isPartOf":{"@id":"https:\/\/batijournal.com\/index.php\/plus-de-72-millions-de-visites-dans-les-monuments-nationaux-depuis-debut-2018\/100081\/"},"author":{"name":"St\u00e9phane Miget","@id":"https:\/\/batijournal.com\/#\/schema\/person\/1dc96ec6957aa1ccb25ebe78bb19f100"},"headline":"Plus de 7,2 millions de visites dans les monuments nationaux depuis d\u00e9but 2018","datePublished":"2018-09-12T05:26:33+00:00","dateModified":"2019-07-15T09:14:56+00:00","mainEntityOfPage":{"@id":"https:\/\/batijournal.com\/index.php\/plus-de-72-millions-de-visites-dans-les-monuments-nationaux-depuis-debut-2018\/100081\/"},"wordCount":438,"image":{"@id":"https:\/\/batijournal.com\/index.php\/plus-de-72-millions-de-visites-dans-les-monuments-nationaux-depuis-debut-2018\/100081\/#primaryimage"},"thumbnailUrl":"https:\/\/batijournal.com\/wp-content\/uploads\/2017\/09\/arc-de-triomphe.jpg","keywords":["cmn","monuments nationaux"],"articleSection":["Actualit\u00e9s","Architecture &amp; Conception","zz_Atrium Patrimoine"],"inLanguage":"fr-FR"},{"@type":"WebPage","@id":"https:\/\/batijournal.com\/index.php\/plus-de-72-millions-de-visites-dans-les-monuments-nationaux-depuis-debut-2018\/100081\/","url":"https:\/\/batijournal.com\/index.php\/plus-de-72-millions-de-visites-dans-les-monuments-nationaux-depuis-debut-2018\/100081\/","name":"Plus de 7,2 millions de visites dans les monuments nationaux depuis d\u00e9but 2018","isPartOf":{"@id":"https:\/\/batijournal.com\/#website"},"primaryImageOfPage":{"@id":"https:\/\/batijournal.com\/index.php\/plus-de-72-millions-de-visites-dans-les-monuments-nationaux-depuis-debut-2018\/100081\/#primaryimage"},"image":{"@id":"https:\/\/batijournal.com\/index.php\/plus-de-72-millions-de-visites-dans-les-monuments-nationaux-depuis-debut-2018\/100081\/#primaryimage"},"thumbnailUrl":"https:\/\/batijournal.com\/wp-content\/uploads\/2017\/09\/arc-de-triomphe.jpg","datePublished":"2018-09-12T05:26:33+00:00","dateModified":"2019-07-15T09:14:56+00:00","author":{"@id":"https:\/\/batijournal.com\/#\/schema\/person\/1dc96ec6957aa1ccb25ebe78bb19f100"},"description":"Plus de 7,2 millions de visites dans les monuments nationaux depuis d\u00e9but 2018, soit une augmentation de pr\u00e8s de 9,5% par rapport \u00e0 2017.","breadcrumb":{"@id":"https:\/\/batijournal.com\/index.php\/plus-de-72-millions-de-visites-dans-les-monuments-nationaux-depuis-debut-2018\/100081\/#breadcrumb"},"inLanguage":"fr-FR","potentialAction":[{"@type":"ReadAction","target":["https:\/\/batijournal.com\/index.php\/plus-de-72-millions-de-visites-dans-les-monuments-nationaux-depuis-debut-2018\/100081\/"]}]},{"@type":"ImageObject","inLanguage":"fr-FR","@id":"https:\/\/batijournal.com\/index.php\/plus-de-72-millions-de-visites-dans-les-monuments-nationaux-depuis-debut-2018\/100081\/#primaryimage","url":"https:\/\/batijournal.com\/wp-content\/uploads\/2017\/09\/arc-de-triomphe.jpg","contentUrl":"https:\/\/batijournal.com\/wp-content\/uploads\/2017\/09\/arc-de-triomphe.jpg","width":1024,"height":756},{"@type":"BreadcrumbList","@id":"https:\/\/batijournal.com\/index.php\/plus-de-72-millions-de-visites-dans-les-monuments-nationaux-depuis-debut-2018\/100081\/#breadcrumb","itemListElement":[{"@type":"ListItem","position":1,"name":"Accueil","item":"https:\/\/batijournal.com\/"},{"@type":"ListItem","position":2,"name":"Actualit\u00e9s","item":"https:\/\/batijournal.com\/index.php\/category\/actualites\/"},{"@type":"ListItem","position":3,"name":"Plus de 7,2 millions de visites dans les monuments nationaux depuis d\u00e9but 2018"}]},{"@type":"WebSite","@id":"https:\/\/batijournal.com\/#website","url":"https:\/\/batijournal.com\/","name":"Batijournal","description":"L&#039;actualit\u00e9 du b\u00e2timent","potentialAction":[{"@type":"SearchAction","target":{"@type":"EntryPoint","urlTemplate":"https:\/\/batijournal.com\/?s={search_term_string}"},"query-input":{"@type":"PropertyValueSpecification","valueRequired":true,"valueName":"search_term_string"}}],"inLanguage":"fr-FR"},{"@type":"Person","@id":"https:\/\/batijournal.com\/#\/schema\/person\/1dc96ec6957aa1ccb25ebe78bb19f100","name":"St\u00e9phane Miget","image":{"@type":"ImageObject","inLanguage":"fr-FR","@id":"https:\/\/secure.gravatar.com\/avatar\/89915563d925342126b8ef0281b93d9d7fc337043e8df017f780908eb9644451?s=96&d=mm&r=g","url":"https:\/\/secure.gravatar.com\/avatar\/89915563d925342126b8ef0281b93d9d7fc337043e8df017f780908eb9644451?s=96&d=mm&r=g","contentUrl":"https:\/\/secure.gravatar.com\/avatar\/89915563d925342126b8ef0281b93d9d7fc337043e8df017f780908eb9644451?s=96&d=mm&r=g","caption":"St\u00e9phane Miget"},"url":"https:\/\/batijournal.com\/index.php\/author\/stephane\/"}]}},"_links":{"self":[{"href":"https:\/\/batijournal.com\/index.php\/wp-json\/wp\/v2\/posts\/100081","targetHints":{"allow":["GET"]}}],"collection":[{"href":"https:\/\/batijournal.com\/index.php\/wp-json\/wp\/v2\/posts"}],"about":[{"href":"https:\/\/batijournal.com\/index.php\/wp-json\/wp\/v2\/types\/post"}],"author":[{"embeddable":true,"href":"https:\/\/batijournal.com\/index.php\/wp-json\/wp\/v2\/users\/17"}],"replies":[{"embeddable":true,"href":"https:\/\/batijournal.com\/index.php\/wp-json\/wp\/v2\/comments?post=100081"}],"version-history":[{"count":0,"href":"https:\/\/batijournal.com\/index.php\/wp-json\/wp\/v2\/posts\/100081\/revisions"}],"wp:featuredmedia":[{"embeddable":true,"href":"https:\/\/batijournal.com\/index.php\/wp-json\/wp\/v2\/media\/96780"}],"wp:attachment":[{"href":"https:\/\/batijournal.com\/index.php\/wp-json\/wp\/v2\/media?parent=100081"}],"wp:term":[{"taxonomy":"category","embeddable":true,"href":"https:\/\/batijournal.com\/index.php\/wp-json\/wp\/v2\/categories?post=100081"},{"taxonomy":"post_tag","embeddable":true,"href":"https:\/\/batijournal.com\/index.php\/wp-json\/wp\/v2\/tags?post=100081"}],"curies":[{"name":"wp","href":"https:\/\/api.w.org\/{rel}","templated":true}]}}