{"id":100082,"date":"2018-09-12T07:44:02","date_gmt":"2018-09-12T05:44:02","guid":{"rendered":"https:\/\/batijournal.com\/?p=100082"},"modified":"2019-07-15T11:14:56","modified_gmt":"2019-07-15T09:14:56","slug":"edifices-en-peril-journees-europeennes-du-patrimoine","status":"publish","type":"post","link":"https:\/\/batijournal.com\/index.php\/edifices-en-peril-journees-europeennes-du-patrimoine\/100082\/","title":{"rendered":"Des \u00e9difices en p\u00e9ril exceptionnellement ouverts pour les Journ\u00e9es europ\u00e9ennes du patrimoine"},"content":{"rendered":"<p>Les Journ\u00e9es europ\u00e9ennes du patrimoine qui se d\u00e9roulent ces 15 et 16 septembre 2018 porteront un \u00e9clairage particulier sur les \u00e9difices d\u00e9sign\u00e9s \u00ab patrimoine en p\u00e9ril \u00bb. Ces derniers, qui pourront b\u00e9n\u00e9ficier des fonds issus du Loto du Patrimoine, ont \u00e9t\u00e9 identifi\u00e9s dans le cadre de la mission confi\u00e9e par le Pr\u00e9sident de la R\u00e9publique \u00e0 St\u00e9phane Bern avec le concours de la Fondation du patrimoine et des services du minist\u00e8re de la Culture. Certains de ces lieux proposeront des ouvertures exceptionnelles ou des visites particuli\u00e8res \u00e0 d\u00e9couvrir sur le site Internet de l\u2019\u00e9v\u00e9nement.<\/p>\n<p><a href=\"http:\/\/journeesdupatrimoine.fr\" target=\"_blank\" rel=\"noopener noreferrer\">journeesdupatrimoine.fr<\/a><\/p>\n<p>&nbsp;<\/p>\n","protected":false},"excerpt":{"rendered":"<p>Les Journ\u00e9es europ\u00e9ennes du patrimoine qui se d\u00e9roulent ces 15 et 16 septembre 2018 porteront un \u00e9clairage particulier sur les \u00e9difices d\u00e9sign\u00e9s \u00ab patrimoine en p\u00e9ril \u00bb. Ces derniers, qui pourront b\u00e9n\u00e9ficier des fonds issus du Loto du Patrimoine, ont \u00e9t\u00e9 identifi\u00e9s dans le cadre de la mission confi\u00e9e par le Pr\u00e9sident de la R\u00e9publique [&hellip;]<\/p>\n","protected":false},"author":17,"featured_media":96536,"comment_status":"closed","ping_status":"closed","sticky":false,"template":"","format":"standard","meta":{"_et_pb_use_builder":"","_et_pb_old_content":"","_et_gb_content_width":"","footnotes":""},"categories":[10530,6340,10785],"tags":[1307,8346],"class_list":["post-100082","post","type-post","status-publish","format-standard","has-post-thumbnail","hentry","category-actualites","category-architecture-conception","category-atrium","tag-journees-du-patrimoine","tag-journees-europeennes-du-patrimoine"],"yoast_head":"<!-- This site is optimized with the Yoast SEO plugin v27.4 - https:\/\/yoast.com\/product\/yoast-seo-wordpress\/ -->\n<title>Journ\u00e9es europ\u00e9ennes du patrimoine : \u00e9clairage du patrimoine en p\u00e9ril<\/title>\n<meta name=\"description\" content=\"Les Journ\u00e9es europ\u00e9ennes du patrimoine qui se d\u00e9roulent ces 15 et 16 septembre porteront un \u00e9clairage particulier sur le patrimoine en p\u00e9ril\" \/>\n<meta name=\"robots\" content=\"index, follow, max-snippet:-1, max-image-preview:large, max-video-preview:-1\" \/>\n<link rel=\"canonical\" href=\"https:\/\/batijournal.com\/index.php\/edifices-en-peril-journees-europeennes-du-patrimoine\/100082\/\" \/>\n<meta property=\"og:locale\" content=\"fr_FR\" \/>\n<meta property=\"og:type\" content=\"article\" \/>\n<meta property=\"og:title\" content=\"Journ\u00e9es europ\u00e9ennes du patrimoine : \u00e9clairage du patrimoine en p\u00e9ril\" \/>\n<meta property=\"og:description\" content=\"Les Journ\u00e9es europ\u00e9ennes du patrimoine qui se d\u00e9roulent ces 15 et 16 septembre porteront un \u00e9clairage particulier sur le patrimoine en p\u00e9ril\" \/>\n<meta property=\"og:url\" content=\"https:\/\/batijournal.com\/index.php\/edifices-en-peril-journees-europeennes-du-patrimoine\/100082\/\" \/>\n<meta property=\"og:site_name\" content=\"Batijournal\" \/>\n<meta property=\"article:published_time\" content=\"2018-09-12T05:44:02+00:00\" \/>\n<meta property=\"article:modified_time\" content=\"2019-07-15T09:14:56+00:00\" \/>\n<meta property=\"og:image\" content=\"https:\/\/batijournal.com\/wp-content\/uploads\/2017\/07\/patrimoine-religieux-en-danger.jpg\" \/>\n\t<meta property=\"og:image:width\" content=\"1200\" \/>\n\t<meta property=\"og:image:height\" content=\"780\" \/>\n\t<meta property=\"og:image:type\" content=\"image\/jpeg\" \/>\n<meta name=\"author\" content=\"St\u00e9phane Miget\" \/>\n<meta name=\"twitter:card\" content=\"summary_large_image\" \/>\n<meta name=\"twitter:creator\" content=\"@bati_journal\" \/>\n<meta name=\"twitter:site\" content=\"@bati_journal\" \/>\n<meta name=\"twitter:label1\" content=\"\u00c9crit par\" \/>\n\t<meta name=\"twitter:data1\" content=\"St\u00e9phane Miget\" \/>\n\t<meta name=\"twitter:label2\" content=\"Dur\u00e9e de lecture estim\u00e9e\" \/>\n\t<meta name=\"twitter:data2\" content=\"1 minute\" \/>\n<script type=\"application\/ld+json\" class=\"yoast-schema-graph\">{\"@context\":\"https:\\\/\\\/schema.org\",\"@graph\":[{\"@type\":\"Article\",\"@id\":\"https:\\\/\\\/batijournal.com\\\/index.php\\\/edifices-en-peril-journees-europeennes-du-patrimoine\\\/100082\\\/#article\",\"isPartOf\":{\"@id\":\"https:\\\/\\\/batijournal.com\\\/index.php\\\/edifices-en-peril-journees-europeennes-du-patrimoine\\\/100082\\\/\"},\"author\":{\"name\":\"St\u00e9phane Miget\",\"@id\":\"https:\\\/\\\/batijournal.com\\\/#\\\/schema\\\/person\\\/1dc96ec6957aa1ccb25ebe78bb19f100\"},\"headline\":\"Des \u00e9difices en p\u00e9ril exceptionnellement ouverts pour les Journ\u00e9es europ\u00e9ennes du patrimoine\",\"datePublished\":\"2018-09-12T05:44:02+00:00\",\"dateModified\":\"2019-07-15T09:14:56+00:00\",\"mainEntityOfPage\":{\"@id\":\"https:\\\/\\\/batijournal.com\\\/index.php\\\/edifices-en-peril-journees-europeennes-du-patrimoine\\\/100082\\\/\"},\"wordCount\":123,\"image\":{\"@id\":\"https:\\\/\\\/batijournal.com\\\/index.php\\\/edifices-en-peril-journees-europeennes-du-patrimoine\\\/100082\\\/#primaryimage\"},\"thumbnailUrl\":\"https:\\\/\\\/batijournal.com\\\/wp-content\\\/uploads\\\/2017\\\/07\\\/patrimoine-religieux-en-danger.jpg\",\"keywords\":[\"journ\u00e9es du patrimoine\",\"journees europeennes du patrimoine\"],\"articleSection\":[\"Actualit\u00e9s\",\"Architecture &amp; Conception\",\"zz_Atrium Patrimoine\"],\"inLanguage\":\"fr-FR\"},{\"@type\":\"WebPage\",\"@id\":\"https:\\\/\\\/batijournal.com\\\/index.php\\\/edifices-en-peril-journees-europeennes-du-patrimoine\\\/100082\\\/\",\"url\":\"https:\\\/\\\/batijournal.com\\\/index.php\\\/edifices-en-peril-journees-europeennes-du-patrimoine\\\/100082\\\/\",\"name\":\"Journ\u00e9es europ\u00e9ennes du patrimoine : \u00e9clairage du patrimoine en p\u00e9ril\",\"isPartOf\":{\"@id\":\"https:\\\/\\\/batijournal.com\\\/#website\"},\"primaryImageOfPage\":{\"@id\":\"https:\\\/\\\/batijournal.com\\\/index.php\\\/edifices-en-peril-journees-europeennes-du-patrimoine\\\/100082\\\/#primaryimage\"},\"image\":{\"@id\":\"https:\\\/\\\/batijournal.com\\\/index.php\\\/edifices-en-peril-journees-europeennes-du-patrimoine\\\/100082\\\/#primaryimage\"},\"thumbnailUrl\":\"https:\\\/\\\/batijournal.com\\\/wp-content\\\/uploads\\\/2017\\\/07\\\/patrimoine-religieux-en-danger.jpg\",\"datePublished\":\"2018-09-12T05:44:02+00:00\",\"dateModified\":\"2019-07-15T09:14:56+00:00\",\"author\":{\"@id\":\"https:\\\/\\\/batijournal.com\\\/#\\\/schema\\\/person\\\/1dc96ec6957aa1ccb25ebe78bb19f100\"},\"description\":\"Les Journ\u00e9es europ\u00e9ennes du patrimoine qui se d\u00e9roulent ces 15 et 16 septembre porteront un \u00e9clairage particulier sur le patrimoine en p\u00e9ril\",\"breadcrumb\":{\"@id\":\"https:\\\/\\\/batijournal.com\\\/index.php\\\/edifices-en-peril-journees-europeennes-du-patrimoine\\\/100082\\\/#breadcrumb\"},\"inLanguage\":\"fr-FR\",\"potentialAction\":[{\"@type\":\"ReadAction\",\"target\":[\"https:\\\/\\\/batijournal.com\\\/index.php\\\/edifices-en-peril-journees-europeennes-du-patrimoine\\\/100082\\\/\"]}]},{\"@type\":\"ImageObject\",\"inLanguage\":\"fr-FR\",\"@id\":\"https:\\\/\\\/batijournal.com\\\/index.php\\\/edifices-en-peril-journees-europeennes-du-patrimoine\\\/100082\\\/#primaryimage\",\"url\":\"https:\\\/\\\/batijournal.com\\\/wp-content\\\/uploads\\\/2017\\\/07\\\/patrimoine-religieux-en-danger.jpg\",\"contentUrl\":\"https:\\\/\\\/batijournal.com\\\/wp-content\\\/uploads\\\/2017\\\/07\\\/patrimoine-religieux-en-danger.jpg\",\"width\":1200,\"height\":780,\"caption\":\"Patrimoine en p\u00e9ril\"},{\"@type\":\"BreadcrumbList\",\"@id\":\"https:\\\/\\\/batijournal.com\\\/index.php\\\/edifices-en-peril-journees-europeennes-du-patrimoine\\\/100082\\\/#breadcrumb\",\"itemListElement\":[{\"@type\":\"ListItem\",\"position\":1,\"name\":\"Accueil\",\"item\":\"https:\\\/\\\/batijournal.com\\\/\"},{\"@type\":\"ListItem\",\"position\":2,\"name\":\"Actualit\u00e9s\",\"item\":\"https:\\\/\\\/batijournal.com\\\/index.php\\\/category\\\/actualites\\\/\"},{\"@type\":\"ListItem\",\"position\":3,\"name\":\"Des \u00e9difices en p\u00e9ril exceptionnellement ouverts pour les Journ\u00e9es europ\u00e9ennes du patrimoine\"}]},{\"@type\":\"WebSite\",\"@id\":\"https:\\\/\\\/batijournal.com\\\/#website\",\"url\":\"https:\\\/\\\/batijournal.com\\\/\",\"name\":\"Batijournal\",\"description\":\"L&#039;actualit\u00e9 du b\u00e2timent\",\"potentialAction\":[{\"@type\":\"SearchAction\",\"target\":{\"@type\":\"EntryPoint\",\"urlTemplate\":\"https:\\\/\\\/batijournal.com\\\/?s={search_term_string}\"},\"query-input\":{\"@type\":\"PropertyValueSpecification\",\"valueRequired\":true,\"valueName\":\"search_term_string\"}}],\"inLanguage\":\"fr-FR\"},{\"@type\":\"Person\",\"@id\":\"https:\\\/\\\/batijournal.com\\\/#\\\/schema\\\/person\\\/1dc96ec6957aa1ccb25ebe78bb19f100\",\"name\":\"St\u00e9phane Miget\",\"image\":{\"@type\":\"ImageObject\",\"inLanguage\":\"fr-FR\",\"@id\":\"https:\\\/\\\/secure.gravatar.com\\\/avatar\\\/89915563d925342126b8ef0281b93d9d7fc337043e8df017f780908eb9644451?s=96&d=mm&r=g\",\"url\":\"https:\\\/\\\/secure.gravatar.com\\\/avatar\\\/89915563d925342126b8ef0281b93d9d7fc337043e8df017f780908eb9644451?s=96&d=mm&r=g\",\"contentUrl\":\"https:\\\/\\\/secure.gravatar.com\\\/avatar\\\/89915563d925342126b8ef0281b93d9d7fc337043e8df017f780908eb9644451?s=96&d=mm&r=g\",\"caption\":\"St\u00e9phane Miget\"},\"url\":\"https:\\\/\\\/batijournal.com\\\/index.php\\\/author\\\/stephane\\\/\"}]}<\/script>\n<!-- \/ Yoast SEO plugin. -->","yoast_head_json":{"title":"Journ\u00e9es europ\u00e9ennes du patrimoine : \u00e9clairage du patrimoine en p\u00e9ril","description":"Les Journ\u00e9es europ\u00e9ennes du patrimoine qui se d\u00e9roulent ces 15 et 16 septembre porteront un \u00e9clairage particulier sur le patrimoine en p\u00e9ril","robots":{"index":"index","follow":"follow","max-snippet":"max-snippet:-1","max-image-preview":"max-image-preview:large","max-video-preview":"max-video-preview:-1"},"canonical":"https:\/\/batijournal.com\/index.php\/edifices-en-peril-journees-europeennes-du-patrimoine\/100082\/","og_locale":"fr_FR","og_type":"article","og_title":"Journ\u00e9es europ\u00e9ennes du patrimoine : \u00e9clairage du patrimoine en p\u00e9ril","og_description":"Les Journ\u00e9es europ\u00e9ennes du patrimoine qui se d\u00e9roulent ces 15 et 16 septembre porteront un \u00e9clairage particulier sur le patrimoine en p\u00e9ril","og_url":"https:\/\/batijournal.com\/index.php\/edifices-en-peril-journees-europeennes-du-patrimoine\/100082\/","og_site_name":"Batijournal","article_published_time":"2018-09-12T05:44:02+00:00","article_modified_time":"2019-07-15T09:14:56+00:00","og_image":[{"width":1200,"height":780,"url":"https:\/\/batijournal.com\/wp-content\/uploads\/2017\/07\/patrimoine-religieux-en-danger.jpg","type":"image\/jpeg"}],"author":"St\u00e9phane Miget","twitter_card":"summary_large_image","twitter_creator":"@bati_journal","twitter_site":"@bati_journal","twitter_misc":{"\u00c9crit par":"St\u00e9phane Miget","Dur\u00e9e de lecture estim\u00e9e":"1 minute"},"schema":{"@context":"https:\/\/schema.org","@graph":[{"@type":"Article","@id":"https:\/\/batijournal.com\/index.php\/edifices-en-peril-journees-europeennes-du-patrimoine\/100082\/#article","isPartOf":{"@id":"https:\/\/batijournal.com\/index.php\/edifices-en-peril-journees-europeennes-du-patrimoine\/100082\/"},"author":{"name":"St\u00e9phane Miget","@id":"https:\/\/batijournal.com\/#\/schema\/person\/1dc96ec6957aa1ccb25ebe78bb19f100"},"headline":"Des \u00e9difices en p\u00e9ril exceptionnellement ouverts pour les Journ\u00e9es europ\u00e9ennes du patrimoine","datePublished":"2018-09-12T05:44:02+00:00","dateModified":"2019-07-15T09:14:56+00:00","mainEntityOfPage":{"@id":"https:\/\/batijournal.com\/index.php\/edifices-en-peril-journees-europeennes-du-patrimoine\/100082\/"},"wordCount":123,"image":{"@id":"https:\/\/batijournal.com\/index.php\/edifices-en-peril-journees-europeennes-du-patrimoine\/100082\/#primaryimage"},"thumbnailUrl":"https:\/\/batijournal.com\/wp-content\/uploads\/2017\/07\/patrimoine-religieux-en-danger.jpg","keywords":["journ\u00e9es du patrimoine","journees europeennes du patrimoine"],"articleSection":["Actualit\u00e9s","Architecture &amp; Conception","zz_Atrium Patrimoine"],"inLanguage":"fr-FR"},{"@type":"WebPage","@id":"https:\/\/batijournal.com\/index.php\/edifices-en-peril-journees-europeennes-du-patrimoine\/100082\/","url":"https:\/\/batijournal.com\/index.php\/edifices-en-peril-journees-europeennes-du-patrimoine\/100082\/","name":"Journ\u00e9es europ\u00e9ennes du patrimoine : \u00e9clairage du patrimoine en p\u00e9ril","isPartOf":{"@id":"https:\/\/batijournal.com\/#website"},"primaryImageOfPage":{"@id":"https:\/\/batijournal.com\/index.php\/edifices-en-peril-journees-europeennes-du-patrimoine\/100082\/#primaryimage"},"image":{"@id":"https:\/\/batijournal.com\/index.php\/edifices-en-peril-journees-europeennes-du-patrimoine\/100082\/#primaryimage"},"thumbnailUrl":"https:\/\/batijournal.com\/wp-content\/uploads\/2017\/07\/patrimoine-religieux-en-danger.jpg","datePublished":"2018-09-12T05:44:02+00:00","dateModified":"2019-07-15T09:14:56+00:00","author":{"@id":"https:\/\/batijournal.com\/#\/schema\/person\/1dc96ec6957aa1ccb25ebe78bb19f100"},"description":"Les Journ\u00e9es europ\u00e9ennes du patrimoine qui se d\u00e9roulent ces 15 et 16 septembre porteront un \u00e9clairage particulier sur le patrimoine en p\u00e9ril","breadcrumb":{"@id":"https:\/\/batijournal.com\/index.php\/edifices-en-peril-journees-europeennes-du-patrimoine\/100082\/#breadcrumb"},"inLanguage":"fr-FR","potentialAction":[{"@type":"ReadAction","target":["https:\/\/batijournal.com\/index.php\/edifices-en-peril-journees-europeennes-du-patrimoine\/100082\/"]}]},{"@type":"ImageObject","inLanguage":"fr-FR","@id":"https:\/\/batijournal.com\/index.php\/edifices-en-peril-journees-europeennes-du-patrimoine\/100082\/#primaryimage","url":"https:\/\/batijournal.com\/wp-content\/uploads\/2017\/07\/patrimoine-religieux-en-danger.jpg","contentUrl":"https:\/\/batijournal.com\/wp-content\/uploads\/2017\/07\/patrimoine-religieux-en-danger.jpg","width":1200,"height":780,"caption":"Patrimoine en p\u00e9ril"},{"@type":"BreadcrumbList","@id":"https:\/\/batijournal.com\/index.php\/edifices-en-peril-journees-europeennes-du-patrimoine\/100082\/#breadcrumb","itemListElement":[{"@type":"ListItem","position":1,"name":"Accueil","item":"https:\/\/batijournal.com\/"},{"@type":"ListItem","position":2,"name":"Actualit\u00e9s","item":"https:\/\/batijournal.com\/index.php\/category\/actualites\/"},{"@type":"ListItem","position":3,"name":"Des \u00e9difices en p\u00e9ril exceptionnellement ouverts pour les Journ\u00e9es europ\u00e9ennes du patrimoine"}]},{"@type":"WebSite","@id":"https:\/\/batijournal.com\/#website","url":"https:\/\/batijournal.com\/","name":"Batijournal","description":"L&#039;actualit\u00e9 du b\u00e2timent","potentialAction":[{"@type":"SearchAction","target":{"@type":"EntryPoint","urlTemplate":"https:\/\/batijournal.com\/?s={search_term_string}"},"query-input":{"@type":"PropertyValueSpecification","valueRequired":true,"valueName":"search_term_string"}}],"inLanguage":"fr-FR"},{"@type":"Person","@id":"https:\/\/batijournal.com\/#\/schema\/person\/1dc96ec6957aa1ccb25ebe78bb19f100","name":"St\u00e9phane Miget","image":{"@type":"ImageObject","inLanguage":"fr-FR","@id":"https:\/\/secure.gravatar.com\/avatar\/89915563d925342126b8ef0281b93d9d7fc337043e8df017f780908eb9644451?s=96&d=mm&r=g","url":"https:\/\/secure.gravatar.com\/avatar\/89915563d925342126b8ef0281b93d9d7fc337043e8df017f780908eb9644451?s=96&d=mm&r=g","contentUrl":"https:\/\/secure.gravatar.com\/avatar\/89915563d925342126b8ef0281b93d9d7fc337043e8df017f780908eb9644451?s=96&d=mm&r=g","caption":"St\u00e9phane Miget"},"url":"https:\/\/batijournal.com\/index.php\/author\/stephane\/"}]}},"_links":{"self":[{"href":"https:\/\/batijournal.com\/index.php\/wp-json\/wp\/v2\/posts\/100082","targetHints":{"allow":["GET"]}}],"collection":[{"href":"https:\/\/batijournal.com\/index.php\/wp-json\/wp\/v2\/posts"}],"about":[{"href":"https:\/\/batijournal.com\/index.php\/wp-json\/wp\/v2\/types\/post"}],"author":[{"embeddable":true,"href":"https:\/\/batijournal.com\/index.php\/wp-json\/wp\/v2\/users\/17"}],"replies":[{"embeddable":true,"href":"https:\/\/batijournal.com\/index.php\/wp-json\/wp\/v2\/comments?post=100082"}],"version-history":[{"count":0,"href":"https:\/\/batijournal.com\/index.php\/wp-json\/wp\/v2\/posts\/100082\/revisions"}],"wp:featuredmedia":[{"embeddable":true,"href":"https:\/\/batijournal.com\/index.php\/wp-json\/wp\/v2\/media\/96536"}],"wp:attachment":[{"href":"https:\/\/batijournal.com\/index.php\/wp-json\/wp\/v2\/media?parent=100082"}],"wp:term":[{"taxonomy":"category","embeddable":true,"href":"https:\/\/batijournal.com\/index.php\/wp-json\/wp\/v2\/categories?post=100082"},{"taxonomy":"post_tag","embeddable":true,"href":"https:\/\/batijournal.com\/index.php\/wp-json\/wp\/v2\/tags?post=100082"}],"curies":[{"name":"wp","href":"https:\/\/api.w.org\/{rel}","templated":true}]}}