{"id":100118,"date":"2018-09-17T08:08:16","date_gmt":"2018-09-17T06:08:16","guid":{"rendered":"https:\/\/batijournal.com\/?p=100118"},"modified":"2019-07-15T12:03:43","modified_gmt":"2019-07-15T10:03:43","slug":"maintien-dun-cite-degrade","status":"publish","type":"post","link":"https:\/\/batijournal.com\/index.php\/maintien-dun-cite-degrade\/100118\/","title":{"rendered":"Maintien d\u2019un \u00ab CITE d\u00e9grad\u00e9\u00a0\u00bb"},"content":{"rendered":"<p>Fran\u00e7ois de Rugy, le\u00a0ministre de la Transition \u00e9cologique et solidaire, a annonc\u00e9 le\u00a0report de la transformation en prime du Cr\u00e9dit Imp\u00f4t Transition Energ\u00e9tique et le maintien d\u2019un \u00ab CITE d\u00e9grad\u00e9\u00a0\u00bb. Pour les organismes professionnels du b\u00e2timent, cela revient \u00e0 ent\u00e9riner l\u2019exclusion sans d\u00e9bats des fen\u00eatres et chaudi\u00e8res \u00e0 fioul. \u00a0Il faut rappeler qu&rsquo;\u00e0 la mi-2017, le gouvernement avait annonc\u00e9 que la suppression totale de l\u2019\u00e9ligibilit\u00e9 au CITE des fen\u00eatres et autres ouvrants, ainsi que des chaudi\u00e8res performantes au fioul, devait \u00eatre transitoire. Il annon\u00e7ait la publication d\u2019une \u00e9tude sur l\u2019efficacit\u00e9 compar\u00e9e des diff\u00e9rents gestes de r\u00e9novation \u00e9nerg\u00e9tique et l\u2019ouverture d\u2019un d\u00e9bat avec les professionnels sur cette base, en vue de la d\u00e9finition de la prime qui devait remplacer le CITE en juin 2019.\u00a0L\u2019\u00e9tude n\u2019a jamais \u00e9t\u00e9 communiqu\u00e9e et aucun dialogue n\u2019a \u00e9t\u00e9 engag\u00e9 malgr\u00e9 les propositions de la profession, en particulier l\u2019\u00e9tude du P\u00f4le fen\u00eatres de la FFB.<span class=\"Apple-converted-space\">\u00a0<\/span><\/p>\n<p>Jacques Chanut, le pr\u00e9sident de la FFB a d\u00e9clar\u00e9 : \u00ab <i>Cette solution est inacceptable\u00a0: sur un sujet aussi lourd, les seules pr\u00e9occupations budg\u00e9taires l\u2019emportent, sans d\u00e9bat. Une fois de plus, il y a un renoncement sur ce sujet. Nous ne pouvons laisser installer l\u2019id\u00e9e que le changement des fen\u00eatres, tout particuli\u00e8rement \u00e0 simple vitrage, correspond \u00e0 une coquetterie sans impact \u00e9nerg\u00e9tique. La FFB demande le retour au CITE tel qu\u2019il existait fin 2017 et la publication au plus vite du rapport CSTB\/ADEME sur le sujet<\/i>. \u00bb<\/p>\n<p>Patrick Li\u00e9bus, le pr\u00e9sident de la Capeb s\u2019inqui\u00e8te\u00a0: \u00ab\u00a0<em>Malgr\u00e9 les incitations fiscales existantes et le travail de conseil des artisans aupr\u00e8s des particuliers, concr\u00e9tiser les chantiers d\u2019am\u00e9lioration \u00e9nerg\u00e9tique est souvent long et difficile.<\/em> <em>Si les aides diminuent, les m\u00e9nages ne pourront pas suivre<\/em>. <em>Quant aux entreprises elles devraient alors faire face \u00e0 un ralentissement de l\u2019activit\u00e9. Nous serons vigilants \u00e0 ce que le projet loi de finances 2019 aille dans le sens de la \u00ab\u00a0mobilisation g\u00e9n\u00e9rale\u00a0\u00bb promue par Monsieur de Rugy ce lundi\u00a0\u00bb. \u00a0<\/em><\/p>\n","protected":false},"excerpt":{"rendered":"<p>Fran\u00e7ois de Rugy, le\u00a0ministre de la Transition \u00e9cologique et solidaire, a annonc\u00e9 le\u00a0report de la transformation en prime du Cr\u00e9dit Imp\u00f4t Transition Energ\u00e9tique et le maintien d\u2019un \u00ab CITE d\u00e9grad\u00e9\u00a0\u00bb. Pour les organismes professionnels du b\u00e2timent, cela revient \u00e0 ent\u00e9riner l\u2019exclusion sans d\u00e9bats des fen\u00eatres et chaudi\u00e8res \u00e0 fioul. \u00a0Il faut rappeler qu&rsquo;\u00e0 la mi-2017, [&hellip;]<\/p>\n","protected":false},"author":17,"featured_media":100038,"comment_status":"closed","ping_status":"closed","sticky":false,"template":"","format":"standard","meta":{"_et_pb_use_builder":"","_et_pb_old_content":"","_et_gb_content_width":"","footnotes":""},"categories":[10736,10530,6345,10778],"tags":[647,428,373],"class_list":["post-100118","post","type-post","status-publish","format-standard","has-post-thumbnail","hentry","category-a-la-une","category-actualites","category-economie-marches","category-planete","tag-capeb","tag-credit-dimpot","tag-ffb"],"yoast_head":"<!-- This site is optimized with the Yoast SEO plugin v27.4 - https:\/\/yoast.com\/product\/yoast-seo-wordpress\/ -->\n<title>Maintien d\u2019un \u00ab CITE d\u00e9grad\u00e9\u00a0\u00bb<\/title>\n<meta name=\"description\" content=\"Fran\u00e7ois de Rugy, le\u00a0ministre de la Transition \u00e9cologique et solidaire, a annonc\u00e9 le\u00a0report de la transformation en prime du Cr\u00e9dit Imp\u00f4t Transition Energ\u00e9tique et le maintien d\u2019un \u00ab CITE d\u00e9grad\u00e9\u00a0\u00bb.\" \/>\n<meta name=\"robots\" content=\"index, follow, max-snippet:-1, max-image-preview:large, max-video-preview:-1\" \/>\n<link rel=\"canonical\" href=\"https:\/\/batijournal.com\/index.php\/maintien-dun-cite-degrade\/100118\/\" \/>\n<meta property=\"og:locale\" content=\"fr_FR\" \/>\n<meta property=\"og:type\" content=\"article\" \/>\n<meta property=\"og:title\" content=\"Maintien d\u2019un \u00ab CITE d\u00e9grad\u00e9\u00a0\u00bb\" \/>\n<meta property=\"og:description\" content=\"Fran\u00e7ois de Rugy, le\u00a0ministre de la Transition \u00e9cologique et solidaire, a annonc\u00e9 le\u00a0report de la transformation en prime du Cr\u00e9dit Imp\u00f4t Transition Energ\u00e9tique et le maintien d\u2019un \u00ab CITE d\u00e9grad\u00e9\u00a0\u00bb.\" \/>\n<meta property=\"og:url\" content=\"https:\/\/batijournal.com\/index.php\/maintien-dun-cite-degrade\/100118\/\" \/>\n<meta property=\"og:site_name\" content=\"Batijournal\" \/>\n<meta property=\"article:published_time\" content=\"2018-09-17T06:08:16+00:00\" \/>\n<meta property=\"article:modified_time\" content=\"2019-07-15T10:03:43+00:00\" \/>\n<meta property=\"og:image\" content=\"https:\/\/batijournal.com\/wp-content\/uploads\/2018\/09\/vergers-de-marly-le-roi-fenetres.png\" \/>\n\t<meta property=\"og:image:width\" content=\"449\" \/>\n\t<meta property=\"og:image:height\" content=\"236\" \/>\n\t<meta property=\"og:image:type\" content=\"image\/png\" \/>\n<meta name=\"author\" content=\"St\u00e9phane Miget\" \/>\n<meta name=\"twitter:card\" content=\"summary_large_image\" \/>\n<meta name=\"twitter:creator\" content=\"@bati_journal\" \/>\n<meta name=\"twitter:site\" content=\"@bati_journal\" \/>\n<meta name=\"twitter:label1\" content=\"\u00c9crit par\" \/>\n\t<meta name=\"twitter:data1\" content=\"St\u00e9phane Miget\" \/>\n\t<meta name=\"twitter:label2\" content=\"Dur\u00e9e de lecture estim\u00e9e\" \/>\n\t<meta name=\"twitter:data2\" content=\"2 minutes\" \/>\n<script type=\"application\/ld+json\" class=\"yoast-schema-graph\">{\"@context\":\"https:\\\/\\\/schema.org\",\"@graph\":[{\"@type\":\"Article\",\"@id\":\"https:\\\/\\\/batijournal.com\\\/index.php\\\/maintien-dun-cite-degrade\\\/100118\\\/#article\",\"isPartOf\":{\"@id\":\"https:\\\/\\\/batijournal.com\\\/index.php\\\/maintien-dun-cite-degrade\\\/100118\\\/\"},\"author\":{\"name\":\"St\u00e9phane Miget\",\"@id\":\"https:\\\/\\\/batijournal.com\\\/#\\\/schema\\\/person\\\/1dc96ec6957aa1ccb25ebe78bb19f100\"},\"headline\":\"Maintien d\u2019un \u00ab CITE d\u00e9grad\u00e9\u00a0\u00bb\",\"datePublished\":\"2018-09-17T06:08:16+00:00\",\"dateModified\":\"2019-07-15T10:03:43+00:00\",\"mainEntityOfPage\":{\"@id\":\"https:\\\/\\\/batijournal.com\\\/index.php\\\/maintien-dun-cite-degrade\\\/100118\\\/\"},\"wordCount\":373,\"image\":{\"@id\":\"https:\\\/\\\/batijournal.com\\\/index.php\\\/maintien-dun-cite-degrade\\\/100118\\\/#primaryimage\"},\"thumbnailUrl\":\"https:\\\/\\\/batijournal.com\\\/wp-content\\\/uploads\\\/2018\\\/09\\\/vergers-de-marly-le-roi-fenetres.png\",\"keywords\":[\"CAPEB\",\"cr\u00e9dit d'imp\u00f4t\",\"ffb\"],\"articleSection\":[\"A la Une\",\"Actualit\u00e9s\",\"\u00c9conomie &amp; March\u00e9s\",\"zz_Plan\u00e8te B\u00e2timent\"],\"inLanguage\":\"fr-FR\"},{\"@type\":\"WebPage\",\"@id\":\"https:\\\/\\\/batijournal.com\\\/index.php\\\/maintien-dun-cite-degrade\\\/100118\\\/\",\"url\":\"https:\\\/\\\/batijournal.com\\\/index.php\\\/maintien-dun-cite-degrade\\\/100118\\\/\",\"name\":\"Maintien d\u2019un \u00ab CITE d\u00e9grad\u00e9\u00a0\u00bb\",\"isPartOf\":{\"@id\":\"https:\\\/\\\/batijournal.com\\\/#website\"},\"primaryImageOfPage\":{\"@id\":\"https:\\\/\\\/batijournal.com\\\/index.php\\\/maintien-dun-cite-degrade\\\/100118\\\/#primaryimage\"},\"image\":{\"@id\":\"https:\\\/\\\/batijournal.com\\\/index.php\\\/maintien-dun-cite-degrade\\\/100118\\\/#primaryimage\"},\"thumbnailUrl\":\"https:\\\/\\\/batijournal.com\\\/wp-content\\\/uploads\\\/2018\\\/09\\\/vergers-de-marly-le-roi-fenetres.png\",\"datePublished\":\"2018-09-17T06:08:16+00:00\",\"dateModified\":\"2019-07-15T10:03:43+00:00\",\"author\":{\"@id\":\"https:\\\/\\\/batijournal.com\\\/#\\\/schema\\\/person\\\/1dc96ec6957aa1ccb25ebe78bb19f100\"},\"description\":\"Fran\u00e7ois de Rugy, le\u00a0ministre de la Transition \u00e9cologique et solidaire, a annonc\u00e9 le\u00a0report de la transformation en prime du Cr\u00e9dit Imp\u00f4t Transition Energ\u00e9tique et le maintien d\u2019un \u00ab CITE d\u00e9grad\u00e9\u00a0\u00bb.\",\"breadcrumb\":{\"@id\":\"https:\\\/\\\/batijournal.com\\\/index.php\\\/maintien-dun-cite-degrade\\\/100118\\\/#breadcrumb\"},\"inLanguage\":\"fr-FR\",\"potentialAction\":[{\"@type\":\"ReadAction\",\"target\":[\"https:\\\/\\\/batijournal.com\\\/index.php\\\/maintien-dun-cite-degrade\\\/100118\\\/\"]}]},{\"@type\":\"ImageObject\",\"inLanguage\":\"fr-FR\",\"@id\":\"https:\\\/\\\/batijournal.com\\\/index.php\\\/maintien-dun-cite-degrade\\\/100118\\\/#primaryimage\",\"url\":\"https:\\\/\\\/batijournal.com\\\/wp-content\\\/uploads\\\/2018\\\/09\\\/vergers-de-marly-le-roi-fenetres.png\",\"contentUrl\":\"https:\\\/\\\/batijournal.com\\\/wp-content\\\/uploads\\\/2018\\\/09\\\/vergers-de-marly-le-roi-fenetres.png\",\"width\":449,\"height\":236,\"caption\":\"vergers de marly le roi fenetres\"},{\"@type\":\"BreadcrumbList\",\"@id\":\"https:\\\/\\\/batijournal.com\\\/index.php\\\/maintien-dun-cite-degrade\\\/100118\\\/#breadcrumb\",\"itemListElement\":[{\"@type\":\"ListItem\",\"position\":1,\"name\":\"Accueil\",\"item\":\"https:\\\/\\\/batijournal.com\\\/\"},{\"@type\":\"ListItem\",\"position\":2,\"name\":\"A la Une\",\"item\":\"https:\\\/\\\/batijournal.com\\\/index.php\\\/category\\\/a-la-une\\\/\"},{\"@type\":\"ListItem\",\"position\":3,\"name\":\"Maintien d\u2019un \u00ab CITE d\u00e9grad\u00e9\u00a0\u00bb\"}]},{\"@type\":\"WebSite\",\"@id\":\"https:\\\/\\\/batijournal.com\\\/#website\",\"url\":\"https:\\\/\\\/batijournal.com\\\/\",\"name\":\"Batijournal\",\"description\":\"L&#039;actualit\u00e9 du b\u00e2timent\",\"potentialAction\":[{\"@type\":\"SearchAction\",\"target\":{\"@type\":\"EntryPoint\",\"urlTemplate\":\"https:\\\/\\\/batijournal.com\\\/?s={search_term_string}\"},\"query-input\":{\"@type\":\"PropertyValueSpecification\",\"valueRequired\":true,\"valueName\":\"search_term_string\"}}],\"inLanguage\":\"fr-FR\"},{\"@type\":\"Person\",\"@id\":\"https:\\\/\\\/batijournal.com\\\/#\\\/schema\\\/person\\\/1dc96ec6957aa1ccb25ebe78bb19f100\",\"name\":\"St\u00e9phane Miget\",\"image\":{\"@type\":\"ImageObject\",\"inLanguage\":\"fr-FR\",\"@id\":\"https:\\\/\\\/secure.gravatar.com\\\/avatar\\\/89915563d925342126b8ef0281b93d9d7fc337043e8df017f780908eb9644451?s=96&d=mm&r=g\",\"url\":\"https:\\\/\\\/secure.gravatar.com\\\/avatar\\\/89915563d925342126b8ef0281b93d9d7fc337043e8df017f780908eb9644451?s=96&d=mm&r=g\",\"contentUrl\":\"https:\\\/\\\/secure.gravatar.com\\\/avatar\\\/89915563d925342126b8ef0281b93d9d7fc337043e8df017f780908eb9644451?s=96&d=mm&r=g\",\"caption\":\"St\u00e9phane Miget\"},\"url\":\"https:\\\/\\\/batijournal.com\\\/index.php\\\/author\\\/stephane\\\/\"}]}<\/script>\n<!-- \/ Yoast SEO plugin. -->","yoast_head_json":{"title":"Maintien d\u2019un \u00ab CITE d\u00e9grad\u00e9\u00a0\u00bb","description":"Fran\u00e7ois de Rugy, le\u00a0ministre de la Transition \u00e9cologique et solidaire, a annonc\u00e9 le\u00a0report de la transformation en prime du Cr\u00e9dit Imp\u00f4t Transition Energ\u00e9tique et le maintien d\u2019un \u00ab CITE d\u00e9grad\u00e9\u00a0\u00bb.","robots":{"index":"index","follow":"follow","max-snippet":"max-snippet:-1","max-image-preview":"max-image-preview:large","max-video-preview":"max-video-preview:-1"},"canonical":"https:\/\/batijournal.com\/index.php\/maintien-dun-cite-degrade\/100118\/","og_locale":"fr_FR","og_type":"article","og_title":"Maintien d\u2019un \u00ab CITE d\u00e9grad\u00e9\u00a0\u00bb","og_description":"Fran\u00e7ois de Rugy, le\u00a0ministre de la Transition \u00e9cologique et solidaire, a annonc\u00e9 le\u00a0report de la transformation en prime du Cr\u00e9dit Imp\u00f4t Transition Energ\u00e9tique et le maintien d\u2019un \u00ab CITE d\u00e9grad\u00e9\u00a0\u00bb.","og_url":"https:\/\/batijournal.com\/index.php\/maintien-dun-cite-degrade\/100118\/","og_site_name":"Batijournal","article_published_time":"2018-09-17T06:08:16+00:00","article_modified_time":"2019-07-15T10:03:43+00:00","og_image":[{"width":449,"height":236,"url":"https:\/\/batijournal.com\/wp-content\/uploads\/2018\/09\/vergers-de-marly-le-roi-fenetres.png","type":"image\/png"}],"author":"St\u00e9phane Miget","twitter_card":"summary_large_image","twitter_creator":"@bati_journal","twitter_site":"@bati_journal","twitter_misc":{"\u00c9crit par":"St\u00e9phane Miget","Dur\u00e9e de lecture estim\u00e9e":"2 minutes"},"schema":{"@context":"https:\/\/schema.org","@graph":[{"@type":"Article","@id":"https:\/\/batijournal.com\/index.php\/maintien-dun-cite-degrade\/100118\/#article","isPartOf":{"@id":"https:\/\/batijournal.com\/index.php\/maintien-dun-cite-degrade\/100118\/"},"author":{"name":"St\u00e9phane Miget","@id":"https:\/\/batijournal.com\/#\/schema\/person\/1dc96ec6957aa1ccb25ebe78bb19f100"},"headline":"Maintien d\u2019un \u00ab CITE d\u00e9grad\u00e9\u00a0\u00bb","datePublished":"2018-09-17T06:08:16+00:00","dateModified":"2019-07-15T10:03:43+00:00","mainEntityOfPage":{"@id":"https:\/\/batijournal.com\/index.php\/maintien-dun-cite-degrade\/100118\/"},"wordCount":373,"image":{"@id":"https:\/\/batijournal.com\/index.php\/maintien-dun-cite-degrade\/100118\/#primaryimage"},"thumbnailUrl":"https:\/\/batijournal.com\/wp-content\/uploads\/2018\/09\/vergers-de-marly-le-roi-fenetres.png","keywords":["CAPEB","cr\u00e9dit d'imp\u00f4t","ffb"],"articleSection":["A la Une","Actualit\u00e9s","\u00c9conomie &amp; March\u00e9s","zz_Plan\u00e8te B\u00e2timent"],"inLanguage":"fr-FR"},{"@type":"WebPage","@id":"https:\/\/batijournal.com\/index.php\/maintien-dun-cite-degrade\/100118\/","url":"https:\/\/batijournal.com\/index.php\/maintien-dun-cite-degrade\/100118\/","name":"Maintien d\u2019un \u00ab CITE d\u00e9grad\u00e9\u00a0\u00bb","isPartOf":{"@id":"https:\/\/batijournal.com\/#website"},"primaryImageOfPage":{"@id":"https:\/\/batijournal.com\/index.php\/maintien-dun-cite-degrade\/100118\/#primaryimage"},"image":{"@id":"https:\/\/batijournal.com\/index.php\/maintien-dun-cite-degrade\/100118\/#primaryimage"},"thumbnailUrl":"https:\/\/batijournal.com\/wp-content\/uploads\/2018\/09\/vergers-de-marly-le-roi-fenetres.png","datePublished":"2018-09-17T06:08:16+00:00","dateModified":"2019-07-15T10:03:43+00:00","author":{"@id":"https:\/\/batijournal.com\/#\/schema\/person\/1dc96ec6957aa1ccb25ebe78bb19f100"},"description":"Fran\u00e7ois de Rugy, le\u00a0ministre de la Transition \u00e9cologique et solidaire, a annonc\u00e9 le\u00a0report de la transformation en prime du Cr\u00e9dit Imp\u00f4t Transition Energ\u00e9tique et le maintien d\u2019un \u00ab CITE d\u00e9grad\u00e9\u00a0\u00bb.","breadcrumb":{"@id":"https:\/\/batijournal.com\/index.php\/maintien-dun-cite-degrade\/100118\/#breadcrumb"},"inLanguage":"fr-FR","potentialAction":[{"@type":"ReadAction","target":["https:\/\/batijournal.com\/index.php\/maintien-dun-cite-degrade\/100118\/"]}]},{"@type":"ImageObject","inLanguage":"fr-FR","@id":"https:\/\/batijournal.com\/index.php\/maintien-dun-cite-degrade\/100118\/#primaryimage","url":"https:\/\/batijournal.com\/wp-content\/uploads\/2018\/09\/vergers-de-marly-le-roi-fenetres.png","contentUrl":"https:\/\/batijournal.com\/wp-content\/uploads\/2018\/09\/vergers-de-marly-le-roi-fenetres.png","width":449,"height":236,"caption":"vergers de marly le roi fenetres"},{"@type":"BreadcrumbList","@id":"https:\/\/batijournal.com\/index.php\/maintien-dun-cite-degrade\/100118\/#breadcrumb","itemListElement":[{"@type":"ListItem","position":1,"name":"Accueil","item":"https:\/\/batijournal.com\/"},{"@type":"ListItem","position":2,"name":"A la Une","item":"https:\/\/batijournal.com\/index.php\/category\/a-la-une\/"},{"@type":"ListItem","position":3,"name":"Maintien d\u2019un \u00ab CITE d\u00e9grad\u00e9\u00a0\u00bb"}]},{"@type":"WebSite","@id":"https:\/\/batijournal.com\/#website","url":"https:\/\/batijournal.com\/","name":"Batijournal","description":"L&#039;actualit\u00e9 du b\u00e2timent","potentialAction":[{"@type":"SearchAction","target":{"@type":"EntryPoint","urlTemplate":"https:\/\/batijournal.com\/?s={search_term_string}"},"query-input":{"@type":"PropertyValueSpecification","valueRequired":true,"valueName":"search_term_string"}}],"inLanguage":"fr-FR"},{"@type":"Person","@id":"https:\/\/batijournal.com\/#\/schema\/person\/1dc96ec6957aa1ccb25ebe78bb19f100","name":"St\u00e9phane Miget","image":{"@type":"ImageObject","inLanguage":"fr-FR","@id":"https:\/\/secure.gravatar.com\/avatar\/89915563d925342126b8ef0281b93d9d7fc337043e8df017f780908eb9644451?s=96&d=mm&r=g","url":"https:\/\/secure.gravatar.com\/avatar\/89915563d925342126b8ef0281b93d9d7fc337043e8df017f780908eb9644451?s=96&d=mm&r=g","contentUrl":"https:\/\/secure.gravatar.com\/avatar\/89915563d925342126b8ef0281b93d9d7fc337043e8df017f780908eb9644451?s=96&d=mm&r=g","caption":"St\u00e9phane Miget"},"url":"https:\/\/batijournal.com\/index.php\/author\/stephane\/"}]}},"_links":{"self":[{"href":"https:\/\/batijournal.com\/index.php\/wp-json\/wp\/v2\/posts\/100118","targetHints":{"allow":["GET"]}}],"collection":[{"href":"https:\/\/batijournal.com\/index.php\/wp-json\/wp\/v2\/posts"}],"about":[{"href":"https:\/\/batijournal.com\/index.php\/wp-json\/wp\/v2\/types\/post"}],"author":[{"embeddable":true,"href":"https:\/\/batijournal.com\/index.php\/wp-json\/wp\/v2\/users\/17"}],"replies":[{"embeddable":true,"href":"https:\/\/batijournal.com\/index.php\/wp-json\/wp\/v2\/comments?post=100118"}],"version-history":[{"count":0,"href":"https:\/\/batijournal.com\/index.php\/wp-json\/wp\/v2\/posts\/100118\/revisions"}],"wp:featuredmedia":[{"embeddable":true,"href":"https:\/\/batijournal.com\/index.php\/wp-json\/wp\/v2\/media\/100038"}],"wp:attachment":[{"href":"https:\/\/batijournal.com\/index.php\/wp-json\/wp\/v2\/media?parent=100118"}],"wp:term":[{"taxonomy":"category","embeddable":true,"href":"https:\/\/batijournal.com\/index.php\/wp-json\/wp\/v2\/categories?post=100118"},{"taxonomy":"post_tag","embeddable":true,"href":"https:\/\/batijournal.com\/index.php\/wp-json\/wp\/v2\/tags?post=100118"}],"curies":[{"name":"wp","href":"https:\/\/api.w.org\/{rel}","templated":true}]}}