{"id":100196,"date":"2018-09-20T16:49:11","date_gmt":"2018-09-20T14:49:11","guid":{"rendered":"https:\/\/batijournal.com\/?p=100196"},"modified":"2018-09-24T13:12:24","modified_gmt":"2018-09-24T11:12:24","slug":"cfbl-3e-assises-nationales-du-douglas","status":"publish","type":"post","link":"https:\/\/batijournal.com\/index.php\/cfbl-3e-assises-nationales-du-douglas\/100196\/","title":{"rendered":"CFBL Coop\u00e9rative foresti\u00e8re aux 3e Assises nationales du Douglas"},"content":{"rendered":"<p><iframe loading=\"lazy\" src=\"https:\/\/www.youtube.com\/embed\/FtvFLfj8lBU\" width=\"560\" height=\"315\" frameborder=\"0\" allowfullscreen=\"allowfullscreen\"><span data-mce-type=\"bookmark\" style=\"display: inline-block; width: 0px; overflow: hidden; line-height: 0;\" class=\"mce_SELRES_start\">\ufeff<\/span><\/iframe><\/p>\n<p><strong>Intervenants : <\/strong><\/p>\n<ul>\n<li>Lionel Say, directeur g\u00e9n\u00e9ral CFBL Coop\u00e9rative foresti\u00e8re<\/li>\n<li>Michel Moulin, directeur Technique CFBL Coop\u00e9rative foresti\u00e8re<\/li>\n<\/ul>\n<p><strong>Lionel Say :<\/strong> <em>\u00ab\u00a0CFBL est une coop\u00e9rative de propri\u00e9taires forestiers qui se sont r\u00e9unis pour r\u00e9aliser des travaux forestiers, g\u00e9rer leur for\u00eat et vendre le bois. La particularit\u00e9 de CFBL est qu&rsquo;elle est assise sur le Massif central, c&rsquo;est la r\u00e9union de 14 000 propri\u00e9taires forestiers repr\u00e9sentant environ 140 000 hectares de for\u00eats (1\/3 de la surface est en Douglas). Ses propri\u00e9taires forestiers sont particuli\u00e8rement motiv\u00e9s par le Douglas car c&rsquo;est une essence qui contribue fortement au d\u00e9veloppement de leur exploitation foresti\u00e8re et \u00e0 leurs revenus.\u00a0<\/em><\/p>\n<p><em>\u00c0 partir des ann\u00e9es 70, il y a eu les plantations de Douglas, essence particuli\u00e8rement adapt\u00e9e au Massif central, au substrat qui existait et au climat. D&rsquo;autre part, le Douglas a l&rsquo;avantage de pousser relativement vite et donc de procurer des revenus aux propri\u00e9taires forestiers assez vite et de contribuer l&rsquo;\u00e9conomie locale tout aussi rapidement. En effet, les scieries se sont mises \u00e0 scier le Douglas qui \u00e9tait diff\u00e9rent\u00a0 de l&rsquo;\u00e9pic\u00e9a\u00a0ou du pin et\u00a0repr\u00e9sentait une valeur ajout\u00e9e int\u00e9ressante\u00a0sur le\u00a0<\/em><i>territoire.\u00a0<\/i><\/p>\n<p><em>Tout cela n\u00e9cessite une r\u00e9flexion agronomique diff\u00e9rente, c&rsquo;est-\u00e0-dire que si l&rsquo;on raisonne uniquement m\u00e9canisation, on va aller vers une for\u00eat qui ne sera pas forc\u00e9ment accept\u00e9e par la soci\u00e9t\u00e9. Toute notre R&amp;D est li\u00e9e au fait\u00a0d&rsquo;utiliser les particularit\u00e9s du sol forestier, l&rsquo;\u00e9cosyst\u00e8me du sol forestier de fa\u00e7on \u00e0 faire en sorte que ce qui pourrait \u00eatre v\u00e9cu comme un obstacle devienne un alli\u00e9 dans la sylviculture que nous allons pratiquer. <\/em><em>En mati\u00e8re de Douglas, nous ne sommes qu&rsquo;au d\u00e9but, il faut investir en R&amp;D.\u00a0\u00bb<\/em><\/p>\n<p><strong>Michel Moulin :<\/strong><em> \u00ab\u00a0Le soin \u00e0 apporter au Douglas est de choisir, d\u00e8s le d\u00e9part, la bonne origine, la bonne graine, le bon plant, et de favoriser son d\u00e9veloppement (pr\u00e9paration du sol, entretien).\u00a0\u00ab\u00a0Le Douglas, une chance pour la France et les sylviculteurs\u00a0\u00bb est un ouvrage que j&rsquo;ai \u00e9crit. Une chance car aujourd&rsquo;hui, la France est le premier producteur de Douglas en Europe car ce mat\u00e9riau a beaucoup de qualit\u00e9s, de durabilit\u00e9, de r\u00e9sistance m\u00e9canique, il pousse vite et est tr\u00e8s bien adapt\u00e9 \u00e0 nos territoires.\u00a0<\/em><\/p>\n<p><em>Aujourd&rsquo;hui, on g\u00e8re une richesse, issue de la deuxi\u00e8me guerre mondiale avec l&rsquo;aide du Fonds forestier national, que l&rsquo;on exploite progressivement, mais, concr\u00e8tement, on ne plante pas assez. On plante 3 \u00e0 4 fois moins que ce que l&rsquo;on plantait dans les ann\u00e9es 80. Ce qui veut dire que l&rsquo;on risque \u00e0 plus ou moins longue \u00e9ch\u00e9ance une diminution de la ressource. L&rsquo;investissement forestier est un investissement de long terme. Quand on parle de Douglas, on investit pour 50 ans et, malheureusement, ce n&rsquo;est pas dans l&rsquo;air du temps. On veut tout et tout de suite. Il faut donner les moyens \u00e0 nos producteurs de planter dans les bonnes conditions, \u00e0 des co\u00fbts raisonn\u00e9s pour mettre en rapport l&rsquo;investissement avec les revenus attendus pour pouvoir motiver les gens. On d\u00e9veloppe beaucoup en R&amp;D pour diminuer les co\u00fbts de production et d\u00e9velopper des techniques adapt\u00e9es aux nouveaux enjeux li\u00e9s au changement climatique, d\u00e9velopper des techniques moins impactantes pour l&rsquo;homme car nous avons du mal \u00e0 trouver de la main d&rsquo;oeuvre pour travailler en for\u00eat. C&rsquo;est le principe de l&rsquo;Ecoreboisement .\u00a0<\/em><\/p>\n<p><em>Le Douglas est un outil de d\u00e9veloppement \u00e9conomique tr\u00e8s important. Aujourd&rsquo;hui, on a besoin du Douglas pour faire vivre nos territoires ruraux dans le Massif central. Le Douglas est un produit qui peut se diff\u00e9rencier de ses principaux concurrents r\u00e9sineux, et nous pouvons diversifier son utilisation. Oui, c&rsquo;est une essence d&rsquo;avenir.\u00a0\u00bb<\/em><\/p>\n<p>&nbsp;<\/p>\n","protected":false},"excerpt":{"rendered":"<p>\ufeff Intervenants : Lionel Say, directeur g\u00e9n\u00e9ral CFBL Coop\u00e9rative foresti\u00e8re Michel Moulin, directeur Technique CFBL Coop\u00e9rative foresti\u00e8re Lionel Say : \u00ab\u00a0CFBL est une coop\u00e9rative de propri\u00e9taires forestiers qui se sont r\u00e9unis pour r\u00e9aliser des travaux forestiers, g\u00e9rer leur for\u00eat et vendre le bois. La particularit\u00e9 de CFBL est qu&rsquo;elle est assise sur le Massif central, [&hellip;]<\/p>\n","protected":false},"author":1,"featured_media":100197,"comment_status":"closed","ping_status":"closed","sticky":false,"template":"","format":"standard","meta":{"_et_pb_use_builder":"","_et_pb_old_content":"","_et_gb_content_width":"","footnotes":""},"categories":[10530,11200],"tags":[12477,11505,12527,12528,3195],"class_list":["post-100196","post","type-post","status-publish","format-standard","has-post-thumbnail","hentry","category-actualites","category-batijournal-tv","tag-3e-assises-nationales-du-douglas","tag-batijournal-tv","tag-cfbl","tag-cooperative-forestiere","tag-douglas"],"yoast_head":"<!-- This site is optimized with the Yoast SEO plugin v27.4 - https:\/\/yoast.com\/product\/yoast-seo-wordpress\/ -->\n<title>CFBL Coop\u00e9rative Foresti\u00e8re - 3e Assises nationales du Douglas<\/title>\n<meta name=\"description\" content=\"Nous avons rencontr\u00e9 sur le plateau TV Batijournal TV Lionel Say et Michel Moulin, respectivement directeur g\u00e9n\u00e9ral et directeur technique chez CFBL\" \/>\n<meta name=\"robots\" content=\"index, follow, max-snippet:-1, max-image-preview:large, max-video-preview:-1\" \/>\n<link rel=\"canonical\" href=\"https:\/\/batijournal.com\/index.php\/cfbl-3e-assises-nationales-du-douglas\/100196\/\" \/>\n<meta property=\"og:locale\" content=\"fr_FR\" \/>\n<meta property=\"og:type\" content=\"article\" \/>\n<meta property=\"og:title\" content=\"CFBL Coop\u00e9rative Foresti\u00e8re - 3e Assises nationales du Douglas\" \/>\n<meta property=\"og:description\" content=\"Nous avons rencontr\u00e9 sur le plateau TV Batijournal TV Lionel Say et Michel Moulin, respectivement directeur g\u00e9n\u00e9ral et directeur technique chez CFBL\" \/>\n<meta property=\"og:url\" content=\"https:\/\/batijournal.com\/index.php\/cfbl-3e-assises-nationales-du-douglas\/100196\/\" \/>\n<meta property=\"og:site_name\" content=\"Batijournal\" \/>\n<meta property=\"article:published_time\" content=\"2018-09-20T14:49:11+00:00\" \/>\n<meta property=\"article:modified_time\" content=\"2018-09-24T11:12:24+00:00\" \/>\n<meta property=\"og:image\" content=\"https:\/\/batijournal.com\/wp-content\/uploads\/2018\/09\/cfbl-cooperative-forestiere-aux-assises-nationales-du-douglas.jpg\" \/>\n\t<meta property=\"og:image:width\" content=\"1280\" \/>\n\t<meta property=\"og:image:height\" content=\"720\" \/>\n\t<meta property=\"og:image:type\" content=\"image\/jpeg\" \/>\n<meta name=\"author\" content=\"Bati-journal\" \/>\n<meta name=\"twitter:card\" content=\"summary_large_image\" \/>\n<meta name=\"twitter:creator\" content=\"@bati_journal\" \/>\n<meta name=\"twitter:site\" content=\"@bati_journal\" \/>\n<meta name=\"twitter:label1\" content=\"\u00c9crit par\" \/>\n\t<meta name=\"twitter:data1\" content=\"Bati-journal\" \/>\n\t<meta name=\"twitter:label2\" content=\"Dur\u00e9e de lecture estim\u00e9e\" \/>\n\t<meta name=\"twitter:data2\" content=\"3 minutes\" \/>\n<script type=\"application\/ld+json\" class=\"yoast-schema-graph\">{\"@context\":\"https:\\\/\\\/schema.org\",\"@graph\":[{\"@type\":\"Article\",\"@id\":\"https:\\\/\\\/batijournal.com\\\/index.php\\\/cfbl-3e-assises-nationales-du-douglas\\\/100196\\\/#article\",\"isPartOf\":{\"@id\":\"https:\\\/\\\/batijournal.com\\\/index.php\\\/cfbl-3e-assises-nationales-du-douglas\\\/100196\\\/\"},\"author\":{\"name\":\"Bati-journal\",\"@id\":\"https:\\\/\\\/batijournal.com\\\/#\\\/schema\\\/person\\\/6a657e8967569e1b299972574848aa76\"},\"headline\":\"CFBL Coop\u00e9rative foresti\u00e8re aux 3e Assises nationales du Douglas\",\"datePublished\":\"2018-09-20T14:49:11+00:00\",\"dateModified\":\"2018-09-24T11:12:24+00:00\",\"mainEntityOfPage\":{\"@id\":\"https:\\\/\\\/batijournal.com\\\/index.php\\\/cfbl-3e-assises-nationales-du-douglas\\\/100196\\\/\"},\"wordCount\":682,\"image\":{\"@id\":\"https:\\\/\\\/batijournal.com\\\/index.php\\\/cfbl-3e-assises-nationales-du-douglas\\\/100196\\\/#primaryimage\"},\"thumbnailUrl\":\"https:\\\/\\\/batijournal.com\\\/wp-content\\\/uploads\\\/2018\\\/09\\\/cfbl-cooperative-forestiere-aux-assises-nationales-du-douglas.jpg\",\"keywords\":[\"3e assises nationales du douglas\",\"batijournal TV\",\"cfbl\",\"coop\u00e9rative foresti\u00e8re\",\"Douglas\"],\"articleSection\":[\"Actualit\u00e9s\",\"batijournal TV\"],\"inLanguage\":\"fr-FR\"},{\"@type\":\"WebPage\",\"@id\":\"https:\\\/\\\/batijournal.com\\\/index.php\\\/cfbl-3e-assises-nationales-du-douglas\\\/100196\\\/\",\"url\":\"https:\\\/\\\/batijournal.com\\\/index.php\\\/cfbl-3e-assises-nationales-du-douglas\\\/100196\\\/\",\"name\":\"CFBL Coop\u00e9rative Foresti\u00e8re - 3e Assises nationales du Douglas\",\"isPartOf\":{\"@id\":\"https:\\\/\\\/batijournal.com\\\/#website\"},\"primaryImageOfPage\":{\"@id\":\"https:\\\/\\\/batijournal.com\\\/index.php\\\/cfbl-3e-assises-nationales-du-douglas\\\/100196\\\/#primaryimage\"},\"image\":{\"@id\":\"https:\\\/\\\/batijournal.com\\\/index.php\\\/cfbl-3e-assises-nationales-du-douglas\\\/100196\\\/#primaryimage\"},\"thumbnailUrl\":\"https:\\\/\\\/batijournal.com\\\/wp-content\\\/uploads\\\/2018\\\/09\\\/cfbl-cooperative-forestiere-aux-assises-nationales-du-douglas.jpg\",\"datePublished\":\"2018-09-20T14:49:11+00:00\",\"dateModified\":\"2018-09-24T11:12:24+00:00\",\"author\":{\"@id\":\"https:\\\/\\\/batijournal.com\\\/#\\\/schema\\\/person\\\/6a657e8967569e1b299972574848aa76\"},\"description\":\"Nous avons rencontr\u00e9 sur le plateau TV Batijournal TV Lionel Say et Michel Moulin, respectivement directeur g\u00e9n\u00e9ral et directeur technique chez CFBL\",\"breadcrumb\":{\"@id\":\"https:\\\/\\\/batijournal.com\\\/index.php\\\/cfbl-3e-assises-nationales-du-douglas\\\/100196\\\/#breadcrumb\"},\"inLanguage\":\"fr-FR\",\"potentialAction\":[{\"@type\":\"ReadAction\",\"target\":[\"https:\\\/\\\/batijournal.com\\\/index.php\\\/cfbl-3e-assises-nationales-du-douglas\\\/100196\\\/\"]}]},{\"@type\":\"ImageObject\",\"inLanguage\":\"fr-FR\",\"@id\":\"https:\\\/\\\/batijournal.com\\\/index.php\\\/cfbl-3e-assises-nationales-du-douglas\\\/100196\\\/#primaryimage\",\"url\":\"https:\\\/\\\/batijournal.com\\\/wp-content\\\/uploads\\\/2018\\\/09\\\/cfbl-cooperative-forestiere-aux-assises-nationales-du-douglas.jpg\",\"contentUrl\":\"https:\\\/\\\/batijournal.com\\\/wp-content\\\/uploads\\\/2018\\\/09\\\/cfbl-cooperative-forestiere-aux-assises-nationales-du-douglas.jpg\",\"width\":1280,\"height\":720},{\"@type\":\"BreadcrumbList\",\"@id\":\"https:\\\/\\\/batijournal.com\\\/index.php\\\/cfbl-3e-assises-nationales-du-douglas\\\/100196\\\/#breadcrumb\",\"itemListElement\":[{\"@type\":\"ListItem\",\"position\":1,\"name\":\"Accueil\",\"item\":\"https:\\\/\\\/batijournal.com\\\/\"},{\"@type\":\"ListItem\",\"position\":2,\"name\":\"batijournal TV\",\"item\":\"https:\\\/\\\/batijournal.com\\\/index.php\\\/category\\\/batijournal-tv\\\/\"},{\"@type\":\"ListItem\",\"position\":3,\"name\":\"CFBL Coop\u00e9rative foresti\u00e8re aux 3e Assises nationales du Douglas\"}]},{\"@type\":\"WebSite\",\"@id\":\"https:\\\/\\\/batijournal.com\\\/#website\",\"url\":\"https:\\\/\\\/batijournal.com\\\/\",\"name\":\"Batijournal\",\"description\":\"L&#039;actualit\u00e9 du b\u00e2timent\",\"potentialAction\":[{\"@type\":\"SearchAction\",\"target\":{\"@type\":\"EntryPoint\",\"urlTemplate\":\"https:\\\/\\\/batijournal.com\\\/?s={search_term_string}\"},\"query-input\":{\"@type\":\"PropertyValueSpecification\",\"valueRequired\":true,\"valueName\":\"search_term_string\"}}],\"inLanguage\":\"fr-FR\"},{\"@type\":\"Person\",\"@id\":\"https:\\\/\\\/batijournal.com\\\/#\\\/schema\\\/person\\\/6a657e8967569e1b299972574848aa76\",\"name\":\"Bati-journal\",\"image\":{\"@type\":\"ImageObject\",\"inLanguage\":\"fr-FR\",\"@id\":\"https:\\\/\\\/secure.gravatar.com\\\/avatar\\\/a64364ea26392f9b4dd47e017ddaec74ff03aefc073b49e492e847201258f777?s=96&d=mm&r=g\",\"url\":\"https:\\\/\\\/secure.gravatar.com\\\/avatar\\\/a64364ea26392f9b4dd47e017ddaec74ff03aefc073b49e492e847201258f777?s=96&d=mm&r=g\",\"contentUrl\":\"https:\\\/\\\/secure.gravatar.com\\\/avatar\\\/a64364ea26392f9b4dd47e017ddaec74ff03aefc073b49e492e847201258f777?s=96&d=mm&r=g\",\"caption\":\"Bati-journal\"},\"url\":\"https:\\\/\\\/batijournal.com\\\/index.php\\\/author\\\/elodie\\\/\"}]}<\/script>\n<!-- \/ Yoast SEO plugin. -->","yoast_head_json":{"title":"CFBL Coop\u00e9rative Foresti\u00e8re - 3e Assises nationales du Douglas","description":"Nous avons rencontr\u00e9 sur le plateau TV Batijournal TV Lionel Say et Michel Moulin, respectivement directeur g\u00e9n\u00e9ral et directeur technique chez CFBL","robots":{"index":"index","follow":"follow","max-snippet":"max-snippet:-1","max-image-preview":"max-image-preview:large","max-video-preview":"max-video-preview:-1"},"canonical":"https:\/\/batijournal.com\/index.php\/cfbl-3e-assises-nationales-du-douglas\/100196\/","og_locale":"fr_FR","og_type":"article","og_title":"CFBL Coop\u00e9rative Foresti\u00e8re - 3e Assises nationales du Douglas","og_description":"Nous avons rencontr\u00e9 sur le plateau TV Batijournal TV Lionel Say et Michel Moulin, respectivement directeur g\u00e9n\u00e9ral et directeur technique chez CFBL","og_url":"https:\/\/batijournal.com\/index.php\/cfbl-3e-assises-nationales-du-douglas\/100196\/","og_site_name":"Batijournal","article_published_time":"2018-09-20T14:49:11+00:00","article_modified_time":"2018-09-24T11:12:24+00:00","og_image":[{"width":1280,"height":720,"url":"https:\/\/batijournal.com\/wp-content\/uploads\/2018\/09\/cfbl-cooperative-forestiere-aux-assises-nationales-du-douglas.jpg","type":"image\/jpeg"}],"author":"Bati-journal","twitter_card":"summary_large_image","twitter_creator":"@bati_journal","twitter_site":"@bati_journal","twitter_misc":{"\u00c9crit par":"Bati-journal","Dur\u00e9e de lecture estim\u00e9e":"3 minutes"},"schema":{"@context":"https:\/\/schema.org","@graph":[{"@type":"Article","@id":"https:\/\/batijournal.com\/index.php\/cfbl-3e-assises-nationales-du-douglas\/100196\/#article","isPartOf":{"@id":"https:\/\/batijournal.com\/index.php\/cfbl-3e-assises-nationales-du-douglas\/100196\/"},"author":{"name":"Bati-journal","@id":"https:\/\/batijournal.com\/#\/schema\/person\/6a657e8967569e1b299972574848aa76"},"headline":"CFBL Coop\u00e9rative foresti\u00e8re aux 3e Assises nationales du Douglas","datePublished":"2018-09-20T14:49:11+00:00","dateModified":"2018-09-24T11:12:24+00:00","mainEntityOfPage":{"@id":"https:\/\/batijournal.com\/index.php\/cfbl-3e-assises-nationales-du-douglas\/100196\/"},"wordCount":682,"image":{"@id":"https:\/\/batijournal.com\/index.php\/cfbl-3e-assises-nationales-du-douglas\/100196\/#primaryimage"},"thumbnailUrl":"https:\/\/batijournal.com\/wp-content\/uploads\/2018\/09\/cfbl-cooperative-forestiere-aux-assises-nationales-du-douglas.jpg","keywords":["3e assises nationales du douglas","batijournal TV","cfbl","coop\u00e9rative foresti\u00e8re","Douglas"],"articleSection":["Actualit\u00e9s","batijournal TV"],"inLanguage":"fr-FR"},{"@type":"WebPage","@id":"https:\/\/batijournal.com\/index.php\/cfbl-3e-assises-nationales-du-douglas\/100196\/","url":"https:\/\/batijournal.com\/index.php\/cfbl-3e-assises-nationales-du-douglas\/100196\/","name":"CFBL Coop\u00e9rative Foresti\u00e8re - 3e Assises nationales du Douglas","isPartOf":{"@id":"https:\/\/batijournal.com\/#website"},"primaryImageOfPage":{"@id":"https:\/\/batijournal.com\/index.php\/cfbl-3e-assises-nationales-du-douglas\/100196\/#primaryimage"},"image":{"@id":"https:\/\/batijournal.com\/index.php\/cfbl-3e-assises-nationales-du-douglas\/100196\/#primaryimage"},"thumbnailUrl":"https:\/\/batijournal.com\/wp-content\/uploads\/2018\/09\/cfbl-cooperative-forestiere-aux-assises-nationales-du-douglas.jpg","datePublished":"2018-09-20T14:49:11+00:00","dateModified":"2018-09-24T11:12:24+00:00","author":{"@id":"https:\/\/batijournal.com\/#\/schema\/person\/6a657e8967569e1b299972574848aa76"},"description":"Nous avons rencontr\u00e9 sur le plateau TV Batijournal TV Lionel Say et Michel Moulin, respectivement directeur g\u00e9n\u00e9ral et directeur technique chez CFBL","breadcrumb":{"@id":"https:\/\/batijournal.com\/index.php\/cfbl-3e-assises-nationales-du-douglas\/100196\/#breadcrumb"},"inLanguage":"fr-FR","potentialAction":[{"@type":"ReadAction","target":["https:\/\/batijournal.com\/index.php\/cfbl-3e-assises-nationales-du-douglas\/100196\/"]}]},{"@type":"ImageObject","inLanguage":"fr-FR","@id":"https:\/\/batijournal.com\/index.php\/cfbl-3e-assises-nationales-du-douglas\/100196\/#primaryimage","url":"https:\/\/batijournal.com\/wp-content\/uploads\/2018\/09\/cfbl-cooperative-forestiere-aux-assises-nationales-du-douglas.jpg","contentUrl":"https:\/\/batijournal.com\/wp-content\/uploads\/2018\/09\/cfbl-cooperative-forestiere-aux-assises-nationales-du-douglas.jpg","width":1280,"height":720},{"@type":"BreadcrumbList","@id":"https:\/\/batijournal.com\/index.php\/cfbl-3e-assises-nationales-du-douglas\/100196\/#breadcrumb","itemListElement":[{"@type":"ListItem","position":1,"name":"Accueil","item":"https:\/\/batijournal.com\/"},{"@type":"ListItem","position":2,"name":"batijournal TV","item":"https:\/\/batijournal.com\/index.php\/category\/batijournal-tv\/"},{"@type":"ListItem","position":3,"name":"CFBL Coop\u00e9rative foresti\u00e8re aux 3e Assises nationales du Douglas"}]},{"@type":"WebSite","@id":"https:\/\/batijournal.com\/#website","url":"https:\/\/batijournal.com\/","name":"Batijournal","description":"L&#039;actualit\u00e9 du b\u00e2timent","potentialAction":[{"@type":"SearchAction","target":{"@type":"EntryPoint","urlTemplate":"https:\/\/batijournal.com\/?s={search_term_string}"},"query-input":{"@type":"PropertyValueSpecification","valueRequired":true,"valueName":"search_term_string"}}],"inLanguage":"fr-FR"},{"@type":"Person","@id":"https:\/\/batijournal.com\/#\/schema\/person\/6a657e8967569e1b299972574848aa76","name":"Bati-journal","image":{"@type":"ImageObject","inLanguage":"fr-FR","@id":"https:\/\/secure.gravatar.com\/avatar\/a64364ea26392f9b4dd47e017ddaec74ff03aefc073b49e492e847201258f777?s=96&d=mm&r=g","url":"https:\/\/secure.gravatar.com\/avatar\/a64364ea26392f9b4dd47e017ddaec74ff03aefc073b49e492e847201258f777?s=96&d=mm&r=g","contentUrl":"https:\/\/secure.gravatar.com\/avatar\/a64364ea26392f9b4dd47e017ddaec74ff03aefc073b49e492e847201258f777?s=96&d=mm&r=g","caption":"Bati-journal"},"url":"https:\/\/batijournal.com\/index.php\/author\/elodie\/"}]}},"_links":{"self":[{"href":"https:\/\/batijournal.com\/index.php\/wp-json\/wp\/v2\/posts\/100196","targetHints":{"allow":["GET"]}}],"collection":[{"href":"https:\/\/batijournal.com\/index.php\/wp-json\/wp\/v2\/posts"}],"about":[{"href":"https:\/\/batijournal.com\/index.php\/wp-json\/wp\/v2\/types\/post"}],"author":[{"embeddable":true,"href":"https:\/\/batijournal.com\/index.php\/wp-json\/wp\/v2\/users\/1"}],"replies":[{"embeddable":true,"href":"https:\/\/batijournal.com\/index.php\/wp-json\/wp\/v2\/comments?post=100196"}],"version-history":[{"count":0,"href":"https:\/\/batijournal.com\/index.php\/wp-json\/wp\/v2\/posts\/100196\/revisions"}],"wp:featuredmedia":[{"embeddable":true,"href":"https:\/\/batijournal.com\/index.php\/wp-json\/wp\/v2\/media\/100197"}],"wp:attachment":[{"href":"https:\/\/batijournal.com\/index.php\/wp-json\/wp\/v2\/media?parent=100196"}],"wp:term":[{"taxonomy":"category","embeddable":true,"href":"https:\/\/batijournal.com\/index.php\/wp-json\/wp\/v2\/categories?post=100196"},{"taxonomy":"post_tag","embeddable":true,"href":"https:\/\/batijournal.com\/index.php\/wp-json\/wp\/v2\/tags?post=100196"}],"curies":[{"name":"wp","href":"https:\/\/api.w.org\/{rel}","templated":true}]}}