{"id":100220,"date":"2018-09-21T14:02:54","date_gmt":"2018-09-21T12:02:54","guid":{"rendered":"https:\/\/batijournal.com\/?p=100220"},"modified":"2018-09-24T13:09:24","modified_gmt":"2018-09-24T11:09:24","slug":"plantons-pour-lavenir-3e-assises-du-douglas","status":"publish","type":"post","link":"https:\/\/batijournal.com\/index.php\/plantons-pour-lavenir-3e-assises-du-douglas\/100220\/","title":{"rendered":"Plantons pour l&rsquo;Avenir &#8211; 3e Assises nationales du Douglas"},"content":{"rendered":"<p><iframe loading=\"lazy\" src=\"https:\/\/www.youtube.com\/embed\/BLnTFc-5Nmo\" width=\"560\" height=\"315\" frameborder=\"0\" allowfullscreen=\"allowfullscreen\"><\/iframe><\/p>\n<p><strong>Intervenants :\u00a0<\/strong><\/p>\n<div id=\"content\" class=\"style-scope ytd-expander\">\n<ul>\n<li id=\"description\" class=\"style-scope ytd-video-secondary-info-renderer\"><strong>Tancr\u00e8de Neveu<\/strong>, directeur d\u00e9l\u00e9gu\u00e9 Plantons pour l\u2019avenir<\/li>\n<li class=\"style-scope ytd-video-secondary-info-renderer\"><strong> Jean-Philippe Bazot<\/strong>, pr\u00e9sident de France Douglas<\/li>\n<\/ul>\n<\/div>\n<div id=\"always-shown\" class=\"style-scope ytd-metadata-row-container-renderer\">\n<p><strong>Jean-Philippe Bazot :\u00a0<\/strong><em>\u00ab\u00a0Nous annon\u00e7ons officiellement l&rsquo;entr\u00e9e de France Douglas au conseil d&rsquo;administration de Plantons pour l&rsquo;avenir. France Douglas, c&rsquo;est une association interprofessionnelle qui \u0153uvre pour la promotion d&rsquo;une essence : le Douglas, deuxi\u00e8me essence de plantation en France. Or on a constat\u00e9, au cours de nos travaux, un essoufflement, des manques en terme d&rsquo;approvisionnement de nos industries de la premi\u00e8re et de la seconde transformation en Douglas d&rsquo;ici \u00e0 20 ans. Il \u00e9tait donc temps de relancer ce mouvement de plantation\u00a0de Douglas, d&rsquo;autant qu&rsquo;il est b\u00e9n\u00e9fique dans beaucoup de domaines. On a trouv\u00e9 chez Plantons pour l&rsquo;avenir, un mod\u00e8le qui nous convient puisqu&rsquo;il est collectif, interne \u00e0 la fili\u00e8re, financ\u00e9 par de g\u00e9n\u00e9reux donateurs qui ont ce soucis de favoriser le d\u00e9veloppement de la fili\u00e8re for\u00eat-bois. Une action collective qui oeuvre pour le bien commun et pour tous les int\u00e9r\u00eats du Douglas dans cette fili\u00e8re.\u00a0<\/em><\/p>\n<p><em>On pense qu&rsquo;il est urgent de refaire une vague de plantation \u2013 comme cela avait \u00e9t\u00e9 le cas dans les ann\u00e9es 60 gr\u00e2ce aux Fonds forestier national \u2013, et Plantons pour l&rsquo;avenir est parfaitement dans ce sujet-l\u00e0.<br \/>\n<\/em><\/p>\n<p><em>Pour France Douglas et le Douglas en particulier, Plantons pour l&rsquo;avenir tombe \u00e0 pic. D\u00e9ficit de plantations, de plants , il y a lieu de dynamiser cet amont de la fili\u00e8re.\u00a0\u00bb<\/em><\/p>\n<p><strong>Tancr\u00e8de Neveu :\u00a0<\/strong><em>\u00ab\u00a0Plantons pour l&rsquo;avenir, c&rsquo;est un fonds de dotation, une organisation \u00e0 but non lucratif qui porte une mission d&rsquo;int\u00e9r\u00eat g\u00e9n\u00e9ral : le reboisement et le soutien \u00e0 la for\u00eat en France autour de trois programmes\u00a0: le reboisement, l&rsquo;\u00e9ducation \u00e0 l&rsquo;environnement et l&rsquo;appui \u00e0 la recherche et l&rsquo;innovation pour de nouveaux mod\u00e8les de sylvicultures, notamment pour l&rsquo;adaptation des essences aux changements climatiques.\u00a0<\/em><\/p>\n<p><em>Pour planter un arbre, il suffit de passer par le fonds de dotation qui collecte des fonds via le m\u00e9c\u00e9nat d&rsquo;entreprises et de particuliers qui peuvent, par leurs dons, b\u00e9n\u00e9ficier d&rsquo;un avantage fiscal. Ces fonds sont apport\u00e9s aux propri\u00e9taires forestiers pour soutenir leurs projets de reboisement et les entretiens n\u00e9cessaires durant les cinq premi\u00e8res ann\u00e9es.\u00a0 L&rsquo;aide est apport\u00e9e sous forme d&rsquo;une avance remboursable \u00e0 taux z\u00e9ro sur 30 ans, ce n&rsquo;est pas une subvention. L&rsquo;avance remboursable au fur et \u00e0 mesure ne pourra servir qu&rsquo;\u00e0 financer de nouveaux projets : c&rsquo;est un cercle vertueux.\u00a0<\/em><\/p>\n<p><em>Au d\u00e9part, Plantons pour l&rsquo;avenir est une initiative des groupements de propri\u00e9taires forestiers, de coop\u00e9ratives foresti\u00e8res qui ont voulu trouver une solution pour le reboisement en France, mais, bien entendu, il ne faut pas que cela soit une initiative d\u00e9connect\u00e9e de l&rsquo;aval forestier puisque les principaux m\u00e9c\u00e8nes de Plantons pour l&rsquo;avenir viennent de cet aval. Il \u00e9tait donc important que, dans la gouvernance de Plantons pour l&rsquo;avenir, cet aval soit repr\u00e9sent\u00e9.<\/em><\/p>\n<p>L&rsquo;int\u00e9r\u00eat de Plantons pour l&rsquo;avenir, c&rsquo;est aussi de sortir de la sph\u00e8re de la fili\u00e8re foresti\u00e8re. De nombreux acteurs hors fili\u00e8re sont aussi int\u00e9ress\u00e9s dans le cadre de leur responsabilit\u00e9 soci\u00e9tale, \u00e9conomique et environnementale.\u00a0\u00bb<\/p>\n<\/div>\n<div id=\"collapsible\" class=\"style-scope ytd-metadata-row-container-renderer\">D\u00e9couvrez le site internet de Plantons pour l&rsquo;avenir en cliquant <a href=\"http:\/\/plantonspourlavenir.org\/\" target=\"_blank\" rel=\"noopener\">ici\u00a0<\/a><\/div>\n","protected":false},"excerpt":{"rendered":"<p>Intervenants :\u00a0 Tancr\u00e8de Neveu, directeur d\u00e9l\u00e9gu\u00e9 Plantons pour l\u2019avenir Jean-Philippe Bazot, pr\u00e9sident de France Douglas Jean-Philippe Bazot :\u00a0\u00ab\u00a0Nous annon\u00e7ons officiellement l&rsquo;entr\u00e9e de France Douglas au conseil d&rsquo;administration de Plantons pour l&rsquo;avenir. France Douglas, c&rsquo;est une association interprofessionnelle qui \u0153uvre pour la promotion d&rsquo;une essence : le Douglas, deuxi\u00e8me essence de plantation en France. Or on [&hellip;]<\/p>\n","protected":false},"author":1,"featured_media":100221,"comment_status":"closed","ping_status":"closed","sticky":false,"template":"","format":"standard","meta":{"_et_pb_use_builder":"","_et_pb_old_content":"","_et_gb_content_width":"","footnotes":""},"categories":[10530,11200],"tags":[12477,11505,3195,12525],"class_list":["post-100220","post","type-post","status-publish","format-standard","has-post-thumbnail","hentry","category-actualites","category-batijournal-tv","tag-3e-assises-nationales-du-douglas","tag-batijournal-tv","tag-douglas","tag-plantons-pour-lavenir"],"yoast_head":"<!-- This site is optimized with the Yoast SEO plugin v27.4 - https:\/\/yoast.com\/product\/yoast-seo-wordpress\/ -->\n<title>Plantons pour l&#039;Avenir - 3e Assises nationales du Douglas<\/title>\n<meta name=\"description\" content=\"D\u00e9couvrez notre rencontre avec Tancr\u00e8de Neveu, directeur d\u00e9l\u00e9gu\u00e9 Plantons pour l\u2019avenir et Jean-Philippe Bazot, pr\u00e9sident de France Douglas\" \/>\n<meta name=\"robots\" content=\"index, follow, max-snippet:-1, max-image-preview:large, max-video-preview:-1\" \/>\n<link rel=\"canonical\" href=\"https:\/\/batijournal.com\/index.php\/plantons-pour-lavenir-3e-assises-du-douglas\/100220\/\" \/>\n<meta property=\"og:locale\" content=\"fr_FR\" \/>\n<meta property=\"og:type\" content=\"article\" \/>\n<meta property=\"og:title\" content=\"Plantons pour l&#039;Avenir - 3e Assises nationales du Douglas\" \/>\n<meta property=\"og:description\" content=\"D\u00e9couvrez notre rencontre avec Tancr\u00e8de Neveu, directeur d\u00e9l\u00e9gu\u00e9 Plantons pour l\u2019avenir et Jean-Philippe Bazot, pr\u00e9sident de France Douglas\" \/>\n<meta property=\"og:url\" content=\"https:\/\/batijournal.com\/index.php\/plantons-pour-lavenir-3e-assises-du-douglas\/100220\/\" \/>\n<meta property=\"og:site_name\" content=\"Batijournal\" \/>\n<meta property=\"article:published_time\" content=\"2018-09-21T12:02:54+00:00\" \/>\n<meta property=\"article:modified_time\" content=\"2018-09-24T11:09:24+00:00\" \/>\n<meta property=\"og:image\" content=\"https:\/\/batijournal.com\/wp-content\/uploads\/2018\/09\/plantons-pour-lavenir-3e-assises-nationales-du-douglas.jpg\" \/>\n\t<meta property=\"og:image:width\" content=\"1280\" \/>\n\t<meta property=\"og:image:height\" content=\"720\" \/>\n\t<meta property=\"og:image:type\" content=\"image\/jpeg\" \/>\n<meta name=\"author\" content=\"Bati-journal\" \/>\n<meta name=\"twitter:card\" content=\"summary_large_image\" \/>\n<meta name=\"twitter:creator\" content=\"@bati_journal\" \/>\n<meta name=\"twitter:site\" content=\"@bati_journal\" \/>\n<meta name=\"twitter:label1\" content=\"\u00c9crit par\" \/>\n\t<meta name=\"twitter:data1\" content=\"Bati-journal\" \/>\n\t<meta name=\"twitter:label2\" content=\"Dur\u00e9e de lecture estim\u00e9e\" \/>\n\t<meta name=\"twitter:data2\" content=\"3 minutes\" \/>\n<script type=\"application\/ld+json\" class=\"yoast-schema-graph\">{\"@context\":\"https:\\\/\\\/schema.org\",\"@graph\":[{\"@type\":\"Article\",\"@id\":\"https:\\\/\\\/batijournal.com\\\/index.php\\\/plantons-pour-lavenir-3e-assises-du-douglas\\\/100220\\\/#article\",\"isPartOf\":{\"@id\":\"https:\\\/\\\/batijournal.com\\\/index.php\\\/plantons-pour-lavenir-3e-assises-du-douglas\\\/100220\\\/\"},\"author\":{\"name\":\"Bati-journal\",\"@id\":\"https:\\\/\\\/batijournal.com\\\/#\\\/schema\\\/person\\\/6a657e8967569e1b299972574848aa76\"},\"headline\":\"Plantons pour l&rsquo;Avenir &#8211; 3e Assises nationales du Douglas\",\"datePublished\":\"2018-09-21T12:02:54+00:00\",\"dateModified\":\"2018-09-24T11:09:24+00:00\",\"mainEntityOfPage\":{\"@id\":\"https:\\\/\\\/batijournal.com\\\/index.php\\\/plantons-pour-lavenir-3e-assises-du-douglas\\\/100220\\\/\"},\"wordCount\":592,\"image\":{\"@id\":\"https:\\\/\\\/batijournal.com\\\/index.php\\\/plantons-pour-lavenir-3e-assises-du-douglas\\\/100220\\\/#primaryimage\"},\"thumbnailUrl\":\"https:\\\/\\\/batijournal.com\\\/wp-content\\\/uploads\\\/2018\\\/09\\\/plantons-pour-lavenir-3e-assises-nationales-du-douglas.jpg\",\"keywords\":[\"3e assises nationales du douglas\",\"batijournal TV\",\"Douglas\",\"plantons pour l'avenir\"],\"articleSection\":[\"Actualit\u00e9s\",\"batijournal TV\"],\"inLanguage\":\"fr-FR\"},{\"@type\":\"WebPage\",\"@id\":\"https:\\\/\\\/batijournal.com\\\/index.php\\\/plantons-pour-lavenir-3e-assises-du-douglas\\\/100220\\\/\",\"url\":\"https:\\\/\\\/batijournal.com\\\/index.php\\\/plantons-pour-lavenir-3e-assises-du-douglas\\\/100220\\\/\",\"name\":\"Plantons pour l'Avenir - 3e Assises nationales du Douglas\",\"isPartOf\":{\"@id\":\"https:\\\/\\\/batijournal.com\\\/#website\"},\"primaryImageOfPage\":{\"@id\":\"https:\\\/\\\/batijournal.com\\\/index.php\\\/plantons-pour-lavenir-3e-assises-du-douglas\\\/100220\\\/#primaryimage\"},\"image\":{\"@id\":\"https:\\\/\\\/batijournal.com\\\/index.php\\\/plantons-pour-lavenir-3e-assises-du-douglas\\\/100220\\\/#primaryimage\"},\"thumbnailUrl\":\"https:\\\/\\\/batijournal.com\\\/wp-content\\\/uploads\\\/2018\\\/09\\\/plantons-pour-lavenir-3e-assises-nationales-du-douglas.jpg\",\"datePublished\":\"2018-09-21T12:02:54+00:00\",\"dateModified\":\"2018-09-24T11:09:24+00:00\",\"author\":{\"@id\":\"https:\\\/\\\/batijournal.com\\\/#\\\/schema\\\/person\\\/6a657e8967569e1b299972574848aa76\"},\"description\":\"D\u00e9couvrez notre rencontre avec Tancr\u00e8de Neveu, directeur d\u00e9l\u00e9gu\u00e9 Plantons pour l\u2019avenir et Jean-Philippe Bazot, pr\u00e9sident de France Douglas\",\"breadcrumb\":{\"@id\":\"https:\\\/\\\/batijournal.com\\\/index.php\\\/plantons-pour-lavenir-3e-assises-du-douglas\\\/100220\\\/#breadcrumb\"},\"inLanguage\":\"fr-FR\",\"potentialAction\":[{\"@type\":\"ReadAction\",\"target\":[\"https:\\\/\\\/batijournal.com\\\/index.php\\\/plantons-pour-lavenir-3e-assises-du-douglas\\\/100220\\\/\"]}]},{\"@type\":\"ImageObject\",\"inLanguage\":\"fr-FR\",\"@id\":\"https:\\\/\\\/batijournal.com\\\/index.php\\\/plantons-pour-lavenir-3e-assises-du-douglas\\\/100220\\\/#primaryimage\",\"url\":\"https:\\\/\\\/batijournal.com\\\/wp-content\\\/uploads\\\/2018\\\/09\\\/plantons-pour-lavenir-3e-assises-nationales-du-douglas.jpg\",\"contentUrl\":\"https:\\\/\\\/batijournal.com\\\/wp-content\\\/uploads\\\/2018\\\/09\\\/plantons-pour-lavenir-3e-assises-nationales-du-douglas.jpg\",\"width\":1280,\"height\":720},{\"@type\":\"BreadcrumbList\",\"@id\":\"https:\\\/\\\/batijournal.com\\\/index.php\\\/plantons-pour-lavenir-3e-assises-du-douglas\\\/100220\\\/#breadcrumb\",\"itemListElement\":[{\"@type\":\"ListItem\",\"position\":1,\"name\":\"Accueil\",\"item\":\"https:\\\/\\\/batijournal.com\\\/\"},{\"@type\":\"ListItem\",\"position\":2,\"name\":\"Actualit\u00e9s\",\"item\":\"https:\\\/\\\/batijournal.com\\\/index.php\\\/category\\\/actualites\\\/\"},{\"@type\":\"ListItem\",\"position\":3,\"name\":\"Plantons pour l&rsquo;Avenir &#8211; 3e Assises nationales du Douglas\"}]},{\"@type\":\"WebSite\",\"@id\":\"https:\\\/\\\/batijournal.com\\\/#website\",\"url\":\"https:\\\/\\\/batijournal.com\\\/\",\"name\":\"Batijournal\",\"description\":\"L&#039;actualit\u00e9 du b\u00e2timent\",\"potentialAction\":[{\"@type\":\"SearchAction\",\"target\":{\"@type\":\"EntryPoint\",\"urlTemplate\":\"https:\\\/\\\/batijournal.com\\\/?s={search_term_string}\"},\"query-input\":{\"@type\":\"PropertyValueSpecification\",\"valueRequired\":true,\"valueName\":\"search_term_string\"}}],\"inLanguage\":\"fr-FR\"},{\"@type\":\"Person\",\"@id\":\"https:\\\/\\\/batijournal.com\\\/#\\\/schema\\\/person\\\/6a657e8967569e1b299972574848aa76\",\"name\":\"Bati-journal\",\"image\":{\"@type\":\"ImageObject\",\"inLanguage\":\"fr-FR\",\"@id\":\"https:\\\/\\\/secure.gravatar.com\\\/avatar\\\/a64364ea26392f9b4dd47e017ddaec74ff03aefc073b49e492e847201258f777?s=96&d=mm&r=g\",\"url\":\"https:\\\/\\\/secure.gravatar.com\\\/avatar\\\/a64364ea26392f9b4dd47e017ddaec74ff03aefc073b49e492e847201258f777?s=96&d=mm&r=g\",\"contentUrl\":\"https:\\\/\\\/secure.gravatar.com\\\/avatar\\\/a64364ea26392f9b4dd47e017ddaec74ff03aefc073b49e492e847201258f777?s=96&d=mm&r=g\",\"caption\":\"Bati-journal\"},\"url\":\"https:\\\/\\\/batijournal.com\\\/index.php\\\/author\\\/elodie\\\/\"}]}<\/script>\n<!-- \/ Yoast SEO plugin. -->","yoast_head_json":{"title":"Plantons pour l'Avenir - 3e Assises nationales du Douglas","description":"D\u00e9couvrez notre rencontre avec Tancr\u00e8de Neveu, directeur d\u00e9l\u00e9gu\u00e9 Plantons pour l\u2019avenir et Jean-Philippe Bazot, pr\u00e9sident de France Douglas","robots":{"index":"index","follow":"follow","max-snippet":"max-snippet:-1","max-image-preview":"max-image-preview:large","max-video-preview":"max-video-preview:-1"},"canonical":"https:\/\/batijournal.com\/index.php\/plantons-pour-lavenir-3e-assises-du-douglas\/100220\/","og_locale":"fr_FR","og_type":"article","og_title":"Plantons pour l'Avenir - 3e Assises nationales du Douglas","og_description":"D\u00e9couvrez notre rencontre avec Tancr\u00e8de Neveu, directeur d\u00e9l\u00e9gu\u00e9 Plantons pour l\u2019avenir et Jean-Philippe Bazot, pr\u00e9sident de France Douglas","og_url":"https:\/\/batijournal.com\/index.php\/plantons-pour-lavenir-3e-assises-du-douglas\/100220\/","og_site_name":"Batijournal","article_published_time":"2018-09-21T12:02:54+00:00","article_modified_time":"2018-09-24T11:09:24+00:00","og_image":[{"width":1280,"height":720,"url":"https:\/\/batijournal.com\/wp-content\/uploads\/2018\/09\/plantons-pour-lavenir-3e-assises-nationales-du-douglas.jpg","type":"image\/jpeg"}],"author":"Bati-journal","twitter_card":"summary_large_image","twitter_creator":"@bati_journal","twitter_site":"@bati_journal","twitter_misc":{"\u00c9crit par":"Bati-journal","Dur\u00e9e de lecture estim\u00e9e":"3 minutes"},"schema":{"@context":"https:\/\/schema.org","@graph":[{"@type":"Article","@id":"https:\/\/batijournal.com\/index.php\/plantons-pour-lavenir-3e-assises-du-douglas\/100220\/#article","isPartOf":{"@id":"https:\/\/batijournal.com\/index.php\/plantons-pour-lavenir-3e-assises-du-douglas\/100220\/"},"author":{"name":"Bati-journal","@id":"https:\/\/batijournal.com\/#\/schema\/person\/6a657e8967569e1b299972574848aa76"},"headline":"Plantons pour l&rsquo;Avenir &#8211; 3e Assises nationales du Douglas","datePublished":"2018-09-21T12:02:54+00:00","dateModified":"2018-09-24T11:09:24+00:00","mainEntityOfPage":{"@id":"https:\/\/batijournal.com\/index.php\/plantons-pour-lavenir-3e-assises-du-douglas\/100220\/"},"wordCount":592,"image":{"@id":"https:\/\/batijournal.com\/index.php\/plantons-pour-lavenir-3e-assises-du-douglas\/100220\/#primaryimage"},"thumbnailUrl":"https:\/\/batijournal.com\/wp-content\/uploads\/2018\/09\/plantons-pour-lavenir-3e-assises-nationales-du-douglas.jpg","keywords":["3e assises nationales du douglas","batijournal TV","Douglas","plantons pour l'avenir"],"articleSection":["Actualit\u00e9s","batijournal TV"],"inLanguage":"fr-FR"},{"@type":"WebPage","@id":"https:\/\/batijournal.com\/index.php\/plantons-pour-lavenir-3e-assises-du-douglas\/100220\/","url":"https:\/\/batijournal.com\/index.php\/plantons-pour-lavenir-3e-assises-du-douglas\/100220\/","name":"Plantons pour l'Avenir - 3e Assises nationales du Douglas","isPartOf":{"@id":"https:\/\/batijournal.com\/#website"},"primaryImageOfPage":{"@id":"https:\/\/batijournal.com\/index.php\/plantons-pour-lavenir-3e-assises-du-douglas\/100220\/#primaryimage"},"image":{"@id":"https:\/\/batijournal.com\/index.php\/plantons-pour-lavenir-3e-assises-du-douglas\/100220\/#primaryimage"},"thumbnailUrl":"https:\/\/batijournal.com\/wp-content\/uploads\/2018\/09\/plantons-pour-lavenir-3e-assises-nationales-du-douglas.jpg","datePublished":"2018-09-21T12:02:54+00:00","dateModified":"2018-09-24T11:09:24+00:00","author":{"@id":"https:\/\/batijournal.com\/#\/schema\/person\/6a657e8967569e1b299972574848aa76"},"description":"D\u00e9couvrez notre rencontre avec Tancr\u00e8de Neveu, directeur d\u00e9l\u00e9gu\u00e9 Plantons pour l\u2019avenir et Jean-Philippe Bazot, pr\u00e9sident de France Douglas","breadcrumb":{"@id":"https:\/\/batijournal.com\/index.php\/plantons-pour-lavenir-3e-assises-du-douglas\/100220\/#breadcrumb"},"inLanguage":"fr-FR","potentialAction":[{"@type":"ReadAction","target":["https:\/\/batijournal.com\/index.php\/plantons-pour-lavenir-3e-assises-du-douglas\/100220\/"]}]},{"@type":"ImageObject","inLanguage":"fr-FR","@id":"https:\/\/batijournal.com\/index.php\/plantons-pour-lavenir-3e-assises-du-douglas\/100220\/#primaryimage","url":"https:\/\/batijournal.com\/wp-content\/uploads\/2018\/09\/plantons-pour-lavenir-3e-assises-nationales-du-douglas.jpg","contentUrl":"https:\/\/batijournal.com\/wp-content\/uploads\/2018\/09\/plantons-pour-lavenir-3e-assises-nationales-du-douglas.jpg","width":1280,"height":720},{"@type":"BreadcrumbList","@id":"https:\/\/batijournal.com\/index.php\/plantons-pour-lavenir-3e-assises-du-douglas\/100220\/#breadcrumb","itemListElement":[{"@type":"ListItem","position":1,"name":"Accueil","item":"https:\/\/batijournal.com\/"},{"@type":"ListItem","position":2,"name":"Actualit\u00e9s","item":"https:\/\/batijournal.com\/index.php\/category\/actualites\/"},{"@type":"ListItem","position":3,"name":"Plantons pour l&rsquo;Avenir &#8211; 3e Assises nationales du Douglas"}]},{"@type":"WebSite","@id":"https:\/\/batijournal.com\/#website","url":"https:\/\/batijournal.com\/","name":"Batijournal","description":"L&#039;actualit\u00e9 du b\u00e2timent","potentialAction":[{"@type":"SearchAction","target":{"@type":"EntryPoint","urlTemplate":"https:\/\/batijournal.com\/?s={search_term_string}"},"query-input":{"@type":"PropertyValueSpecification","valueRequired":true,"valueName":"search_term_string"}}],"inLanguage":"fr-FR"},{"@type":"Person","@id":"https:\/\/batijournal.com\/#\/schema\/person\/6a657e8967569e1b299972574848aa76","name":"Bati-journal","image":{"@type":"ImageObject","inLanguage":"fr-FR","@id":"https:\/\/secure.gravatar.com\/avatar\/a64364ea26392f9b4dd47e017ddaec74ff03aefc073b49e492e847201258f777?s=96&d=mm&r=g","url":"https:\/\/secure.gravatar.com\/avatar\/a64364ea26392f9b4dd47e017ddaec74ff03aefc073b49e492e847201258f777?s=96&d=mm&r=g","contentUrl":"https:\/\/secure.gravatar.com\/avatar\/a64364ea26392f9b4dd47e017ddaec74ff03aefc073b49e492e847201258f777?s=96&d=mm&r=g","caption":"Bati-journal"},"url":"https:\/\/batijournal.com\/index.php\/author\/elodie\/"}]}},"_links":{"self":[{"href":"https:\/\/batijournal.com\/index.php\/wp-json\/wp\/v2\/posts\/100220","targetHints":{"allow":["GET"]}}],"collection":[{"href":"https:\/\/batijournal.com\/index.php\/wp-json\/wp\/v2\/posts"}],"about":[{"href":"https:\/\/batijournal.com\/index.php\/wp-json\/wp\/v2\/types\/post"}],"author":[{"embeddable":true,"href":"https:\/\/batijournal.com\/index.php\/wp-json\/wp\/v2\/users\/1"}],"replies":[{"embeddable":true,"href":"https:\/\/batijournal.com\/index.php\/wp-json\/wp\/v2\/comments?post=100220"}],"version-history":[{"count":0,"href":"https:\/\/batijournal.com\/index.php\/wp-json\/wp\/v2\/posts\/100220\/revisions"}],"wp:featuredmedia":[{"embeddable":true,"href":"https:\/\/batijournal.com\/index.php\/wp-json\/wp\/v2\/media\/100221"}],"wp:attachment":[{"href":"https:\/\/batijournal.com\/index.php\/wp-json\/wp\/v2\/media?parent=100220"}],"wp:term":[{"taxonomy":"category","embeddable":true,"href":"https:\/\/batijournal.com\/index.php\/wp-json\/wp\/v2\/categories?post=100220"},{"taxonomy":"post_tag","embeddable":true,"href":"https:\/\/batijournal.com\/index.php\/wp-json\/wp\/v2\/tags?post=100220"}],"curies":[{"name":"wp","href":"https:\/\/api.w.org\/{rel}","templated":true}]}}