{"id":100272,"date":"2018-09-24T18:14:54","date_gmt":"2018-09-24T16:14:54","guid":{"rendered":"https:\/\/batijournal.com\/?p=100272"},"modified":"2019-07-15T12:03:42","modified_gmt":"2019-07-15T10:03:42","slug":"projet-de-loi-de-finances-2019-transition-energetique","status":"publish","type":"post","link":"https:\/\/batijournal.com\/index.php\/projet-de-loi-de-finances-2019-transition-energetique\/100272\/","title":{"rendered":"Le projet de loi de finances 2019 et la construction\/transition \u00e9nerg\u00e9tique"},"content":{"rendered":"<p><strong>Le gouvernement s&rsquo;est r\u00e9unit pour pr\u00e9senter le \u00ab\u00a0projet de loi de finances 2019\u00a0\u00bb (PLF). Dans la continuit\u00e9 des d\u00e9cisions prises dans le premier budget du quinquennat, il souhaite mobiliser la fiscalit\u00e9 \u00e9cologique, avec la poursuite de la hausse des fiscalit\u00e9s \u00e9nerg\u00e9tiques et la prorogation du cr\u00e9dit d&rsquo;imp\u00f4t transition \u00e9nerg\u00e9tique (CITE) jusqu\u2019en 2019 avant sa conversion en prime pour les plus modestes, et de l\u2019\u00e9co-pr\u00eat \u00e0 taux z\u00e9ro jusqu\u2019\u00e0 fin 2021, ce dernier \u00e9tant simplifi\u00e9 et renforc\u00e9. Parall\u00e8lement, il va actionner les leviers budg\u00e9taires pour investir dans la transition \u00e9cologique. Ainsi, parmi les 20 Md\u20ac de financements mobilis\u00e9s dans le cadre du volet \u00e9cologique du Grand Plan d\u2019Investissement, des actions phares seront d\u00e9ploy\u00e9es en 2019.<\/strong><\/p>\n<p>Afin d\u2019assurer \u00e0 tous un logement d\u00e9cent, le Gouvernement fait de la r\u00e9novation des logements existants une priorit\u00e9, principalement via l\u2019Anah. Pour cela, le PLF 2019 s\u00e9curise ses financements, en reconduisant la dotation budg\u00e9taire de 110 M\u20ac, tout en augmentant ses recettes affect\u00e9es issues de la taxe sur les logements vacants (+40 M\u20ac) et celles issues des \u00ab quotas carbone \u00bb jusqu\u2019\u00e0 420 M\u20ac. Ces financements durables permettront notamment d\u2019accro\u00eetre le nombre de logements qui seront rendus accessibles pour les personnes modestes en perte d\u2019autonomie et de poursuivre l\u2019objectif de 75 000 r\u00e9novations de \u00ab passoires thermiques\u00bb par an. Afin d\u2019atteindre l\u2019objectif national de r\u00e9novation thermique de 500 000 logements par an, le PLF 2019 prolonge par ailleurs l\u2019\u00e9co-pr\u00eat \u00e0 taux z\u00e9ro pendant trois ans, tout en le simplifiant.<\/p>\n<p>Le montant moyen du ch\u00e8que \u00e9nergie est port\u00e9 de 150 \u00e0 200 \u20ac par an pour les m\u00e9nages modestes. Cette revalorisation du ch\u00e8que b\u00e9n\u00e9ficiera \u00e0 environ 3,7 millions de m\u00e9nages, quelle que soit leur \u00e9nergie de chauffage. Ainsi, environ 740 M\u20ac de ch\u00e8ques seront \u00e9mis en 2019 contre 560 M\u20ac en 2018.<\/p>\n<p>En coh\u00e9rence avec la pr\u00e9sentation de la programmation pluriannuelle de l\u2019\u00e9nergie (PPE) \u00e0 venir, un budget de plus de 7,3Md\u20ac sera consacr\u00e9 en 2019 au financement des projets d\u2019\u00e9nergies renouvelables engag\u00e9s ces derni\u00e8res ann\u00e9es, contre 6,4 Md\u20ac en 2017, via les d\u00e9penses du compte d\u2019affectation sp\u00e9ciale \u00ab Transition \u00e9nerg\u00e9tique \u00bb (ce montant inclut l\u2019annuit\u00e9 2019 de remboursement de la dette due par l\u2019\u00c9tat \u00e0 EDF au titre de l\u2019ex-CSPE).<\/p>\n<p>Le Fonds national des aides \u00e0 la pierre (FNAP), abond\u00e9 par Action logement et les bailleurs sociaux reste fortement mobilis\u00e9 en 2019. Ce concours de 450 millions d\u2019euros participe \u00e0 la r\u00e9alisation des objectifs ambitieux du Gouvernement en mati\u00e8re de logement des publics les plus fragiles. Il est ainsi pr\u00e9vu de financer 40 000 logements tr\u00e8s sociaux par an et 80 000 logements au total pour les \u00e9tudiants via le FNAP. Les subventions aux op\u00e9rations de logement social continueront d\u2019\u00eatre programm\u00e9es au sein du FNAP, en associant collectivit\u00e9s territoriales et bailleurs sociaux, au plus pr\u00e8s des besoins des territoires.<\/p>\n<p>Par ailleurs, les entreprises devraient b\u00e9n\u00e9ficier de la transformation du CICE en all\u00e9gements p\u00e9rennes de charges, de la poursuite de la baisse de l\u2019imp\u00f4t sur les soci\u00e9t\u00e9s, et d\u2019une fiscalit\u00e9 simplifi\u00e9e par la suppression d\u2019une vingtaine de petites taxes. La transformation du CICE en all\u00e8gement p\u00e9renne de cotisations sociales repr\u00e9sente une baisse d\u2019environ 20 Md\u20ac financ\u00e9e par l\u2019\u00c9tat par le biais d\u2019un transfert suppl\u00e9mentaire de TVA \u00e0 la S\u00e9curit\u00e9 sociale.<\/p>\n","protected":false},"excerpt":{"rendered":"<p>Le gouvernement s&rsquo;est r\u00e9unit pour pr\u00e9senter le \u00ab\u00a0projet de loi de finances 2019\u00a0\u00bb (PLF). Dans la continuit\u00e9 des d\u00e9cisions prises dans le premier budget du quinquennat, il souhaite mobiliser la fiscalit\u00e9 \u00e9cologique, avec la poursuite de la hausse des fiscalit\u00e9s \u00e9nerg\u00e9tiques et la prorogation du cr\u00e9dit d&rsquo;imp\u00f4t transition \u00e9nerg\u00e9tique (CITE) jusqu\u2019en 2019 avant sa conversion [&hellip;]<\/p>\n","protected":false},"author":17,"featured_media":90801,"comment_status":"closed","ping_status":"closed","sticky":false,"template":"","format":"standard","meta":{"_et_pb_use_builder":"","_et_pb_old_content":"","_et_gb_content_width":"","footnotes":""},"categories":[10736,10530,6345],"tags":[8160,4239],"class_list":["post-100272","post","type-post","status-publish","format-standard","has-post-thumbnail","hentry","category-a-la-une","category-actualites","category-economie-marches","tag-loi-de-finance","tag-plf"],"yoast_head":"<!-- This site is optimized with the Yoast SEO plugin v27.4 - https:\/\/yoast.com\/product\/yoast-seo-wordpress\/ -->\n<title>Projet de loi de finances 2019 et construction \/ transition \u00e9nerg\u00e9tique<\/title>\n<meta name=\"description\" content=\"Le gouvernement s&#039;est r\u00e9unit pour pr\u00e9senter le &quot;projet de loi de finances 2019&quot; (PLF), prorogation du cr\u00e9dit d&#039;imp\u00f4t transition \u00e9nerg\u00e9tique et PTZ\" \/>\n<meta name=\"robots\" content=\"index, follow, max-snippet:-1, max-image-preview:large, max-video-preview:-1\" \/>\n<link rel=\"canonical\" href=\"https:\/\/batijournal.com\/index.php\/projet-de-loi-de-finances-2019-transition-energetique\/100272\/\" \/>\n<meta property=\"og:locale\" content=\"fr_FR\" \/>\n<meta property=\"og:type\" content=\"article\" \/>\n<meta property=\"og:title\" content=\"Projet de loi de finances 2019 et construction \/ transition \u00e9nerg\u00e9tique\" \/>\n<meta property=\"og:description\" content=\"Le gouvernement s&#039;est r\u00e9unit pour pr\u00e9senter le &quot;projet de loi de finances 2019&quot; (PLF), prorogation du cr\u00e9dit d&#039;imp\u00f4t transition \u00e9nerg\u00e9tique et PTZ\" \/>\n<meta property=\"og:url\" content=\"https:\/\/batijournal.com\/index.php\/projet-de-loi-de-finances-2019-transition-energetique\/100272\/\" \/>\n<meta property=\"og:site_name\" content=\"Batijournal\" \/>\n<meta property=\"article:published_time\" content=\"2018-09-24T16:14:54+00:00\" \/>\n<meta property=\"article:modified_time\" content=\"2019-07-15T10:03:42+00:00\" \/>\n<meta property=\"og:image\" content=\"https:\/\/batijournal.com\/wp-content\/uploads\/2015\/12\/construction.jpg\" \/>\n\t<meta property=\"og:image:width\" content=\"1200\" \/>\n\t<meta property=\"og:image:height\" content=\"697\" \/>\n\t<meta property=\"og:image:type\" content=\"image\/jpeg\" \/>\n<meta name=\"author\" content=\"St\u00e9phane Miget\" \/>\n<meta name=\"twitter:card\" content=\"summary_large_image\" \/>\n<meta name=\"twitter:creator\" content=\"@bati_journal\" \/>\n<meta name=\"twitter:site\" content=\"@bati_journal\" \/>\n<meta name=\"twitter:label1\" content=\"\u00c9crit par\" \/>\n\t<meta name=\"twitter:data1\" content=\"St\u00e9phane Miget\" \/>\n\t<meta name=\"twitter:label2\" content=\"Dur\u00e9e de lecture estim\u00e9e\" \/>\n\t<meta name=\"twitter:data2\" content=\"3 minutes\" \/>\n<script type=\"application\/ld+json\" class=\"yoast-schema-graph\">{\"@context\":\"https:\\\/\\\/schema.org\",\"@graph\":[{\"@type\":\"Article\",\"@id\":\"https:\\\/\\\/batijournal.com\\\/index.php\\\/projet-de-loi-de-finances-2019-transition-energetique\\\/100272\\\/#article\",\"isPartOf\":{\"@id\":\"https:\\\/\\\/batijournal.com\\\/index.php\\\/projet-de-loi-de-finances-2019-transition-energetique\\\/100272\\\/\"},\"author\":{\"name\":\"St\u00e9phane Miget\",\"@id\":\"https:\\\/\\\/batijournal.com\\\/#\\\/schema\\\/person\\\/1dc96ec6957aa1ccb25ebe78bb19f100\"},\"headline\":\"Le projet de loi de finances 2019 et la construction\\\/transition \u00e9nerg\u00e9tique\",\"datePublished\":\"2018-09-24T16:14:54+00:00\",\"dateModified\":\"2019-07-15T10:03:42+00:00\",\"mainEntityOfPage\":{\"@id\":\"https:\\\/\\\/batijournal.com\\\/index.php\\\/projet-de-loi-de-finances-2019-transition-energetique\\\/100272\\\/\"},\"wordCount\":586,\"image\":{\"@id\":\"https:\\\/\\\/batijournal.com\\\/index.php\\\/projet-de-loi-de-finances-2019-transition-energetique\\\/100272\\\/#primaryimage\"},\"thumbnailUrl\":\"https:\\\/\\\/batijournal.com\\\/wp-content\\\/uploads\\\/2015\\\/12\\\/construction.jpg\",\"keywords\":[\"loi de finance\",\"PLF\"],\"articleSection\":[\"A la Une\",\"Actualit\u00e9s\",\"\u00c9conomie &amp; March\u00e9s\"],\"inLanguage\":\"fr-FR\"},{\"@type\":\"WebPage\",\"@id\":\"https:\\\/\\\/batijournal.com\\\/index.php\\\/projet-de-loi-de-finances-2019-transition-energetique\\\/100272\\\/\",\"url\":\"https:\\\/\\\/batijournal.com\\\/index.php\\\/projet-de-loi-de-finances-2019-transition-energetique\\\/100272\\\/\",\"name\":\"Projet de loi de finances 2019 et construction \\\/ transition \u00e9nerg\u00e9tique\",\"isPartOf\":{\"@id\":\"https:\\\/\\\/batijournal.com\\\/#website\"},\"primaryImageOfPage\":{\"@id\":\"https:\\\/\\\/batijournal.com\\\/index.php\\\/projet-de-loi-de-finances-2019-transition-energetique\\\/100272\\\/#primaryimage\"},\"image\":{\"@id\":\"https:\\\/\\\/batijournal.com\\\/index.php\\\/projet-de-loi-de-finances-2019-transition-energetique\\\/100272\\\/#primaryimage\"},\"thumbnailUrl\":\"https:\\\/\\\/batijournal.com\\\/wp-content\\\/uploads\\\/2015\\\/12\\\/construction.jpg\",\"datePublished\":\"2018-09-24T16:14:54+00:00\",\"dateModified\":\"2019-07-15T10:03:42+00:00\",\"author\":{\"@id\":\"https:\\\/\\\/batijournal.com\\\/#\\\/schema\\\/person\\\/1dc96ec6957aa1ccb25ebe78bb19f100\"},\"description\":\"Le gouvernement s'est r\u00e9unit pour pr\u00e9senter le \\\"projet de loi de finances 2019\\\" (PLF), prorogation du cr\u00e9dit d'imp\u00f4t transition \u00e9nerg\u00e9tique et PTZ\",\"breadcrumb\":{\"@id\":\"https:\\\/\\\/batijournal.com\\\/index.php\\\/projet-de-loi-de-finances-2019-transition-energetique\\\/100272\\\/#breadcrumb\"},\"inLanguage\":\"fr-FR\",\"potentialAction\":[{\"@type\":\"ReadAction\",\"target\":[\"https:\\\/\\\/batijournal.com\\\/index.php\\\/projet-de-loi-de-finances-2019-transition-energetique\\\/100272\\\/\"]}]},{\"@type\":\"ImageObject\",\"inLanguage\":\"fr-FR\",\"@id\":\"https:\\\/\\\/batijournal.com\\\/index.php\\\/projet-de-loi-de-finances-2019-transition-energetique\\\/100272\\\/#primaryimage\",\"url\":\"https:\\\/\\\/batijournal.com\\\/wp-content\\\/uploads\\\/2015\\\/12\\\/construction.jpg\",\"contentUrl\":\"https:\\\/\\\/batijournal.com\\\/wp-content\\\/uploads\\\/2015\\\/12\\\/construction.jpg\",\"width\":1200,\"height\":697,\"caption\":\"projet de loi de finances\"},{\"@type\":\"BreadcrumbList\",\"@id\":\"https:\\\/\\\/batijournal.com\\\/index.php\\\/projet-de-loi-de-finances-2019-transition-energetique\\\/100272\\\/#breadcrumb\",\"itemListElement\":[{\"@type\":\"ListItem\",\"position\":1,\"name\":\"Accueil\",\"item\":\"https:\\\/\\\/batijournal.com\\\/\"},{\"@type\":\"ListItem\",\"position\":2,\"name\":\"A la Une\",\"item\":\"https:\\\/\\\/batijournal.com\\\/index.php\\\/category\\\/a-la-une\\\/\"},{\"@type\":\"ListItem\",\"position\":3,\"name\":\"Le projet de loi de finances 2019 et la construction\\\/transition \u00e9nerg\u00e9tique\"}]},{\"@type\":\"WebSite\",\"@id\":\"https:\\\/\\\/batijournal.com\\\/#website\",\"url\":\"https:\\\/\\\/batijournal.com\\\/\",\"name\":\"Batijournal\",\"description\":\"L&#039;actualit\u00e9 du b\u00e2timent\",\"potentialAction\":[{\"@type\":\"SearchAction\",\"target\":{\"@type\":\"EntryPoint\",\"urlTemplate\":\"https:\\\/\\\/batijournal.com\\\/?s={search_term_string}\"},\"query-input\":{\"@type\":\"PropertyValueSpecification\",\"valueRequired\":true,\"valueName\":\"search_term_string\"}}],\"inLanguage\":\"fr-FR\"},{\"@type\":\"Person\",\"@id\":\"https:\\\/\\\/batijournal.com\\\/#\\\/schema\\\/person\\\/1dc96ec6957aa1ccb25ebe78bb19f100\",\"name\":\"St\u00e9phane Miget\",\"image\":{\"@type\":\"ImageObject\",\"inLanguage\":\"fr-FR\",\"@id\":\"https:\\\/\\\/secure.gravatar.com\\\/avatar\\\/89915563d925342126b8ef0281b93d9d7fc337043e8df017f780908eb9644451?s=96&d=mm&r=g\",\"url\":\"https:\\\/\\\/secure.gravatar.com\\\/avatar\\\/89915563d925342126b8ef0281b93d9d7fc337043e8df017f780908eb9644451?s=96&d=mm&r=g\",\"contentUrl\":\"https:\\\/\\\/secure.gravatar.com\\\/avatar\\\/89915563d925342126b8ef0281b93d9d7fc337043e8df017f780908eb9644451?s=96&d=mm&r=g\",\"caption\":\"St\u00e9phane Miget\"},\"url\":\"https:\\\/\\\/batijournal.com\\\/index.php\\\/author\\\/stephane\\\/\"}]}<\/script>\n<!-- \/ Yoast SEO plugin. -->","yoast_head_json":{"title":"Projet de loi de finances 2019 et construction \/ transition \u00e9nerg\u00e9tique","description":"Le gouvernement s'est r\u00e9unit pour pr\u00e9senter le \"projet de loi de finances 2019\" (PLF), prorogation du cr\u00e9dit d'imp\u00f4t transition \u00e9nerg\u00e9tique et PTZ","robots":{"index":"index","follow":"follow","max-snippet":"max-snippet:-1","max-image-preview":"max-image-preview:large","max-video-preview":"max-video-preview:-1"},"canonical":"https:\/\/batijournal.com\/index.php\/projet-de-loi-de-finances-2019-transition-energetique\/100272\/","og_locale":"fr_FR","og_type":"article","og_title":"Projet de loi de finances 2019 et construction \/ transition \u00e9nerg\u00e9tique","og_description":"Le gouvernement s'est r\u00e9unit pour pr\u00e9senter le \"projet de loi de finances 2019\" (PLF), prorogation du cr\u00e9dit d'imp\u00f4t transition \u00e9nerg\u00e9tique et PTZ","og_url":"https:\/\/batijournal.com\/index.php\/projet-de-loi-de-finances-2019-transition-energetique\/100272\/","og_site_name":"Batijournal","article_published_time":"2018-09-24T16:14:54+00:00","article_modified_time":"2019-07-15T10:03:42+00:00","og_image":[{"width":1200,"height":697,"url":"https:\/\/batijournal.com\/wp-content\/uploads\/2015\/12\/construction.jpg","type":"image\/jpeg"}],"author":"St\u00e9phane Miget","twitter_card":"summary_large_image","twitter_creator":"@bati_journal","twitter_site":"@bati_journal","twitter_misc":{"\u00c9crit par":"St\u00e9phane Miget","Dur\u00e9e de lecture estim\u00e9e":"3 minutes"},"schema":{"@context":"https:\/\/schema.org","@graph":[{"@type":"Article","@id":"https:\/\/batijournal.com\/index.php\/projet-de-loi-de-finances-2019-transition-energetique\/100272\/#article","isPartOf":{"@id":"https:\/\/batijournal.com\/index.php\/projet-de-loi-de-finances-2019-transition-energetique\/100272\/"},"author":{"name":"St\u00e9phane Miget","@id":"https:\/\/batijournal.com\/#\/schema\/person\/1dc96ec6957aa1ccb25ebe78bb19f100"},"headline":"Le projet de loi de finances 2019 et la construction\/transition \u00e9nerg\u00e9tique","datePublished":"2018-09-24T16:14:54+00:00","dateModified":"2019-07-15T10:03:42+00:00","mainEntityOfPage":{"@id":"https:\/\/batijournal.com\/index.php\/projet-de-loi-de-finances-2019-transition-energetique\/100272\/"},"wordCount":586,"image":{"@id":"https:\/\/batijournal.com\/index.php\/projet-de-loi-de-finances-2019-transition-energetique\/100272\/#primaryimage"},"thumbnailUrl":"https:\/\/batijournal.com\/wp-content\/uploads\/2015\/12\/construction.jpg","keywords":["loi de finance","PLF"],"articleSection":["A la Une","Actualit\u00e9s","\u00c9conomie &amp; March\u00e9s"],"inLanguage":"fr-FR"},{"@type":"WebPage","@id":"https:\/\/batijournal.com\/index.php\/projet-de-loi-de-finances-2019-transition-energetique\/100272\/","url":"https:\/\/batijournal.com\/index.php\/projet-de-loi-de-finances-2019-transition-energetique\/100272\/","name":"Projet de loi de finances 2019 et construction \/ transition \u00e9nerg\u00e9tique","isPartOf":{"@id":"https:\/\/batijournal.com\/#website"},"primaryImageOfPage":{"@id":"https:\/\/batijournal.com\/index.php\/projet-de-loi-de-finances-2019-transition-energetique\/100272\/#primaryimage"},"image":{"@id":"https:\/\/batijournal.com\/index.php\/projet-de-loi-de-finances-2019-transition-energetique\/100272\/#primaryimage"},"thumbnailUrl":"https:\/\/batijournal.com\/wp-content\/uploads\/2015\/12\/construction.jpg","datePublished":"2018-09-24T16:14:54+00:00","dateModified":"2019-07-15T10:03:42+00:00","author":{"@id":"https:\/\/batijournal.com\/#\/schema\/person\/1dc96ec6957aa1ccb25ebe78bb19f100"},"description":"Le gouvernement s'est r\u00e9unit pour pr\u00e9senter le \"projet de loi de finances 2019\" (PLF), prorogation du cr\u00e9dit d'imp\u00f4t transition \u00e9nerg\u00e9tique et PTZ","breadcrumb":{"@id":"https:\/\/batijournal.com\/index.php\/projet-de-loi-de-finances-2019-transition-energetique\/100272\/#breadcrumb"},"inLanguage":"fr-FR","potentialAction":[{"@type":"ReadAction","target":["https:\/\/batijournal.com\/index.php\/projet-de-loi-de-finances-2019-transition-energetique\/100272\/"]}]},{"@type":"ImageObject","inLanguage":"fr-FR","@id":"https:\/\/batijournal.com\/index.php\/projet-de-loi-de-finances-2019-transition-energetique\/100272\/#primaryimage","url":"https:\/\/batijournal.com\/wp-content\/uploads\/2015\/12\/construction.jpg","contentUrl":"https:\/\/batijournal.com\/wp-content\/uploads\/2015\/12\/construction.jpg","width":1200,"height":697,"caption":"projet de loi de finances"},{"@type":"BreadcrumbList","@id":"https:\/\/batijournal.com\/index.php\/projet-de-loi-de-finances-2019-transition-energetique\/100272\/#breadcrumb","itemListElement":[{"@type":"ListItem","position":1,"name":"Accueil","item":"https:\/\/batijournal.com\/"},{"@type":"ListItem","position":2,"name":"A la Une","item":"https:\/\/batijournal.com\/index.php\/category\/a-la-une\/"},{"@type":"ListItem","position":3,"name":"Le projet de loi de finances 2019 et la construction\/transition \u00e9nerg\u00e9tique"}]},{"@type":"WebSite","@id":"https:\/\/batijournal.com\/#website","url":"https:\/\/batijournal.com\/","name":"Batijournal","description":"L&#039;actualit\u00e9 du b\u00e2timent","potentialAction":[{"@type":"SearchAction","target":{"@type":"EntryPoint","urlTemplate":"https:\/\/batijournal.com\/?s={search_term_string}"},"query-input":{"@type":"PropertyValueSpecification","valueRequired":true,"valueName":"search_term_string"}}],"inLanguage":"fr-FR"},{"@type":"Person","@id":"https:\/\/batijournal.com\/#\/schema\/person\/1dc96ec6957aa1ccb25ebe78bb19f100","name":"St\u00e9phane Miget","image":{"@type":"ImageObject","inLanguage":"fr-FR","@id":"https:\/\/secure.gravatar.com\/avatar\/89915563d925342126b8ef0281b93d9d7fc337043e8df017f780908eb9644451?s=96&d=mm&r=g","url":"https:\/\/secure.gravatar.com\/avatar\/89915563d925342126b8ef0281b93d9d7fc337043e8df017f780908eb9644451?s=96&d=mm&r=g","contentUrl":"https:\/\/secure.gravatar.com\/avatar\/89915563d925342126b8ef0281b93d9d7fc337043e8df017f780908eb9644451?s=96&d=mm&r=g","caption":"St\u00e9phane Miget"},"url":"https:\/\/batijournal.com\/index.php\/author\/stephane\/"}]}},"_links":{"self":[{"href":"https:\/\/batijournal.com\/index.php\/wp-json\/wp\/v2\/posts\/100272","targetHints":{"allow":["GET"]}}],"collection":[{"href":"https:\/\/batijournal.com\/index.php\/wp-json\/wp\/v2\/posts"}],"about":[{"href":"https:\/\/batijournal.com\/index.php\/wp-json\/wp\/v2\/types\/post"}],"author":[{"embeddable":true,"href":"https:\/\/batijournal.com\/index.php\/wp-json\/wp\/v2\/users\/17"}],"replies":[{"embeddable":true,"href":"https:\/\/batijournal.com\/index.php\/wp-json\/wp\/v2\/comments?post=100272"}],"version-history":[{"count":0,"href":"https:\/\/batijournal.com\/index.php\/wp-json\/wp\/v2\/posts\/100272\/revisions"}],"wp:featuredmedia":[{"embeddable":true,"href":"https:\/\/batijournal.com\/index.php\/wp-json\/wp\/v2\/media\/90801"}],"wp:attachment":[{"href":"https:\/\/batijournal.com\/index.php\/wp-json\/wp\/v2\/media?parent=100272"}],"wp:term":[{"taxonomy":"category","embeddable":true,"href":"https:\/\/batijournal.com\/index.php\/wp-json\/wp\/v2\/categories?post=100272"},{"taxonomy":"post_tag","embeddable":true,"href":"https:\/\/batijournal.com\/index.php\/wp-json\/wp\/v2\/tags?post=100272"}],"curies":[{"name":"wp","href":"https:\/\/api.w.org\/{rel}","templated":true}]}}