{"id":100299,"date":"2018-09-27T08:20:29","date_gmt":"2018-09-27T06:20:29","guid":{"rendered":"https:\/\/batijournal.com\/?p=100299"},"modified":"2019-07-15T11:26:50","modified_gmt":"2019-07-15T09:26:50","slug":"isolation-inversee-du-toit-terrasse-dun-nouveau-pavillon-a-rungis","status":"publish","type":"post","link":"https:\/\/batijournal.com\/index.php\/isolation-inversee-du-toit-terrasse-dun-nouveau-pavillon-a-rungis\/100299\/","title":{"rendered":"Isolation invers\u00e9e du toit-terrasse d\u2019un nouveau pavillon \u00e0 Rungis"},"content":{"rendered":"<p><strong>L\u2019activit\u00e9 \u00ab Porc \u00bb du march\u00e9 international de Rungis est exerc\u00e9e dans les b\u00e2timents VM1 et VM2. Elle va \u00eatre transf\u00e9r\u00e9e en fin d\u2019ann\u00e9e 2018 dans un seul et nouveau b\u00e2timent plus moderne, adapt\u00e9 \u00e0 la r\u00e9glementation sanitaire en vigueur et offrant une meilleure performance des services logistiques.<\/strong><\/p>\n<p>Avec une emprise au sol de 10 000 m2, ce nouveau b\u00e2timent est surmont\u00e9 d\u2019une toiture-terrasse sur lequel se r\u00e9partissent 2 500 m2 de bureaux et 7 500 m2 de parking. Dans le cadre de la construction d\u2019un parking, le DTU 43.1 relatif \u00e0 l\u2019\u00e9tanch\u00e9it\u00e9 des toitures recommande la technique de l\u2019isolation invers\u00e9e. Ce proc\u00e9d\u00e9 consiste \u00e0 placer l\u2019isolant au-dessus de la membrane d\u2019\u00e9tanch\u00e9it\u00e9, puis de le lester, par exemple avec du gravier. Pour r\u00e9aliser l\u2019isolation invers\u00e9e du parking a\u00e9rien du nouveau b\u00e2timent, l\u2019entreprise Id\u00e9al Etanch\u00e9it\u00e9 en charge des travaux a pr\u00e9conis\u00e9 le panneau en polystyr\u00e8ne extrud\u00e9 (XPS) Polyfoam C500 LJ de Ravatherm. Gr\u00e2ce \u00e0 leur structure en polystyr\u00e8ne extrud\u00e9 haute densit\u00e9 b\u00e9n\u00e9ficiant d\u2019une excellente r\u00e9sistance \u00e0 la compression, les panneaux supportent parfaitement les charges lourdes telles que les v\u00e9hicules. Pour atteindre le niveau de performance thermique exig\u00e9 par le cahier des charges, ils ont \u00e9t\u00e9 choisis en 80 mm d\u2019\u00e9paisseur et 60 mm pour les caniveaux. Ils affichent un coefficient de conductivit\u00e9 thermique (lambda) de 0,034 \u00e0 0,036 W\/(m.K) et une r\u00e9sistance thermique (R) de 1,75 \u00e0 2,20 m2.K\/W. Ce chantier a \u00e9galement permis \u00e0 Ravatherm de renouveler le Document Technique d\u2019Application (DTA) de cette solution.<\/p>\n<p>Ma\u00eetre d\u2019ouvrage : Semmaris (94)<br \/>\nMa\u00eetre d\u2019\u0153uvre : Enia Architectes \/ Egis (93)<br \/>\nMacro lot clos couvert : Demathieu Bard (57)<br \/>\nSous-traitant : Id\u00e9al Etanch\u00e9it\u00e9 (94)<\/p>\n","protected":false},"excerpt":{"rendered":"<p>L\u2019activit\u00e9 \u00ab Porc \u00bb du march\u00e9 international de Rungis est exerc\u00e9e dans les b\u00e2timents VM1 et VM2. Elle va \u00eatre transf\u00e9r\u00e9e en fin d\u2019ann\u00e9e 2018 dans un seul et nouveau b\u00e2timent plus moderne, adapt\u00e9 \u00e0 la r\u00e9glementation sanitaire en vigueur et offrant une meilleure performance des services logistiques. Avec une emprise au sol de 10 [&hellip;]<\/p>\n","protected":false},"author":17,"featured_media":100300,"comment_status":"closed","ping_status":"closed","sticky":false,"template":"","format":"standard","meta":{"_et_pb_use_builder":"","_et_pb_old_content":"","_et_gb_content_width":"","footnotes":""},"categories":[10530,6340,10771,10775],"tags":[5545],"class_list":["post-100299","post","type-post","status-publish","format-standard","has-post-thumbnail","hentry","category-actualites","category-architecture-conception","category-5facades","category-actualites-5facades","tag-toiture-terrasse"],"yoast_head":"<!-- This site is optimized with the Yoast SEO plugin v27.4 - https:\/\/yoast.com\/product\/yoast-seo-wordpress\/ -->\n<title>Isolation invers\u00e9e du toit-terrasse d\u2019un nouveau pavillon \u00e0 Rungis<\/title>\n<meta name=\"description\" content=\"L\u2019activit\u00e9 \u00ab Porc \u00bb du march\u00e9 international de Rungis va \u00eatre transf\u00e9r\u00e9e en fin d\u2019ann\u00e9e 2018 dans un seul et nouveau b\u00e2timent plus moderne\" \/>\n<meta name=\"robots\" content=\"index, follow, max-snippet:-1, max-image-preview:large, max-video-preview:-1\" \/>\n<link rel=\"canonical\" href=\"https:\/\/batijournal.com\/index.php\/isolation-inversee-du-toit-terrasse-dun-nouveau-pavillon-a-rungis\/100299\/\" \/>\n<meta property=\"og:locale\" content=\"fr_FR\" \/>\n<meta property=\"og:type\" content=\"article\" \/>\n<meta property=\"og:title\" content=\"Isolation invers\u00e9e du toit-terrasse d\u2019un nouveau pavillon \u00e0 Rungis\" \/>\n<meta property=\"og:description\" content=\"L\u2019activit\u00e9 \u00ab Porc \u00bb du march\u00e9 international de Rungis va \u00eatre transf\u00e9r\u00e9e en fin d\u2019ann\u00e9e 2018 dans un seul et nouveau b\u00e2timent plus moderne\" \/>\n<meta property=\"og:url\" content=\"https:\/\/batijournal.com\/index.php\/isolation-inversee-du-toit-terrasse-dun-nouveau-pavillon-a-rungis\/100299\/\" \/>\n<meta property=\"og:site_name\" content=\"Batijournal\" \/>\n<meta property=\"article:published_time\" content=\"2018-09-27T06:20:29+00:00\" \/>\n<meta property=\"article:modified_time\" content=\"2019-07-15T09:26:50+00:00\" \/>\n<meta property=\"og:image\" content=\"https:\/\/batijournal.com\/wp-content\/uploads\/2018\/09\/Ravatherm-Rungis-isolation-inversee-toit-terrasse.jpg\" \/>\n\t<meta property=\"og:image:width\" content=\"1200\" \/>\n\t<meta property=\"og:image:height\" content=\"801\" \/>\n\t<meta property=\"og:image:type\" content=\"image\/jpeg\" \/>\n<meta name=\"author\" content=\"St\u00e9phane Miget\" \/>\n<meta name=\"twitter:card\" content=\"summary_large_image\" \/>\n<meta name=\"twitter:creator\" content=\"@bati_journal\" \/>\n<meta name=\"twitter:site\" content=\"@bati_journal\" \/>\n<meta name=\"twitter:label1\" content=\"\u00c9crit par\" \/>\n\t<meta name=\"twitter:data1\" content=\"St\u00e9phane Miget\" \/>\n\t<meta name=\"twitter:label2\" content=\"Dur\u00e9e de lecture estim\u00e9e\" \/>\n\t<meta name=\"twitter:data2\" content=\"1 minute\" \/>\n<script type=\"application\/ld+json\" class=\"yoast-schema-graph\">{\"@context\":\"https:\\\/\\\/schema.org\",\"@graph\":[{\"@type\":\"Article\",\"@id\":\"https:\\\/\\\/batijournal.com\\\/index.php\\\/isolation-inversee-du-toit-terrasse-dun-nouveau-pavillon-a-rungis\\\/100299\\\/#article\",\"isPartOf\":{\"@id\":\"https:\\\/\\\/batijournal.com\\\/index.php\\\/isolation-inversee-du-toit-terrasse-dun-nouveau-pavillon-a-rungis\\\/100299\\\/\"},\"author\":{\"name\":\"St\u00e9phane Miget\",\"@id\":\"https:\\\/\\\/batijournal.com\\\/#\\\/schema\\\/person\\\/1dc96ec6957aa1ccb25ebe78bb19f100\"},\"headline\":\"Isolation invers\u00e9e du toit-terrasse d\u2019un nouveau pavillon \u00e0 Rungis\",\"datePublished\":\"2018-09-27T06:20:29+00:00\",\"dateModified\":\"2019-07-15T09:26:50+00:00\",\"mainEntityOfPage\":{\"@id\":\"https:\\\/\\\/batijournal.com\\\/index.php\\\/isolation-inversee-du-toit-terrasse-dun-nouveau-pavillon-a-rungis\\\/100299\\\/\"},\"wordCount\":299,\"image\":{\"@id\":\"https:\\\/\\\/batijournal.com\\\/index.php\\\/isolation-inversee-du-toit-terrasse-dun-nouveau-pavillon-a-rungis\\\/100299\\\/#primaryimage\"},\"thumbnailUrl\":\"https:\\\/\\\/batijournal.com\\\/wp-content\\\/uploads\\\/2018\\\/09\\\/Ravatherm-Rungis-isolation-inversee-toit-terrasse.jpg\",\"keywords\":[\"toiture-terrasse\"],\"articleSection\":[\"Actualit\u00e9s\",\"Architecture &amp; Conception\",\"zz_5fa\u00e7ades\",\"zz_Actualit\u00e9s - 5fa\u00e7ades\"],\"inLanguage\":\"fr-FR\"},{\"@type\":\"WebPage\",\"@id\":\"https:\\\/\\\/batijournal.com\\\/index.php\\\/isolation-inversee-du-toit-terrasse-dun-nouveau-pavillon-a-rungis\\\/100299\\\/\",\"url\":\"https:\\\/\\\/batijournal.com\\\/index.php\\\/isolation-inversee-du-toit-terrasse-dun-nouveau-pavillon-a-rungis\\\/100299\\\/\",\"name\":\"Isolation invers\u00e9e du toit-terrasse d\u2019un nouveau pavillon \u00e0 Rungis\",\"isPartOf\":{\"@id\":\"https:\\\/\\\/batijournal.com\\\/#website\"},\"primaryImageOfPage\":{\"@id\":\"https:\\\/\\\/batijournal.com\\\/index.php\\\/isolation-inversee-du-toit-terrasse-dun-nouveau-pavillon-a-rungis\\\/100299\\\/#primaryimage\"},\"image\":{\"@id\":\"https:\\\/\\\/batijournal.com\\\/index.php\\\/isolation-inversee-du-toit-terrasse-dun-nouveau-pavillon-a-rungis\\\/100299\\\/#primaryimage\"},\"thumbnailUrl\":\"https:\\\/\\\/batijournal.com\\\/wp-content\\\/uploads\\\/2018\\\/09\\\/Ravatherm-Rungis-isolation-inversee-toit-terrasse.jpg\",\"datePublished\":\"2018-09-27T06:20:29+00:00\",\"dateModified\":\"2019-07-15T09:26:50+00:00\",\"author\":{\"@id\":\"https:\\\/\\\/batijournal.com\\\/#\\\/schema\\\/person\\\/1dc96ec6957aa1ccb25ebe78bb19f100\"},\"description\":\"L\u2019activit\u00e9 \u00ab Porc \u00bb du march\u00e9 international de Rungis va \u00eatre transf\u00e9r\u00e9e en fin d\u2019ann\u00e9e 2018 dans un seul et nouveau b\u00e2timent plus moderne\",\"breadcrumb\":{\"@id\":\"https:\\\/\\\/batijournal.com\\\/index.php\\\/isolation-inversee-du-toit-terrasse-dun-nouveau-pavillon-a-rungis\\\/100299\\\/#breadcrumb\"},\"inLanguage\":\"fr-FR\",\"potentialAction\":[{\"@type\":\"ReadAction\",\"target\":[\"https:\\\/\\\/batijournal.com\\\/index.php\\\/isolation-inversee-du-toit-terrasse-dun-nouveau-pavillon-a-rungis\\\/100299\\\/\"]}]},{\"@type\":\"ImageObject\",\"inLanguage\":\"fr-FR\",\"@id\":\"https:\\\/\\\/batijournal.com\\\/index.php\\\/isolation-inversee-du-toit-terrasse-dun-nouveau-pavillon-a-rungis\\\/100299\\\/#primaryimage\",\"url\":\"https:\\\/\\\/batijournal.com\\\/wp-content\\\/uploads\\\/2018\\\/09\\\/Ravatherm-Rungis-isolation-inversee-toit-terrasse.jpg\",\"contentUrl\":\"https:\\\/\\\/batijournal.com\\\/wp-content\\\/uploads\\\/2018\\\/09\\\/Ravatherm-Rungis-isolation-inversee-toit-terrasse.jpg\",\"width\":1200,\"height\":801,\"caption\":\"Rungis\"},{\"@type\":\"BreadcrumbList\",\"@id\":\"https:\\\/\\\/batijournal.com\\\/index.php\\\/isolation-inversee-du-toit-terrasse-dun-nouveau-pavillon-a-rungis\\\/100299\\\/#breadcrumb\",\"itemListElement\":[{\"@type\":\"ListItem\",\"position\":1,\"name\":\"Accueil\",\"item\":\"https:\\\/\\\/batijournal.com\\\/\"},{\"@type\":\"ListItem\",\"position\":2,\"name\":\"Actualit\u00e9s\",\"item\":\"https:\\\/\\\/batijournal.com\\\/index.php\\\/category\\\/actualites\\\/\"},{\"@type\":\"ListItem\",\"position\":3,\"name\":\"Isolation invers\u00e9e du toit-terrasse d\u2019un nouveau pavillon \u00e0 Rungis\"}]},{\"@type\":\"WebSite\",\"@id\":\"https:\\\/\\\/batijournal.com\\\/#website\",\"url\":\"https:\\\/\\\/batijournal.com\\\/\",\"name\":\"Batijournal\",\"description\":\"L&#039;actualit\u00e9 du b\u00e2timent\",\"potentialAction\":[{\"@type\":\"SearchAction\",\"target\":{\"@type\":\"EntryPoint\",\"urlTemplate\":\"https:\\\/\\\/batijournal.com\\\/?s={search_term_string}\"},\"query-input\":{\"@type\":\"PropertyValueSpecification\",\"valueRequired\":true,\"valueName\":\"search_term_string\"}}],\"inLanguage\":\"fr-FR\"},{\"@type\":\"Person\",\"@id\":\"https:\\\/\\\/batijournal.com\\\/#\\\/schema\\\/person\\\/1dc96ec6957aa1ccb25ebe78bb19f100\",\"name\":\"St\u00e9phane Miget\",\"image\":{\"@type\":\"ImageObject\",\"inLanguage\":\"fr-FR\",\"@id\":\"https:\\\/\\\/secure.gravatar.com\\\/avatar\\\/89915563d925342126b8ef0281b93d9d7fc337043e8df017f780908eb9644451?s=96&d=mm&r=g\",\"url\":\"https:\\\/\\\/secure.gravatar.com\\\/avatar\\\/89915563d925342126b8ef0281b93d9d7fc337043e8df017f780908eb9644451?s=96&d=mm&r=g\",\"contentUrl\":\"https:\\\/\\\/secure.gravatar.com\\\/avatar\\\/89915563d925342126b8ef0281b93d9d7fc337043e8df017f780908eb9644451?s=96&d=mm&r=g\",\"caption\":\"St\u00e9phane Miget\"},\"url\":\"https:\\\/\\\/batijournal.com\\\/index.php\\\/author\\\/stephane\\\/\"}]}<\/script>\n<!-- \/ Yoast SEO plugin. -->","yoast_head_json":{"title":"Isolation invers\u00e9e du toit-terrasse d\u2019un nouveau pavillon \u00e0 Rungis","description":"L\u2019activit\u00e9 \u00ab Porc \u00bb du march\u00e9 international de Rungis va \u00eatre transf\u00e9r\u00e9e en fin d\u2019ann\u00e9e 2018 dans un seul et nouveau b\u00e2timent plus moderne","robots":{"index":"index","follow":"follow","max-snippet":"max-snippet:-1","max-image-preview":"max-image-preview:large","max-video-preview":"max-video-preview:-1"},"canonical":"https:\/\/batijournal.com\/index.php\/isolation-inversee-du-toit-terrasse-dun-nouveau-pavillon-a-rungis\/100299\/","og_locale":"fr_FR","og_type":"article","og_title":"Isolation invers\u00e9e du toit-terrasse d\u2019un nouveau pavillon \u00e0 Rungis","og_description":"L\u2019activit\u00e9 \u00ab Porc \u00bb du march\u00e9 international de Rungis va \u00eatre transf\u00e9r\u00e9e en fin d\u2019ann\u00e9e 2018 dans un seul et nouveau b\u00e2timent plus moderne","og_url":"https:\/\/batijournal.com\/index.php\/isolation-inversee-du-toit-terrasse-dun-nouveau-pavillon-a-rungis\/100299\/","og_site_name":"Batijournal","article_published_time":"2018-09-27T06:20:29+00:00","article_modified_time":"2019-07-15T09:26:50+00:00","og_image":[{"width":1200,"height":801,"url":"https:\/\/batijournal.com\/wp-content\/uploads\/2018\/09\/Ravatherm-Rungis-isolation-inversee-toit-terrasse.jpg","type":"image\/jpeg"}],"author":"St\u00e9phane Miget","twitter_card":"summary_large_image","twitter_creator":"@bati_journal","twitter_site":"@bati_journal","twitter_misc":{"\u00c9crit par":"St\u00e9phane Miget","Dur\u00e9e de lecture estim\u00e9e":"1 minute"},"schema":{"@context":"https:\/\/schema.org","@graph":[{"@type":"Article","@id":"https:\/\/batijournal.com\/index.php\/isolation-inversee-du-toit-terrasse-dun-nouveau-pavillon-a-rungis\/100299\/#article","isPartOf":{"@id":"https:\/\/batijournal.com\/index.php\/isolation-inversee-du-toit-terrasse-dun-nouveau-pavillon-a-rungis\/100299\/"},"author":{"name":"St\u00e9phane Miget","@id":"https:\/\/batijournal.com\/#\/schema\/person\/1dc96ec6957aa1ccb25ebe78bb19f100"},"headline":"Isolation invers\u00e9e du toit-terrasse d\u2019un nouveau pavillon \u00e0 Rungis","datePublished":"2018-09-27T06:20:29+00:00","dateModified":"2019-07-15T09:26:50+00:00","mainEntityOfPage":{"@id":"https:\/\/batijournal.com\/index.php\/isolation-inversee-du-toit-terrasse-dun-nouveau-pavillon-a-rungis\/100299\/"},"wordCount":299,"image":{"@id":"https:\/\/batijournal.com\/index.php\/isolation-inversee-du-toit-terrasse-dun-nouveau-pavillon-a-rungis\/100299\/#primaryimage"},"thumbnailUrl":"https:\/\/batijournal.com\/wp-content\/uploads\/2018\/09\/Ravatherm-Rungis-isolation-inversee-toit-terrasse.jpg","keywords":["toiture-terrasse"],"articleSection":["Actualit\u00e9s","Architecture &amp; Conception","zz_5fa\u00e7ades","zz_Actualit\u00e9s - 5fa\u00e7ades"],"inLanguage":"fr-FR"},{"@type":"WebPage","@id":"https:\/\/batijournal.com\/index.php\/isolation-inversee-du-toit-terrasse-dun-nouveau-pavillon-a-rungis\/100299\/","url":"https:\/\/batijournal.com\/index.php\/isolation-inversee-du-toit-terrasse-dun-nouveau-pavillon-a-rungis\/100299\/","name":"Isolation invers\u00e9e du toit-terrasse d\u2019un nouveau pavillon \u00e0 Rungis","isPartOf":{"@id":"https:\/\/batijournal.com\/#website"},"primaryImageOfPage":{"@id":"https:\/\/batijournal.com\/index.php\/isolation-inversee-du-toit-terrasse-dun-nouveau-pavillon-a-rungis\/100299\/#primaryimage"},"image":{"@id":"https:\/\/batijournal.com\/index.php\/isolation-inversee-du-toit-terrasse-dun-nouveau-pavillon-a-rungis\/100299\/#primaryimage"},"thumbnailUrl":"https:\/\/batijournal.com\/wp-content\/uploads\/2018\/09\/Ravatherm-Rungis-isolation-inversee-toit-terrasse.jpg","datePublished":"2018-09-27T06:20:29+00:00","dateModified":"2019-07-15T09:26:50+00:00","author":{"@id":"https:\/\/batijournal.com\/#\/schema\/person\/1dc96ec6957aa1ccb25ebe78bb19f100"},"description":"L\u2019activit\u00e9 \u00ab Porc \u00bb du march\u00e9 international de Rungis va \u00eatre transf\u00e9r\u00e9e en fin d\u2019ann\u00e9e 2018 dans un seul et nouveau b\u00e2timent plus moderne","breadcrumb":{"@id":"https:\/\/batijournal.com\/index.php\/isolation-inversee-du-toit-terrasse-dun-nouveau-pavillon-a-rungis\/100299\/#breadcrumb"},"inLanguage":"fr-FR","potentialAction":[{"@type":"ReadAction","target":["https:\/\/batijournal.com\/index.php\/isolation-inversee-du-toit-terrasse-dun-nouveau-pavillon-a-rungis\/100299\/"]}]},{"@type":"ImageObject","inLanguage":"fr-FR","@id":"https:\/\/batijournal.com\/index.php\/isolation-inversee-du-toit-terrasse-dun-nouveau-pavillon-a-rungis\/100299\/#primaryimage","url":"https:\/\/batijournal.com\/wp-content\/uploads\/2018\/09\/Ravatherm-Rungis-isolation-inversee-toit-terrasse.jpg","contentUrl":"https:\/\/batijournal.com\/wp-content\/uploads\/2018\/09\/Ravatherm-Rungis-isolation-inversee-toit-terrasse.jpg","width":1200,"height":801,"caption":"Rungis"},{"@type":"BreadcrumbList","@id":"https:\/\/batijournal.com\/index.php\/isolation-inversee-du-toit-terrasse-dun-nouveau-pavillon-a-rungis\/100299\/#breadcrumb","itemListElement":[{"@type":"ListItem","position":1,"name":"Accueil","item":"https:\/\/batijournal.com\/"},{"@type":"ListItem","position":2,"name":"Actualit\u00e9s","item":"https:\/\/batijournal.com\/index.php\/category\/actualites\/"},{"@type":"ListItem","position":3,"name":"Isolation invers\u00e9e du toit-terrasse d\u2019un nouveau pavillon \u00e0 Rungis"}]},{"@type":"WebSite","@id":"https:\/\/batijournal.com\/#website","url":"https:\/\/batijournal.com\/","name":"Batijournal","description":"L&#039;actualit\u00e9 du b\u00e2timent","potentialAction":[{"@type":"SearchAction","target":{"@type":"EntryPoint","urlTemplate":"https:\/\/batijournal.com\/?s={search_term_string}"},"query-input":{"@type":"PropertyValueSpecification","valueRequired":true,"valueName":"search_term_string"}}],"inLanguage":"fr-FR"},{"@type":"Person","@id":"https:\/\/batijournal.com\/#\/schema\/person\/1dc96ec6957aa1ccb25ebe78bb19f100","name":"St\u00e9phane Miget","image":{"@type":"ImageObject","inLanguage":"fr-FR","@id":"https:\/\/secure.gravatar.com\/avatar\/89915563d925342126b8ef0281b93d9d7fc337043e8df017f780908eb9644451?s=96&d=mm&r=g","url":"https:\/\/secure.gravatar.com\/avatar\/89915563d925342126b8ef0281b93d9d7fc337043e8df017f780908eb9644451?s=96&d=mm&r=g","contentUrl":"https:\/\/secure.gravatar.com\/avatar\/89915563d925342126b8ef0281b93d9d7fc337043e8df017f780908eb9644451?s=96&d=mm&r=g","caption":"St\u00e9phane Miget"},"url":"https:\/\/batijournal.com\/index.php\/author\/stephane\/"}]}},"_links":{"self":[{"href":"https:\/\/batijournal.com\/index.php\/wp-json\/wp\/v2\/posts\/100299","targetHints":{"allow":["GET"]}}],"collection":[{"href":"https:\/\/batijournal.com\/index.php\/wp-json\/wp\/v2\/posts"}],"about":[{"href":"https:\/\/batijournal.com\/index.php\/wp-json\/wp\/v2\/types\/post"}],"author":[{"embeddable":true,"href":"https:\/\/batijournal.com\/index.php\/wp-json\/wp\/v2\/users\/17"}],"replies":[{"embeddable":true,"href":"https:\/\/batijournal.com\/index.php\/wp-json\/wp\/v2\/comments?post=100299"}],"version-history":[{"count":0,"href":"https:\/\/batijournal.com\/index.php\/wp-json\/wp\/v2\/posts\/100299\/revisions"}],"wp:featuredmedia":[{"embeddable":true,"href":"https:\/\/batijournal.com\/index.php\/wp-json\/wp\/v2\/media\/100300"}],"wp:attachment":[{"href":"https:\/\/batijournal.com\/index.php\/wp-json\/wp\/v2\/media?parent=100299"}],"wp:term":[{"taxonomy":"category","embeddable":true,"href":"https:\/\/batijournal.com\/index.php\/wp-json\/wp\/v2\/categories?post=100299"},{"taxonomy":"post_tag","embeddable":true,"href":"https:\/\/batijournal.com\/index.php\/wp-json\/wp\/v2\/tags?post=100299"}],"curies":[{"name":"wp","href":"https:\/\/api.w.org\/{rel}","templated":true}]}}