{"id":100332,"date":"2018-10-01T12:45:55","date_gmt":"2018-10-01T10:45:55","guid":{"rendered":"https:\/\/batijournal.com\/?p=100332"},"modified":"2018-10-02T10:37:07","modified_gmt":"2018-10-02T08:37:07","slug":"nomination-presidente-pefc-france","status":"publish","type":"post","link":"https:\/\/batijournal.com\/index.php\/nomination-presidente-pefc-france\/100332\/","title":{"rendered":"Nomination de la nouvelle pr\u00e9sidente de PEFC France"},"content":{"rendered":"<p>Christine de Neuville, 58 ans, a \u00e9t\u00e9 nomm\u00e9e le 26 septembre dernier pr\u00e9sidente du Conseil d&rsquo;administration de PEFC France. Elle succ\u00e8de \u00e0 Marc-Antoine de S\u00e8ze qui occupait cette fonction depuis 2010.<\/p>\n<p>Originaire de la Haute-Vienne, Christine de Neuville a \u00e9t\u00e9 durant plusieurs ann\u00e9es pr\u00e9sidente de PEFC Limousin, puis de PEFC Nouvelle-Aquitaine. \u00ab\u00a0PEFC doit \u00eatre compris par les sylviculteurs et toute le fili\u00e8re comme un outil \u00e0 leur service pour r\u00e9pondre \u00e0 une demande soci\u00e9tale, environnementale et \u00e9conomique\u00a0\u00bb, annonce la nouvelle pr\u00e9sidente qui souhaite notamment agir sur le sujet de glyphosate dont l&rsquo;utilisation excessive en lieu et place de gyrobroyeur \u00ab\u00a0jette l&rsquo;opprobre sur toute une profession qui dans sa grande majorit\u00e9 a compl\u00e8tement abandonn\u00e9 ces pratiques.\u00a0\u00bb.<\/p>\n<p>Ainsi, plusieurs d\u00e9cisions \u00e0 l&rsquo;\u00e9gard de l&rsquo;utilisation du glyphosate en for\u00eat ont \u00e9t\u00e9 act\u00e9es en Conseil d&rsquo;administration de PEFC France, le 26 septembre 2018. Le Conseil d&rsquo;administration a \u00e9galement valid\u00e9 l&rsquo;ouverture d&rsquo;une r\u00e9flexion sur l&rsquo;utilisation de produits phytosanitaires en for\u00eat, telle qu&rsquo;elle r\u00e9sulte des standards actuels de l&rsquo;association nationale.<\/p>\n<p><a href=\"http:\/\/www.pefc-france.org\" target=\"_blank\" rel=\"noopener\">D\u00e9couvrir PEFC France<\/a><\/p>\n","protected":false},"excerpt":{"rendered":"<p>Christine de Neuville, 58 ans, a \u00e9t\u00e9 nomm\u00e9e le 26 septembre dernier pr\u00e9sidente du Conseil d&rsquo;administration de PEFC France. Elle succ\u00e8de \u00e0 Marc-Antoine de S\u00e8ze qui occupait cette fonction depuis 2010. Originaire de la Haute-Vienne, Christine de Neuville a \u00e9t\u00e9 durant plusieurs ann\u00e9es pr\u00e9sidente de PEFC Limousin, puis de PEFC Nouvelle-Aquitaine. \u00ab\u00a0PEFC doit \u00eatre compris [&hellip;]<\/p>\n","protected":false},"author":17,"featured_media":100333,"comment_status":"closed","ping_status":"closed","sticky":false,"template":"","format":"standard","meta":{"_et_pb_use_builder":"","_et_pb_old_content":"","_et_gb_content_width":"","footnotes":""},"categories":[10530,11953,10768,10764],"tags":[],"class_list":["post-100332","post","type-post","status-publish","format-standard","has-post-thumbnail","hentry","category-actualites","category-actualites-generalistes","category-nouvelles-tetes","category-woodsurfer"],"yoast_head":"<!-- This site is optimized with the Yoast SEO plugin v27.4 - https:\/\/yoast.com\/product\/yoast-seo-wordpress\/ -->\n<title>PEFC France : nomination de la nouvelle pr\u00e9sidente<\/title>\n<meta name=\"description\" content=\"Christine de Neuville, 58 ans, a \u00e9t\u00e9 nomm\u00e9e le 26 septembre et devient pr\u00e9sidente du Conseil d&#039;administration de PEFC France.\" \/>\n<meta name=\"robots\" content=\"index, follow, max-snippet:-1, max-image-preview:large, max-video-preview:-1\" \/>\n<link rel=\"canonical\" href=\"https:\/\/batijournal.com\/index.php\/nomination-presidente-pefc-france\/100332\/\" \/>\n<meta property=\"og:locale\" content=\"fr_FR\" \/>\n<meta property=\"og:type\" content=\"article\" \/>\n<meta property=\"og:title\" content=\"PEFC France : nomination de la nouvelle pr\u00e9sidente\" \/>\n<meta property=\"og:description\" content=\"Christine de Neuville, 58 ans, a \u00e9t\u00e9 nomm\u00e9e le 26 septembre et devient pr\u00e9sidente du Conseil d&#039;administration de PEFC France.\" \/>\n<meta property=\"og:url\" content=\"https:\/\/batijournal.com\/index.php\/nomination-presidente-pefc-france\/100332\/\" \/>\n<meta property=\"og:site_name\" content=\"Batijournal\" \/>\n<meta property=\"article:published_time\" content=\"2018-10-01T10:45:55+00:00\" \/>\n<meta property=\"article:modified_time\" content=\"2018-10-02T08:37:07+00:00\" \/>\n<meta property=\"og:image\" content=\"https:\/\/batijournal.com\/wp-content\/uploads\/2018\/10\/PEFC-Presidente-Christine-de-Neuville.jpg\" \/>\n\t<meta property=\"og:image:width\" content=\"685\" \/>\n\t<meta property=\"og:image:height\" content=\"486\" \/>\n\t<meta property=\"og:image:type\" content=\"image\/jpeg\" \/>\n<meta name=\"author\" content=\"St\u00e9phane Miget\" \/>\n<meta name=\"twitter:card\" content=\"summary_large_image\" \/>\n<meta name=\"twitter:creator\" content=\"@bati_journal\" \/>\n<meta name=\"twitter:site\" content=\"@bati_journal\" \/>\n<meta name=\"twitter:label1\" content=\"\u00c9crit par\" \/>\n\t<meta name=\"twitter:data1\" content=\"St\u00e9phane Miget\" \/>\n\t<meta name=\"twitter:label2\" content=\"Dur\u00e9e de lecture estim\u00e9e\" \/>\n\t<meta name=\"twitter:data2\" content=\"1 minute\" \/>\n<script type=\"application\/ld+json\" class=\"yoast-schema-graph\">{\"@context\":\"https:\\\/\\\/schema.org\",\"@graph\":[{\"@type\":\"Article\",\"@id\":\"https:\\\/\\\/batijournal.com\\\/index.php\\\/nomination-presidente-pefc-france\\\/100332\\\/#article\",\"isPartOf\":{\"@id\":\"https:\\\/\\\/batijournal.com\\\/index.php\\\/nomination-presidente-pefc-france\\\/100332\\\/\"},\"author\":{\"name\":\"St\u00e9phane Miget\",\"@id\":\"https:\\\/\\\/batijournal.com\\\/#\\\/schema\\\/person\\\/1dc96ec6957aa1ccb25ebe78bb19f100\"},\"headline\":\"Nomination de la nouvelle pr\u00e9sidente de PEFC France\",\"datePublished\":\"2018-10-01T10:45:55+00:00\",\"dateModified\":\"2018-10-02T08:37:07+00:00\",\"mainEntityOfPage\":{\"@id\":\"https:\\\/\\\/batijournal.com\\\/index.php\\\/nomination-presidente-pefc-france\\\/100332\\\/\"},\"wordCount\":197,\"image\":{\"@id\":\"https:\\\/\\\/batijournal.com\\\/index.php\\\/nomination-presidente-pefc-france\\\/100332\\\/#primaryimage\"},\"thumbnailUrl\":\"https:\\\/\\\/batijournal.com\\\/wp-content\\\/uploads\\\/2018\\\/10\\\/PEFC-Presidente-Christine-de-Neuville.jpg\",\"articleSection\":[\"Actualit\u00e9s\",\"Actualit\u00e9s g\u00e9n\u00e9ralistes\",\"zz_Nouvelles t\u00eates - Woodsurfer\",\"zz_Woodsurfer\"],\"inLanguage\":\"fr-FR\"},{\"@type\":\"WebPage\",\"@id\":\"https:\\\/\\\/batijournal.com\\\/index.php\\\/nomination-presidente-pefc-france\\\/100332\\\/\",\"url\":\"https:\\\/\\\/batijournal.com\\\/index.php\\\/nomination-presidente-pefc-france\\\/100332\\\/\",\"name\":\"PEFC France : nomination de la nouvelle pr\u00e9sidente\",\"isPartOf\":{\"@id\":\"https:\\\/\\\/batijournal.com\\\/#website\"},\"primaryImageOfPage\":{\"@id\":\"https:\\\/\\\/batijournal.com\\\/index.php\\\/nomination-presidente-pefc-france\\\/100332\\\/#primaryimage\"},\"image\":{\"@id\":\"https:\\\/\\\/batijournal.com\\\/index.php\\\/nomination-presidente-pefc-france\\\/100332\\\/#primaryimage\"},\"thumbnailUrl\":\"https:\\\/\\\/batijournal.com\\\/wp-content\\\/uploads\\\/2018\\\/10\\\/PEFC-Presidente-Christine-de-Neuville.jpg\",\"datePublished\":\"2018-10-01T10:45:55+00:00\",\"dateModified\":\"2018-10-02T08:37:07+00:00\",\"author\":{\"@id\":\"https:\\\/\\\/batijournal.com\\\/#\\\/schema\\\/person\\\/1dc96ec6957aa1ccb25ebe78bb19f100\"},\"description\":\"Christine de Neuville, 58 ans, a \u00e9t\u00e9 nomm\u00e9e le 26 septembre et devient pr\u00e9sidente du Conseil d'administration de PEFC France.\",\"breadcrumb\":{\"@id\":\"https:\\\/\\\/batijournal.com\\\/index.php\\\/nomination-presidente-pefc-france\\\/100332\\\/#breadcrumb\"},\"inLanguage\":\"fr-FR\",\"potentialAction\":[{\"@type\":\"ReadAction\",\"target\":[\"https:\\\/\\\/batijournal.com\\\/index.php\\\/nomination-presidente-pefc-france\\\/100332\\\/\"]}]},{\"@type\":\"ImageObject\",\"inLanguage\":\"fr-FR\",\"@id\":\"https:\\\/\\\/batijournal.com\\\/index.php\\\/nomination-presidente-pefc-france\\\/100332\\\/#primaryimage\",\"url\":\"https:\\\/\\\/batijournal.com\\\/wp-content\\\/uploads\\\/2018\\\/10\\\/PEFC-Presidente-Christine-de-Neuville.jpg\",\"contentUrl\":\"https:\\\/\\\/batijournal.com\\\/wp-content\\\/uploads\\\/2018\\\/10\\\/PEFC-Presidente-Christine-de-Neuville.jpg\",\"width\":685,\"height\":486,\"caption\":\"pr\u00e9sidente PEFC France\"},{\"@type\":\"BreadcrumbList\",\"@id\":\"https:\\\/\\\/batijournal.com\\\/index.php\\\/nomination-presidente-pefc-france\\\/100332\\\/#breadcrumb\",\"itemListElement\":[{\"@type\":\"ListItem\",\"position\":1,\"name\":\"Accueil\",\"item\":\"https:\\\/\\\/batijournal.com\\\/\"},{\"@type\":\"ListItem\",\"position\":2,\"name\":\"zz_Woodsurfer\",\"item\":\"https:\\\/\\\/batijournal.com\\\/index.php\\\/category\\\/woodsurfer\\\/\"},{\"@type\":\"ListItem\",\"position\":3,\"name\":\"zz_Nouvelles t\u00eates - Woodsurfer\",\"item\":\"https:\\\/\\\/batijournal.com\\\/index.php\\\/category\\\/woodsurfer\\\/nouvelles-tetes\\\/\"},{\"@type\":\"ListItem\",\"position\":4,\"name\":\"Nomination de la nouvelle pr\u00e9sidente de PEFC France\"}]},{\"@type\":\"WebSite\",\"@id\":\"https:\\\/\\\/batijournal.com\\\/#website\",\"url\":\"https:\\\/\\\/batijournal.com\\\/\",\"name\":\"Batijournal\",\"description\":\"L&#039;actualit\u00e9 du b\u00e2timent\",\"potentialAction\":[{\"@type\":\"SearchAction\",\"target\":{\"@type\":\"EntryPoint\",\"urlTemplate\":\"https:\\\/\\\/batijournal.com\\\/?s={search_term_string}\"},\"query-input\":{\"@type\":\"PropertyValueSpecification\",\"valueRequired\":true,\"valueName\":\"search_term_string\"}}],\"inLanguage\":\"fr-FR\"},{\"@type\":\"Person\",\"@id\":\"https:\\\/\\\/batijournal.com\\\/#\\\/schema\\\/person\\\/1dc96ec6957aa1ccb25ebe78bb19f100\",\"name\":\"St\u00e9phane Miget\",\"image\":{\"@type\":\"ImageObject\",\"inLanguage\":\"fr-FR\",\"@id\":\"https:\\\/\\\/secure.gravatar.com\\\/avatar\\\/89915563d925342126b8ef0281b93d9d7fc337043e8df017f780908eb9644451?s=96&d=mm&r=g\",\"url\":\"https:\\\/\\\/secure.gravatar.com\\\/avatar\\\/89915563d925342126b8ef0281b93d9d7fc337043e8df017f780908eb9644451?s=96&d=mm&r=g\",\"contentUrl\":\"https:\\\/\\\/secure.gravatar.com\\\/avatar\\\/89915563d925342126b8ef0281b93d9d7fc337043e8df017f780908eb9644451?s=96&d=mm&r=g\",\"caption\":\"St\u00e9phane Miget\"},\"url\":\"https:\\\/\\\/batijournal.com\\\/index.php\\\/author\\\/stephane\\\/\"}]}<\/script>\n<!-- \/ Yoast SEO plugin. -->","yoast_head_json":{"title":"PEFC France : nomination de la nouvelle pr\u00e9sidente","description":"Christine de Neuville, 58 ans, a \u00e9t\u00e9 nomm\u00e9e le 26 septembre et devient pr\u00e9sidente du Conseil d'administration de PEFC France.","robots":{"index":"index","follow":"follow","max-snippet":"max-snippet:-1","max-image-preview":"max-image-preview:large","max-video-preview":"max-video-preview:-1"},"canonical":"https:\/\/batijournal.com\/index.php\/nomination-presidente-pefc-france\/100332\/","og_locale":"fr_FR","og_type":"article","og_title":"PEFC France : nomination de la nouvelle pr\u00e9sidente","og_description":"Christine de Neuville, 58 ans, a \u00e9t\u00e9 nomm\u00e9e le 26 septembre et devient pr\u00e9sidente du Conseil d'administration de PEFC France.","og_url":"https:\/\/batijournal.com\/index.php\/nomination-presidente-pefc-france\/100332\/","og_site_name":"Batijournal","article_published_time":"2018-10-01T10:45:55+00:00","article_modified_time":"2018-10-02T08:37:07+00:00","og_image":[{"width":685,"height":486,"url":"https:\/\/batijournal.com\/wp-content\/uploads\/2018\/10\/PEFC-Presidente-Christine-de-Neuville.jpg","type":"image\/jpeg"}],"author":"St\u00e9phane Miget","twitter_card":"summary_large_image","twitter_creator":"@bati_journal","twitter_site":"@bati_journal","twitter_misc":{"\u00c9crit par":"St\u00e9phane Miget","Dur\u00e9e de lecture estim\u00e9e":"1 minute"},"schema":{"@context":"https:\/\/schema.org","@graph":[{"@type":"Article","@id":"https:\/\/batijournal.com\/index.php\/nomination-presidente-pefc-france\/100332\/#article","isPartOf":{"@id":"https:\/\/batijournal.com\/index.php\/nomination-presidente-pefc-france\/100332\/"},"author":{"name":"St\u00e9phane Miget","@id":"https:\/\/batijournal.com\/#\/schema\/person\/1dc96ec6957aa1ccb25ebe78bb19f100"},"headline":"Nomination de la nouvelle pr\u00e9sidente de PEFC France","datePublished":"2018-10-01T10:45:55+00:00","dateModified":"2018-10-02T08:37:07+00:00","mainEntityOfPage":{"@id":"https:\/\/batijournal.com\/index.php\/nomination-presidente-pefc-france\/100332\/"},"wordCount":197,"image":{"@id":"https:\/\/batijournal.com\/index.php\/nomination-presidente-pefc-france\/100332\/#primaryimage"},"thumbnailUrl":"https:\/\/batijournal.com\/wp-content\/uploads\/2018\/10\/PEFC-Presidente-Christine-de-Neuville.jpg","articleSection":["Actualit\u00e9s","Actualit\u00e9s g\u00e9n\u00e9ralistes","zz_Nouvelles t\u00eates - Woodsurfer","zz_Woodsurfer"],"inLanguage":"fr-FR"},{"@type":"WebPage","@id":"https:\/\/batijournal.com\/index.php\/nomination-presidente-pefc-france\/100332\/","url":"https:\/\/batijournal.com\/index.php\/nomination-presidente-pefc-france\/100332\/","name":"PEFC France : nomination de la nouvelle pr\u00e9sidente","isPartOf":{"@id":"https:\/\/batijournal.com\/#website"},"primaryImageOfPage":{"@id":"https:\/\/batijournal.com\/index.php\/nomination-presidente-pefc-france\/100332\/#primaryimage"},"image":{"@id":"https:\/\/batijournal.com\/index.php\/nomination-presidente-pefc-france\/100332\/#primaryimage"},"thumbnailUrl":"https:\/\/batijournal.com\/wp-content\/uploads\/2018\/10\/PEFC-Presidente-Christine-de-Neuville.jpg","datePublished":"2018-10-01T10:45:55+00:00","dateModified":"2018-10-02T08:37:07+00:00","author":{"@id":"https:\/\/batijournal.com\/#\/schema\/person\/1dc96ec6957aa1ccb25ebe78bb19f100"},"description":"Christine de Neuville, 58 ans, a \u00e9t\u00e9 nomm\u00e9e le 26 septembre et devient pr\u00e9sidente du Conseil d'administration de PEFC France.","breadcrumb":{"@id":"https:\/\/batijournal.com\/index.php\/nomination-presidente-pefc-france\/100332\/#breadcrumb"},"inLanguage":"fr-FR","potentialAction":[{"@type":"ReadAction","target":["https:\/\/batijournal.com\/index.php\/nomination-presidente-pefc-france\/100332\/"]}]},{"@type":"ImageObject","inLanguage":"fr-FR","@id":"https:\/\/batijournal.com\/index.php\/nomination-presidente-pefc-france\/100332\/#primaryimage","url":"https:\/\/batijournal.com\/wp-content\/uploads\/2018\/10\/PEFC-Presidente-Christine-de-Neuville.jpg","contentUrl":"https:\/\/batijournal.com\/wp-content\/uploads\/2018\/10\/PEFC-Presidente-Christine-de-Neuville.jpg","width":685,"height":486,"caption":"pr\u00e9sidente PEFC France"},{"@type":"BreadcrumbList","@id":"https:\/\/batijournal.com\/index.php\/nomination-presidente-pefc-france\/100332\/#breadcrumb","itemListElement":[{"@type":"ListItem","position":1,"name":"Accueil","item":"https:\/\/batijournal.com\/"},{"@type":"ListItem","position":2,"name":"zz_Woodsurfer","item":"https:\/\/batijournal.com\/index.php\/category\/woodsurfer\/"},{"@type":"ListItem","position":3,"name":"zz_Nouvelles t\u00eates - Woodsurfer","item":"https:\/\/batijournal.com\/index.php\/category\/woodsurfer\/nouvelles-tetes\/"},{"@type":"ListItem","position":4,"name":"Nomination de la nouvelle pr\u00e9sidente de PEFC France"}]},{"@type":"WebSite","@id":"https:\/\/batijournal.com\/#website","url":"https:\/\/batijournal.com\/","name":"Batijournal","description":"L&#039;actualit\u00e9 du b\u00e2timent","potentialAction":[{"@type":"SearchAction","target":{"@type":"EntryPoint","urlTemplate":"https:\/\/batijournal.com\/?s={search_term_string}"},"query-input":{"@type":"PropertyValueSpecification","valueRequired":true,"valueName":"search_term_string"}}],"inLanguage":"fr-FR"},{"@type":"Person","@id":"https:\/\/batijournal.com\/#\/schema\/person\/1dc96ec6957aa1ccb25ebe78bb19f100","name":"St\u00e9phane Miget","image":{"@type":"ImageObject","inLanguage":"fr-FR","@id":"https:\/\/secure.gravatar.com\/avatar\/89915563d925342126b8ef0281b93d9d7fc337043e8df017f780908eb9644451?s=96&d=mm&r=g","url":"https:\/\/secure.gravatar.com\/avatar\/89915563d925342126b8ef0281b93d9d7fc337043e8df017f780908eb9644451?s=96&d=mm&r=g","contentUrl":"https:\/\/secure.gravatar.com\/avatar\/89915563d925342126b8ef0281b93d9d7fc337043e8df017f780908eb9644451?s=96&d=mm&r=g","caption":"St\u00e9phane Miget"},"url":"https:\/\/batijournal.com\/index.php\/author\/stephane\/"}]}},"_links":{"self":[{"href":"https:\/\/batijournal.com\/index.php\/wp-json\/wp\/v2\/posts\/100332","targetHints":{"allow":["GET"]}}],"collection":[{"href":"https:\/\/batijournal.com\/index.php\/wp-json\/wp\/v2\/posts"}],"about":[{"href":"https:\/\/batijournal.com\/index.php\/wp-json\/wp\/v2\/types\/post"}],"author":[{"embeddable":true,"href":"https:\/\/batijournal.com\/index.php\/wp-json\/wp\/v2\/users\/17"}],"replies":[{"embeddable":true,"href":"https:\/\/batijournal.com\/index.php\/wp-json\/wp\/v2\/comments?post=100332"}],"version-history":[{"count":0,"href":"https:\/\/batijournal.com\/index.php\/wp-json\/wp\/v2\/posts\/100332\/revisions"}],"wp:featuredmedia":[{"embeddable":true,"href":"https:\/\/batijournal.com\/index.php\/wp-json\/wp\/v2\/media\/100333"}],"wp:attachment":[{"href":"https:\/\/batijournal.com\/index.php\/wp-json\/wp\/v2\/media?parent=100332"}],"wp:term":[{"taxonomy":"category","embeddable":true,"href":"https:\/\/batijournal.com\/index.php\/wp-json\/wp\/v2\/categories?post=100332"},{"taxonomy":"post_tag","embeddable":true,"href":"https:\/\/batijournal.com\/index.php\/wp-json\/wp\/v2\/tags?post=100332"}],"curies":[{"name":"wp","href":"https:\/\/api.w.org\/{rel}","templated":true}]}}