{"id":100343,"date":"2018-10-02T09:39:39","date_gmt":"2018-10-02T07:39:39","guid":{"rendered":"https:\/\/batijournal.com\/?p=100343"},"modified":"2019-07-15T12:10:41","modified_gmt":"2019-07-15T10:10:41","slug":"habitat-connecte-barometre-qualitel-ipsos","status":"publish","type":"post","link":"https:\/\/batijournal.com\/index.php\/habitat-connecte-barometre-qualitel-ipsos\/100343\/","title":{"rendered":"L&rsquo;habitat connect\u00e9 et les Fran\u00e7ais dans le deuxi\u00e8me Barom\u00e8tre Qualitel-Ipsos"},"content":{"rendered":"<p>L\u2019Association QUALITEL a publi\u00e9, en partenariat avec Ipsos, la deuxi\u00e8me \u00e9dition de son barom\u00e8tre annuel consacr\u00e9 \u00e0 la Qualit\u00e9 de vie \u00e0 la maison. Selon cette \u00e9tude, le logement connect\u00e9 est encore minoritaire : 3 habitats sur 10 poss\u00e8dent au moins un \u00e9quipement connect\u00e9. Sa part ne cesse de progresser dans le parc global : 54 % des logements r\u00e9cents (moins de 5 ans) comptent au moins un service connect\u00e9, et 30 % en comptent m\u00eame deux ou plus. L\u2019alerte anti-intrusion est le service connect\u00e9 le plus \u00ab populaire \u00bb : il \u00e9quipe 21 % des logements. Suivent la vid\u00e9osurveillance (15 % des foyers \u00e9quip\u00e9s), le pilotage du chauffage (12 %), le pilotage des \u00e9quipements \u00e0 distance (11 %) et l\u2019alerte en cas d\u2019inactivit\u00e9 suspecte d\u2019une personne \u00e2g\u00e9e \/ handicap\u00e9e (8 %). Pourtant, moins de la moiti\u00e9 des Fran\u00e7ais se d\u00e9clarent pr\u00eats \u00e0 investir dans des services connect\u00e9s, m\u00eame pour ceux jug\u00e9s les plus utiles. 75 % des r\u00e9pondants consid\u00e8rent que \u00ab des prix trop \u00e9lev\u00e9s les dissuaderaient d\u2019\u00e9quiper leur logement en objets connect\u00e9s \u00bb. Pour fonctionner, les services connect\u00e9s ont besoin d\u2019\u00eatre&#8230; connect\u00e9s. Or, plus de la moiti\u00e9 des Fran\u00e7ais ont peur que les ondes wifi \/ \u00e9lectromagn\u00e9tiques nuisent \u00e0 leur sant\u00e9 ou \u00e0 celle de leurs proches. Une crainte d\u2019autant plus forte que la famille est nombreuse. Les personnes vivant seules sont 45 % \u00e0 craindre les ondes, contre 51 % pour les foyers de deux personnes, et 61 % pour ceux de quatre personnes ou plus. Les Fran\u00e7ais craignent aussi que leurs \u00e9quipements ne se transforment en \u00ab mouchards \u00bb. Trois quarts des personnes interrog\u00e9es disent avoir peur que \u00ab des entreprises r\u00e9cup\u00e8rent (leurs) informations personnelles pour un usage commercial \u00bb.<\/p>\n","protected":false},"excerpt":{"rendered":"<p>L\u2019Association QUALITEL a publi\u00e9, en partenariat avec Ipsos, la deuxi\u00e8me \u00e9dition de son barom\u00e8tre annuel consacr\u00e9 \u00e0 la Qualit\u00e9 de vie \u00e0 la maison. Selon cette \u00e9tude, le logement connect\u00e9 est encore minoritaire : 3 habitats sur 10 poss\u00e8dent au moins un \u00e9quipement connect\u00e9. Sa part ne cesse de progresser dans le parc global : [&hellip;]<\/p>\n","protected":false},"author":17,"featured_media":100344,"comment_status":"closed","ping_status":"closed","sticky":false,"template":"","format":"standard","meta":{"_et_pb_use_builder":"","_et_pb_old_content":"","_et_gb_content_width":"","footnotes":""},"categories":[10530,6340,10771,10775],"tags":[7262,878],"class_list":["post-100343","post","type-post","status-publish","format-standard","has-post-thumbnail","hentry","category-actualites","category-architecture-conception","category-5facades","category-actualites-5facades","tag-maison-connectee","tag-qualitel"],"yoast_head":"<!-- This site is optimized with the Yoast SEO plugin v27.4 - https:\/\/yoast.com\/product\/yoast-seo-wordpress\/ -->\n<title>Habitat connect\u00e9 et les Fran\u00e7ais dans le 2e Barom\u00e8tre Qualitel-Ipsos<\/title>\n<meta name=\"description\" content=\"Habitat connect\u00e9 : 3 habitats sur 10 poss\u00e8dent au moins un \u00e9quipement connect\u00e9, sa part ne cesse de progresser dans le parc global pour Qualitel\" \/>\n<meta name=\"robots\" content=\"index, follow, max-snippet:-1, max-image-preview:large, max-video-preview:-1\" \/>\n<link rel=\"canonical\" href=\"https:\/\/batijournal.com\/index.php\/habitat-connecte-barometre-qualitel-ipsos\/100343\/\" \/>\n<meta property=\"og:locale\" content=\"fr_FR\" \/>\n<meta property=\"og:type\" content=\"article\" \/>\n<meta property=\"og:title\" content=\"Habitat connect\u00e9 et les Fran\u00e7ais dans le 2e Barom\u00e8tre Qualitel-Ipsos\" \/>\n<meta property=\"og:description\" content=\"Habitat connect\u00e9 : 3 habitats sur 10 poss\u00e8dent au moins un \u00e9quipement connect\u00e9, sa part ne cesse de progresser dans le parc global pour Qualitel\" \/>\n<meta property=\"og:url\" content=\"https:\/\/batijournal.com\/index.php\/habitat-connecte-barometre-qualitel-ipsos\/100343\/\" \/>\n<meta property=\"og:site_name\" content=\"Batijournal\" \/>\n<meta property=\"article:published_time\" content=\"2018-10-02T07:39:39+00:00\" \/>\n<meta property=\"article:modified_time\" content=\"2019-07-15T10:10:41+00:00\" \/>\n<meta property=\"og:image\" content=\"https:\/\/batijournal.com\/wp-content\/uploads\/2018\/10\/habitat-connecte-Barometre-Qualitel-Ipsos.png\" \/>\n\t<meta property=\"og:image:width\" content=\"897\" \/>\n\t<meta property=\"og:image:height\" content=\"516\" \/>\n\t<meta property=\"og:image:type\" content=\"image\/png\" \/>\n<meta name=\"author\" content=\"St\u00e9phane Miget\" \/>\n<meta name=\"twitter:card\" content=\"summary_large_image\" \/>\n<meta name=\"twitter:creator\" content=\"@bati_journal\" \/>\n<meta name=\"twitter:site\" content=\"@bati_journal\" \/>\n<meta name=\"twitter:label1\" content=\"\u00c9crit par\" \/>\n\t<meta name=\"twitter:data1\" content=\"St\u00e9phane Miget\" \/>\n\t<meta name=\"twitter:label2\" content=\"Dur\u00e9e de lecture estim\u00e9e\" \/>\n\t<meta name=\"twitter:data2\" content=\"1 minute\" \/>\n<script type=\"application\/ld+json\" class=\"yoast-schema-graph\">{\"@context\":\"https:\\\/\\\/schema.org\",\"@graph\":[{\"@type\":\"Article\",\"@id\":\"https:\\\/\\\/batijournal.com\\\/index.php\\\/habitat-connecte-barometre-qualitel-ipsos\\\/100343\\\/#article\",\"isPartOf\":{\"@id\":\"https:\\\/\\\/batijournal.com\\\/index.php\\\/habitat-connecte-barometre-qualitel-ipsos\\\/100343\\\/\"},\"author\":{\"name\":\"St\u00e9phane Miget\",\"@id\":\"https:\\\/\\\/batijournal.com\\\/#\\\/schema\\\/person\\\/1dc96ec6957aa1ccb25ebe78bb19f100\"},\"headline\":\"L&rsquo;habitat connect\u00e9 et les Fran\u00e7ais dans le deuxi\u00e8me Barom\u00e8tre Qualitel-Ipsos\",\"datePublished\":\"2018-10-02T07:39:39+00:00\",\"dateModified\":\"2019-07-15T10:10:41+00:00\",\"mainEntityOfPage\":{\"@id\":\"https:\\\/\\\/batijournal.com\\\/index.php\\\/habitat-connecte-barometre-qualitel-ipsos\\\/100343\\\/\"},\"wordCount\":288,\"image\":{\"@id\":\"https:\\\/\\\/batijournal.com\\\/index.php\\\/habitat-connecte-barometre-qualitel-ipsos\\\/100343\\\/#primaryimage\"},\"thumbnailUrl\":\"https:\\\/\\\/batijournal.com\\\/wp-content\\\/uploads\\\/2018\\\/10\\\/habitat-connecte-Barometre-Qualitel-Ipsos.png\",\"keywords\":[\"maison connectee\",\"Qualitel\"],\"articleSection\":[\"Actualit\u00e9s\",\"Architecture &amp; Conception\",\"zz_5fa\u00e7ades\",\"zz_Actualit\u00e9s - 5fa\u00e7ades\"],\"inLanguage\":\"fr-FR\"},{\"@type\":\"WebPage\",\"@id\":\"https:\\\/\\\/batijournal.com\\\/index.php\\\/habitat-connecte-barometre-qualitel-ipsos\\\/100343\\\/\",\"url\":\"https:\\\/\\\/batijournal.com\\\/index.php\\\/habitat-connecte-barometre-qualitel-ipsos\\\/100343\\\/\",\"name\":\"Habitat connect\u00e9 et les Fran\u00e7ais dans le 2e Barom\u00e8tre Qualitel-Ipsos\",\"isPartOf\":{\"@id\":\"https:\\\/\\\/batijournal.com\\\/#website\"},\"primaryImageOfPage\":{\"@id\":\"https:\\\/\\\/batijournal.com\\\/index.php\\\/habitat-connecte-barometre-qualitel-ipsos\\\/100343\\\/#primaryimage\"},\"image\":{\"@id\":\"https:\\\/\\\/batijournal.com\\\/index.php\\\/habitat-connecte-barometre-qualitel-ipsos\\\/100343\\\/#primaryimage\"},\"thumbnailUrl\":\"https:\\\/\\\/batijournal.com\\\/wp-content\\\/uploads\\\/2018\\\/10\\\/habitat-connecte-Barometre-Qualitel-Ipsos.png\",\"datePublished\":\"2018-10-02T07:39:39+00:00\",\"dateModified\":\"2019-07-15T10:10:41+00:00\",\"author\":{\"@id\":\"https:\\\/\\\/batijournal.com\\\/#\\\/schema\\\/person\\\/1dc96ec6957aa1ccb25ebe78bb19f100\"},\"description\":\"Habitat connect\u00e9 : 3 habitats sur 10 poss\u00e8dent au moins un \u00e9quipement connect\u00e9, sa part ne cesse de progresser dans le parc global pour Qualitel\",\"breadcrumb\":{\"@id\":\"https:\\\/\\\/batijournal.com\\\/index.php\\\/habitat-connecte-barometre-qualitel-ipsos\\\/100343\\\/#breadcrumb\"},\"inLanguage\":\"fr-FR\",\"potentialAction\":[{\"@type\":\"ReadAction\",\"target\":[\"https:\\\/\\\/batijournal.com\\\/index.php\\\/habitat-connecte-barometre-qualitel-ipsos\\\/100343\\\/\"]}]},{\"@type\":\"ImageObject\",\"inLanguage\":\"fr-FR\",\"@id\":\"https:\\\/\\\/batijournal.com\\\/index.php\\\/habitat-connecte-barometre-qualitel-ipsos\\\/100343\\\/#primaryimage\",\"url\":\"https:\\\/\\\/batijournal.com\\\/wp-content\\\/uploads\\\/2018\\\/10\\\/habitat-connecte-Barometre-Qualitel-Ipsos.png\",\"contentUrl\":\"https:\\\/\\\/batijournal.com\\\/wp-content\\\/uploads\\\/2018\\\/10\\\/habitat-connecte-Barometre-Qualitel-Ipsos.png\",\"width\":897,\"height\":516},{\"@type\":\"BreadcrumbList\",\"@id\":\"https:\\\/\\\/batijournal.com\\\/index.php\\\/habitat-connecte-barometre-qualitel-ipsos\\\/100343\\\/#breadcrumb\",\"itemListElement\":[{\"@type\":\"ListItem\",\"position\":1,\"name\":\"Accueil\",\"item\":\"https:\\\/\\\/batijournal.com\\\/\"},{\"@type\":\"ListItem\",\"position\":2,\"name\":\"Actualit\u00e9s\",\"item\":\"https:\\\/\\\/batijournal.com\\\/index.php\\\/category\\\/actualites\\\/\"},{\"@type\":\"ListItem\",\"position\":3,\"name\":\"L&rsquo;habitat connect\u00e9 et les Fran\u00e7ais dans le deuxi\u00e8me Barom\u00e8tre Qualitel-Ipsos\"}]},{\"@type\":\"WebSite\",\"@id\":\"https:\\\/\\\/batijournal.com\\\/#website\",\"url\":\"https:\\\/\\\/batijournal.com\\\/\",\"name\":\"Batijournal\",\"description\":\"L&#039;actualit\u00e9 du b\u00e2timent\",\"potentialAction\":[{\"@type\":\"SearchAction\",\"target\":{\"@type\":\"EntryPoint\",\"urlTemplate\":\"https:\\\/\\\/batijournal.com\\\/?s={search_term_string}\"},\"query-input\":{\"@type\":\"PropertyValueSpecification\",\"valueRequired\":true,\"valueName\":\"search_term_string\"}}],\"inLanguage\":\"fr-FR\"},{\"@type\":\"Person\",\"@id\":\"https:\\\/\\\/batijournal.com\\\/#\\\/schema\\\/person\\\/1dc96ec6957aa1ccb25ebe78bb19f100\",\"name\":\"St\u00e9phane Miget\",\"image\":{\"@type\":\"ImageObject\",\"inLanguage\":\"fr-FR\",\"@id\":\"https:\\\/\\\/secure.gravatar.com\\\/avatar\\\/89915563d925342126b8ef0281b93d9d7fc337043e8df017f780908eb9644451?s=96&d=mm&r=g\",\"url\":\"https:\\\/\\\/secure.gravatar.com\\\/avatar\\\/89915563d925342126b8ef0281b93d9d7fc337043e8df017f780908eb9644451?s=96&d=mm&r=g\",\"contentUrl\":\"https:\\\/\\\/secure.gravatar.com\\\/avatar\\\/89915563d925342126b8ef0281b93d9d7fc337043e8df017f780908eb9644451?s=96&d=mm&r=g\",\"caption\":\"St\u00e9phane Miget\"},\"url\":\"https:\\\/\\\/batijournal.com\\\/index.php\\\/author\\\/stephane\\\/\"}]}<\/script>\n<!-- \/ Yoast SEO plugin. -->","yoast_head_json":{"title":"Habitat connect\u00e9 et les Fran\u00e7ais dans le 2e Barom\u00e8tre Qualitel-Ipsos","description":"Habitat connect\u00e9 : 3 habitats sur 10 poss\u00e8dent au moins un \u00e9quipement connect\u00e9, sa part ne cesse de progresser dans le parc global pour Qualitel","robots":{"index":"index","follow":"follow","max-snippet":"max-snippet:-1","max-image-preview":"max-image-preview:large","max-video-preview":"max-video-preview:-1"},"canonical":"https:\/\/batijournal.com\/index.php\/habitat-connecte-barometre-qualitel-ipsos\/100343\/","og_locale":"fr_FR","og_type":"article","og_title":"Habitat connect\u00e9 et les Fran\u00e7ais dans le 2e Barom\u00e8tre Qualitel-Ipsos","og_description":"Habitat connect\u00e9 : 3 habitats sur 10 poss\u00e8dent au moins un \u00e9quipement connect\u00e9, sa part ne cesse de progresser dans le parc global pour Qualitel","og_url":"https:\/\/batijournal.com\/index.php\/habitat-connecte-barometre-qualitel-ipsos\/100343\/","og_site_name":"Batijournal","article_published_time":"2018-10-02T07:39:39+00:00","article_modified_time":"2019-07-15T10:10:41+00:00","og_image":[{"width":897,"height":516,"url":"https:\/\/batijournal.com\/wp-content\/uploads\/2018\/10\/habitat-connecte-Barometre-Qualitel-Ipsos.png","type":"image\/png"}],"author":"St\u00e9phane Miget","twitter_card":"summary_large_image","twitter_creator":"@bati_journal","twitter_site":"@bati_journal","twitter_misc":{"\u00c9crit par":"St\u00e9phane Miget","Dur\u00e9e de lecture estim\u00e9e":"1 minute"},"schema":{"@context":"https:\/\/schema.org","@graph":[{"@type":"Article","@id":"https:\/\/batijournal.com\/index.php\/habitat-connecte-barometre-qualitel-ipsos\/100343\/#article","isPartOf":{"@id":"https:\/\/batijournal.com\/index.php\/habitat-connecte-barometre-qualitel-ipsos\/100343\/"},"author":{"name":"St\u00e9phane Miget","@id":"https:\/\/batijournal.com\/#\/schema\/person\/1dc96ec6957aa1ccb25ebe78bb19f100"},"headline":"L&rsquo;habitat connect\u00e9 et les Fran\u00e7ais dans le deuxi\u00e8me Barom\u00e8tre Qualitel-Ipsos","datePublished":"2018-10-02T07:39:39+00:00","dateModified":"2019-07-15T10:10:41+00:00","mainEntityOfPage":{"@id":"https:\/\/batijournal.com\/index.php\/habitat-connecte-barometre-qualitel-ipsos\/100343\/"},"wordCount":288,"image":{"@id":"https:\/\/batijournal.com\/index.php\/habitat-connecte-barometre-qualitel-ipsos\/100343\/#primaryimage"},"thumbnailUrl":"https:\/\/batijournal.com\/wp-content\/uploads\/2018\/10\/habitat-connecte-Barometre-Qualitel-Ipsos.png","keywords":["maison connectee","Qualitel"],"articleSection":["Actualit\u00e9s","Architecture &amp; Conception","zz_5fa\u00e7ades","zz_Actualit\u00e9s - 5fa\u00e7ades"],"inLanguage":"fr-FR"},{"@type":"WebPage","@id":"https:\/\/batijournal.com\/index.php\/habitat-connecte-barometre-qualitel-ipsos\/100343\/","url":"https:\/\/batijournal.com\/index.php\/habitat-connecte-barometre-qualitel-ipsos\/100343\/","name":"Habitat connect\u00e9 et les Fran\u00e7ais dans le 2e Barom\u00e8tre Qualitel-Ipsos","isPartOf":{"@id":"https:\/\/batijournal.com\/#website"},"primaryImageOfPage":{"@id":"https:\/\/batijournal.com\/index.php\/habitat-connecte-barometre-qualitel-ipsos\/100343\/#primaryimage"},"image":{"@id":"https:\/\/batijournal.com\/index.php\/habitat-connecte-barometre-qualitel-ipsos\/100343\/#primaryimage"},"thumbnailUrl":"https:\/\/batijournal.com\/wp-content\/uploads\/2018\/10\/habitat-connecte-Barometre-Qualitel-Ipsos.png","datePublished":"2018-10-02T07:39:39+00:00","dateModified":"2019-07-15T10:10:41+00:00","author":{"@id":"https:\/\/batijournal.com\/#\/schema\/person\/1dc96ec6957aa1ccb25ebe78bb19f100"},"description":"Habitat connect\u00e9 : 3 habitats sur 10 poss\u00e8dent au moins un \u00e9quipement connect\u00e9, sa part ne cesse de progresser dans le parc global pour Qualitel","breadcrumb":{"@id":"https:\/\/batijournal.com\/index.php\/habitat-connecte-barometre-qualitel-ipsos\/100343\/#breadcrumb"},"inLanguage":"fr-FR","potentialAction":[{"@type":"ReadAction","target":["https:\/\/batijournal.com\/index.php\/habitat-connecte-barometre-qualitel-ipsos\/100343\/"]}]},{"@type":"ImageObject","inLanguage":"fr-FR","@id":"https:\/\/batijournal.com\/index.php\/habitat-connecte-barometre-qualitel-ipsos\/100343\/#primaryimage","url":"https:\/\/batijournal.com\/wp-content\/uploads\/2018\/10\/habitat-connecte-Barometre-Qualitel-Ipsos.png","contentUrl":"https:\/\/batijournal.com\/wp-content\/uploads\/2018\/10\/habitat-connecte-Barometre-Qualitel-Ipsos.png","width":897,"height":516},{"@type":"BreadcrumbList","@id":"https:\/\/batijournal.com\/index.php\/habitat-connecte-barometre-qualitel-ipsos\/100343\/#breadcrumb","itemListElement":[{"@type":"ListItem","position":1,"name":"Accueil","item":"https:\/\/batijournal.com\/"},{"@type":"ListItem","position":2,"name":"Actualit\u00e9s","item":"https:\/\/batijournal.com\/index.php\/category\/actualites\/"},{"@type":"ListItem","position":3,"name":"L&rsquo;habitat connect\u00e9 et les Fran\u00e7ais dans le deuxi\u00e8me Barom\u00e8tre Qualitel-Ipsos"}]},{"@type":"WebSite","@id":"https:\/\/batijournal.com\/#website","url":"https:\/\/batijournal.com\/","name":"Batijournal","description":"L&#039;actualit\u00e9 du b\u00e2timent","potentialAction":[{"@type":"SearchAction","target":{"@type":"EntryPoint","urlTemplate":"https:\/\/batijournal.com\/?s={search_term_string}"},"query-input":{"@type":"PropertyValueSpecification","valueRequired":true,"valueName":"search_term_string"}}],"inLanguage":"fr-FR"},{"@type":"Person","@id":"https:\/\/batijournal.com\/#\/schema\/person\/1dc96ec6957aa1ccb25ebe78bb19f100","name":"St\u00e9phane Miget","image":{"@type":"ImageObject","inLanguage":"fr-FR","@id":"https:\/\/secure.gravatar.com\/avatar\/89915563d925342126b8ef0281b93d9d7fc337043e8df017f780908eb9644451?s=96&d=mm&r=g","url":"https:\/\/secure.gravatar.com\/avatar\/89915563d925342126b8ef0281b93d9d7fc337043e8df017f780908eb9644451?s=96&d=mm&r=g","contentUrl":"https:\/\/secure.gravatar.com\/avatar\/89915563d925342126b8ef0281b93d9d7fc337043e8df017f780908eb9644451?s=96&d=mm&r=g","caption":"St\u00e9phane Miget"},"url":"https:\/\/batijournal.com\/index.php\/author\/stephane\/"}]}},"_links":{"self":[{"href":"https:\/\/batijournal.com\/index.php\/wp-json\/wp\/v2\/posts\/100343","targetHints":{"allow":["GET"]}}],"collection":[{"href":"https:\/\/batijournal.com\/index.php\/wp-json\/wp\/v2\/posts"}],"about":[{"href":"https:\/\/batijournal.com\/index.php\/wp-json\/wp\/v2\/types\/post"}],"author":[{"embeddable":true,"href":"https:\/\/batijournal.com\/index.php\/wp-json\/wp\/v2\/users\/17"}],"replies":[{"embeddable":true,"href":"https:\/\/batijournal.com\/index.php\/wp-json\/wp\/v2\/comments?post=100343"}],"version-history":[{"count":0,"href":"https:\/\/batijournal.com\/index.php\/wp-json\/wp\/v2\/posts\/100343\/revisions"}],"wp:featuredmedia":[{"embeddable":true,"href":"https:\/\/batijournal.com\/index.php\/wp-json\/wp\/v2\/media\/100344"}],"wp:attachment":[{"href":"https:\/\/batijournal.com\/index.php\/wp-json\/wp\/v2\/media?parent=100343"}],"wp:term":[{"taxonomy":"category","embeddable":true,"href":"https:\/\/batijournal.com\/index.php\/wp-json\/wp\/v2\/categories?post=100343"},{"taxonomy":"post_tag","embeddable":true,"href":"https:\/\/batijournal.com\/index.php\/wp-json\/wp\/v2\/tags?post=100343"}],"curies":[{"name":"wp","href":"https:\/\/api.w.org\/{rel}","templated":true}]}}