{"id":100410,"date":"2018-10-09T09:14:26","date_gmt":"2018-10-09T07:14:26","guid":{"rendered":"https:\/\/batijournal.com\/?p=100410"},"modified":"2019-07-15T12:23:33","modified_gmt":"2019-07-15T10:23:33","slug":"rechauffement-climatique-pour-le-giec-il-faut-agir-maintenant-et-fortement","status":"publish","type":"post","link":"https:\/\/batijournal.com\/index.php\/rechauffement-climatique-pour-le-giec-il-faut-agir-maintenant-et-fortement\/100410\/","title":{"rendered":"R\u00e9chauffement climatique : pour le GIEC, il faut agir maintenant et fortement"},"content":{"rendered":"<p>Dans son nouveau rapport, le GIEC confirme l&rsquo;augmentation des temp\u00e9ratures terrestres en raison des activit\u00e9s humaines. Actuellement de 1\u00b0C, le r\u00e9chauffement de la plan\u00e8te va atteindre 1,5\u00b0C voire 2\u00b0C entre 2030 et 2052. Avec pour cons\u00e9quences directes, la fonte des glaces et la mont\u00e9e du niveau des oc\u00e9ans qui vont notamment fortement menacer de submersion les pays insulaires et faire reculer les traits de c\u00f4tes. La situation est critique. Pour le GIEC, il faudrait imm\u00e9diatement enclencher une transition \u00e9nerg\u00e9tique forte. La climatologue Val\u00e9rie Masson-Delmotte, co-pr\u00e9sidente du groupe de travail sur les sciences du climat du GIEC, indique : \u00ab\u00a0Ne pas d\u00e9passer 1,5\u00b0C n\u2019est pas impossible, mais cela demande des transitions sans pr\u00e9c\u00e9dent dans tous les aspects de la soci\u00e9t\u00e9\u00a0\u00bb, d&rsquo;autant plaide-t-elle que, contenir le r\u00e9chauffement \u00e0 1,5\u00b0C, peut aller de pair avec la r\u00e9alisation des objectifs du d\u00e9veloppement durable, pour am\u00e9liorer la qualit\u00e9 de vie de tous.<\/p>\n<p>Si jamais la temp\u00e9rature devait augmenter de 2\u00b0C plut\u00f4t que 1,5\u00b0C, les journ\u00e9es extr\u00eamement chaudes seraient plus nombreuses dans toutes les r\u00e9gions du globe. Les pr\u00e9cipitations augmenteraient dans l&rsquo;h\u00e9misph\u00e8re nord avec une multiplication des risques d&rsquo;inondations. Certaines r\u00e9gions devraient devenir plus s\u00e8ches comme le bassin m\u00e9diterran\u00e9en. Tout r\u00e9chauffement suppl\u00e9mentaire inclurait \u00e9galement une fonte plus importante des inlandsis et des glaciers et une mont\u00e9e irr\u00e9m\u00e9diable du niveau de la mer, qui se poursuivrait bien apr\u00e8s la stabilisation des concentrations de CO2 dans l&rsquo;atmosph\u00e8re.<\/p>\n<p>Visuel : GIEC<\/p>\n<p>&nbsp;<\/p>\n","protected":false},"excerpt":{"rendered":"<p>Dans son nouveau rapport, le GIEC confirme l&rsquo;augmentation des temp\u00e9ratures terrestres en raison des activit\u00e9s humaines. Actuellement de 1\u00b0C, le r\u00e9chauffement de la plan\u00e8te va atteindre 1,5\u00b0C voire 2\u00b0C entre 2030 et 2052. Avec pour cons\u00e9quences directes, la fonte des glaces et la mont\u00e9e du niveau des oc\u00e9ans qui vont notamment fortement menacer de submersion [&hellip;]<\/p>\n","protected":false},"author":17,"featured_media":100411,"comment_status":"closed","ping_status":"closed","sticky":false,"template":"","format":"standard","meta":{"_et_pb_use_builder":"","_et_pb_old_content":"","_et_gb_content_width":"","footnotes":""},"categories":[10736,10530,6351,10778],"tags":[8251],"class_list":["post-100410","post","type-post","status-publish","format-standard","has-post-thumbnail","hentry","category-a-la-une","category-actualites","category-energie-environnement","category-planete","tag-rechauffement-climatique"],"yoast_head":"<!-- This site is optimized with the Yoast SEO plugin v27.4 - https:\/\/yoast.com\/product\/yoast-seo-wordpress\/ -->\n<title>R\u00e9chauffement climatique : pour le GIEC, il faut agir maintenant et fortement<\/title>\n<meta name=\"description\" content=\"Dans son nouveau rapport, le GIEC confirme l&#039;augmentation des temp\u00e9ratures en raison des activit\u00e9s humaines, le r\u00e9chauffement va atteindre 1,5\u00b0C voire 2\u00b0C\" \/>\n<meta name=\"robots\" content=\"index, follow, max-snippet:-1, max-image-preview:large, max-video-preview:-1\" \/>\n<link rel=\"canonical\" href=\"https:\/\/batijournal.com\/index.php\/rechauffement-climatique-pour-le-giec-il-faut-agir-maintenant-et-fortement\/100410\/\" \/>\n<meta property=\"og:locale\" content=\"fr_FR\" \/>\n<meta property=\"og:type\" content=\"article\" \/>\n<meta property=\"og:title\" content=\"R\u00e9chauffement climatique : pour le GIEC, il faut agir maintenant et fortement\" \/>\n<meta property=\"og:description\" content=\"Dans son nouveau rapport, le GIEC confirme l&#039;augmentation des temp\u00e9ratures en raison des activit\u00e9s humaines, le r\u00e9chauffement va atteindre 1,5\u00b0C voire 2\u00b0C\" \/>\n<meta property=\"og:url\" content=\"https:\/\/batijournal.com\/index.php\/rechauffement-climatique-pour-le-giec-il-faut-agir-maintenant-et-fortement\/100410\/\" \/>\n<meta property=\"og:site_name\" content=\"Batijournal\" \/>\n<meta property=\"article:published_time\" content=\"2018-10-09T07:14:26+00:00\" \/>\n<meta property=\"article:modified_time\" content=\"2019-07-15T10:23:33+00:00\" \/>\n<meta property=\"og:image\" content=\"https:\/\/batijournal.com\/wp-content\/uploads\/2018\/10\/augmentation-de-la-temperature-effet-de-serre-rapport-GIEC.png\" \/>\n\t<meta property=\"og:image:width\" content=\"970\" \/>\n\t<meta property=\"og:image:height\" content=\"580\" \/>\n\t<meta property=\"og:image:type\" content=\"image\/png\" \/>\n<meta name=\"author\" content=\"St\u00e9phane Miget\" \/>\n<meta name=\"twitter:card\" content=\"summary_large_image\" \/>\n<meta name=\"twitter:creator\" content=\"@bati_journal\" \/>\n<meta name=\"twitter:site\" content=\"@bati_journal\" \/>\n<meta name=\"twitter:label1\" content=\"\u00c9crit par\" \/>\n\t<meta name=\"twitter:data1\" content=\"St\u00e9phane Miget\" \/>\n\t<meta name=\"twitter:label2\" content=\"Dur\u00e9e de lecture estim\u00e9e\" \/>\n\t<meta name=\"twitter:data2\" content=\"1 minute\" \/>\n<script type=\"application\/ld+json\" class=\"yoast-schema-graph\">{\"@context\":\"https:\\\/\\\/schema.org\",\"@graph\":[{\"@type\":\"Article\",\"@id\":\"https:\\\/\\\/batijournal.com\\\/index.php\\\/rechauffement-climatique-pour-le-giec-il-faut-agir-maintenant-et-fortement\\\/100410\\\/#article\",\"isPartOf\":{\"@id\":\"https:\\\/\\\/batijournal.com\\\/index.php\\\/rechauffement-climatique-pour-le-giec-il-faut-agir-maintenant-et-fortement\\\/100410\\\/\"},\"author\":{\"name\":\"St\u00e9phane Miget\",\"@id\":\"https:\\\/\\\/batijournal.com\\\/#\\\/schema\\\/person\\\/1dc96ec6957aa1ccb25ebe78bb19f100\"},\"headline\":\"R\u00e9chauffement climatique : pour le GIEC, il faut agir maintenant et fortement\",\"datePublished\":\"2018-10-09T07:14:26+00:00\",\"dateModified\":\"2019-07-15T10:23:33+00:00\",\"mainEntityOfPage\":{\"@id\":\"https:\\\/\\\/batijournal.com\\\/index.php\\\/rechauffement-climatique-pour-le-giec-il-faut-agir-maintenant-et-fortement\\\/100410\\\/\"},\"wordCount\":285,\"image\":{\"@id\":\"https:\\\/\\\/batijournal.com\\\/index.php\\\/rechauffement-climatique-pour-le-giec-il-faut-agir-maintenant-et-fortement\\\/100410\\\/#primaryimage\"},\"thumbnailUrl\":\"https:\\\/\\\/batijournal.com\\\/wp-content\\\/uploads\\\/2018\\\/10\\\/augmentation-de-la-temperature-effet-de-serre-rapport-GIEC.png\",\"keywords\":[\"rechauffement climatique\"],\"articleSection\":[\"A la Une\",\"Actualit\u00e9s\",\"\u00c9nergie &amp; Environnement\",\"zz_Plan\u00e8te B\u00e2timent\"],\"inLanguage\":\"fr-FR\"},{\"@type\":\"WebPage\",\"@id\":\"https:\\\/\\\/batijournal.com\\\/index.php\\\/rechauffement-climatique-pour-le-giec-il-faut-agir-maintenant-et-fortement\\\/100410\\\/\",\"url\":\"https:\\\/\\\/batijournal.com\\\/index.php\\\/rechauffement-climatique-pour-le-giec-il-faut-agir-maintenant-et-fortement\\\/100410\\\/\",\"name\":\"R\u00e9chauffement climatique : pour le GIEC, il faut agir maintenant et fortement\",\"isPartOf\":{\"@id\":\"https:\\\/\\\/batijournal.com\\\/#website\"},\"primaryImageOfPage\":{\"@id\":\"https:\\\/\\\/batijournal.com\\\/index.php\\\/rechauffement-climatique-pour-le-giec-il-faut-agir-maintenant-et-fortement\\\/100410\\\/#primaryimage\"},\"image\":{\"@id\":\"https:\\\/\\\/batijournal.com\\\/index.php\\\/rechauffement-climatique-pour-le-giec-il-faut-agir-maintenant-et-fortement\\\/100410\\\/#primaryimage\"},\"thumbnailUrl\":\"https:\\\/\\\/batijournal.com\\\/wp-content\\\/uploads\\\/2018\\\/10\\\/augmentation-de-la-temperature-effet-de-serre-rapport-GIEC.png\",\"datePublished\":\"2018-10-09T07:14:26+00:00\",\"dateModified\":\"2019-07-15T10:23:33+00:00\",\"author\":{\"@id\":\"https:\\\/\\\/batijournal.com\\\/#\\\/schema\\\/person\\\/1dc96ec6957aa1ccb25ebe78bb19f100\"},\"description\":\"Dans son nouveau rapport, le GIEC confirme l'augmentation des temp\u00e9ratures en raison des activit\u00e9s humaines, le r\u00e9chauffement va atteindre 1,5\u00b0C voire 2\u00b0C\",\"breadcrumb\":{\"@id\":\"https:\\\/\\\/batijournal.com\\\/index.php\\\/rechauffement-climatique-pour-le-giec-il-faut-agir-maintenant-et-fortement\\\/100410\\\/#breadcrumb\"},\"inLanguage\":\"fr-FR\",\"potentialAction\":[{\"@type\":\"ReadAction\",\"target\":[\"https:\\\/\\\/batijournal.com\\\/index.php\\\/rechauffement-climatique-pour-le-giec-il-faut-agir-maintenant-et-fortement\\\/100410\\\/\"]}]},{\"@type\":\"ImageObject\",\"inLanguage\":\"fr-FR\",\"@id\":\"https:\\\/\\\/batijournal.com\\\/index.php\\\/rechauffement-climatique-pour-le-giec-il-faut-agir-maintenant-et-fortement\\\/100410\\\/#primaryimage\",\"url\":\"https:\\\/\\\/batijournal.com\\\/wp-content\\\/uploads\\\/2018\\\/10\\\/augmentation-de-la-temperature-effet-de-serre-rapport-GIEC.png\",\"contentUrl\":\"https:\\\/\\\/batijournal.com\\\/wp-content\\\/uploads\\\/2018\\\/10\\\/augmentation-de-la-temperature-effet-de-serre-rapport-GIEC.png\",\"width\":970,\"height\":580,\"caption\":\"augmentation-de-la-temperature-effet-de-serre-rapport-GIEC\"},{\"@type\":\"BreadcrumbList\",\"@id\":\"https:\\\/\\\/batijournal.com\\\/index.php\\\/rechauffement-climatique-pour-le-giec-il-faut-agir-maintenant-et-fortement\\\/100410\\\/#breadcrumb\",\"itemListElement\":[{\"@type\":\"ListItem\",\"position\":1,\"name\":\"Accueil\",\"item\":\"https:\\\/\\\/batijournal.com\\\/\"},{\"@type\":\"ListItem\",\"position\":2,\"name\":\"A la Une\",\"item\":\"https:\\\/\\\/batijournal.com\\\/index.php\\\/category\\\/a-la-une\\\/\"},{\"@type\":\"ListItem\",\"position\":3,\"name\":\"R\u00e9chauffement climatique : pour le GIEC, il faut agir maintenant et fortement\"}]},{\"@type\":\"WebSite\",\"@id\":\"https:\\\/\\\/batijournal.com\\\/#website\",\"url\":\"https:\\\/\\\/batijournal.com\\\/\",\"name\":\"Batijournal\",\"description\":\"L&#039;actualit\u00e9 du b\u00e2timent\",\"potentialAction\":[{\"@type\":\"SearchAction\",\"target\":{\"@type\":\"EntryPoint\",\"urlTemplate\":\"https:\\\/\\\/batijournal.com\\\/?s={search_term_string}\"},\"query-input\":{\"@type\":\"PropertyValueSpecification\",\"valueRequired\":true,\"valueName\":\"search_term_string\"}}],\"inLanguage\":\"fr-FR\"},{\"@type\":\"Person\",\"@id\":\"https:\\\/\\\/batijournal.com\\\/#\\\/schema\\\/person\\\/1dc96ec6957aa1ccb25ebe78bb19f100\",\"name\":\"St\u00e9phane Miget\",\"image\":{\"@type\":\"ImageObject\",\"inLanguage\":\"fr-FR\",\"@id\":\"https:\\\/\\\/secure.gravatar.com\\\/avatar\\\/89915563d925342126b8ef0281b93d9d7fc337043e8df017f780908eb9644451?s=96&d=mm&r=g\",\"url\":\"https:\\\/\\\/secure.gravatar.com\\\/avatar\\\/89915563d925342126b8ef0281b93d9d7fc337043e8df017f780908eb9644451?s=96&d=mm&r=g\",\"contentUrl\":\"https:\\\/\\\/secure.gravatar.com\\\/avatar\\\/89915563d925342126b8ef0281b93d9d7fc337043e8df017f780908eb9644451?s=96&d=mm&r=g\",\"caption\":\"St\u00e9phane Miget\"},\"url\":\"https:\\\/\\\/batijournal.com\\\/index.php\\\/author\\\/stephane\\\/\"}]}<\/script>\n<!-- \/ Yoast SEO plugin. -->","yoast_head_json":{"title":"R\u00e9chauffement climatique : pour le GIEC, il faut agir maintenant et fortement","description":"Dans son nouveau rapport, le GIEC confirme l'augmentation des temp\u00e9ratures en raison des activit\u00e9s humaines, le r\u00e9chauffement va atteindre 1,5\u00b0C voire 2\u00b0C","robots":{"index":"index","follow":"follow","max-snippet":"max-snippet:-1","max-image-preview":"max-image-preview:large","max-video-preview":"max-video-preview:-1"},"canonical":"https:\/\/batijournal.com\/index.php\/rechauffement-climatique-pour-le-giec-il-faut-agir-maintenant-et-fortement\/100410\/","og_locale":"fr_FR","og_type":"article","og_title":"R\u00e9chauffement climatique : pour le GIEC, il faut agir maintenant et fortement","og_description":"Dans son nouveau rapport, le GIEC confirme l'augmentation des temp\u00e9ratures en raison des activit\u00e9s humaines, le r\u00e9chauffement va atteindre 1,5\u00b0C voire 2\u00b0C","og_url":"https:\/\/batijournal.com\/index.php\/rechauffement-climatique-pour-le-giec-il-faut-agir-maintenant-et-fortement\/100410\/","og_site_name":"Batijournal","article_published_time":"2018-10-09T07:14:26+00:00","article_modified_time":"2019-07-15T10:23:33+00:00","og_image":[{"width":970,"height":580,"url":"https:\/\/batijournal.com\/wp-content\/uploads\/2018\/10\/augmentation-de-la-temperature-effet-de-serre-rapport-GIEC.png","type":"image\/png"}],"author":"St\u00e9phane Miget","twitter_card":"summary_large_image","twitter_creator":"@bati_journal","twitter_site":"@bati_journal","twitter_misc":{"\u00c9crit par":"St\u00e9phane Miget","Dur\u00e9e de lecture estim\u00e9e":"1 minute"},"schema":{"@context":"https:\/\/schema.org","@graph":[{"@type":"Article","@id":"https:\/\/batijournal.com\/index.php\/rechauffement-climatique-pour-le-giec-il-faut-agir-maintenant-et-fortement\/100410\/#article","isPartOf":{"@id":"https:\/\/batijournal.com\/index.php\/rechauffement-climatique-pour-le-giec-il-faut-agir-maintenant-et-fortement\/100410\/"},"author":{"name":"St\u00e9phane Miget","@id":"https:\/\/batijournal.com\/#\/schema\/person\/1dc96ec6957aa1ccb25ebe78bb19f100"},"headline":"R\u00e9chauffement climatique : pour le GIEC, il faut agir maintenant et fortement","datePublished":"2018-10-09T07:14:26+00:00","dateModified":"2019-07-15T10:23:33+00:00","mainEntityOfPage":{"@id":"https:\/\/batijournal.com\/index.php\/rechauffement-climatique-pour-le-giec-il-faut-agir-maintenant-et-fortement\/100410\/"},"wordCount":285,"image":{"@id":"https:\/\/batijournal.com\/index.php\/rechauffement-climatique-pour-le-giec-il-faut-agir-maintenant-et-fortement\/100410\/#primaryimage"},"thumbnailUrl":"https:\/\/batijournal.com\/wp-content\/uploads\/2018\/10\/augmentation-de-la-temperature-effet-de-serre-rapport-GIEC.png","keywords":["rechauffement climatique"],"articleSection":["A la Une","Actualit\u00e9s","\u00c9nergie &amp; Environnement","zz_Plan\u00e8te B\u00e2timent"],"inLanguage":"fr-FR"},{"@type":"WebPage","@id":"https:\/\/batijournal.com\/index.php\/rechauffement-climatique-pour-le-giec-il-faut-agir-maintenant-et-fortement\/100410\/","url":"https:\/\/batijournal.com\/index.php\/rechauffement-climatique-pour-le-giec-il-faut-agir-maintenant-et-fortement\/100410\/","name":"R\u00e9chauffement climatique : pour le GIEC, il faut agir maintenant et fortement","isPartOf":{"@id":"https:\/\/batijournal.com\/#website"},"primaryImageOfPage":{"@id":"https:\/\/batijournal.com\/index.php\/rechauffement-climatique-pour-le-giec-il-faut-agir-maintenant-et-fortement\/100410\/#primaryimage"},"image":{"@id":"https:\/\/batijournal.com\/index.php\/rechauffement-climatique-pour-le-giec-il-faut-agir-maintenant-et-fortement\/100410\/#primaryimage"},"thumbnailUrl":"https:\/\/batijournal.com\/wp-content\/uploads\/2018\/10\/augmentation-de-la-temperature-effet-de-serre-rapport-GIEC.png","datePublished":"2018-10-09T07:14:26+00:00","dateModified":"2019-07-15T10:23:33+00:00","author":{"@id":"https:\/\/batijournal.com\/#\/schema\/person\/1dc96ec6957aa1ccb25ebe78bb19f100"},"description":"Dans son nouveau rapport, le GIEC confirme l'augmentation des temp\u00e9ratures en raison des activit\u00e9s humaines, le r\u00e9chauffement va atteindre 1,5\u00b0C voire 2\u00b0C","breadcrumb":{"@id":"https:\/\/batijournal.com\/index.php\/rechauffement-climatique-pour-le-giec-il-faut-agir-maintenant-et-fortement\/100410\/#breadcrumb"},"inLanguage":"fr-FR","potentialAction":[{"@type":"ReadAction","target":["https:\/\/batijournal.com\/index.php\/rechauffement-climatique-pour-le-giec-il-faut-agir-maintenant-et-fortement\/100410\/"]}]},{"@type":"ImageObject","inLanguage":"fr-FR","@id":"https:\/\/batijournal.com\/index.php\/rechauffement-climatique-pour-le-giec-il-faut-agir-maintenant-et-fortement\/100410\/#primaryimage","url":"https:\/\/batijournal.com\/wp-content\/uploads\/2018\/10\/augmentation-de-la-temperature-effet-de-serre-rapport-GIEC.png","contentUrl":"https:\/\/batijournal.com\/wp-content\/uploads\/2018\/10\/augmentation-de-la-temperature-effet-de-serre-rapport-GIEC.png","width":970,"height":580,"caption":"augmentation-de-la-temperature-effet-de-serre-rapport-GIEC"},{"@type":"BreadcrumbList","@id":"https:\/\/batijournal.com\/index.php\/rechauffement-climatique-pour-le-giec-il-faut-agir-maintenant-et-fortement\/100410\/#breadcrumb","itemListElement":[{"@type":"ListItem","position":1,"name":"Accueil","item":"https:\/\/batijournal.com\/"},{"@type":"ListItem","position":2,"name":"A la Une","item":"https:\/\/batijournal.com\/index.php\/category\/a-la-une\/"},{"@type":"ListItem","position":3,"name":"R\u00e9chauffement climatique : pour le GIEC, il faut agir maintenant et fortement"}]},{"@type":"WebSite","@id":"https:\/\/batijournal.com\/#website","url":"https:\/\/batijournal.com\/","name":"Batijournal","description":"L&#039;actualit\u00e9 du b\u00e2timent","potentialAction":[{"@type":"SearchAction","target":{"@type":"EntryPoint","urlTemplate":"https:\/\/batijournal.com\/?s={search_term_string}"},"query-input":{"@type":"PropertyValueSpecification","valueRequired":true,"valueName":"search_term_string"}}],"inLanguage":"fr-FR"},{"@type":"Person","@id":"https:\/\/batijournal.com\/#\/schema\/person\/1dc96ec6957aa1ccb25ebe78bb19f100","name":"St\u00e9phane Miget","image":{"@type":"ImageObject","inLanguage":"fr-FR","@id":"https:\/\/secure.gravatar.com\/avatar\/89915563d925342126b8ef0281b93d9d7fc337043e8df017f780908eb9644451?s=96&d=mm&r=g","url":"https:\/\/secure.gravatar.com\/avatar\/89915563d925342126b8ef0281b93d9d7fc337043e8df017f780908eb9644451?s=96&d=mm&r=g","contentUrl":"https:\/\/secure.gravatar.com\/avatar\/89915563d925342126b8ef0281b93d9d7fc337043e8df017f780908eb9644451?s=96&d=mm&r=g","caption":"St\u00e9phane Miget"},"url":"https:\/\/batijournal.com\/index.php\/author\/stephane\/"}]}},"_links":{"self":[{"href":"https:\/\/batijournal.com\/index.php\/wp-json\/wp\/v2\/posts\/100410","targetHints":{"allow":["GET"]}}],"collection":[{"href":"https:\/\/batijournal.com\/index.php\/wp-json\/wp\/v2\/posts"}],"about":[{"href":"https:\/\/batijournal.com\/index.php\/wp-json\/wp\/v2\/types\/post"}],"author":[{"embeddable":true,"href":"https:\/\/batijournal.com\/index.php\/wp-json\/wp\/v2\/users\/17"}],"replies":[{"embeddable":true,"href":"https:\/\/batijournal.com\/index.php\/wp-json\/wp\/v2\/comments?post=100410"}],"version-history":[{"count":0,"href":"https:\/\/batijournal.com\/index.php\/wp-json\/wp\/v2\/posts\/100410\/revisions"}],"wp:featuredmedia":[{"embeddable":true,"href":"https:\/\/batijournal.com\/index.php\/wp-json\/wp\/v2\/media\/100411"}],"wp:attachment":[{"href":"https:\/\/batijournal.com\/index.php\/wp-json\/wp\/v2\/media?parent=100410"}],"wp:term":[{"taxonomy":"category","embeddable":true,"href":"https:\/\/batijournal.com\/index.php\/wp-json\/wp\/v2\/categories?post=100410"},{"taxonomy":"post_tag","embeddable":true,"href":"https:\/\/batijournal.com\/index.php\/wp-json\/wp\/v2\/tags?post=100410"}],"curies":[{"name":"wp","href":"https:\/\/api.w.org\/{rel}","templated":true}]}}