{"id":100425,"date":"2018-10-09T14:20:56","date_gmt":"2018-10-09T12:20:56","guid":{"rendered":"https:\/\/batijournal.com\/?p=100425"},"modified":"2019-07-15T11:14:53","modified_gmt":"2019-07-15T09:14:53","slug":"denkmal-salon-europeen","status":"publish","type":"post","link":"https:\/\/batijournal.com\/index.php\/denkmal-salon-europeen\/100425\/","title":{"rendered":"Salon europ\u00e9en de la conservation des monuments, de la restauration et r\u00e9novation de b\u00e2timents anciens"},"content":{"rendered":"<p>Denkmal, salon europ\u00e9en de la conservation des monuments, de la restauration et r\u00e9novation de b\u00e2timents anciens se tiendra<strong>\u00a0du 8 au 10 novembre 2018 \u00e0 Leipzig, en Allemagne. <\/strong><\/p>\n<p><img loading=\"lazy\" decoding=\"async\" class=\"aligncenter size-full wp-image-100431\" src=\"https:\/\/batijournal.com\/wp-content\/uploads\/2018\/10\/denkmal-transmission-du-patrimoine-commun-.jpeg\" alt=\"\" width=\"851\" height=\"567\" srcset=\"https:\/\/batijournal.com\/wp-content\/uploads\/2018\/10\/denkmal-transmission-du-patrimoine-commun-.jpeg 851w, https:\/\/batijournal.com\/wp-content\/uploads\/2018\/10\/denkmal-transmission-du-patrimoine-commun--150x100.jpeg 150w, https:\/\/batijournal.com\/wp-content\/uploads\/2018\/10\/denkmal-transmission-du-patrimoine-commun--300x200.jpeg 300w, https:\/\/batijournal.com\/wp-content\/uploads\/2018\/10\/denkmal-transmission-du-patrimoine-commun--768x512.jpeg 768w, https:\/\/batijournal.com\/wp-content\/uploads\/2018\/10\/denkmal-transmission-du-patrimoine-commun--600x400.jpeg 600w\" sizes=\"(max-width: 851px) 100vw, 851px\" \/>Denkmal contribue grandement \u00e0 la sauvegarde et \u00e0 la repr\u00e9sentation du patrimoine gr\u00e2ce son offre pluridisciplinaire et son programme de conf\u00e9rences de haute qualit\u00e9. En tant que salon leader europ\u00e9en, denkmal est la plate-forme de dialogues phare entre les acteurs du secteur et permet d\u2019avoir une vue d\u2019ensemble du secteur de la conservation des monuments et de la restauration et r\u00e9novation de b\u00e2timents anciens.<\/p>\n<p>Se d\u00e9roulant en parall\u00e8le du salon Mutec, salon international des techniques de mus\u00e9e et d\u2019exposition, denkmal est incontournable dans le contexte de l\u2019ann\u00e9e europ\u00e9enne du patrimoine culturel.<\/p>\n<p><strong>Quelques chiffres 2016\u00a0:<\/strong><\/p>\n<ul>\n<li>435 exposants issus de 17 pays<\/li>\n<li>16 % d\u2019exposants internationaux<\/li>\n<li>92 % appr\u00e9cient la qualit\u00e9 des visiteurs<\/li>\n<li>81 % des exposants ont l\u2019intention d\u2019exposer en 2018<\/li>\n<li>13 900 visiteurs issus de 57 pays (avec MUTEC)<\/li>\n<li>88 % de visiteurs professionnels<\/li>\n<li>11 % de visiteurs internationaux<\/li>\n<li>90 % des visiteurs recommandent denkmal<\/li>\n<\/ul>\n<p>&nbsp;<\/p>\n<p><strong>Une offre pluridisciplinaire :\u00a0<\/strong><\/p>\n<ul>\n<li>Artisanats de la conservation des monuments historiques<\/li>\n<li>Mat\u00e9riaux de construction et de restauration<\/li>\n<li>Appareils et \u00e9quipements de construction, outils et machines<\/li>\n<li>Pr\u00e9servation et restauration des \u0153uvres d\u2019art et des biens culturels<\/li>\n<li>Mat\u00e9riaux de conservation et de restauration<\/li>\n<li>Instruments, outils et \u00e9quipements techniques pour les restaurateurs<\/li>\n<li>Pr\u00e9servation et restauration des monuments historiques culturels<\/li>\n<li>Entretien des monuments arch\u00e9ologiques \/ pr\u00e9servation des sites<\/li>\n<li>Conservation des jardins et des paysages culturels<\/li>\n<li>R\u00e9novation des villes et villages<\/li>\n<li>Equipements de s\u00e9curit\u00e9 et techniques du b\u00e2timent pour les monuments publics et priv\u00e9s<\/li>\n<li>Informatique, documentation et inventaire, m\u00e9thodes scientifiques d\u2019expertise<\/li>\n<li>Administrations, institutions, Chambres de Commerce, \u00e9glises, minist\u00e8res, fondations, associations<\/li>\n<li>Maisons d\u2019\u00e9dition sp\u00e9cialis\u00e9es<\/li>\n<li>Formation professionnelle et continue<\/li>\n<li>Tourisme et monuments historiques<\/li>\n<li>Prestations de services<\/li>\n<li>Constructions en torchis (salon professionnel de la construction en torchis)<\/li>\n<li>Investisseurs et propri\u00e9taires de monuments historiques<\/li>\n<li>B\u00e9n\u00e9voles du patrimoine<\/li>\n<li>Citoyens engag\u00e9s et int\u00e9ress\u00e9s priv\u00e9s<img loading=\"lazy\" decoding=\"async\" class=\"aligncenter size-full wp-image-100429\" src=\"https:\/\/batijournal.com\/wp-content\/uploads\/2018\/10\/denkmal-plateforme-internationale-.jpeg\" alt=\"\" width=\"851\" height=\"567\" srcset=\"https:\/\/batijournal.com\/wp-content\/uploads\/2018\/10\/denkmal-plateforme-internationale-.jpeg 851w, https:\/\/batijournal.com\/wp-content\/uploads\/2018\/10\/denkmal-plateforme-internationale--150x100.jpeg 150w, https:\/\/batijournal.com\/wp-content\/uploads\/2018\/10\/denkmal-plateforme-internationale--300x200.jpeg 300w, https:\/\/batijournal.com\/wp-content\/uploads\/2018\/10\/denkmal-plateforme-internationale--768x512.jpeg 768w, https:\/\/batijournal.com\/wp-content\/uploads\/2018\/10\/denkmal-plateforme-internationale--600x400.jpeg 600w\" sizes=\"(max-width: 851px) 100vw, 851px\" \/><\/li>\n<\/ul>\n<p><strong>Programme innovant et ax\u00e9 sur la pratique :<\/strong><\/p>\n<p>Pour cette \u00e9dition, le programme s\u2019annonce une fois de plus tr\u00e8s prometteur. En 2016, 5 355 visiteurs ont particip\u00e9 aux 172 manifestations.<\/p>\n<p>En coop\u00e9ration avec des professionnels, la Leipziger Messe organise des conf\u00e9rences de grande qualit\u00e9, des manifestations nationales et internationales, des s\u00e9minaires, des workshops, des interventions par des soci\u00e9t\u00e9s, des discussions pl\u00e9ni\u00e8res et des tables rondes entre sp\u00e9cialistes ainsi que de nombreuses remises de prix et des expositions sp\u00e9ciales, s\u2019accompagnant aussi de pr\u00e9sentations du savoir-faire des exposants directement sur leurs stands.<\/p>\n<p>Nous vous invitons \u00e0 consulter le programme de denkmal 2018 sur le <a href=\"http:\/\/www.denkmal-leipzig.com\/programme\/\" target=\"_blank\" rel=\"noopener noreferrer\">site web\u00a0<\/a><\/p>\n","protected":false},"excerpt":{"rendered":"<p>Denkmal, salon europ\u00e9en de la conservation des monuments, de la restauration et r\u00e9novation de b\u00e2timents anciens se tiendra\u00a0du 8 au 10 novembre 2018 \u00e0 Leipzig, en Allemagne. Denkmal contribue grandement \u00e0 la sauvegarde et \u00e0 la repr\u00e9sentation du patrimoine gr\u00e2ce son offre pluridisciplinaire et son programme de conf\u00e9rences de haute qualit\u00e9. En tant que salon [&hellip;]<\/p>\n","protected":false},"author":1,"featured_media":100430,"comment_status":"closed","ping_status":"closed","sticky":false,"template":"","format":"standard","meta":{"_et_pb_use_builder":"","_et_pb_old_content":"","_et_gb_content_width":"","footnotes":""},"categories":[10530,6340,9192,10785],"tags":[],"class_list":["post-100425","post","type-post","status-publish","format-standard","has-post-thumbnail","hentry","category-actualites","category-architecture-conception","category-evenements","category-atrium"],"yoast_head":"<!-- This site is optimized with the Yoast SEO plugin v27.4 - https:\/\/yoast.com\/product\/yoast-seo-wordpress\/ -->\n<title>Denkmal : le salon europ\u00e9en du 8 au 10 novembre 2018<\/title>\n<meta name=\"description\" content=\"Denkmal, 8 au 10 novembre 2018 \u00e0 Leipzig, en Allemagne : salon de la conservation des monuments, de la restauration et r\u00e9novation de b\u00e2timents ancien\" \/>\n<meta name=\"robots\" content=\"index, follow, max-snippet:-1, max-image-preview:large, max-video-preview:-1\" \/>\n<link rel=\"canonical\" href=\"https:\/\/batijournal.com\/index.php\/denkmal-salon-europeen\/100425\/\" \/>\n<meta property=\"og:locale\" content=\"fr_FR\" \/>\n<meta property=\"og:type\" content=\"article\" \/>\n<meta property=\"og:title\" content=\"Denkmal : le salon europ\u00e9en du 8 au 10 novembre 2018\" \/>\n<meta property=\"og:description\" content=\"Denkmal, 8 au 10 novembre 2018 \u00e0 Leipzig, en Allemagne : salon de la conservation des monuments, de la restauration et r\u00e9novation de b\u00e2timents ancien\" \/>\n<meta property=\"og:url\" content=\"https:\/\/batijournal.com\/index.php\/denkmal-salon-europeen\/100425\/\" \/>\n<meta property=\"og:site_name\" content=\"Batijournal\" \/>\n<meta property=\"article:published_time\" content=\"2018-10-09T12:20:56+00:00\" \/>\n<meta property=\"article:modified_time\" content=\"2019-07-15T09:14:53+00:00\" \/>\n<meta property=\"og:image\" content=\"https:\/\/batijournal.com\/wp-content\/uploads\/2018\/10\/denkmal-salon-europeen-de-la-conservation-des-monuments.jpeg\" \/>\n\t<meta property=\"og:image:width\" content=\"851\" \/>\n\t<meta property=\"og:image:height\" content=\"567\" \/>\n\t<meta property=\"og:image:type\" content=\"image\/jpeg\" \/>\n<meta name=\"author\" content=\"Bati-journal\" \/>\n<meta name=\"twitter:card\" content=\"summary_large_image\" \/>\n<meta name=\"twitter:creator\" content=\"@bati_journal\" \/>\n<meta name=\"twitter:site\" content=\"@bati_journal\" \/>\n<meta name=\"twitter:label1\" content=\"\u00c9crit par\" \/>\n\t<meta name=\"twitter:data1\" content=\"Bati-journal\" \/>\n\t<meta name=\"twitter:label2\" content=\"Dur\u00e9e de lecture estim\u00e9e\" \/>\n\t<meta name=\"twitter:data2\" content=\"2 minutes\" \/>\n<script type=\"application\/ld+json\" class=\"yoast-schema-graph\">{\"@context\":\"https:\\\/\\\/schema.org\",\"@graph\":[{\"@type\":\"Article\",\"@id\":\"https:\\\/\\\/batijournal.com\\\/index.php\\\/denkmal-salon-europeen\\\/100425\\\/#article\",\"isPartOf\":{\"@id\":\"https:\\\/\\\/batijournal.com\\\/index.php\\\/denkmal-salon-europeen\\\/100425\\\/\"},\"author\":{\"name\":\"Bati-journal\",\"@id\":\"https:\\\/\\\/batijournal.com\\\/#\\\/schema\\\/person\\\/6a657e8967569e1b299972574848aa76\"},\"headline\":\"Salon europ\u00e9en de la conservation des monuments, de la restauration et r\u00e9novation de b\u00e2timents anciens\",\"datePublished\":\"2018-10-09T12:20:56+00:00\",\"dateModified\":\"2019-07-15T09:14:53+00:00\",\"mainEntityOfPage\":{\"@id\":\"https:\\\/\\\/batijournal.com\\\/index.php\\\/denkmal-salon-europeen\\\/100425\\\/\"},\"wordCount\":464,\"image\":{\"@id\":\"https:\\\/\\\/batijournal.com\\\/index.php\\\/denkmal-salon-europeen\\\/100425\\\/#primaryimage\"},\"thumbnailUrl\":\"https:\\\/\\\/batijournal.com\\\/wp-content\\\/uploads\\\/2018\\\/10\\\/denkmal-salon-europeen-de-la-conservation-des-monuments.jpeg\",\"articleSection\":[\"Actualit\u00e9s\",\"Architecture &amp; Conception\",\"\u00c9v\u00e9nements\",\"zz_Atrium Patrimoine\"],\"inLanguage\":\"fr-FR\"},{\"@type\":\"WebPage\",\"@id\":\"https:\\\/\\\/batijournal.com\\\/index.php\\\/denkmal-salon-europeen\\\/100425\\\/\",\"url\":\"https:\\\/\\\/batijournal.com\\\/index.php\\\/denkmal-salon-europeen\\\/100425\\\/\",\"name\":\"Denkmal : le salon europ\u00e9en du 8 au 10 novembre 2018\",\"isPartOf\":{\"@id\":\"https:\\\/\\\/batijournal.com\\\/#website\"},\"primaryImageOfPage\":{\"@id\":\"https:\\\/\\\/batijournal.com\\\/index.php\\\/denkmal-salon-europeen\\\/100425\\\/#primaryimage\"},\"image\":{\"@id\":\"https:\\\/\\\/batijournal.com\\\/index.php\\\/denkmal-salon-europeen\\\/100425\\\/#primaryimage\"},\"thumbnailUrl\":\"https:\\\/\\\/batijournal.com\\\/wp-content\\\/uploads\\\/2018\\\/10\\\/denkmal-salon-europeen-de-la-conservation-des-monuments.jpeg\",\"datePublished\":\"2018-10-09T12:20:56+00:00\",\"dateModified\":\"2019-07-15T09:14:53+00:00\",\"author\":{\"@id\":\"https:\\\/\\\/batijournal.com\\\/#\\\/schema\\\/person\\\/6a657e8967569e1b299972574848aa76\"},\"description\":\"Denkmal, 8 au 10 novembre 2018 \u00e0 Leipzig, en Allemagne : salon de la conservation des monuments, de la restauration et r\u00e9novation de b\u00e2timents ancien\",\"breadcrumb\":{\"@id\":\"https:\\\/\\\/batijournal.com\\\/index.php\\\/denkmal-salon-europeen\\\/100425\\\/#breadcrumb\"},\"inLanguage\":\"fr-FR\",\"potentialAction\":[{\"@type\":\"ReadAction\",\"target\":[\"https:\\\/\\\/batijournal.com\\\/index.php\\\/denkmal-salon-europeen\\\/100425\\\/\"]}]},{\"@type\":\"ImageObject\",\"inLanguage\":\"fr-FR\",\"@id\":\"https:\\\/\\\/batijournal.com\\\/index.php\\\/denkmal-salon-europeen\\\/100425\\\/#primaryimage\",\"url\":\"https:\\\/\\\/batijournal.com\\\/wp-content\\\/uploads\\\/2018\\\/10\\\/denkmal-salon-europeen-de-la-conservation-des-monuments.jpeg\",\"contentUrl\":\"https:\\\/\\\/batijournal.com\\\/wp-content\\\/uploads\\\/2018\\\/10\\\/denkmal-salon-europeen-de-la-conservation-des-monuments.jpeg\",\"width\":851,\"height\":567,\"caption\":\"denkmal salon europeen de la conservation des monuments\"},{\"@type\":\"BreadcrumbList\",\"@id\":\"https:\\\/\\\/batijournal.com\\\/index.php\\\/denkmal-salon-europeen\\\/100425\\\/#breadcrumb\",\"itemListElement\":[{\"@type\":\"ListItem\",\"position\":1,\"name\":\"Accueil\",\"item\":\"https:\\\/\\\/batijournal.com\\\/\"},{\"@type\":\"ListItem\",\"position\":2,\"name\":\"Actualit\u00e9s\",\"item\":\"https:\\\/\\\/batijournal.com\\\/index.php\\\/category\\\/actualites\\\/\"},{\"@type\":\"ListItem\",\"position\":3,\"name\":\"Salon europ\u00e9en de la conservation des monuments, de la restauration et r\u00e9novation de b\u00e2timents anciens\"}]},{\"@type\":\"WebSite\",\"@id\":\"https:\\\/\\\/batijournal.com\\\/#website\",\"url\":\"https:\\\/\\\/batijournal.com\\\/\",\"name\":\"Batijournal\",\"description\":\"L&#039;actualit\u00e9 du b\u00e2timent\",\"potentialAction\":[{\"@type\":\"SearchAction\",\"target\":{\"@type\":\"EntryPoint\",\"urlTemplate\":\"https:\\\/\\\/batijournal.com\\\/?s={search_term_string}\"},\"query-input\":{\"@type\":\"PropertyValueSpecification\",\"valueRequired\":true,\"valueName\":\"search_term_string\"}}],\"inLanguage\":\"fr-FR\"},{\"@type\":\"Person\",\"@id\":\"https:\\\/\\\/batijournal.com\\\/#\\\/schema\\\/person\\\/6a657e8967569e1b299972574848aa76\",\"name\":\"Bati-journal\",\"image\":{\"@type\":\"ImageObject\",\"inLanguage\":\"fr-FR\",\"@id\":\"https:\\\/\\\/secure.gravatar.com\\\/avatar\\\/a64364ea26392f9b4dd47e017ddaec74ff03aefc073b49e492e847201258f777?s=96&d=mm&r=g\",\"url\":\"https:\\\/\\\/secure.gravatar.com\\\/avatar\\\/a64364ea26392f9b4dd47e017ddaec74ff03aefc073b49e492e847201258f777?s=96&d=mm&r=g\",\"contentUrl\":\"https:\\\/\\\/secure.gravatar.com\\\/avatar\\\/a64364ea26392f9b4dd47e017ddaec74ff03aefc073b49e492e847201258f777?s=96&d=mm&r=g\",\"caption\":\"Bati-journal\"},\"url\":\"https:\\\/\\\/batijournal.com\\\/index.php\\\/author\\\/elodie\\\/\"}]}<\/script>\n<!-- \/ Yoast SEO plugin. -->","yoast_head_json":{"title":"Denkmal : le salon europ\u00e9en du 8 au 10 novembre 2018","description":"Denkmal, 8 au 10 novembre 2018 \u00e0 Leipzig, en Allemagne : salon de la conservation des monuments, de la restauration et r\u00e9novation de b\u00e2timents ancien","robots":{"index":"index","follow":"follow","max-snippet":"max-snippet:-1","max-image-preview":"max-image-preview:large","max-video-preview":"max-video-preview:-1"},"canonical":"https:\/\/batijournal.com\/index.php\/denkmal-salon-europeen\/100425\/","og_locale":"fr_FR","og_type":"article","og_title":"Denkmal : le salon europ\u00e9en du 8 au 10 novembre 2018","og_description":"Denkmal, 8 au 10 novembre 2018 \u00e0 Leipzig, en Allemagne : salon de la conservation des monuments, de la restauration et r\u00e9novation de b\u00e2timents ancien","og_url":"https:\/\/batijournal.com\/index.php\/denkmal-salon-europeen\/100425\/","og_site_name":"Batijournal","article_published_time":"2018-10-09T12:20:56+00:00","article_modified_time":"2019-07-15T09:14:53+00:00","og_image":[{"width":851,"height":567,"url":"https:\/\/batijournal.com\/wp-content\/uploads\/2018\/10\/denkmal-salon-europeen-de-la-conservation-des-monuments.jpeg","type":"image\/jpeg"}],"author":"Bati-journal","twitter_card":"summary_large_image","twitter_creator":"@bati_journal","twitter_site":"@bati_journal","twitter_misc":{"\u00c9crit par":"Bati-journal","Dur\u00e9e de lecture estim\u00e9e":"2 minutes"},"schema":{"@context":"https:\/\/schema.org","@graph":[{"@type":"Article","@id":"https:\/\/batijournal.com\/index.php\/denkmal-salon-europeen\/100425\/#article","isPartOf":{"@id":"https:\/\/batijournal.com\/index.php\/denkmal-salon-europeen\/100425\/"},"author":{"name":"Bati-journal","@id":"https:\/\/batijournal.com\/#\/schema\/person\/6a657e8967569e1b299972574848aa76"},"headline":"Salon europ\u00e9en de la conservation des monuments, de la restauration et r\u00e9novation de b\u00e2timents anciens","datePublished":"2018-10-09T12:20:56+00:00","dateModified":"2019-07-15T09:14:53+00:00","mainEntityOfPage":{"@id":"https:\/\/batijournal.com\/index.php\/denkmal-salon-europeen\/100425\/"},"wordCount":464,"image":{"@id":"https:\/\/batijournal.com\/index.php\/denkmal-salon-europeen\/100425\/#primaryimage"},"thumbnailUrl":"https:\/\/batijournal.com\/wp-content\/uploads\/2018\/10\/denkmal-salon-europeen-de-la-conservation-des-monuments.jpeg","articleSection":["Actualit\u00e9s","Architecture &amp; Conception","\u00c9v\u00e9nements","zz_Atrium Patrimoine"],"inLanguage":"fr-FR"},{"@type":"WebPage","@id":"https:\/\/batijournal.com\/index.php\/denkmal-salon-europeen\/100425\/","url":"https:\/\/batijournal.com\/index.php\/denkmal-salon-europeen\/100425\/","name":"Denkmal : le salon europ\u00e9en du 8 au 10 novembre 2018","isPartOf":{"@id":"https:\/\/batijournal.com\/#website"},"primaryImageOfPage":{"@id":"https:\/\/batijournal.com\/index.php\/denkmal-salon-europeen\/100425\/#primaryimage"},"image":{"@id":"https:\/\/batijournal.com\/index.php\/denkmal-salon-europeen\/100425\/#primaryimage"},"thumbnailUrl":"https:\/\/batijournal.com\/wp-content\/uploads\/2018\/10\/denkmal-salon-europeen-de-la-conservation-des-monuments.jpeg","datePublished":"2018-10-09T12:20:56+00:00","dateModified":"2019-07-15T09:14:53+00:00","author":{"@id":"https:\/\/batijournal.com\/#\/schema\/person\/6a657e8967569e1b299972574848aa76"},"description":"Denkmal, 8 au 10 novembre 2018 \u00e0 Leipzig, en Allemagne : salon de la conservation des monuments, de la restauration et r\u00e9novation de b\u00e2timents ancien","breadcrumb":{"@id":"https:\/\/batijournal.com\/index.php\/denkmal-salon-europeen\/100425\/#breadcrumb"},"inLanguage":"fr-FR","potentialAction":[{"@type":"ReadAction","target":["https:\/\/batijournal.com\/index.php\/denkmal-salon-europeen\/100425\/"]}]},{"@type":"ImageObject","inLanguage":"fr-FR","@id":"https:\/\/batijournal.com\/index.php\/denkmal-salon-europeen\/100425\/#primaryimage","url":"https:\/\/batijournal.com\/wp-content\/uploads\/2018\/10\/denkmal-salon-europeen-de-la-conservation-des-monuments.jpeg","contentUrl":"https:\/\/batijournal.com\/wp-content\/uploads\/2018\/10\/denkmal-salon-europeen-de-la-conservation-des-monuments.jpeg","width":851,"height":567,"caption":"denkmal salon europeen de la conservation des monuments"},{"@type":"BreadcrumbList","@id":"https:\/\/batijournal.com\/index.php\/denkmal-salon-europeen\/100425\/#breadcrumb","itemListElement":[{"@type":"ListItem","position":1,"name":"Accueil","item":"https:\/\/batijournal.com\/"},{"@type":"ListItem","position":2,"name":"Actualit\u00e9s","item":"https:\/\/batijournal.com\/index.php\/category\/actualites\/"},{"@type":"ListItem","position":3,"name":"Salon europ\u00e9en de la conservation des monuments, de la restauration et r\u00e9novation de b\u00e2timents anciens"}]},{"@type":"WebSite","@id":"https:\/\/batijournal.com\/#website","url":"https:\/\/batijournal.com\/","name":"Batijournal","description":"L&#039;actualit\u00e9 du b\u00e2timent","potentialAction":[{"@type":"SearchAction","target":{"@type":"EntryPoint","urlTemplate":"https:\/\/batijournal.com\/?s={search_term_string}"},"query-input":{"@type":"PropertyValueSpecification","valueRequired":true,"valueName":"search_term_string"}}],"inLanguage":"fr-FR"},{"@type":"Person","@id":"https:\/\/batijournal.com\/#\/schema\/person\/6a657e8967569e1b299972574848aa76","name":"Bati-journal","image":{"@type":"ImageObject","inLanguage":"fr-FR","@id":"https:\/\/secure.gravatar.com\/avatar\/a64364ea26392f9b4dd47e017ddaec74ff03aefc073b49e492e847201258f777?s=96&d=mm&r=g","url":"https:\/\/secure.gravatar.com\/avatar\/a64364ea26392f9b4dd47e017ddaec74ff03aefc073b49e492e847201258f777?s=96&d=mm&r=g","contentUrl":"https:\/\/secure.gravatar.com\/avatar\/a64364ea26392f9b4dd47e017ddaec74ff03aefc073b49e492e847201258f777?s=96&d=mm&r=g","caption":"Bati-journal"},"url":"https:\/\/batijournal.com\/index.php\/author\/elodie\/"}]}},"_links":{"self":[{"href":"https:\/\/batijournal.com\/index.php\/wp-json\/wp\/v2\/posts\/100425","targetHints":{"allow":["GET"]}}],"collection":[{"href":"https:\/\/batijournal.com\/index.php\/wp-json\/wp\/v2\/posts"}],"about":[{"href":"https:\/\/batijournal.com\/index.php\/wp-json\/wp\/v2\/types\/post"}],"author":[{"embeddable":true,"href":"https:\/\/batijournal.com\/index.php\/wp-json\/wp\/v2\/users\/1"}],"replies":[{"embeddable":true,"href":"https:\/\/batijournal.com\/index.php\/wp-json\/wp\/v2\/comments?post=100425"}],"version-history":[{"count":0,"href":"https:\/\/batijournal.com\/index.php\/wp-json\/wp\/v2\/posts\/100425\/revisions"}],"wp:featuredmedia":[{"embeddable":true,"href":"https:\/\/batijournal.com\/index.php\/wp-json\/wp\/v2\/media\/100430"}],"wp:attachment":[{"href":"https:\/\/batijournal.com\/index.php\/wp-json\/wp\/v2\/media?parent=100425"}],"wp:term":[{"taxonomy":"category","embeddable":true,"href":"https:\/\/batijournal.com\/index.php\/wp-json\/wp\/v2\/categories?post=100425"},{"taxonomy":"post_tag","embeddable":true,"href":"https:\/\/batijournal.com\/index.php\/wp-json\/wp\/v2\/tags?post=100425"}],"curies":[{"name":"wp","href":"https:\/\/api.w.org\/{rel}","templated":true}]}}