{"id":100437,"date":"2018-10-10T08:40:25","date_gmt":"2018-10-10T06:40:25","guid":{"rendered":"https:\/\/batijournal.com\/?p=100437"},"modified":"2019-07-15T11:14:52","modified_gmt":"2019-07-15T09:14:52","slug":"renovation-de-lambassade-de-suisse-a-paris","status":"publish","type":"post","link":"https:\/\/batijournal.com\/index.php\/renovation-de-lambassade-de-suisse-a-paris\/100437\/","title":{"rendered":"R\u00e9novation de l\u2019Ambassade de Suisse \u00e0 Paris"},"content":{"rendered":"<p>L\u2019Ambassade de Suisse est log\u00e9e au sein de l\u2019h\u00f4tel Chanac de Pompadour, situ\u00e9 au 142 rue de Grenelle \u00e0 Paris. Inscrit depuis 1928 \u00e0 l\u2019inventaire suppl\u00e9mentaire des Monuments Historiques, cet imposant b\u00e2timent date du XVIII\u00e8me si\u00e8cle et comprend trois corps de b\u00e2timent : le premier, donnant sur la rue de Grenelle (c\u00f4t\u00e9 Est), abrite la Chancellerie de l\u2019Ambassade et permet l\u2019accueil des visiteurs, le second, c\u00f4t\u00e9 Ouest, abrite les bureaux de l\u2019Ambassade et le dernier, donnant sur la cour d\u2019un c\u00f4t\u00e9 et le jardin de l\u2019autre, comprend la r\u00e9sidence de l\u2019Ambassadeur, ainsi que des espaces de r\u00e9ception et des bureaux. Le fabricant de solutions d\u2019acc\u00e8s, de travail et de protection en hauteur, Tubesca-Comabi a r\u00e9pondu \u00e0 l\u2019appel d\u2019offres en groupement conjoint et solidaire avec les soci\u00e9t\u00e9s Lanfry et Boutel Couverture. Le chantier a d\u00e9but\u00e9 le 16 avril 2018 et est pr\u00e9vu sur une dur\u00e9e totale de 6 mois. Il regroupe diff\u00e9rents travaux : nettoyage et changement des pierres du b\u00e2timent ; restauration des ouvertures du corps central et de la porte d\u2019entr\u00e9e ; ravalement de certaines fa\u00e7ades sur la rue, la cour et le jardin ; r\u00e9fection partielle des toitures. 70 tonnes de mat\u00e9riel au total, dont environ 30 tonnes ont \u00e9t\u00e9 install\u00e9es c\u00f4t\u00e9 jardin.<\/p>\n<p><img loading=\"lazy\" decoding=\"async\" class=\"aligncenter size-large wp-image-100439\" src=\"https:\/\/batijournal.com\/wp-content\/uploads\/2018\/10\/Ambassade-de-Suisse1-768x1024.jpg\" alt=\"\" width=\"768\" height=\"1024\" srcset=\"https:\/\/batijournal.com\/wp-content\/uploads\/2018\/10\/Ambassade-de-Suisse1-768x1024.jpg 768w, https:\/\/batijournal.com\/wp-content\/uploads\/2018\/10\/Ambassade-de-Suisse1-113x150.jpg 113w, https:\/\/batijournal.com\/wp-content\/uploads\/2018\/10\/Ambassade-de-Suisse1-225x300.jpg 225w, https:\/\/batijournal.com\/wp-content\/uploads\/2018\/10\/Ambassade-de-Suisse1-600x800.jpg 600w, https:\/\/batijournal.com\/wp-content\/uploads\/2018\/10\/Ambassade-de-Suisse1.jpg 900w\" sizes=\"(max-width: 768px) 100vw, 768px\" \/><\/p>\n","protected":false},"excerpt":{"rendered":"<p>L\u2019Ambassade de Suisse est log\u00e9e au sein de l\u2019h\u00f4tel Chanac de Pompadour, situ\u00e9 au 142 rue de Grenelle \u00e0 Paris. Inscrit depuis 1928 \u00e0 l\u2019inventaire suppl\u00e9mentaire des Monuments Historiques, cet imposant b\u00e2timent date du XVIII\u00e8me si\u00e8cle et comprend trois corps de b\u00e2timent : le premier, donnant sur la rue de Grenelle (c\u00f4t\u00e9 Est), abrite la [&hellip;]<\/p>\n","protected":false},"author":17,"featured_media":100438,"comment_status":"closed","ping_status":"closed","sticky":false,"template":"","format":"standard","meta":{"_et_pb_use_builder":"","_et_pb_old_content":"","_et_gb_content_width":"","footnotes":""},"categories":[10530,6340,10785],"tags":[6019,7202],"class_list":["post-100437","post","type-post","status-publish","format-standard","has-post-thumbnail","hentry","category-actualites","category-architecture-conception","category-atrium","tag-echafaudages","tag-restauration-du-patrimoine"],"yoast_head":"<!-- This site is optimized with the Yoast SEO plugin v27.4 - https:\/\/yoast.com\/product\/yoast-seo-wordpress\/ -->\n<title>R\u00e9novation de l\u2019Ambassade de Suisse \u00e0 Paris<\/title>\n<meta name=\"description\" content=\"Tubesca-Comabi a r\u00e9pondu \u00e0 l\u2019appel d\u2019offres en groupement conjoint et solidaire avec les soci\u00e9t\u00e9s Lanfry et Boutel Couverture\" \/>\n<meta name=\"robots\" content=\"index, follow, max-snippet:-1, max-image-preview:large, max-video-preview:-1\" \/>\n<link rel=\"canonical\" href=\"https:\/\/batijournal.com\/index.php\/renovation-de-lambassade-de-suisse-a-paris\/100437\/\" \/>\n<meta property=\"og:locale\" content=\"fr_FR\" \/>\n<meta property=\"og:type\" content=\"article\" \/>\n<meta property=\"og:title\" content=\"R\u00e9novation de l\u2019Ambassade de Suisse \u00e0 Paris\" \/>\n<meta property=\"og:description\" content=\"Tubesca-Comabi a r\u00e9pondu \u00e0 l\u2019appel d\u2019offres en groupement conjoint et solidaire avec les soci\u00e9t\u00e9s Lanfry et Boutel Couverture\" \/>\n<meta property=\"og:url\" content=\"https:\/\/batijournal.com\/index.php\/renovation-de-lambassade-de-suisse-a-paris\/100437\/\" \/>\n<meta property=\"og:site_name\" content=\"Batijournal\" \/>\n<meta property=\"article:published_time\" content=\"2018-10-10T06:40:25+00:00\" \/>\n<meta property=\"article:modified_time\" content=\"2019-07-15T09:14:52+00:00\" \/>\n<meta property=\"og:image\" content=\"https:\/\/batijournal.com\/wp-content\/uploads\/2018\/10\/Ambassade-de-Suisse3.jpg\" \/>\n\t<meta property=\"og:image:width\" content=\"1200\" \/>\n\t<meta property=\"og:image:height\" content=\"1014\" \/>\n\t<meta property=\"og:image:type\" content=\"image\/jpeg\" \/>\n<meta name=\"author\" content=\"St\u00e9phane Miget\" \/>\n<meta name=\"twitter:card\" content=\"summary_large_image\" \/>\n<meta name=\"twitter:creator\" content=\"@bati_journal\" \/>\n<meta name=\"twitter:site\" content=\"@bati_journal\" \/>\n<meta name=\"twitter:label1\" content=\"\u00c9crit par\" \/>\n\t<meta name=\"twitter:data1\" content=\"St\u00e9phane Miget\" \/>\n\t<meta name=\"twitter:label2\" content=\"Dur\u00e9e de lecture estim\u00e9e\" \/>\n\t<meta name=\"twitter:data2\" content=\"1 minute\" \/>\n<script type=\"application\/ld+json\" class=\"yoast-schema-graph\">{\"@context\":\"https:\\\/\\\/schema.org\",\"@graph\":[{\"@type\":\"Article\",\"@id\":\"https:\\\/\\\/batijournal.com\\\/index.php\\\/renovation-de-lambassade-de-suisse-a-paris\\\/100437\\\/#article\",\"isPartOf\":{\"@id\":\"https:\\\/\\\/batijournal.com\\\/index.php\\\/renovation-de-lambassade-de-suisse-a-paris\\\/100437\\\/\"},\"author\":{\"name\":\"St\u00e9phane Miget\",\"@id\":\"https:\\\/\\\/batijournal.com\\\/#\\\/schema\\\/person\\\/1dc96ec6957aa1ccb25ebe78bb19f100\"},\"headline\":\"R\u00e9novation de l\u2019Ambassade de Suisse \u00e0 Paris\",\"datePublished\":\"2018-10-10T06:40:25+00:00\",\"dateModified\":\"2019-07-15T09:14:52+00:00\",\"mainEntityOfPage\":{\"@id\":\"https:\\\/\\\/batijournal.com\\\/index.php\\\/renovation-de-lambassade-de-suisse-a-paris\\\/100437\\\/\"},\"wordCount\":238,\"image\":{\"@id\":\"https:\\\/\\\/batijournal.com\\\/index.php\\\/renovation-de-lambassade-de-suisse-a-paris\\\/100437\\\/#primaryimage\"},\"thumbnailUrl\":\"https:\\\/\\\/batijournal.com\\\/wp-content\\\/uploads\\\/2018\\\/10\\\/Ambassade-de-Suisse3.jpg\",\"keywords\":[\"\u00e9chafaudages\",\"restauration du patrimoine\"],\"articleSection\":[\"Actualit\u00e9s\",\"Architecture &amp; Conception\",\"zz_Atrium Patrimoine\"],\"inLanguage\":\"fr-FR\"},{\"@type\":\"WebPage\",\"@id\":\"https:\\\/\\\/batijournal.com\\\/index.php\\\/renovation-de-lambassade-de-suisse-a-paris\\\/100437\\\/\",\"url\":\"https:\\\/\\\/batijournal.com\\\/index.php\\\/renovation-de-lambassade-de-suisse-a-paris\\\/100437\\\/\",\"name\":\"R\u00e9novation de l\u2019Ambassade de Suisse \u00e0 Paris\",\"isPartOf\":{\"@id\":\"https:\\\/\\\/batijournal.com\\\/#website\"},\"primaryImageOfPage\":{\"@id\":\"https:\\\/\\\/batijournal.com\\\/index.php\\\/renovation-de-lambassade-de-suisse-a-paris\\\/100437\\\/#primaryimage\"},\"image\":{\"@id\":\"https:\\\/\\\/batijournal.com\\\/index.php\\\/renovation-de-lambassade-de-suisse-a-paris\\\/100437\\\/#primaryimage\"},\"thumbnailUrl\":\"https:\\\/\\\/batijournal.com\\\/wp-content\\\/uploads\\\/2018\\\/10\\\/Ambassade-de-Suisse3.jpg\",\"datePublished\":\"2018-10-10T06:40:25+00:00\",\"dateModified\":\"2019-07-15T09:14:52+00:00\",\"author\":{\"@id\":\"https:\\\/\\\/batijournal.com\\\/#\\\/schema\\\/person\\\/1dc96ec6957aa1ccb25ebe78bb19f100\"},\"description\":\"Tubesca-Comabi a r\u00e9pondu \u00e0 l\u2019appel d\u2019offres en groupement conjoint et solidaire avec les soci\u00e9t\u00e9s Lanfry et Boutel Couverture\",\"breadcrumb\":{\"@id\":\"https:\\\/\\\/batijournal.com\\\/index.php\\\/renovation-de-lambassade-de-suisse-a-paris\\\/100437\\\/#breadcrumb\"},\"inLanguage\":\"fr-FR\",\"potentialAction\":[{\"@type\":\"ReadAction\",\"target\":[\"https:\\\/\\\/batijournal.com\\\/index.php\\\/renovation-de-lambassade-de-suisse-a-paris\\\/100437\\\/\"]}]},{\"@type\":\"ImageObject\",\"inLanguage\":\"fr-FR\",\"@id\":\"https:\\\/\\\/batijournal.com\\\/index.php\\\/renovation-de-lambassade-de-suisse-a-paris\\\/100437\\\/#primaryimage\",\"url\":\"https:\\\/\\\/batijournal.com\\\/wp-content\\\/uploads\\\/2018\\\/10\\\/Ambassade-de-Suisse3.jpg\",\"contentUrl\":\"https:\\\/\\\/batijournal.com\\\/wp-content\\\/uploads\\\/2018\\\/10\\\/Ambassade-de-Suisse3.jpg\",\"width\":1200,\"height\":1014,\"caption\":\"Ambassade-de-Suisse\"},{\"@type\":\"BreadcrumbList\",\"@id\":\"https:\\\/\\\/batijournal.com\\\/index.php\\\/renovation-de-lambassade-de-suisse-a-paris\\\/100437\\\/#breadcrumb\",\"itemListElement\":[{\"@type\":\"ListItem\",\"position\":1,\"name\":\"Accueil\",\"item\":\"https:\\\/\\\/batijournal.com\\\/\"},{\"@type\":\"ListItem\",\"position\":2,\"name\":\"Actualit\u00e9s\",\"item\":\"https:\\\/\\\/batijournal.com\\\/index.php\\\/category\\\/actualites\\\/\"},{\"@type\":\"ListItem\",\"position\":3,\"name\":\"R\u00e9novation de l\u2019Ambassade de Suisse \u00e0 Paris\"}]},{\"@type\":\"WebSite\",\"@id\":\"https:\\\/\\\/batijournal.com\\\/#website\",\"url\":\"https:\\\/\\\/batijournal.com\\\/\",\"name\":\"Batijournal\",\"description\":\"L&#039;actualit\u00e9 du b\u00e2timent\",\"potentialAction\":[{\"@type\":\"SearchAction\",\"target\":{\"@type\":\"EntryPoint\",\"urlTemplate\":\"https:\\\/\\\/batijournal.com\\\/?s={search_term_string}\"},\"query-input\":{\"@type\":\"PropertyValueSpecification\",\"valueRequired\":true,\"valueName\":\"search_term_string\"}}],\"inLanguage\":\"fr-FR\"},{\"@type\":\"Person\",\"@id\":\"https:\\\/\\\/batijournal.com\\\/#\\\/schema\\\/person\\\/1dc96ec6957aa1ccb25ebe78bb19f100\",\"name\":\"St\u00e9phane Miget\",\"image\":{\"@type\":\"ImageObject\",\"inLanguage\":\"fr-FR\",\"@id\":\"https:\\\/\\\/secure.gravatar.com\\\/avatar\\\/89915563d925342126b8ef0281b93d9d7fc337043e8df017f780908eb9644451?s=96&d=mm&r=g\",\"url\":\"https:\\\/\\\/secure.gravatar.com\\\/avatar\\\/89915563d925342126b8ef0281b93d9d7fc337043e8df017f780908eb9644451?s=96&d=mm&r=g\",\"contentUrl\":\"https:\\\/\\\/secure.gravatar.com\\\/avatar\\\/89915563d925342126b8ef0281b93d9d7fc337043e8df017f780908eb9644451?s=96&d=mm&r=g\",\"caption\":\"St\u00e9phane Miget\"},\"url\":\"https:\\\/\\\/batijournal.com\\\/index.php\\\/author\\\/stephane\\\/\"}]}<\/script>\n<!-- \/ Yoast SEO plugin. -->","yoast_head_json":{"title":"R\u00e9novation de l\u2019Ambassade de Suisse \u00e0 Paris","description":"Tubesca-Comabi a r\u00e9pondu \u00e0 l\u2019appel d\u2019offres en groupement conjoint et solidaire avec les soci\u00e9t\u00e9s Lanfry et Boutel Couverture","robots":{"index":"index","follow":"follow","max-snippet":"max-snippet:-1","max-image-preview":"max-image-preview:large","max-video-preview":"max-video-preview:-1"},"canonical":"https:\/\/batijournal.com\/index.php\/renovation-de-lambassade-de-suisse-a-paris\/100437\/","og_locale":"fr_FR","og_type":"article","og_title":"R\u00e9novation de l\u2019Ambassade de Suisse \u00e0 Paris","og_description":"Tubesca-Comabi a r\u00e9pondu \u00e0 l\u2019appel d\u2019offres en groupement conjoint et solidaire avec les soci\u00e9t\u00e9s Lanfry et Boutel Couverture","og_url":"https:\/\/batijournal.com\/index.php\/renovation-de-lambassade-de-suisse-a-paris\/100437\/","og_site_name":"Batijournal","article_published_time":"2018-10-10T06:40:25+00:00","article_modified_time":"2019-07-15T09:14:52+00:00","og_image":[{"width":1200,"height":1014,"url":"https:\/\/batijournal.com\/wp-content\/uploads\/2018\/10\/Ambassade-de-Suisse3.jpg","type":"image\/jpeg"}],"author":"St\u00e9phane Miget","twitter_card":"summary_large_image","twitter_creator":"@bati_journal","twitter_site":"@bati_journal","twitter_misc":{"\u00c9crit par":"St\u00e9phane Miget","Dur\u00e9e de lecture estim\u00e9e":"1 minute"},"schema":{"@context":"https:\/\/schema.org","@graph":[{"@type":"Article","@id":"https:\/\/batijournal.com\/index.php\/renovation-de-lambassade-de-suisse-a-paris\/100437\/#article","isPartOf":{"@id":"https:\/\/batijournal.com\/index.php\/renovation-de-lambassade-de-suisse-a-paris\/100437\/"},"author":{"name":"St\u00e9phane Miget","@id":"https:\/\/batijournal.com\/#\/schema\/person\/1dc96ec6957aa1ccb25ebe78bb19f100"},"headline":"R\u00e9novation de l\u2019Ambassade de Suisse \u00e0 Paris","datePublished":"2018-10-10T06:40:25+00:00","dateModified":"2019-07-15T09:14:52+00:00","mainEntityOfPage":{"@id":"https:\/\/batijournal.com\/index.php\/renovation-de-lambassade-de-suisse-a-paris\/100437\/"},"wordCount":238,"image":{"@id":"https:\/\/batijournal.com\/index.php\/renovation-de-lambassade-de-suisse-a-paris\/100437\/#primaryimage"},"thumbnailUrl":"https:\/\/batijournal.com\/wp-content\/uploads\/2018\/10\/Ambassade-de-Suisse3.jpg","keywords":["\u00e9chafaudages","restauration du patrimoine"],"articleSection":["Actualit\u00e9s","Architecture &amp; Conception","zz_Atrium Patrimoine"],"inLanguage":"fr-FR"},{"@type":"WebPage","@id":"https:\/\/batijournal.com\/index.php\/renovation-de-lambassade-de-suisse-a-paris\/100437\/","url":"https:\/\/batijournal.com\/index.php\/renovation-de-lambassade-de-suisse-a-paris\/100437\/","name":"R\u00e9novation de l\u2019Ambassade de Suisse \u00e0 Paris","isPartOf":{"@id":"https:\/\/batijournal.com\/#website"},"primaryImageOfPage":{"@id":"https:\/\/batijournal.com\/index.php\/renovation-de-lambassade-de-suisse-a-paris\/100437\/#primaryimage"},"image":{"@id":"https:\/\/batijournal.com\/index.php\/renovation-de-lambassade-de-suisse-a-paris\/100437\/#primaryimage"},"thumbnailUrl":"https:\/\/batijournal.com\/wp-content\/uploads\/2018\/10\/Ambassade-de-Suisse3.jpg","datePublished":"2018-10-10T06:40:25+00:00","dateModified":"2019-07-15T09:14:52+00:00","author":{"@id":"https:\/\/batijournal.com\/#\/schema\/person\/1dc96ec6957aa1ccb25ebe78bb19f100"},"description":"Tubesca-Comabi a r\u00e9pondu \u00e0 l\u2019appel d\u2019offres en groupement conjoint et solidaire avec les soci\u00e9t\u00e9s Lanfry et Boutel Couverture","breadcrumb":{"@id":"https:\/\/batijournal.com\/index.php\/renovation-de-lambassade-de-suisse-a-paris\/100437\/#breadcrumb"},"inLanguage":"fr-FR","potentialAction":[{"@type":"ReadAction","target":["https:\/\/batijournal.com\/index.php\/renovation-de-lambassade-de-suisse-a-paris\/100437\/"]}]},{"@type":"ImageObject","inLanguage":"fr-FR","@id":"https:\/\/batijournal.com\/index.php\/renovation-de-lambassade-de-suisse-a-paris\/100437\/#primaryimage","url":"https:\/\/batijournal.com\/wp-content\/uploads\/2018\/10\/Ambassade-de-Suisse3.jpg","contentUrl":"https:\/\/batijournal.com\/wp-content\/uploads\/2018\/10\/Ambassade-de-Suisse3.jpg","width":1200,"height":1014,"caption":"Ambassade-de-Suisse"},{"@type":"BreadcrumbList","@id":"https:\/\/batijournal.com\/index.php\/renovation-de-lambassade-de-suisse-a-paris\/100437\/#breadcrumb","itemListElement":[{"@type":"ListItem","position":1,"name":"Accueil","item":"https:\/\/batijournal.com\/"},{"@type":"ListItem","position":2,"name":"Actualit\u00e9s","item":"https:\/\/batijournal.com\/index.php\/category\/actualites\/"},{"@type":"ListItem","position":3,"name":"R\u00e9novation de l\u2019Ambassade de Suisse \u00e0 Paris"}]},{"@type":"WebSite","@id":"https:\/\/batijournal.com\/#website","url":"https:\/\/batijournal.com\/","name":"Batijournal","description":"L&#039;actualit\u00e9 du b\u00e2timent","potentialAction":[{"@type":"SearchAction","target":{"@type":"EntryPoint","urlTemplate":"https:\/\/batijournal.com\/?s={search_term_string}"},"query-input":{"@type":"PropertyValueSpecification","valueRequired":true,"valueName":"search_term_string"}}],"inLanguage":"fr-FR"},{"@type":"Person","@id":"https:\/\/batijournal.com\/#\/schema\/person\/1dc96ec6957aa1ccb25ebe78bb19f100","name":"St\u00e9phane Miget","image":{"@type":"ImageObject","inLanguage":"fr-FR","@id":"https:\/\/secure.gravatar.com\/avatar\/89915563d925342126b8ef0281b93d9d7fc337043e8df017f780908eb9644451?s=96&d=mm&r=g","url":"https:\/\/secure.gravatar.com\/avatar\/89915563d925342126b8ef0281b93d9d7fc337043e8df017f780908eb9644451?s=96&d=mm&r=g","contentUrl":"https:\/\/secure.gravatar.com\/avatar\/89915563d925342126b8ef0281b93d9d7fc337043e8df017f780908eb9644451?s=96&d=mm&r=g","caption":"St\u00e9phane Miget"},"url":"https:\/\/batijournal.com\/index.php\/author\/stephane\/"}]}},"_links":{"self":[{"href":"https:\/\/batijournal.com\/index.php\/wp-json\/wp\/v2\/posts\/100437","targetHints":{"allow":["GET"]}}],"collection":[{"href":"https:\/\/batijournal.com\/index.php\/wp-json\/wp\/v2\/posts"}],"about":[{"href":"https:\/\/batijournal.com\/index.php\/wp-json\/wp\/v2\/types\/post"}],"author":[{"embeddable":true,"href":"https:\/\/batijournal.com\/index.php\/wp-json\/wp\/v2\/users\/17"}],"replies":[{"embeddable":true,"href":"https:\/\/batijournal.com\/index.php\/wp-json\/wp\/v2\/comments?post=100437"}],"version-history":[{"count":0,"href":"https:\/\/batijournal.com\/index.php\/wp-json\/wp\/v2\/posts\/100437\/revisions"}],"wp:featuredmedia":[{"embeddable":true,"href":"https:\/\/batijournal.com\/index.php\/wp-json\/wp\/v2\/media\/100438"}],"wp:attachment":[{"href":"https:\/\/batijournal.com\/index.php\/wp-json\/wp\/v2\/media?parent=100437"}],"wp:term":[{"taxonomy":"category","embeddable":true,"href":"https:\/\/batijournal.com\/index.php\/wp-json\/wp\/v2\/categories?post=100437"},{"taxonomy":"post_tag","embeddable":true,"href":"https:\/\/batijournal.com\/index.php\/wp-json\/wp\/v2\/tags?post=100437"}],"curies":[{"name":"wp","href":"https:\/\/api.w.org\/{rel}","templated":true}]}}