{"id":100454,"date":"2018-10-11T09:40:09","date_gmt":"2018-10-11T07:40:09","guid":{"rendered":"https:\/\/batijournal.com\/?p=100454"},"modified":"2019-07-15T11:26:50","modified_gmt":"2019-07-15T09:26:50","slug":"le-koriant-baies-vitrees-corian-exteriors","status":"publish","type":"post","link":"https:\/\/batijournal.com\/index.php\/le-koriant-baies-vitrees-corian-exteriors\/100454\/","title":{"rendered":"Immeuble avec de grandes baies vitr\u00e9es encadr\u00e9es de Corian Exteriors"},"content":{"rendered":"<p>A Boulogne-Billancourt (92), le promoteur immobilier Esprimm a r\u00e9alis\u00e9 un nouvel immeuble compos\u00e9 de 6 \u00e9tages comprenant 19 logements. Situ\u00e9 52 rue du Point du Jour, ce projet nomm\u00e9 \u00ab Le Koriant \u00bb a \u00e9t\u00e9 con\u00e7u par le Studio Vincent Eschalier. Pour ce nouveau b\u00e2timent, l\u2019objectif de l\u2019agence \u00e9tait de cr\u00e9er des logements disposant tous d&rsquo;un espace ext\u00e9rieur et d&rsquo;un maximum de lumi\u00e8re. La composition des baies en biais et les balcons en d\u00e9bord offre par ailleurs un dynamisme remarquable au b\u00e2timent et ont \u00e9t\u00e9 enti\u00e8rement rev\u00eatu avec des panneaux de Corian Exteriors qui a \u00e9t\u00e9 appliqu\u00e9e sur les balcons, les retours et les sous-faces dans le coloris blanc Glacier White. Le rez-de-chauss\u00e9e et les deux derniers niveaux ont \u00e9t\u00e9 habill\u00e9s de Corian dans le coloris noir Deep Night Sky. D\u00e9j\u00e0 utilis\u00e9e pour des dizaines de fa\u00e7ades en France, cette solution de rev\u00eatement offre aux b\u00e2timents une qualit\u00e9 esth\u00e9tique remarquable ainsi que des caract\u00e9ristiques techniques durables telles que la haute r\u00e9sistance aux intemp\u00e9ries et aux UV ainsi que la facilit\u00e9 d\u2019entretien. La r\u00e9alisation du rev\u00eatement ext\u00e9rieur a \u00e9t\u00e9 confi\u00e9e \u00e0 la soci\u00e9t\u00e9 A.E.A. (Atelier Europ\u00e9en d\u2019Agencement), Industrial Partner du Corian Quality Network.<\/p>\n<p>Photo : Studio Vincent Eschalier<\/p>\n<p>&nbsp;<\/p>\n","protected":false},"excerpt":{"rendered":"<p>A Boulogne-Billancourt (92), le promoteur immobilier Esprimm a r\u00e9alis\u00e9 un nouvel immeuble compos\u00e9 de 6 \u00e9tages comprenant 19 logements. Situ\u00e9 52 rue du Point du Jour, ce projet nomm\u00e9 \u00ab Le Koriant \u00bb a \u00e9t\u00e9 con\u00e7u par le Studio Vincent Eschalier. Pour ce nouveau b\u00e2timent, l\u2019objectif de l\u2019agence \u00e9tait de cr\u00e9er des logements disposant tous [&hellip;]<\/p>\n","protected":false},"author":17,"featured_media":100455,"comment_status":"closed","ping_status":"closed","sticky":false,"template":"","format":"standard","meta":{"_et_pb_use_builder":"","_et_pb_old_content":"","_et_gb_content_width":"","footnotes":""},"categories":[10530,6340,10771,10775],"tags":[126],"class_list":["post-100454","post","type-post","status-publish","format-standard","has-post-thumbnail","hentry","category-actualites","category-architecture-conception","category-5facades","category-actualites-5facades","tag-facade"],"yoast_head":"<!-- This site is optimized with the Yoast SEO plugin v27.4 - https:\/\/yoast.com\/product\/yoast-seo-wordpress\/ -->\n<title>Le Koriant : de grandes baies vitr\u00e9es encadr\u00e9es de Corian Exteriors<\/title>\n<meta name=\"description\" content=\"Le Koriant : les baies en biais et les balcons en d\u00e9bord ont \u00e9t\u00e9 enti\u00e8rement rev\u00eatu avec des panneaux de Corian Exteriors dans le coloris blanc\" \/>\n<meta name=\"robots\" content=\"index, follow, max-snippet:-1, max-image-preview:large, max-video-preview:-1\" \/>\n<link rel=\"canonical\" href=\"https:\/\/batijournal.com\/index.php\/le-koriant-baies-vitrees-corian-exteriors\/100454\/\" \/>\n<meta property=\"og:locale\" content=\"fr_FR\" \/>\n<meta property=\"og:type\" content=\"article\" \/>\n<meta property=\"og:title\" content=\"Le Koriant : de grandes baies vitr\u00e9es encadr\u00e9es de Corian Exteriors\" \/>\n<meta property=\"og:description\" content=\"Le Koriant : les baies en biais et les balcons en d\u00e9bord ont \u00e9t\u00e9 enti\u00e8rement rev\u00eatu avec des panneaux de Corian Exteriors dans le coloris blanc\" \/>\n<meta property=\"og:url\" content=\"https:\/\/batijournal.com\/index.php\/le-koriant-baies-vitrees-corian-exteriors\/100454\/\" \/>\n<meta property=\"og:site_name\" content=\"Batijournal\" \/>\n<meta property=\"article:published_time\" content=\"2018-10-11T07:40:09+00:00\" \/>\n<meta property=\"article:modified_time\" content=\"2019-07-15T09:26:50+00:00\" \/>\n<meta property=\"og:image\" content=\"https:\/\/batijournal.com\/wp-content\/uploads\/2018\/10\/immeuble-facade-corian-exterior.jpg\" \/>\n\t<meta property=\"og:image:width\" content=\"606\" \/>\n\t<meta property=\"og:image:height\" content=\"547\" \/>\n\t<meta property=\"og:image:type\" content=\"image\/jpeg\" \/>\n<meta name=\"author\" content=\"St\u00e9phane Miget\" \/>\n<meta name=\"twitter:card\" content=\"summary_large_image\" \/>\n<meta name=\"twitter:creator\" content=\"@bati_journal\" \/>\n<meta name=\"twitter:site\" content=\"@bati_journal\" \/>\n<meta name=\"twitter:label1\" content=\"\u00c9crit par\" \/>\n\t<meta name=\"twitter:data1\" content=\"St\u00e9phane Miget\" \/>\n\t<meta name=\"twitter:label2\" content=\"Dur\u00e9e de lecture estim\u00e9e\" \/>\n\t<meta name=\"twitter:data2\" content=\"1 minute\" \/>\n<script type=\"application\/ld+json\" class=\"yoast-schema-graph\">{\"@context\":\"https:\\\/\\\/schema.org\",\"@graph\":[{\"@type\":\"Article\",\"@id\":\"https:\\\/\\\/batijournal.com\\\/index.php\\\/le-koriant-baies-vitrees-corian-exteriors\\\/100454\\\/#article\",\"isPartOf\":{\"@id\":\"https:\\\/\\\/batijournal.com\\\/index.php\\\/le-koriant-baies-vitrees-corian-exteriors\\\/100454\\\/\"},\"author\":{\"name\":\"St\u00e9phane Miget\",\"@id\":\"https:\\\/\\\/batijournal.com\\\/#\\\/schema\\\/person\\\/1dc96ec6957aa1ccb25ebe78bb19f100\"},\"headline\":\"Immeuble avec de grandes baies vitr\u00e9es encadr\u00e9es de Corian Exteriors\",\"datePublished\":\"2018-10-11T07:40:09+00:00\",\"dateModified\":\"2019-07-15T09:26:50+00:00\",\"mainEntityOfPage\":{\"@id\":\"https:\\\/\\\/batijournal.com\\\/index.php\\\/le-koriant-baies-vitrees-corian-exteriors\\\/100454\\\/\"},\"wordCount\":238,\"image\":{\"@id\":\"https:\\\/\\\/batijournal.com\\\/index.php\\\/le-koriant-baies-vitrees-corian-exteriors\\\/100454\\\/#primaryimage\"},\"thumbnailUrl\":\"https:\\\/\\\/batijournal.com\\\/wp-content\\\/uploads\\\/2018\\\/10\\\/immeuble-facade-corian-exterior.jpg\",\"keywords\":[\"fa\u00e7ade\"],\"articleSection\":[\"Actualit\u00e9s\",\"Architecture &amp; Conception\",\"zz_5fa\u00e7ades\",\"zz_Actualit\u00e9s - 5fa\u00e7ades\"],\"inLanguage\":\"fr-FR\"},{\"@type\":\"WebPage\",\"@id\":\"https:\\\/\\\/batijournal.com\\\/index.php\\\/le-koriant-baies-vitrees-corian-exteriors\\\/100454\\\/\",\"url\":\"https:\\\/\\\/batijournal.com\\\/index.php\\\/le-koriant-baies-vitrees-corian-exteriors\\\/100454\\\/\",\"name\":\"Le Koriant : de grandes baies vitr\u00e9es encadr\u00e9es de Corian Exteriors\",\"isPartOf\":{\"@id\":\"https:\\\/\\\/batijournal.com\\\/#website\"},\"primaryImageOfPage\":{\"@id\":\"https:\\\/\\\/batijournal.com\\\/index.php\\\/le-koriant-baies-vitrees-corian-exteriors\\\/100454\\\/#primaryimage\"},\"image\":{\"@id\":\"https:\\\/\\\/batijournal.com\\\/index.php\\\/le-koriant-baies-vitrees-corian-exteriors\\\/100454\\\/#primaryimage\"},\"thumbnailUrl\":\"https:\\\/\\\/batijournal.com\\\/wp-content\\\/uploads\\\/2018\\\/10\\\/immeuble-facade-corian-exterior.jpg\",\"datePublished\":\"2018-10-11T07:40:09+00:00\",\"dateModified\":\"2019-07-15T09:26:50+00:00\",\"author\":{\"@id\":\"https:\\\/\\\/batijournal.com\\\/#\\\/schema\\\/person\\\/1dc96ec6957aa1ccb25ebe78bb19f100\"},\"description\":\"Le Koriant : les baies en biais et les balcons en d\u00e9bord ont \u00e9t\u00e9 enti\u00e8rement rev\u00eatu avec des panneaux de Corian Exteriors dans le coloris blanc\",\"breadcrumb\":{\"@id\":\"https:\\\/\\\/batijournal.com\\\/index.php\\\/le-koriant-baies-vitrees-corian-exteriors\\\/100454\\\/#breadcrumb\"},\"inLanguage\":\"fr-FR\",\"potentialAction\":[{\"@type\":\"ReadAction\",\"target\":[\"https:\\\/\\\/batijournal.com\\\/index.php\\\/le-koriant-baies-vitrees-corian-exteriors\\\/100454\\\/\"]}]},{\"@type\":\"ImageObject\",\"inLanguage\":\"fr-FR\",\"@id\":\"https:\\\/\\\/batijournal.com\\\/index.php\\\/le-koriant-baies-vitrees-corian-exteriors\\\/100454\\\/#primaryimage\",\"url\":\"https:\\\/\\\/batijournal.com\\\/wp-content\\\/uploads\\\/2018\\\/10\\\/immeuble-facade-corian-exterior.jpg\",\"contentUrl\":\"https:\\\/\\\/batijournal.com\\\/wp-content\\\/uploads\\\/2018\\\/10\\\/immeuble-facade-corian-exterior.jpg\",\"width\":606,\"height\":547,\"caption\":\"le-koriant-baies-vitrees-corian-exteriors\"},{\"@type\":\"BreadcrumbList\",\"@id\":\"https:\\\/\\\/batijournal.com\\\/index.php\\\/le-koriant-baies-vitrees-corian-exteriors\\\/100454\\\/#breadcrumb\",\"itemListElement\":[{\"@type\":\"ListItem\",\"position\":1,\"name\":\"Accueil\",\"item\":\"https:\\\/\\\/batijournal.com\\\/\"},{\"@type\":\"ListItem\",\"position\":2,\"name\":\"Actualit\u00e9s\",\"item\":\"https:\\\/\\\/batijournal.com\\\/index.php\\\/category\\\/actualites\\\/\"},{\"@type\":\"ListItem\",\"position\":3,\"name\":\"Immeuble avec de grandes baies vitr\u00e9es encadr\u00e9es de Corian Exteriors\"}]},{\"@type\":\"WebSite\",\"@id\":\"https:\\\/\\\/batijournal.com\\\/#website\",\"url\":\"https:\\\/\\\/batijournal.com\\\/\",\"name\":\"Batijournal\",\"description\":\"L&#039;actualit\u00e9 du b\u00e2timent\",\"potentialAction\":[{\"@type\":\"SearchAction\",\"target\":{\"@type\":\"EntryPoint\",\"urlTemplate\":\"https:\\\/\\\/batijournal.com\\\/?s={search_term_string}\"},\"query-input\":{\"@type\":\"PropertyValueSpecification\",\"valueRequired\":true,\"valueName\":\"search_term_string\"}}],\"inLanguage\":\"fr-FR\"},{\"@type\":\"Person\",\"@id\":\"https:\\\/\\\/batijournal.com\\\/#\\\/schema\\\/person\\\/1dc96ec6957aa1ccb25ebe78bb19f100\",\"name\":\"St\u00e9phane Miget\",\"image\":{\"@type\":\"ImageObject\",\"inLanguage\":\"fr-FR\",\"@id\":\"https:\\\/\\\/secure.gravatar.com\\\/avatar\\\/89915563d925342126b8ef0281b93d9d7fc337043e8df017f780908eb9644451?s=96&d=mm&r=g\",\"url\":\"https:\\\/\\\/secure.gravatar.com\\\/avatar\\\/89915563d925342126b8ef0281b93d9d7fc337043e8df017f780908eb9644451?s=96&d=mm&r=g\",\"contentUrl\":\"https:\\\/\\\/secure.gravatar.com\\\/avatar\\\/89915563d925342126b8ef0281b93d9d7fc337043e8df017f780908eb9644451?s=96&d=mm&r=g\",\"caption\":\"St\u00e9phane Miget\"},\"url\":\"https:\\\/\\\/batijournal.com\\\/index.php\\\/author\\\/stephane\\\/\"}]}<\/script>\n<!-- \/ Yoast SEO plugin. -->","yoast_head_json":{"title":"Le Koriant : de grandes baies vitr\u00e9es encadr\u00e9es de Corian Exteriors","description":"Le Koriant : les baies en biais et les balcons en d\u00e9bord ont \u00e9t\u00e9 enti\u00e8rement rev\u00eatu avec des panneaux de Corian Exteriors dans le coloris blanc","robots":{"index":"index","follow":"follow","max-snippet":"max-snippet:-1","max-image-preview":"max-image-preview:large","max-video-preview":"max-video-preview:-1"},"canonical":"https:\/\/batijournal.com\/index.php\/le-koriant-baies-vitrees-corian-exteriors\/100454\/","og_locale":"fr_FR","og_type":"article","og_title":"Le Koriant : de grandes baies vitr\u00e9es encadr\u00e9es de Corian Exteriors","og_description":"Le Koriant : les baies en biais et les balcons en d\u00e9bord ont \u00e9t\u00e9 enti\u00e8rement rev\u00eatu avec des panneaux de Corian Exteriors dans le coloris blanc","og_url":"https:\/\/batijournal.com\/index.php\/le-koriant-baies-vitrees-corian-exteriors\/100454\/","og_site_name":"Batijournal","article_published_time":"2018-10-11T07:40:09+00:00","article_modified_time":"2019-07-15T09:26:50+00:00","og_image":[{"width":606,"height":547,"url":"https:\/\/batijournal.com\/wp-content\/uploads\/2018\/10\/immeuble-facade-corian-exterior.jpg","type":"image\/jpeg"}],"author":"St\u00e9phane Miget","twitter_card":"summary_large_image","twitter_creator":"@bati_journal","twitter_site":"@bati_journal","twitter_misc":{"\u00c9crit par":"St\u00e9phane Miget","Dur\u00e9e de lecture estim\u00e9e":"1 minute"},"schema":{"@context":"https:\/\/schema.org","@graph":[{"@type":"Article","@id":"https:\/\/batijournal.com\/index.php\/le-koriant-baies-vitrees-corian-exteriors\/100454\/#article","isPartOf":{"@id":"https:\/\/batijournal.com\/index.php\/le-koriant-baies-vitrees-corian-exteriors\/100454\/"},"author":{"name":"St\u00e9phane Miget","@id":"https:\/\/batijournal.com\/#\/schema\/person\/1dc96ec6957aa1ccb25ebe78bb19f100"},"headline":"Immeuble avec de grandes baies vitr\u00e9es encadr\u00e9es de Corian Exteriors","datePublished":"2018-10-11T07:40:09+00:00","dateModified":"2019-07-15T09:26:50+00:00","mainEntityOfPage":{"@id":"https:\/\/batijournal.com\/index.php\/le-koriant-baies-vitrees-corian-exteriors\/100454\/"},"wordCount":238,"image":{"@id":"https:\/\/batijournal.com\/index.php\/le-koriant-baies-vitrees-corian-exteriors\/100454\/#primaryimage"},"thumbnailUrl":"https:\/\/batijournal.com\/wp-content\/uploads\/2018\/10\/immeuble-facade-corian-exterior.jpg","keywords":["fa\u00e7ade"],"articleSection":["Actualit\u00e9s","Architecture &amp; Conception","zz_5fa\u00e7ades","zz_Actualit\u00e9s - 5fa\u00e7ades"],"inLanguage":"fr-FR"},{"@type":"WebPage","@id":"https:\/\/batijournal.com\/index.php\/le-koriant-baies-vitrees-corian-exteriors\/100454\/","url":"https:\/\/batijournal.com\/index.php\/le-koriant-baies-vitrees-corian-exteriors\/100454\/","name":"Le Koriant : de grandes baies vitr\u00e9es encadr\u00e9es de Corian Exteriors","isPartOf":{"@id":"https:\/\/batijournal.com\/#website"},"primaryImageOfPage":{"@id":"https:\/\/batijournal.com\/index.php\/le-koriant-baies-vitrees-corian-exteriors\/100454\/#primaryimage"},"image":{"@id":"https:\/\/batijournal.com\/index.php\/le-koriant-baies-vitrees-corian-exteriors\/100454\/#primaryimage"},"thumbnailUrl":"https:\/\/batijournal.com\/wp-content\/uploads\/2018\/10\/immeuble-facade-corian-exterior.jpg","datePublished":"2018-10-11T07:40:09+00:00","dateModified":"2019-07-15T09:26:50+00:00","author":{"@id":"https:\/\/batijournal.com\/#\/schema\/person\/1dc96ec6957aa1ccb25ebe78bb19f100"},"description":"Le Koriant : les baies en biais et les balcons en d\u00e9bord ont \u00e9t\u00e9 enti\u00e8rement rev\u00eatu avec des panneaux de Corian Exteriors dans le coloris blanc","breadcrumb":{"@id":"https:\/\/batijournal.com\/index.php\/le-koriant-baies-vitrees-corian-exteriors\/100454\/#breadcrumb"},"inLanguage":"fr-FR","potentialAction":[{"@type":"ReadAction","target":["https:\/\/batijournal.com\/index.php\/le-koriant-baies-vitrees-corian-exteriors\/100454\/"]}]},{"@type":"ImageObject","inLanguage":"fr-FR","@id":"https:\/\/batijournal.com\/index.php\/le-koriant-baies-vitrees-corian-exteriors\/100454\/#primaryimage","url":"https:\/\/batijournal.com\/wp-content\/uploads\/2018\/10\/immeuble-facade-corian-exterior.jpg","contentUrl":"https:\/\/batijournal.com\/wp-content\/uploads\/2018\/10\/immeuble-facade-corian-exterior.jpg","width":606,"height":547,"caption":"le-koriant-baies-vitrees-corian-exteriors"},{"@type":"BreadcrumbList","@id":"https:\/\/batijournal.com\/index.php\/le-koriant-baies-vitrees-corian-exteriors\/100454\/#breadcrumb","itemListElement":[{"@type":"ListItem","position":1,"name":"Accueil","item":"https:\/\/batijournal.com\/"},{"@type":"ListItem","position":2,"name":"Actualit\u00e9s","item":"https:\/\/batijournal.com\/index.php\/category\/actualites\/"},{"@type":"ListItem","position":3,"name":"Immeuble avec de grandes baies vitr\u00e9es encadr\u00e9es de Corian Exteriors"}]},{"@type":"WebSite","@id":"https:\/\/batijournal.com\/#website","url":"https:\/\/batijournal.com\/","name":"Batijournal","description":"L&#039;actualit\u00e9 du b\u00e2timent","potentialAction":[{"@type":"SearchAction","target":{"@type":"EntryPoint","urlTemplate":"https:\/\/batijournal.com\/?s={search_term_string}"},"query-input":{"@type":"PropertyValueSpecification","valueRequired":true,"valueName":"search_term_string"}}],"inLanguage":"fr-FR"},{"@type":"Person","@id":"https:\/\/batijournal.com\/#\/schema\/person\/1dc96ec6957aa1ccb25ebe78bb19f100","name":"St\u00e9phane Miget","image":{"@type":"ImageObject","inLanguage":"fr-FR","@id":"https:\/\/secure.gravatar.com\/avatar\/89915563d925342126b8ef0281b93d9d7fc337043e8df017f780908eb9644451?s=96&d=mm&r=g","url":"https:\/\/secure.gravatar.com\/avatar\/89915563d925342126b8ef0281b93d9d7fc337043e8df017f780908eb9644451?s=96&d=mm&r=g","contentUrl":"https:\/\/secure.gravatar.com\/avatar\/89915563d925342126b8ef0281b93d9d7fc337043e8df017f780908eb9644451?s=96&d=mm&r=g","caption":"St\u00e9phane Miget"},"url":"https:\/\/batijournal.com\/index.php\/author\/stephane\/"}]}},"_links":{"self":[{"href":"https:\/\/batijournal.com\/index.php\/wp-json\/wp\/v2\/posts\/100454","targetHints":{"allow":["GET"]}}],"collection":[{"href":"https:\/\/batijournal.com\/index.php\/wp-json\/wp\/v2\/posts"}],"about":[{"href":"https:\/\/batijournal.com\/index.php\/wp-json\/wp\/v2\/types\/post"}],"author":[{"embeddable":true,"href":"https:\/\/batijournal.com\/index.php\/wp-json\/wp\/v2\/users\/17"}],"replies":[{"embeddable":true,"href":"https:\/\/batijournal.com\/index.php\/wp-json\/wp\/v2\/comments?post=100454"}],"version-history":[{"count":0,"href":"https:\/\/batijournal.com\/index.php\/wp-json\/wp\/v2\/posts\/100454\/revisions"}],"wp:featuredmedia":[{"embeddable":true,"href":"https:\/\/batijournal.com\/index.php\/wp-json\/wp\/v2\/media\/100455"}],"wp:attachment":[{"href":"https:\/\/batijournal.com\/index.php\/wp-json\/wp\/v2\/media?parent=100454"}],"wp:term":[{"taxonomy":"category","embeddable":true,"href":"https:\/\/batijournal.com\/index.php\/wp-json\/wp\/v2\/categories?post=100454"},{"taxonomy":"post_tag","embeddable":true,"href":"https:\/\/batijournal.com\/index.php\/wp-json\/wp\/v2\/tags?post=100454"}],"curies":[{"name":"wp","href":"https:\/\/api.w.org\/{rel}","templated":true}]}}