{"id":100494,"date":"2018-10-15T07:51:18","date_gmt":"2018-10-15T05:51:18","guid":{"rendered":"https:\/\/batijournal.com\/?p=100494"},"modified":"2019-07-15T12:03:42","modified_gmt":"2019-07-15T10:03:42","slug":"strategie-nationale-pour-les-coproprietes-degradees","status":"publish","type":"post","link":"https:\/\/batijournal.com\/index.php\/strategie-nationale-pour-les-coproprietes-degradees\/100494\/","title":{"rendered":"Strat\u00e9gie nationale pour les copropri\u00e9t\u00e9s d\u00e9grad\u00e9es"},"content":{"rendered":"<p>Julien Denormandie a lanc\u00e9 le premier comit\u00e9 de pilotage du plan \u00ab Initiative Copropri\u00e9t\u00e9s \u00bb. Cette strat\u00e9gie nationale va cibler prioritairement les situations les plus graves \u2013 les copropri\u00e9t\u00e9s tr\u00e8s d\u00e9grad\u00e9es et d\u00e9grad\u00e9es \u2013 tout en apportant des solutions de pr\u00e9vention et d\u2019accompagnement aux copropri\u00e9t\u00e9s fragiles avec un plan op\u00e9rationnel, territorialis\u00e9 et concert\u00e9 avec les \u00e9lus. Une offre \u00e0 la carte est mise en place pour les collectivit\u00e9s locales afin de tenir compte des difficult\u00e9s et des projets qui sont propres \u00e0 chaque territoire. Au total, 684 copropri\u00e9t\u00e9s sont en difficult\u00e9 soit pr\u00e8s de 56 000 logements concentr\u00e9s dans 26 territoires (r\u00e9gion, m\u00e9tropole, ville). 14 sites sont en suivi national, ils pr\u00e9sentent 128 copropri\u00e9t\u00e9s d\u00e9grad\u00e9es (23 000 logements)<br \/>\nMulhouse, Toulouse, Montpellier, N\u00eemes, Marseille, Evry, Aulnay\/Sevran, Grigny, Clichy, Mantes la Jolie, Epinay \/Seine, Vaulx-en-Velin, Grenoble, St Etienne-du-Rouvray.\u00a0<em>\u00ab Julien Denormandie salue l\u2019engagement de tous (Anah, ANRU, Procivis, Groupe Caisse des D\u00e9p\u00f4ts et Consignations, et Action Logement Groupe) qui s\u2019associent \u00e0 \u00ab Initiative copropri\u00e9t\u00e9s \u00bb. Il s\u2019agit d\u2019apporter les moyens de lutter efficacement contre les copropri\u00e9t\u00e9s d\u00e9grad\u00e9es. Un suivi tr\u00e8s r\u00e9gulier sera fait avec des chefs de projets nomm\u00e9s et un comit\u00e9 de suivi qui se r\u00e9unira tous les 3 mois avec l\u2019Etat, les \u00e9lus locaux et les partenaires. \u00bb<\/em><\/p>\n","protected":false},"excerpt":{"rendered":"<p>Julien Denormandie a lanc\u00e9 le premier comit\u00e9 de pilotage du plan \u00ab Initiative Copropri\u00e9t\u00e9s \u00bb. Cette strat\u00e9gie nationale va cibler prioritairement les situations les plus graves \u2013 les copropri\u00e9t\u00e9s tr\u00e8s d\u00e9grad\u00e9es et d\u00e9grad\u00e9es \u2013 tout en apportant des solutions de pr\u00e9vention et d\u2019accompagnement aux copropri\u00e9t\u00e9s fragiles avec un plan op\u00e9rationnel, territorialis\u00e9 et concert\u00e9 avec les [&hellip;]<\/p>\n","protected":false},"author":17,"featured_media":90053,"comment_status":"closed","ping_status":"closed","sticky":false,"template":"","format":"standard","meta":{"_et_pb_use_builder":"","_et_pb_old_content":"","_et_gb_content_width":"","footnotes":""},"categories":[10736,6345],"tags":[3230],"class_list":["post-100494","post","type-post","status-publish","format-standard","has-post-thumbnail","hentry","category-a-la-une","category-economie-marches","tag-coproprietes"],"yoast_head":"<!-- This site is optimized with the Yoast SEO plugin v27.4 - https:\/\/yoast.com\/product\/yoast-seo-wordpress\/ -->\n<title>Strat\u00e9gie nationale pour les copropri\u00e9t\u00e9s d\u00e9grad\u00e9es<\/title>\n<meta name=\"description\" content=\"Cette strat\u00e9gie nationale va cibler prioritairement les situations les plus graves, les copropri\u00e9t\u00e9s tr\u00e8s d\u00e9grad\u00e9es et d\u00e9grad\u00e9es\" \/>\n<meta name=\"robots\" content=\"index, follow, max-snippet:-1, max-image-preview:large, max-video-preview:-1\" \/>\n<link rel=\"canonical\" href=\"https:\/\/batijournal.com\/index.php\/strategie-nationale-pour-les-coproprietes-degradees\/100494\/\" \/>\n<meta property=\"og:locale\" content=\"fr_FR\" \/>\n<meta property=\"og:type\" content=\"article\" \/>\n<meta property=\"og:title\" content=\"Strat\u00e9gie nationale pour les copropri\u00e9t\u00e9s d\u00e9grad\u00e9es\" \/>\n<meta property=\"og:description\" content=\"Cette strat\u00e9gie nationale va cibler prioritairement les situations les plus graves, les copropri\u00e9t\u00e9s tr\u00e8s d\u00e9grad\u00e9es et d\u00e9grad\u00e9es\" \/>\n<meta property=\"og:url\" content=\"https:\/\/batijournal.com\/index.php\/strategie-nationale-pour-les-coproprietes-degradees\/100494\/\" \/>\n<meta property=\"og:site_name\" content=\"Batijournal\" \/>\n<meta property=\"article:published_time\" content=\"2018-10-15T05:51:18+00:00\" \/>\n<meta property=\"article:modified_time\" content=\"2019-07-15T10:03:42+00:00\" \/>\n<meta property=\"og:image\" content=\"https:\/\/batijournal.com\/wp-content\/uploads\/2015\/10\/coproprietes.jpg\" \/>\n\t<meta property=\"og:image:width\" content=\"1200\" \/>\n\t<meta property=\"og:image:height\" content=\"714\" \/>\n\t<meta property=\"og:image:type\" content=\"image\/jpeg\" \/>\n<meta name=\"author\" content=\"St\u00e9phane Miget\" \/>\n<meta name=\"twitter:card\" content=\"summary_large_image\" \/>\n<meta name=\"twitter:creator\" content=\"@bati_journal\" \/>\n<meta name=\"twitter:site\" content=\"@bati_journal\" \/>\n<meta name=\"twitter:label1\" content=\"\u00c9crit par\" \/>\n\t<meta name=\"twitter:data1\" content=\"St\u00e9phane Miget\" \/>\n\t<meta name=\"twitter:label2\" content=\"Dur\u00e9e de lecture estim\u00e9e\" \/>\n\t<meta name=\"twitter:data2\" content=\"1 minute\" \/>\n<script type=\"application\/ld+json\" class=\"yoast-schema-graph\">{\"@context\":\"https:\\\/\\\/schema.org\",\"@graph\":[{\"@type\":\"Article\",\"@id\":\"https:\\\/\\\/batijournal.com\\\/index.php\\\/strategie-nationale-pour-les-coproprietes-degradees\\\/100494\\\/#article\",\"isPartOf\":{\"@id\":\"https:\\\/\\\/batijournal.com\\\/index.php\\\/strategie-nationale-pour-les-coproprietes-degradees\\\/100494\\\/\"},\"author\":{\"name\":\"St\u00e9phane Miget\",\"@id\":\"https:\\\/\\\/batijournal.com\\\/#\\\/schema\\\/person\\\/1dc96ec6957aa1ccb25ebe78bb19f100\"},\"headline\":\"Strat\u00e9gie nationale pour les copropri\u00e9t\u00e9s d\u00e9grad\u00e9es\",\"datePublished\":\"2018-10-15T05:51:18+00:00\",\"dateModified\":\"2019-07-15T10:03:42+00:00\",\"mainEntityOfPage\":{\"@id\":\"https:\\\/\\\/batijournal.com\\\/index.php\\\/strategie-nationale-pour-les-coproprietes-degradees\\\/100494\\\/\"},\"wordCount\":246,\"image\":{\"@id\":\"https:\\\/\\\/batijournal.com\\\/index.php\\\/strategie-nationale-pour-les-coproprietes-degradees\\\/100494\\\/#primaryimage\"},\"thumbnailUrl\":\"https:\\\/\\\/batijournal.com\\\/wp-content\\\/uploads\\\/2015\\\/10\\\/coproprietes.jpg\",\"keywords\":[\"copropri\u00e9t\u00e9s\"],\"articleSection\":[\"A la Une\",\"\u00c9conomie &amp; March\u00e9s\"],\"inLanguage\":\"fr-FR\"},{\"@type\":\"WebPage\",\"@id\":\"https:\\\/\\\/batijournal.com\\\/index.php\\\/strategie-nationale-pour-les-coproprietes-degradees\\\/100494\\\/\",\"url\":\"https:\\\/\\\/batijournal.com\\\/index.php\\\/strategie-nationale-pour-les-coproprietes-degradees\\\/100494\\\/\",\"name\":\"Strat\u00e9gie nationale pour les copropri\u00e9t\u00e9s d\u00e9grad\u00e9es\",\"isPartOf\":{\"@id\":\"https:\\\/\\\/batijournal.com\\\/#website\"},\"primaryImageOfPage\":{\"@id\":\"https:\\\/\\\/batijournal.com\\\/index.php\\\/strategie-nationale-pour-les-coproprietes-degradees\\\/100494\\\/#primaryimage\"},\"image\":{\"@id\":\"https:\\\/\\\/batijournal.com\\\/index.php\\\/strategie-nationale-pour-les-coproprietes-degradees\\\/100494\\\/#primaryimage\"},\"thumbnailUrl\":\"https:\\\/\\\/batijournal.com\\\/wp-content\\\/uploads\\\/2015\\\/10\\\/coproprietes.jpg\",\"datePublished\":\"2018-10-15T05:51:18+00:00\",\"dateModified\":\"2019-07-15T10:03:42+00:00\",\"author\":{\"@id\":\"https:\\\/\\\/batijournal.com\\\/#\\\/schema\\\/person\\\/1dc96ec6957aa1ccb25ebe78bb19f100\"},\"description\":\"Cette strat\u00e9gie nationale va cibler prioritairement les situations les plus graves, les copropri\u00e9t\u00e9s tr\u00e8s d\u00e9grad\u00e9es et d\u00e9grad\u00e9es\",\"breadcrumb\":{\"@id\":\"https:\\\/\\\/batijournal.com\\\/index.php\\\/strategie-nationale-pour-les-coproprietes-degradees\\\/100494\\\/#breadcrumb\"},\"inLanguage\":\"fr-FR\",\"potentialAction\":[{\"@type\":\"ReadAction\",\"target\":[\"https:\\\/\\\/batijournal.com\\\/index.php\\\/strategie-nationale-pour-les-coproprietes-degradees\\\/100494\\\/\"]}]},{\"@type\":\"ImageObject\",\"inLanguage\":\"fr-FR\",\"@id\":\"https:\\\/\\\/batijournal.com\\\/index.php\\\/strategie-nationale-pour-les-coproprietes-degradees\\\/100494\\\/#primaryimage\",\"url\":\"https:\\\/\\\/batijournal.com\\\/wp-content\\\/uploads\\\/2015\\\/10\\\/coproprietes.jpg\",\"contentUrl\":\"https:\\\/\\\/batijournal.com\\\/wp-content\\\/uploads\\\/2015\\\/10\\\/coproprietes.jpg\",\"width\":1200,\"height\":714},{\"@type\":\"BreadcrumbList\",\"@id\":\"https:\\\/\\\/batijournal.com\\\/index.php\\\/strategie-nationale-pour-les-coproprietes-degradees\\\/100494\\\/#breadcrumb\",\"itemListElement\":[{\"@type\":\"ListItem\",\"position\":1,\"name\":\"Accueil\",\"item\":\"https:\\\/\\\/batijournal.com\\\/\"},{\"@type\":\"ListItem\",\"position\":2,\"name\":\"A la Une\",\"item\":\"https:\\\/\\\/batijournal.com\\\/index.php\\\/category\\\/a-la-une\\\/\"},{\"@type\":\"ListItem\",\"position\":3,\"name\":\"Strat\u00e9gie nationale pour les copropri\u00e9t\u00e9s d\u00e9grad\u00e9es\"}]},{\"@type\":\"WebSite\",\"@id\":\"https:\\\/\\\/batijournal.com\\\/#website\",\"url\":\"https:\\\/\\\/batijournal.com\\\/\",\"name\":\"Batijournal\",\"description\":\"L&#039;actualit\u00e9 du b\u00e2timent\",\"potentialAction\":[{\"@type\":\"SearchAction\",\"target\":{\"@type\":\"EntryPoint\",\"urlTemplate\":\"https:\\\/\\\/batijournal.com\\\/?s={search_term_string}\"},\"query-input\":{\"@type\":\"PropertyValueSpecification\",\"valueRequired\":true,\"valueName\":\"search_term_string\"}}],\"inLanguage\":\"fr-FR\"},{\"@type\":\"Person\",\"@id\":\"https:\\\/\\\/batijournal.com\\\/#\\\/schema\\\/person\\\/1dc96ec6957aa1ccb25ebe78bb19f100\",\"name\":\"St\u00e9phane Miget\",\"image\":{\"@type\":\"ImageObject\",\"inLanguage\":\"fr-FR\",\"@id\":\"https:\\\/\\\/secure.gravatar.com\\\/avatar\\\/89915563d925342126b8ef0281b93d9d7fc337043e8df017f780908eb9644451?s=96&d=mm&r=g\",\"url\":\"https:\\\/\\\/secure.gravatar.com\\\/avatar\\\/89915563d925342126b8ef0281b93d9d7fc337043e8df017f780908eb9644451?s=96&d=mm&r=g\",\"contentUrl\":\"https:\\\/\\\/secure.gravatar.com\\\/avatar\\\/89915563d925342126b8ef0281b93d9d7fc337043e8df017f780908eb9644451?s=96&d=mm&r=g\",\"caption\":\"St\u00e9phane Miget\"},\"url\":\"https:\\\/\\\/batijournal.com\\\/index.php\\\/author\\\/stephane\\\/\"}]}<\/script>\n<!-- \/ Yoast SEO plugin. -->","yoast_head_json":{"title":"Strat\u00e9gie nationale pour les copropri\u00e9t\u00e9s d\u00e9grad\u00e9es","description":"Cette strat\u00e9gie nationale va cibler prioritairement les situations les plus graves, les copropri\u00e9t\u00e9s tr\u00e8s d\u00e9grad\u00e9es et d\u00e9grad\u00e9es","robots":{"index":"index","follow":"follow","max-snippet":"max-snippet:-1","max-image-preview":"max-image-preview:large","max-video-preview":"max-video-preview:-1"},"canonical":"https:\/\/batijournal.com\/index.php\/strategie-nationale-pour-les-coproprietes-degradees\/100494\/","og_locale":"fr_FR","og_type":"article","og_title":"Strat\u00e9gie nationale pour les copropri\u00e9t\u00e9s d\u00e9grad\u00e9es","og_description":"Cette strat\u00e9gie nationale va cibler prioritairement les situations les plus graves, les copropri\u00e9t\u00e9s tr\u00e8s d\u00e9grad\u00e9es et d\u00e9grad\u00e9es","og_url":"https:\/\/batijournal.com\/index.php\/strategie-nationale-pour-les-coproprietes-degradees\/100494\/","og_site_name":"Batijournal","article_published_time":"2018-10-15T05:51:18+00:00","article_modified_time":"2019-07-15T10:03:42+00:00","og_image":[{"width":1200,"height":714,"url":"https:\/\/batijournal.com\/wp-content\/uploads\/2015\/10\/coproprietes.jpg","type":"image\/jpeg"}],"author":"St\u00e9phane Miget","twitter_card":"summary_large_image","twitter_creator":"@bati_journal","twitter_site":"@bati_journal","twitter_misc":{"\u00c9crit par":"St\u00e9phane Miget","Dur\u00e9e de lecture estim\u00e9e":"1 minute"},"schema":{"@context":"https:\/\/schema.org","@graph":[{"@type":"Article","@id":"https:\/\/batijournal.com\/index.php\/strategie-nationale-pour-les-coproprietes-degradees\/100494\/#article","isPartOf":{"@id":"https:\/\/batijournal.com\/index.php\/strategie-nationale-pour-les-coproprietes-degradees\/100494\/"},"author":{"name":"St\u00e9phane Miget","@id":"https:\/\/batijournal.com\/#\/schema\/person\/1dc96ec6957aa1ccb25ebe78bb19f100"},"headline":"Strat\u00e9gie nationale pour les copropri\u00e9t\u00e9s d\u00e9grad\u00e9es","datePublished":"2018-10-15T05:51:18+00:00","dateModified":"2019-07-15T10:03:42+00:00","mainEntityOfPage":{"@id":"https:\/\/batijournal.com\/index.php\/strategie-nationale-pour-les-coproprietes-degradees\/100494\/"},"wordCount":246,"image":{"@id":"https:\/\/batijournal.com\/index.php\/strategie-nationale-pour-les-coproprietes-degradees\/100494\/#primaryimage"},"thumbnailUrl":"https:\/\/batijournal.com\/wp-content\/uploads\/2015\/10\/coproprietes.jpg","keywords":["copropri\u00e9t\u00e9s"],"articleSection":["A la Une","\u00c9conomie &amp; March\u00e9s"],"inLanguage":"fr-FR"},{"@type":"WebPage","@id":"https:\/\/batijournal.com\/index.php\/strategie-nationale-pour-les-coproprietes-degradees\/100494\/","url":"https:\/\/batijournal.com\/index.php\/strategie-nationale-pour-les-coproprietes-degradees\/100494\/","name":"Strat\u00e9gie nationale pour les copropri\u00e9t\u00e9s d\u00e9grad\u00e9es","isPartOf":{"@id":"https:\/\/batijournal.com\/#website"},"primaryImageOfPage":{"@id":"https:\/\/batijournal.com\/index.php\/strategie-nationale-pour-les-coproprietes-degradees\/100494\/#primaryimage"},"image":{"@id":"https:\/\/batijournal.com\/index.php\/strategie-nationale-pour-les-coproprietes-degradees\/100494\/#primaryimage"},"thumbnailUrl":"https:\/\/batijournal.com\/wp-content\/uploads\/2015\/10\/coproprietes.jpg","datePublished":"2018-10-15T05:51:18+00:00","dateModified":"2019-07-15T10:03:42+00:00","author":{"@id":"https:\/\/batijournal.com\/#\/schema\/person\/1dc96ec6957aa1ccb25ebe78bb19f100"},"description":"Cette strat\u00e9gie nationale va cibler prioritairement les situations les plus graves, les copropri\u00e9t\u00e9s tr\u00e8s d\u00e9grad\u00e9es et d\u00e9grad\u00e9es","breadcrumb":{"@id":"https:\/\/batijournal.com\/index.php\/strategie-nationale-pour-les-coproprietes-degradees\/100494\/#breadcrumb"},"inLanguage":"fr-FR","potentialAction":[{"@type":"ReadAction","target":["https:\/\/batijournal.com\/index.php\/strategie-nationale-pour-les-coproprietes-degradees\/100494\/"]}]},{"@type":"ImageObject","inLanguage":"fr-FR","@id":"https:\/\/batijournal.com\/index.php\/strategie-nationale-pour-les-coproprietes-degradees\/100494\/#primaryimage","url":"https:\/\/batijournal.com\/wp-content\/uploads\/2015\/10\/coproprietes.jpg","contentUrl":"https:\/\/batijournal.com\/wp-content\/uploads\/2015\/10\/coproprietes.jpg","width":1200,"height":714},{"@type":"BreadcrumbList","@id":"https:\/\/batijournal.com\/index.php\/strategie-nationale-pour-les-coproprietes-degradees\/100494\/#breadcrumb","itemListElement":[{"@type":"ListItem","position":1,"name":"Accueil","item":"https:\/\/batijournal.com\/"},{"@type":"ListItem","position":2,"name":"A la Une","item":"https:\/\/batijournal.com\/index.php\/category\/a-la-une\/"},{"@type":"ListItem","position":3,"name":"Strat\u00e9gie nationale pour les copropri\u00e9t\u00e9s d\u00e9grad\u00e9es"}]},{"@type":"WebSite","@id":"https:\/\/batijournal.com\/#website","url":"https:\/\/batijournal.com\/","name":"Batijournal","description":"L&#039;actualit\u00e9 du b\u00e2timent","potentialAction":[{"@type":"SearchAction","target":{"@type":"EntryPoint","urlTemplate":"https:\/\/batijournal.com\/?s={search_term_string}"},"query-input":{"@type":"PropertyValueSpecification","valueRequired":true,"valueName":"search_term_string"}}],"inLanguage":"fr-FR"},{"@type":"Person","@id":"https:\/\/batijournal.com\/#\/schema\/person\/1dc96ec6957aa1ccb25ebe78bb19f100","name":"St\u00e9phane Miget","image":{"@type":"ImageObject","inLanguage":"fr-FR","@id":"https:\/\/secure.gravatar.com\/avatar\/89915563d925342126b8ef0281b93d9d7fc337043e8df017f780908eb9644451?s=96&d=mm&r=g","url":"https:\/\/secure.gravatar.com\/avatar\/89915563d925342126b8ef0281b93d9d7fc337043e8df017f780908eb9644451?s=96&d=mm&r=g","contentUrl":"https:\/\/secure.gravatar.com\/avatar\/89915563d925342126b8ef0281b93d9d7fc337043e8df017f780908eb9644451?s=96&d=mm&r=g","caption":"St\u00e9phane Miget"},"url":"https:\/\/batijournal.com\/index.php\/author\/stephane\/"}]}},"_links":{"self":[{"href":"https:\/\/batijournal.com\/index.php\/wp-json\/wp\/v2\/posts\/100494","targetHints":{"allow":["GET"]}}],"collection":[{"href":"https:\/\/batijournal.com\/index.php\/wp-json\/wp\/v2\/posts"}],"about":[{"href":"https:\/\/batijournal.com\/index.php\/wp-json\/wp\/v2\/types\/post"}],"author":[{"embeddable":true,"href":"https:\/\/batijournal.com\/index.php\/wp-json\/wp\/v2\/users\/17"}],"replies":[{"embeddable":true,"href":"https:\/\/batijournal.com\/index.php\/wp-json\/wp\/v2\/comments?post=100494"}],"version-history":[{"count":0,"href":"https:\/\/batijournal.com\/index.php\/wp-json\/wp\/v2\/posts\/100494\/revisions"}],"wp:featuredmedia":[{"embeddable":true,"href":"https:\/\/batijournal.com\/index.php\/wp-json\/wp\/v2\/media\/90053"}],"wp:attachment":[{"href":"https:\/\/batijournal.com\/index.php\/wp-json\/wp\/v2\/media?parent=100494"}],"wp:term":[{"taxonomy":"category","embeddable":true,"href":"https:\/\/batijournal.com\/index.php\/wp-json\/wp\/v2\/categories?post=100494"},{"taxonomy":"post_tag","embeddable":true,"href":"https:\/\/batijournal.com\/index.php\/wp-json\/wp\/v2\/tags?post=100494"}],"curies":[{"name":"wp","href":"https:\/\/api.w.org\/{rel}","templated":true}]}}