{"id":100502,"date":"2018-10-16T08:27:30","date_gmt":"2018-10-16T06:27:30","guid":{"rendered":"https:\/\/batijournal.com\/?p=100502"},"modified":"2019-07-15T12:21:52","modified_gmt":"2019-07-15T10:21:52","slug":"fonds-chaleur-augmentation-de-lutilisation-de-bois-dechets-comme-combustible","status":"publish","type":"post","link":"https:\/\/batijournal.com\/index.php\/fonds-chaleur-augmentation-de-lutilisation-de-bois-dechets-comme-combustible\/100502\/","title":{"rendered":"Fonds Chaleur : augmentation de l\u2019utilisation de bois d\u00e9chets comme combustible"},"content":{"rendered":"<p>Depuis 2009, le Fonds Chaleur soutient le d\u00e9veloppement de la production de chaleur \u00e0 partir d\u2019\u00e9nergies renouvelables comme la biomasse, la g\u00e9othermie ou le solaire. Ce dispositif est destin\u00e9 \u00e0 tous les ma\u00eetres d\u2019ouvrage, hors sph\u00e8re domestique : entreprises des secteurs agricole, industriel et tertiaire priv\u00e9, collectivit\u00e9s et gestionnaires d\u2019habitat collectif. Pour la cible entreprise, l\u2019ADEME a mis en place le dispositif \u00ab\u00a0Biomasse Energie et Entreprises\u00a0\u00bb qui vise le d\u00e9veloppement de la chaleur renouvelable aupr\u00e8s des entreprises de toute taille (PME, PMI et GE). Dans ce cadre, l\u2019appel \u00e0 projets (AAP) Biomasse Chaleur Industrie Agriculture et Tertiaire (BCIAT) vise sp\u00e9cifiquement le d\u00e9veloppement de projets de production de chaleur \u00e0 partir de biomasse sup\u00e9rieurs \u00e0 12GWh\/an.<\/p>\n<p>L\u2019AAP BCIAT compte pour son \u00e9dition 2018 sept laur\u00e9ats pour un montant total d\u2019aides de 26,6 millions d\u2019euros et 70 millions d\u2019euros d\u2019investissement. Les laur\u00e9ats sont issus d\u2019une grande diversit\u00e9 de secteurs d\u2019activit\u00e9s avec des besoins diff\u00e9rents tant en terme de puissance que de technologies de production. Cette \u00e9dition confirme la tendance de ces deux derni\u00e8res ann\u00e9es \u00e0 l\u2019augmentation de l\u2019utilisation de bois d\u00e9chets comme combustible. Cette part s\u2019\u00e9l\u00e8ve cette ann\u00e9e \u00e0 environ 60% de la consommation de biomasse totale pour l\u2019ensemble des projets. On note \u00e9galement un retour des installations fonctionnant avec des plaquettes foresti\u00e8res. Voici la liste des projets laur\u00e9ats\u00a0pour l\u2019\u00e9dition 2018\u00a0:<\/p>\n<p>&nbsp;<\/p>\n<table width=\"0\">\n<tbody>\n<tr>\n<td width=\"204\">Nom<\/td>\n<td width=\"113\">Secteur<\/td>\n<td width=\"151\">R\u00e9gion<\/td>\n<td width=\"136\">Production GWh\/an<\/td>\n<\/tr>\n<tr>\n<td width=\"204\">DROME ARDECHE ENROBES<\/td>\n<td width=\"113\">Mat\u00e9riaux<\/td>\n<td width=\"151\">AURA<\/td>\n<td width=\"136\">11,9<\/td>\n<\/tr>\n<tr>\n<td width=\"204\">VOLTINOV \u2013 ALSAPAN<\/td>\n<td width=\"113\">Bois<\/td>\n<td width=\"151\">Grand Est<\/td>\n<td width=\"136\">6,6<\/td>\n<\/tr>\n<tr>\n<td width=\"204\">CAPDEA<\/td>\n<td width=\"113\">D\u00e9shydratationProduits agricoles<\/td>\n<td width=\"151\">Grand Est<\/td>\n<td width=\"136\">29,9<\/td>\n<\/tr>\n<tr>\n<td width=\"204\">ENGIE \u2013 NOVO NORDISK<\/td>\n<td width=\"113\">Pharmacie<\/td>\n<td width=\"151\">Centre- VdL<\/td>\n<td width=\"136\">23,1<\/td>\n<\/tr>\n<tr>\n<td width=\"204\">SAS SOKA<\/td>\n<td width=\"113\">Mat\u00e9riaux<\/td>\n<td width=\"151\">Bretagne<\/td>\n<td width=\"136\">37<\/td>\n<\/tr>\n<tr>\n<td width=\"204\">GUYOT ENVIRONNEMENT<\/td>\n<td width=\"113\">Laiterie<\/td>\n<td width=\"151\">Bretagne<\/td>\n<td width=\"136\">57,6<\/td>\n<\/tr>\n<tr>\n<td width=\"204\">TARANIS du ROUVRAY<\/td>\n<td width=\"113\">Papier\/carton<\/td>\n<td width=\"151\">Normandie<\/td>\n<td width=\"136\">237,6<\/td>\n<\/tr>\n<tr>\n<td width=\"204\"><\/td>\n<td width=\"113\"><\/td>\n<td width=\"151\">Total<\/td>\n<td width=\"136\">464<\/td>\n<\/tr>\n<\/tbody>\n<\/table>\n<p>&nbsp;<\/p>\n<h3>Une nouvelle phase de candidature pour 2019<\/h3>\n<p>L\u2019appel \u00e0 candidatures 2019 est lanc\u00e9 et comportera deux dates de cl\u00f4ture :<\/p>\n<ul>\n<li>Premi\u00e8re date : 31 janvier 2019<\/li>\n<li>Seconde date : 23 mai 2019<\/li>\n<\/ul>\n<p>L\u2019\u00e9ligibilit\u00e9 des projets est soumise \u00e0 l\u2019atteinte de performances \u00e9nerg\u00e9tiques et environnementales. Pour les installations de production de chaleur, une attention particuli\u00e8re sera port\u00e9e sur les projets se substituant \u00e0 des combustibles tr\u00e8s \u00e9metteurs de gaz \u00e0 effet de serre (comme le charbon). Les aides financi\u00e8res apport\u00e9es par le Fonds Chaleur sont fonction de la taille du projet et de sa rentabilit\u00e9 \u00e9conomique.<\/p>\n","protected":false},"excerpt":{"rendered":"<p>Depuis 2009, le Fonds Chaleur soutient le d\u00e9veloppement de la production de chaleur \u00e0 partir d\u2019\u00e9nergies renouvelables comme la biomasse, la g\u00e9othermie ou le solaire. Ce dispositif est destin\u00e9 \u00e0 tous les ma\u00eetres d\u2019ouvrage, hors sph\u00e8re domestique : entreprises des secteurs agricole, industriel et tertiaire priv\u00e9, collectivit\u00e9s et gestionnaires d\u2019habitat collectif. Pour la cible entreprise, [&hellip;]<\/p>\n","protected":false},"author":17,"featured_media":100503,"comment_status":"closed","ping_status":"closed","sticky":false,"template":"","format":"standard","meta":{"_et_pb_use_builder":"","_et_pb_old_content":"","_et_gb_content_width":"","footnotes":""},"categories":[10530,6351,10778],"tags":[3152],"class_list":["post-100502","post","type-post","status-publish","format-standard","has-post-thumbnail","hentry","category-actualites","category-energie-environnement","category-planete","tag-energie-renouvelable"],"yoast_head":"<!-- This site is optimized with the Yoast SEO plugin v27.4 - https:\/\/yoast.com\/product\/yoast-seo-wordpress\/ -->\n<title>Fonds Chaleur : augmentation de l\u2019utilisation de bois d\u00e9chets comme combustible<\/title>\n<meta name=\"description\" content=\"Depuis 2009, le Fonds Chaleur soutient le d\u00e9veloppement de la production de chaleur \u00e0 partir d\u2019\u00e9nergies renouvelables : biomasse, g\u00e9othermie, solaire.\" \/>\n<meta name=\"robots\" content=\"index, follow, max-snippet:-1, max-image-preview:large, max-video-preview:-1\" \/>\n<link rel=\"canonical\" href=\"https:\/\/batijournal.com\/index.php\/fonds-chaleur-augmentation-de-lutilisation-de-bois-dechets-comme-combustible\/100502\/\" \/>\n<meta property=\"og:locale\" content=\"fr_FR\" \/>\n<meta property=\"og:type\" content=\"article\" \/>\n<meta property=\"og:title\" content=\"Fonds Chaleur : augmentation de l\u2019utilisation de bois d\u00e9chets comme combustible\" \/>\n<meta property=\"og:description\" content=\"Depuis 2009, le Fonds Chaleur soutient le d\u00e9veloppement de la production de chaleur \u00e0 partir d\u2019\u00e9nergies renouvelables : biomasse, g\u00e9othermie, solaire.\" \/>\n<meta property=\"og:url\" content=\"https:\/\/batijournal.com\/index.php\/fonds-chaleur-augmentation-de-lutilisation-de-bois-dechets-comme-combustible\/100502\/\" \/>\n<meta property=\"og:site_name\" content=\"Batijournal\" \/>\n<meta property=\"article:published_time\" content=\"2018-10-16T06:27:30+00:00\" \/>\n<meta property=\"article:modified_time\" content=\"2019-07-15T10:21:52+00:00\" \/>\n<meta property=\"og:image\" content=\"https:\/\/batijournal.com\/wp-content\/uploads\/2018\/10\/fond-chaleur_ademe.png\" \/>\n\t<meta property=\"og:image:width\" content=\"780\" \/>\n\t<meta property=\"og:image:height\" content=\"540\" \/>\n\t<meta property=\"og:image:type\" content=\"image\/png\" \/>\n<meta name=\"author\" content=\"St\u00e9phane Miget\" \/>\n<meta name=\"twitter:card\" content=\"summary_large_image\" \/>\n<meta name=\"twitter:creator\" content=\"@bati_journal\" \/>\n<meta name=\"twitter:site\" content=\"@bati_journal\" \/>\n<meta name=\"twitter:label1\" content=\"\u00c9crit par\" \/>\n\t<meta name=\"twitter:data1\" content=\"St\u00e9phane Miget\" \/>\n\t<meta name=\"twitter:label2\" content=\"Dur\u00e9e de lecture estim\u00e9e\" \/>\n\t<meta name=\"twitter:data2\" content=\"2 minutes\" \/>\n<script type=\"application\/ld+json\" class=\"yoast-schema-graph\">{\"@context\":\"https:\\\/\\\/schema.org\",\"@graph\":[{\"@type\":\"Article\",\"@id\":\"https:\\\/\\\/batijournal.com\\\/index.php\\\/fonds-chaleur-augmentation-de-lutilisation-de-bois-dechets-comme-combustible\\\/100502\\\/#article\",\"isPartOf\":{\"@id\":\"https:\\\/\\\/batijournal.com\\\/index.php\\\/fonds-chaleur-augmentation-de-lutilisation-de-bois-dechets-comme-combustible\\\/100502\\\/\"},\"author\":{\"name\":\"St\u00e9phane Miget\",\"@id\":\"https:\\\/\\\/batijournal.com\\\/#\\\/schema\\\/person\\\/1dc96ec6957aa1ccb25ebe78bb19f100\"},\"headline\":\"Fonds Chaleur : augmentation de l\u2019utilisation de bois d\u00e9chets comme combustible\",\"datePublished\":\"2018-10-16T06:27:30+00:00\",\"dateModified\":\"2019-07-15T10:21:52+00:00\",\"mainEntityOfPage\":{\"@id\":\"https:\\\/\\\/batijournal.com\\\/index.php\\\/fonds-chaleur-augmentation-de-lutilisation-de-bois-dechets-comme-combustible\\\/100502\\\/\"},\"wordCount\":398,\"image\":{\"@id\":\"https:\\\/\\\/batijournal.com\\\/index.php\\\/fonds-chaleur-augmentation-de-lutilisation-de-bois-dechets-comme-combustible\\\/100502\\\/#primaryimage\"},\"thumbnailUrl\":\"https:\\\/\\\/batijournal.com\\\/wp-content\\\/uploads\\\/2018\\\/10\\\/fond-chaleur_ademe.png\",\"keywords\":[\"\u00e9nergie renouvelable\"],\"articleSection\":[\"Actualit\u00e9s\",\"\u00c9nergie &amp; Environnement\",\"zz_Plan\u00e8te B\u00e2timent\"],\"inLanguage\":\"fr-FR\"},{\"@type\":\"WebPage\",\"@id\":\"https:\\\/\\\/batijournal.com\\\/index.php\\\/fonds-chaleur-augmentation-de-lutilisation-de-bois-dechets-comme-combustible\\\/100502\\\/\",\"url\":\"https:\\\/\\\/batijournal.com\\\/index.php\\\/fonds-chaleur-augmentation-de-lutilisation-de-bois-dechets-comme-combustible\\\/100502\\\/\",\"name\":\"Fonds Chaleur : augmentation de l\u2019utilisation de bois d\u00e9chets comme combustible\",\"isPartOf\":{\"@id\":\"https:\\\/\\\/batijournal.com\\\/#website\"},\"primaryImageOfPage\":{\"@id\":\"https:\\\/\\\/batijournal.com\\\/index.php\\\/fonds-chaleur-augmentation-de-lutilisation-de-bois-dechets-comme-combustible\\\/100502\\\/#primaryimage\"},\"image\":{\"@id\":\"https:\\\/\\\/batijournal.com\\\/index.php\\\/fonds-chaleur-augmentation-de-lutilisation-de-bois-dechets-comme-combustible\\\/100502\\\/#primaryimage\"},\"thumbnailUrl\":\"https:\\\/\\\/batijournal.com\\\/wp-content\\\/uploads\\\/2018\\\/10\\\/fond-chaleur_ademe.png\",\"datePublished\":\"2018-10-16T06:27:30+00:00\",\"dateModified\":\"2019-07-15T10:21:52+00:00\",\"author\":{\"@id\":\"https:\\\/\\\/batijournal.com\\\/#\\\/schema\\\/person\\\/1dc96ec6957aa1ccb25ebe78bb19f100\"},\"description\":\"Depuis 2009, le Fonds Chaleur soutient le d\u00e9veloppement de la production de chaleur \u00e0 partir d\u2019\u00e9nergies renouvelables : biomasse, g\u00e9othermie, solaire.\",\"breadcrumb\":{\"@id\":\"https:\\\/\\\/batijournal.com\\\/index.php\\\/fonds-chaleur-augmentation-de-lutilisation-de-bois-dechets-comme-combustible\\\/100502\\\/#breadcrumb\"},\"inLanguage\":\"fr-FR\",\"potentialAction\":[{\"@type\":\"ReadAction\",\"target\":[\"https:\\\/\\\/batijournal.com\\\/index.php\\\/fonds-chaleur-augmentation-de-lutilisation-de-bois-dechets-comme-combustible\\\/100502\\\/\"]}]},{\"@type\":\"ImageObject\",\"inLanguage\":\"fr-FR\",\"@id\":\"https:\\\/\\\/batijournal.com\\\/index.php\\\/fonds-chaleur-augmentation-de-lutilisation-de-bois-dechets-comme-combustible\\\/100502\\\/#primaryimage\",\"url\":\"https:\\\/\\\/batijournal.com\\\/wp-content\\\/uploads\\\/2018\\\/10\\\/fond-chaleur_ademe.png\",\"contentUrl\":\"https:\\\/\\\/batijournal.com\\\/wp-content\\\/uploads\\\/2018\\\/10\\\/fond-chaleur_ademe.png\",\"width\":780,\"height\":540},{\"@type\":\"BreadcrumbList\",\"@id\":\"https:\\\/\\\/batijournal.com\\\/index.php\\\/fonds-chaleur-augmentation-de-lutilisation-de-bois-dechets-comme-combustible\\\/100502\\\/#breadcrumb\",\"itemListElement\":[{\"@type\":\"ListItem\",\"position\":1,\"name\":\"Accueil\",\"item\":\"https:\\\/\\\/batijournal.com\\\/\"},{\"@type\":\"ListItem\",\"position\":2,\"name\":\"Actualit\u00e9s\",\"item\":\"https:\\\/\\\/batijournal.com\\\/index.php\\\/category\\\/actualites\\\/\"},{\"@type\":\"ListItem\",\"position\":3,\"name\":\"Fonds Chaleur : augmentation de l\u2019utilisation de bois d\u00e9chets comme combustible\"}]},{\"@type\":\"WebSite\",\"@id\":\"https:\\\/\\\/batijournal.com\\\/#website\",\"url\":\"https:\\\/\\\/batijournal.com\\\/\",\"name\":\"Batijournal\",\"description\":\"L&#039;actualit\u00e9 du b\u00e2timent\",\"potentialAction\":[{\"@type\":\"SearchAction\",\"target\":{\"@type\":\"EntryPoint\",\"urlTemplate\":\"https:\\\/\\\/batijournal.com\\\/?s={search_term_string}\"},\"query-input\":{\"@type\":\"PropertyValueSpecification\",\"valueRequired\":true,\"valueName\":\"search_term_string\"}}],\"inLanguage\":\"fr-FR\"},{\"@type\":\"Person\",\"@id\":\"https:\\\/\\\/batijournal.com\\\/#\\\/schema\\\/person\\\/1dc96ec6957aa1ccb25ebe78bb19f100\",\"name\":\"St\u00e9phane Miget\",\"image\":{\"@type\":\"ImageObject\",\"inLanguage\":\"fr-FR\",\"@id\":\"https:\\\/\\\/secure.gravatar.com\\\/avatar\\\/89915563d925342126b8ef0281b93d9d7fc337043e8df017f780908eb9644451?s=96&d=mm&r=g\",\"url\":\"https:\\\/\\\/secure.gravatar.com\\\/avatar\\\/89915563d925342126b8ef0281b93d9d7fc337043e8df017f780908eb9644451?s=96&d=mm&r=g\",\"contentUrl\":\"https:\\\/\\\/secure.gravatar.com\\\/avatar\\\/89915563d925342126b8ef0281b93d9d7fc337043e8df017f780908eb9644451?s=96&d=mm&r=g\",\"caption\":\"St\u00e9phane Miget\"},\"url\":\"https:\\\/\\\/batijournal.com\\\/index.php\\\/author\\\/stephane\\\/\"}]}<\/script>\n<!-- \/ Yoast SEO plugin. -->","yoast_head_json":{"title":"Fonds Chaleur : augmentation de l\u2019utilisation de bois d\u00e9chets comme combustible","description":"Depuis 2009, le Fonds Chaleur soutient le d\u00e9veloppement de la production de chaleur \u00e0 partir d\u2019\u00e9nergies renouvelables : biomasse, g\u00e9othermie, solaire.","robots":{"index":"index","follow":"follow","max-snippet":"max-snippet:-1","max-image-preview":"max-image-preview:large","max-video-preview":"max-video-preview:-1"},"canonical":"https:\/\/batijournal.com\/index.php\/fonds-chaleur-augmentation-de-lutilisation-de-bois-dechets-comme-combustible\/100502\/","og_locale":"fr_FR","og_type":"article","og_title":"Fonds Chaleur : augmentation de l\u2019utilisation de bois d\u00e9chets comme combustible","og_description":"Depuis 2009, le Fonds Chaleur soutient le d\u00e9veloppement de la production de chaleur \u00e0 partir d\u2019\u00e9nergies renouvelables : biomasse, g\u00e9othermie, solaire.","og_url":"https:\/\/batijournal.com\/index.php\/fonds-chaleur-augmentation-de-lutilisation-de-bois-dechets-comme-combustible\/100502\/","og_site_name":"Batijournal","article_published_time":"2018-10-16T06:27:30+00:00","article_modified_time":"2019-07-15T10:21:52+00:00","og_image":[{"width":780,"height":540,"url":"https:\/\/batijournal.com\/wp-content\/uploads\/2018\/10\/fond-chaleur_ademe.png","type":"image\/png"}],"author":"St\u00e9phane Miget","twitter_card":"summary_large_image","twitter_creator":"@bati_journal","twitter_site":"@bati_journal","twitter_misc":{"\u00c9crit par":"St\u00e9phane Miget","Dur\u00e9e de lecture estim\u00e9e":"2 minutes"},"schema":{"@context":"https:\/\/schema.org","@graph":[{"@type":"Article","@id":"https:\/\/batijournal.com\/index.php\/fonds-chaleur-augmentation-de-lutilisation-de-bois-dechets-comme-combustible\/100502\/#article","isPartOf":{"@id":"https:\/\/batijournal.com\/index.php\/fonds-chaleur-augmentation-de-lutilisation-de-bois-dechets-comme-combustible\/100502\/"},"author":{"name":"St\u00e9phane Miget","@id":"https:\/\/batijournal.com\/#\/schema\/person\/1dc96ec6957aa1ccb25ebe78bb19f100"},"headline":"Fonds Chaleur : augmentation de l\u2019utilisation de bois d\u00e9chets comme combustible","datePublished":"2018-10-16T06:27:30+00:00","dateModified":"2019-07-15T10:21:52+00:00","mainEntityOfPage":{"@id":"https:\/\/batijournal.com\/index.php\/fonds-chaleur-augmentation-de-lutilisation-de-bois-dechets-comme-combustible\/100502\/"},"wordCount":398,"image":{"@id":"https:\/\/batijournal.com\/index.php\/fonds-chaleur-augmentation-de-lutilisation-de-bois-dechets-comme-combustible\/100502\/#primaryimage"},"thumbnailUrl":"https:\/\/batijournal.com\/wp-content\/uploads\/2018\/10\/fond-chaleur_ademe.png","keywords":["\u00e9nergie renouvelable"],"articleSection":["Actualit\u00e9s","\u00c9nergie &amp; Environnement","zz_Plan\u00e8te B\u00e2timent"],"inLanguage":"fr-FR"},{"@type":"WebPage","@id":"https:\/\/batijournal.com\/index.php\/fonds-chaleur-augmentation-de-lutilisation-de-bois-dechets-comme-combustible\/100502\/","url":"https:\/\/batijournal.com\/index.php\/fonds-chaleur-augmentation-de-lutilisation-de-bois-dechets-comme-combustible\/100502\/","name":"Fonds Chaleur : augmentation de l\u2019utilisation de bois d\u00e9chets comme combustible","isPartOf":{"@id":"https:\/\/batijournal.com\/#website"},"primaryImageOfPage":{"@id":"https:\/\/batijournal.com\/index.php\/fonds-chaleur-augmentation-de-lutilisation-de-bois-dechets-comme-combustible\/100502\/#primaryimage"},"image":{"@id":"https:\/\/batijournal.com\/index.php\/fonds-chaleur-augmentation-de-lutilisation-de-bois-dechets-comme-combustible\/100502\/#primaryimage"},"thumbnailUrl":"https:\/\/batijournal.com\/wp-content\/uploads\/2018\/10\/fond-chaleur_ademe.png","datePublished":"2018-10-16T06:27:30+00:00","dateModified":"2019-07-15T10:21:52+00:00","author":{"@id":"https:\/\/batijournal.com\/#\/schema\/person\/1dc96ec6957aa1ccb25ebe78bb19f100"},"description":"Depuis 2009, le Fonds Chaleur soutient le d\u00e9veloppement de la production de chaleur \u00e0 partir d\u2019\u00e9nergies renouvelables : biomasse, g\u00e9othermie, solaire.","breadcrumb":{"@id":"https:\/\/batijournal.com\/index.php\/fonds-chaleur-augmentation-de-lutilisation-de-bois-dechets-comme-combustible\/100502\/#breadcrumb"},"inLanguage":"fr-FR","potentialAction":[{"@type":"ReadAction","target":["https:\/\/batijournal.com\/index.php\/fonds-chaleur-augmentation-de-lutilisation-de-bois-dechets-comme-combustible\/100502\/"]}]},{"@type":"ImageObject","inLanguage":"fr-FR","@id":"https:\/\/batijournal.com\/index.php\/fonds-chaleur-augmentation-de-lutilisation-de-bois-dechets-comme-combustible\/100502\/#primaryimage","url":"https:\/\/batijournal.com\/wp-content\/uploads\/2018\/10\/fond-chaleur_ademe.png","contentUrl":"https:\/\/batijournal.com\/wp-content\/uploads\/2018\/10\/fond-chaleur_ademe.png","width":780,"height":540},{"@type":"BreadcrumbList","@id":"https:\/\/batijournal.com\/index.php\/fonds-chaleur-augmentation-de-lutilisation-de-bois-dechets-comme-combustible\/100502\/#breadcrumb","itemListElement":[{"@type":"ListItem","position":1,"name":"Accueil","item":"https:\/\/batijournal.com\/"},{"@type":"ListItem","position":2,"name":"Actualit\u00e9s","item":"https:\/\/batijournal.com\/index.php\/category\/actualites\/"},{"@type":"ListItem","position":3,"name":"Fonds Chaleur : augmentation de l\u2019utilisation de bois d\u00e9chets comme combustible"}]},{"@type":"WebSite","@id":"https:\/\/batijournal.com\/#website","url":"https:\/\/batijournal.com\/","name":"Batijournal","description":"L&#039;actualit\u00e9 du b\u00e2timent","potentialAction":[{"@type":"SearchAction","target":{"@type":"EntryPoint","urlTemplate":"https:\/\/batijournal.com\/?s={search_term_string}"},"query-input":{"@type":"PropertyValueSpecification","valueRequired":true,"valueName":"search_term_string"}}],"inLanguage":"fr-FR"},{"@type":"Person","@id":"https:\/\/batijournal.com\/#\/schema\/person\/1dc96ec6957aa1ccb25ebe78bb19f100","name":"St\u00e9phane Miget","image":{"@type":"ImageObject","inLanguage":"fr-FR","@id":"https:\/\/secure.gravatar.com\/avatar\/89915563d925342126b8ef0281b93d9d7fc337043e8df017f780908eb9644451?s=96&d=mm&r=g","url":"https:\/\/secure.gravatar.com\/avatar\/89915563d925342126b8ef0281b93d9d7fc337043e8df017f780908eb9644451?s=96&d=mm&r=g","contentUrl":"https:\/\/secure.gravatar.com\/avatar\/89915563d925342126b8ef0281b93d9d7fc337043e8df017f780908eb9644451?s=96&d=mm&r=g","caption":"St\u00e9phane Miget"},"url":"https:\/\/batijournal.com\/index.php\/author\/stephane\/"}]}},"_links":{"self":[{"href":"https:\/\/batijournal.com\/index.php\/wp-json\/wp\/v2\/posts\/100502","targetHints":{"allow":["GET"]}}],"collection":[{"href":"https:\/\/batijournal.com\/index.php\/wp-json\/wp\/v2\/posts"}],"about":[{"href":"https:\/\/batijournal.com\/index.php\/wp-json\/wp\/v2\/types\/post"}],"author":[{"embeddable":true,"href":"https:\/\/batijournal.com\/index.php\/wp-json\/wp\/v2\/users\/17"}],"replies":[{"embeddable":true,"href":"https:\/\/batijournal.com\/index.php\/wp-json\/wp\/v2\/comments?post=100502"}],"version-history":[{"count":0,"href":"https:\/\/batijournal.com\/index.php\/wp-json\/wp\/v2\/posts\/100502\/revisions"}],"wp:featuredmedia":[{"embeddable":true,"href":"https:\/\/batijournal.com\/index.php\/wp-json\/wp\/v2\/media\/100503"}],"wp:attachment":[{"href":"https:\/\/batijournal.com\/index.php\/wp-json\/wp\/v2\/media?parent=100502"}],"wp:term":[{"taxonomy":"category","embeddable":true,"href":"https:\/\/batijournal.com\/index.php\/wp-json\/wp\/v2\/categories?post=100502"},{"taxonomy":"post_tag","embeddable":true,"href":"https:\/\/batijournal.com\/index.php\/wp-json\/wp\/v2\/tags?post=100502"}],"curies":[{"name":"wp","href":"https:\/\/api.w.org\/{rel}","templated":true}]}}