{"id":100504,"date":"2018-10-16T08:44:37","date_gmt":"2018-10-16T06:44:37","guid":{"rendered":"https:\/\/batijournal.com\/?p=100504"},"modified":"2019-07-15T12:10:41","modified_gmt":"2019-07-15T10:10:41","slug":"signature-du-premier-contrat-de-transition-ecologique-a-arras","status":"publish","type":"post","link":"https:\/\/batijournal.com\/index.php\/signature-du-premier-contrat-de-transition-ecologique-a-arras\/100504\/","title":{"rendered":"Signature du premier contrat de transition \u00e9cologique \u00e0 Arras"},"content":{"rendered":"<p><strong>Nouvelle d\u00e9marche de partenariat entre l\u2019\u00c9tat et les collectivit\u00e9s locales, associant les acteurs des territoires, en particulier les entreprises, les contrats de transition \u00e9cologique rassemblent les initiatives publiques et priv\u00e9es, coordonnent les \u00e9nergies et les moyens, pour accompagner et acc\u00e9l\u00e9rer des projets concrets de transition \u00e9cologique dans les territoires. Apr\u00e8s plusieurs mois de travail entre les \u00e9lus et les services de l\u2019\u00c9tat, associant les entreprises, associations et citoyens, S\u00e9bastien Lecornu, secr\u00e9taire d\u2019\u00c9tat aupr\u00e8s du ministre de la Transition \u00e9cologique et solidaire, a sign\u00e9 le jeudi 11 octobre 2018 le premier contrat de transition \u00e9cologique (CTE) avec la Communaut\u00e9 urbaine d\u2019Arras.<\/strong><\/p>\n<p>La Communaut\u00e9 urbaine d\u2019Arras s\u2019est engag\u00e9e d\u00e8s le 11 janvier 2018 dans cette nouvelle d\u00e9marche. Sur ce territoire, les acteurs locaux, qui \u00e9taient d\u00e9j\u00e0 engag\u00e9s dans la troisi\u00e8me r\u00e9volution industrielle (Rev3), ont lanc\u00e9 dans le cadre du CTE une mobilisation g\u00e9n\u00e9rale pour le \u00ab Grand Arras en T.E.T.E., Territoire Exemplaire de la Transition \u00c9cologique \u00bb, qui a permis :<\/p>\n<p>&#8211; de faire \u00e9merger des projets port\u00e9s par des entreprises priv\u00e9es : Veolia (technocentre), Total (station GNV), Ha\u00e4gen Dasz (m\u00e9thaniseur), EDF, GRDF, ENEDIS, K\u00e9olis, Dalkia (r\u00e9seau de chaleur), D\u00e9cima (\u00e9clairage public) ;<br \/>\n&#8211; d\u2019associer les associations environnementales ou de consommateurs sur diverses actions de sensibilisation (UFC Que Choisir, Centre permanent d\u2019initiatives pour l\u2019environnement &#8211; CPIE, Centre de ressources du d\u00e9veloppement durable &#8211; CERDD), et des associations d\u2019insertion ou encore ATMO (association surveillance de la qualit\u00e9 de l\u2019air).<\/p>\n<p>L\u2019ensemble de ces acteurs a pour ambition de diminuer de 40 % les consommations d\u2019\u00e9nergie du territoire d\u2019ici 2050 et de multiplier par 10 sa production d\u2019\u00e9nergies renouvelables. Pour atteindre cet objectif, plusieurs axes strat\u00e9giques et une centaine de projets ont \u00e9t\u00e9 identifi\u00e9s, dont 40 actions concr\u00e8tes font d\u00e9j\u00e0 l\u2019objet de fiches descriptives dans le CTE sign\u00e9, qui \u00e9voluera pour int\u00e9grer les nouveaux projets en cours de construction :<\/p>\n<p>&#8211; \u00e9nergies renouvelables : cr\u00e9ation d\u2019un techno-centre de m\u00e9thanisation \u00e0 vocation r\u00e9gionale, cr\u00e9ation d\u2019une station GNV (gaz naturel pour v\u00e9hicule) et bascule au GNV de la flotte de bus et de bennes \u00e0 ordures m\u00e9nag\u00e8res, projets d\u2019autoproduction et autoconsommation (installation de bornes de recharge solaire pour les v\u00e9los)&#8230;<br \/>\n&#8211; mobilit\u00e9s : pistes cyclables et passerelle pi\u00e9tons\/v\u00e9los, atelier participatif de r\u00e9paration de v\u00e9los, p\u00f4les d\u2019\u00e9changes multimodaux, plans de d\u00e9placements inter-entreprises et inter-administrations pour r\u00e9duire les d\u00e9placements urbains\u2026<br \/>\n&#8211; \u00e9conomie circulaire et engagement soci\u00e9tal des entreprises : espaces d\u2019information et d\u2019orientation, soutien renforc\u00e9 aux TPE-PME ainsi qu\u2019aux jeunes pousses et aux transporteurs routiers&#8230;<br \/>\n&#8211; efficacit\u00e9 \u00e9nerg\u00e9tique : d\u00e9veloppement de formations en r\u00e9novation \u00e9nerg\u00e9tique et syst\u00e8mes \u00e9nerg\u00e9tiques intelligents, r\u00e9novation thermique du patrimoine immobilier priv\u00e9 et public, exp\u00e9rimentation d\u2019\u00e9clairage public intelligent, r\u00e9alisation d\u2019un quartier \u201cbas carbone\u201d en d\u00e9monstration&#8230;<br \/>\n&#8211; cadre de vie : alimentation, eau, sant\u00e9\/environnement&#8230;<\/p>\n<p>Sur la dur\u00e9e du contrat, les objectifs \u00e0 l\u2019\u00e9chelle du territoire sont :<\/p>\n<p>&#8211; une \u00e9conomie d\u2019\u00e9nergie de 42 GWh\/an,<br \/>\n&#8211; 47 GWh d&rsquo;auto-production \u00e9nerg\u00e9tique suppl\u00e9mentaire par an,<br \/>\n&#8211; 30 000 tonnes \u00e9quivalent CO2 de gaz \u00e0 effet de serre en moins par an,<br \/>\n&#8211; la cr\u00e9ation de plus de 130 emplois verts.<\/p>\n<p>Le montant total des financements mobilis\u00e9s dans le CTE de la Communaut\u00e9 Urbaine d\u2019Arras s\u2019\u00e9l\u00e8ve \u00e0 48 millions d\u2019euros pour 40 actions concr\u00e8tes sur 4 ans.<\/p>\n<p>&nbsp;<\/p>\n<p>Photo :\u00a01er Forum national des Contrats de transition \u00e9cologique &#8211; Cr\u00e9dits : \u00ab\u00a0Arnaud Bouissou &#8211; TERRA\u00a0\u00bb &#8211; Minist\u00e8re\u00a0de la Transition \u00e9cologique et solidaire<\/p>\n","protected":false},"excerpt":{"rendered":"<p>Nouvelle d\u00e9marche de partenariat entre l\u2019\u00c9tat et les collectivit\u00e9s locales, associant les acteurs des territoires, en particulier les entreprises, les contrats de transition \u00e9cologique rassemblent les initiatives publiques et priv\u00e9es, coordonnent les \u00e9nergies et les moyens, pour accompagner et acc\u00e9l\u00e9rer des projets concrets de transition \u00e9cologique dans les territoires. Apr\u00e8s plusieurs mois de travail entre [&hellip;]<\/p>\n","protected":false},"author":17,"featured_media":100505,"comment_status":"closed","ping_status":"closed","sticky":false,"template":"","format":"standard","meta":{"_et_pb_use_builder":"","_et_pb_old_content":"","_et_gb_content_width":"","footnotes":""},"categories":[10530,6340,10778],"tags":[12570],"class_list":["post-100504","post","type-post","status-publish","format-standard","has-post-thumbnail","hentry","category-actualites","category-architecture-conception","category-planete","tag-contrat-de-transition-ecologique"],"yoast_head":"<!-- This site is optimized with the Yoast SEO plugin v27.4 - https:\/\/yoast.com\/product\/yoast-seo-wordpress\/ -->\n<title>Signature du premier contrat de transition \u00e9cologique \u00e0 Arras<\/title>\n<meta name=\"description\" content=\"S\u00e9bastien Lecornu, secr\u00e9taire d\u2019\u00c9tat aupr\u00e8s du ministre de la Transition \u00e9cologique et solidaire, a sign\u00e9 le premier contrat de transition \u00e9cologique avec la Communaut\u00e9 urbaine d\u2019Arras.\" \/>\n<meta name=\"robots\" content=\"index, follow, max-snippet:-1, max-image-preview:large, max-video-preview:-1\" \/>\n<link rel=\"canonical\" href=\"https:\/\/batijournal.com\/index.php\/signature-du-premier-contrat-de-transition-ecologique-a-arras\/100504\/\" \/>\n<meta property=\"og:locale\" content=\"fr_FR\" \/>\n<meta property=\"og:type\" content=\"article\" \/>\n<meta property=\"og:title\" content=\"Signature du premier contrat de transition \u00e9cologique \u00e0 Arras\" \/>\n<meta property=\"og:description\" content=\"S\u00e9bastien Lecornu, secr\u00e9taire d\u2019\u00c9tat aupr\u00e8s du ministre de la Transition \u00e9cologique et solidaire, a sign\u00e9 le premier contrat de transition \u00e9cologique avec la Communaut\u00e9 urbaine d\u2019Arras.\" \/>\n<meta property=\"og:url\" content=\"https:\/\/batijournal.com\/index.php\/signature-du-premier-contrat-de-transition-ecologique-a-arras\/100504\/\" \/>\n<meta property=\"og:site_name\" content=\"Batijournal\" \/>\n<meta property=\"article:published_time\" content=\"2018-10-16T06:44:37+00:00\" \/>\n<meta property=\"article:modified_time\" content=\"2019-07-15T10:10:41+00:00\" \/>\n<meta property=\"og:image\" content=\"https:\/\/batijournal.com\/wp-content\/uploads\/2018\/10\/contrat-transition-ecologique.jpg\" \/>\n\t<meta property=\"og:image:width\" content=\"640\" \/>\n\t<meta property=\"og:image:height\" content=\"426\" \/>\n\t<meta property=\"og:image:type\" content=\"image\/jpeg\" \/>\n<meta name=\"author\" content=\"St\u00e9phane Miget\" \/>\n<meta name=\"twitter:card\" content=\"summary_large_image\" \/>\n<meta name=\"twitter:creator\" content=\"@bati_journal\" \/>\n<meta name=\"twitter:site\" content=\"@bati_journal\" \/>\n<meta name=\"twitter:label1\" content=\"\u00c9crit par\" \/>\n\t<meta name=\"twitter:data1\" content=\"St\u00e9phane Miget\" \/>\n\t<meta name=\"twitter:label2\" content=\"Dur\u00e9e de lecture estim\u00e9e\" \/>\n\t<meta name=\"twitter:data2\" content=\"3 minutes\" \/>\n<script type=\"application\/ld+json\" class=\"yoast-schema-graph\">{\"@context\":\"https:\\\/\\\/schema.org\",\"@graph\":[{\"@type\":\"Article\",\"@id\":\"https:\\\/\\\/batijournal.com\\\/index.php\\\/signature-du-premier-contrat-de-transition-ecologique-a-arras\\\/100504\\\/#article\",\"isPartOf\":{\"@id\":\"https:\\\/\\\/batijournal.com\\\/index.php\\\/signature-du-premier-contrat-de-transition-ecologique-a-arras\\\/100504\\\/\"},\"author\":{\"name\":\"St\u00e9phane Miget\",\"@id\":\"https:\\\/\\\/batijournal.com\\\/#\\\/schema\\\/person\\\/1dc96ec6957aa1ccb25ebe78bb19f100\"},\"headline\":\"Signature du premier contrat de transition \u00e9cologique \u00e0 Arras\",\"datePublished\":\"2018-10-16T06:44:37+00:00\",\"dateModified\":\"2019-07-15T10:10:41+00:00\",\"mainEntityOfPage\":{\"@id\":\"https:\\\/\\\/batijournal.com\\\/index.php\\\/signature-du-premier-contrat-de-transition-ecologique-a-arras\\\/100504\\\/\"},\"wordCount\":629,\"image\":{\"@id\":\"https:\\\/\\\/batijournal.com\\\/index.php\\\/signature-du-premier-contrat-de-transition-ecologique-a-arras\\\/100504\\\/#primaryimage\"},\"thumbnailUrl\":\"https:\\\/\\\/batijournal.com\\\/wp-content\\\/uploads\\\/2018\\\/10\\\/contrat-transition-ecologique.jpg\",\"keywords\":[\"contrat de transition \u00e9cologique\"],\"articleSection\":[\"Actualit\u00e9s\",\"Architecture &amp; Conception\",\"zz_Plan\u00e8te B\u00e2timent\"],\"inLanguage\":\"fr-FR\"},{\"@type\":\"WebPage\",\"@id\":\"https:\\\/\\\/batijournal.com\\\/index.php\\\/signature-du-premier-contrat-de-transition-ecologique-a-arras\\\/100504\\\/\",\"url\":\"https:\\\/\\\/batijournal.com\\\/index.php\\\/signature-du-premier-contrat-de-transition-ecologique-a-arras\\\/100504\\\/\",\"name\":\"Signature du premier contrat de transition \u00e9cologique \u00e0 Arras\",\"isPartOf\":{\"@id\":\"https:\\\/\\\/batijournal.com\\\/#website\"},\"primaryImageOfPage\":{\"@id\":\"https:\\\/\\\/batijournal.com\\\/index.php\\\/signature-du-premier-contrat-de-transition-ecologique-a-arras\\\/100504\\\/#primaryimage\"},\"image\":{\"@id\":\"https:\\\/\\\/batijournal.com\\\/index.php\\\/signature-du-premier-contrat-de-transition-ecologique-a-arras\\\/100504\\\/#primaryimage\"},\"thumbnailUrl\":\"https:\\\/\\\/batijournal.com\\\/wp-content\\\/uploads\\\/2018\\\/10\\\/contrat-transition-ecologique.jpg\",\"datePublished\":\"2018-10-16T06:44:37+00:00\",\"dateModified\":\"2019-07-15T10:10:41+00:00\",\"author\":{\"@id\":\"https:\\\/\\\/batijournal.com\\\/#\\\/schema\\\/person\\\/1dc96ec6957aa1ccb25ebe78bb19f100\"},\"description\":\"S\u00e9bastien Lecornu, secr\u00e9taire d\u2019\u00c9tat aupr\u00e8s du ministre de la Transition \u00e9cologique et solidaire, a sign\u00e9 le premier contrat de transition \u00e9cologique avec la Communaut\u00e9 urbaine d\u2019Arras.\",\"breadcrumb\":{\"@id\":\"https:\\\/\\\/batijournal.com\\\/index.php\\\/signature-du-premier-contrat-de-transition-ecologique-a-arras\\\/100504\\\/#breadcrumb\"},\"inLanguage\":\"fr-FR\",\"potentialAction\":[{\"@type\":\"ReadAction\",\"target\":[\"https:\\\/\\\/batijournal.com\\\/index.php\\\/signature-du-premier-contrat-de-transition-ecologique-a-arras\\\/100504\\\/\"]}]},{\"@type\":\"ImageObject\",\"inLanguage\":\"fr-FR\",\"@id\":\"https:\\\/\\\/batijournal.com\\\/index.php\\\/signature-du-premier-contrat-de-transition-ecologique-a-arras\\\/100504\\\/#primaryimage\",\"url\":\"https:\\\/\\\/batijournal.com\\\/wp-content\\\/uploads\\\/2018\\\/10\\\/contrat-transition-ecologique.jpg\",\"contentUrl\":\"https:\\\/\\\/batijournal.com\\\/wp-content\\\/uploads\\\/2018\\\/10\\\/contrat-transition-ecologique.jpg\",\"width\":640,\"height\":426},{\"@type\":\"BreadcrumbList\",\"@id\":\"https:\\\/\\\/batijournal.com\\\/index.php\\\/signature-du-premier-contrat-de-transition-ecologique-a-arras\\\/100504\\\/#breadcrumb\",\"itemListElement\":[{\"@type\":\"ListItem\",\"position\":1,\"name\":\"Accueil\",\"item\":\"https:\\\/\\\/batijournal.com\\\/\"},{\"@type\":\"ListItem\",\"position\":2,\"name\":\"Actualit\u00e9s\",\"item\":\"https:\\\/\\\/batijournal.com\\\/index.php\\\/category\\\/actualites\\\/\"},{\"@type\":\"ListItem\",\"position\":3,\"name\":\"Signature du premier contrat de transition \u00e9cologique \u00e0 Arras\"}]},{\"@type\":\"WebSite\",\"@id\":\"https:\\\/\\\/batijournal.com\\\/#website\",\"url\":\"https:\\\/\\\/batijournal.com\\\/\",\"name\":\"Batijournal\",\"description\":\"L&#039;actualit\u00e9 du b\u00e2timent\",\"potentialAction\":[{\"@type\":\"SearchAction\",\"target\":{\"@type\":\"EntryPoint\",\"urlTemplate\":\"https:\\\/\\\/batijournal.com\\\/?s={search_term_string}\"},\"query-input\":{\"@type\":\"PropertyValueSpecification\",\"valueRequired\":true,\"valueName\":\"search_term_string\"}}],\"inLanguage\":\"fr-FR\"},{\"@type\":\"Person\",\"@id\":\"https:\\\/\\\/batijournal.com\\\/#\\\/schema\\\/person\\\/1dc96ec6957aa1ccb25ebe78bb19f100\",\"name\":\"St\u00e9phane Miget\",\"image\":{\"@type\":\"ImageObject\",\"inLanguage\":\"fr-FR\",\"@id\":\"https:\\\/\\\/secure.gravatar.com\\\/avatar\\\/89915563d925342126b8ef0281b93d9d7fc337043e8df017f780908eb9644451?s=96&d=mm&r=g\",\"url\":\"https:\\\/\\\/secure.gravatar.com\\\/avatar\\\/89915563d925342126b8ef0281b93d9d7fc337043e8df017f780908eb9644451?s=96&d=mm&r=g\",\"contentUrl\":\"https:\\\/\\\/secure.gravatar.com\\\/avatar\\\/89915563d925342126b8ef0281b93d9d7fc337043e8df017f780908eb9644451?s=96&d=mm&r=g\",\"caption\":\"St\u00e9phane Miget\"},\"url\":\"https:\\\/\\\/batijournal.com\\\/index.php\\\/author\\\/stephane\\\/\"}]}<\/script>\n<!-- \/ Yoast SEO plugin. -->","yoast_head_json":{"title":"Signature du premier contrat de transition \u00e9cologique \u00e0 Arras","description":"S\u00e9bastien Lecornu, secr\u00e9taire d\u2019\u00c9tat aupr\u00e8s du ministre de la Transition \u00e9cologique et solidaire, a sign\u00e9 le premier contrat de transition \u00e9cologique avec la Communaut\u00e9 urbaine d\u2019Arras.","robots":{"index":"index","follow":"follow","max-snippet":"max-snippet:-1","max-image-preview":"max-image-preview:large","max-video-preview":"max-video-preview:-1"},"canonical":"https:\/\/batijournal.com\/index.php\/signature-du-premier-contrat-de-transition-ecologique-a-arras\/100504\/","og_locale":"fr_FR","og_type":"article","og_title":"Signature du premier contrat de transition \u00e9cologique \u00e0 Arras","og_description":"S\u00e9bastien Lecornu, secr\u00e9taire d\u2019\u00c9tat aupr\u00e8s du ministre de la Transition \u00e9cologique et solidaire, a sign\u00e9 le premier contrat de transition \u00e9cologique avec la Communaut\u00e9 urbaine d\u2019Arras.","og_url":"https:\/\/batijournal.com\/index.php\/signature-du-premier-contrat-de-transition-ecologique-a-arras\/100504\/","og_site_name":"Batijournal","article_published_time":"2018-10-16T06:44:37+00:00","article_modified_time":"2019-07-15T10:10:41+00:00","og_image":[{"width":640,"height":426,"url":"https:\/\/batijournal.com\/wp-content\/uploads\/2018\/10\/contrat-transition-ecologique.jpg","type":"image\/jpeg"}],"author":"St\u00e9phane Miget","twitter_card":"summary_large_image","twitter_creator":"@bati_journal","twitter_site":"@bati_journal","twitter_misc":{"\u00c9crit par":"St\u00e9phane Miget","Dur\u00e9e de lecture estim\u00e9e":"3 minutes"},"schema":{"@context":"https:\/\/schema.org","@graph":[{"@type":"Article","@id":"https:\/\/batijournal.com\/index.php\/signature-du-premier-contrat-de-transition-ecologique-a-arras\/100504\/#article","isPartOf":{"@id":"https:\/\/batijournal.com\/index.php\/signature-du-premier-contrat-de-transition-ecologique-a-arras\/100504\/"},"author":{"name":"St\u00e9phane Miget","@id":"https:\/\/batijournal.com\/#\/schema\/person\/1dc96ec6957aa1ccb25ebe78bb19f100"},"headline":"Signature du premier contrat de transition \u00e9cologique \u00e0 Arras","datePublished":"2018-10-16T06:44:37+00:00","dateModified":"2019-07-15T10:10:41+00:00","mainEntityOfPage":{"@id":"https:\/\/batijournal.com\/index.php\/signature-du-premier-contrat-de-transition-ecologique-a-arras\/100504\/"},"wordCount":629,"image":{"@id":"https:\/\/batijournal.com\/index.php\/signature-du-premier-contrat-de-transition-ecologique-a-arras\/100504\/#primaryimage"},"thumbnailUrl":"https:\/\/batijournal.com\/wp-content\/uploads\/2018\/10\/contrat-transition-ecologique.jpg","keywords":["contrat de transition \u00e9cologique"],"articleSection":["Actualit\u00e9s","Architecture &amp; Conception","zz_Plan\u00e8te B\u00e2timent"],"inLanguage":"fr-FR"},{"@type":"WebPage","@id":"https:\/\/batijournal.com\/index.php\/signature-du-premier-contrat-de-transition-ecologique-a-arras\/100504\/","url":"https:\/\/batijournal.com\/index.php\/signature-du-premier-contrat-de-transition-ecologique-a-arras\/100504\/","name":"Signature du premier contrat de transition \u00e9cologique \u00e0 Arras","isPartOf":{"@id":"https:\/\/batijournal.com\/#website"},"primaryImageOfPage":{"@id":"https:\/\/batijournal.com\/index.php\/signature-du-premier-contrat-de-transition-ecologique-a-arras\/100504\/#primaryimage"},"image":{"@id":"https:\/\/batijournal.com\/index.php\/signature-du-premier-contrat-de-transition-ecologique-a-arras\/100504\/#primaryimage"},"thumbnailUrl":"https:\/\/batijournal.com\/wp-content\/uploads\/2018\/10\/contrat-transition-ecologique.jpg","datePublished":"2018-10-16T06:44:37+00:00","dateModified":"2019-07-15T10:10:41+00:00","author":{"@id":"https:\/\/batijournal.com\/#\/schema\/person\/1dc96ec6957aa1ccb25ebe78bb19f100"},"description":"S\u00e9bastien Lecornu, secr\u00e9taire d\u2019\u00c9tat aupr\u00e8s du ministre de la Transition \u00e9cologique et solidaire, a sign\u00e9 le premier contrat de transition \u00e9cologique avec la Communaut\u00e9 urbaine d\u2019Arras.","breadcrumb":{"@id":"https:\/\/batijournal.com\/index.php\/signature-du-premier-contrat-de-transition-ecologique-a-arras\/100504\/#breadcrumb"},"inLanguage":"fr-FR","potentialAction":[{"@type":"ReadAction","target":["https:\/\/batijournal.com\/index.php\/signature-du-premier-contrat-de-transition-ecologique-a-arras\/100504\/"]}]},{"@type":"ImageObject","inLanguage":"fr-FR","@id":"https:\/\/batijournal.com\/index.php\/signature-du-premier-contrat-de-transition-ecologique-a-arras\/100504\/#primaryimage","url":"https:\/\/batijournal.com\/wp-content\/uploads\/2018\/10\/contrat-transition-ecologique.jpg","contentUrl":"https:\/\/batijournal.com\/wp-content\/uploads\/2018\/10\/contrat-transition-ecologique.jpg","width":640,"height":426},{"@type":"BreadcrumbList","@id":"https:\/\/batijournal.com\/index.php\/signature-du-premier-contrat-de-transition-ecologique-a-arras\/100504\/#breadcrumb","itemListElement":[{"@type":"ListItem","position":1,"name":"Accueil","item":"https:\/\/batijournal.com\/"},{"@type":"ListItem","position":2,"name":"Actualit\u00e9s","item":"https:\/\/batijournal.com\/index.php\/category\/actualites\/"},{"@type":"ListItem","position":3,"name":"Signature du premier contrat de transition \u00e9cologique \u00e0 Arras"}]},{"@type":"WebSite","@id":"https:\/\/batijournal.com\/#website","url":"https:\/\/batijournal.com\/","name":"Batijournal","description":"L&#039;actualit\u00e9 du b\u00e2timent","potentialAction":[{"@type":"SearchAction","target":{"@type":"EntryPoint","urlTemplate":"https:\/\/batijournal.com\/?s={search_term_string}"},"query-input":{"@type":"PropertyValueSpecification","valueRequired":true,"valueName":"search_term_string"}}],"inLanguage":"fr-FR"},{"@type":"Person","@id":"https:\/\/batijournal.com\/#\/schema\/person\/1dc96ec6957aa1ccb25ebe78bb19f100","name":"St\u00e9phane Miget","image":{"@type":"ImageObject","inLanguage":"fr-FR","@id":"https:\/\/secure.gravatar.com\/avatar\/89915563d925342126b8ef0281b93d9d7fc337043e8df017f780908eb9644451?s=96&d=mm&r=g","url":"https:\/\/secure.gravatar.com\/avatar\/89915563d925342126b8ef0281b93d9d7fc337043e8df017f780908eb9644451?s=96&d=mm&r=g","contentUrl":"https:\/\/secure.gravatar.com\/avatar\/89915563d925342126b8ef0281b93d9d7fc337043e8df017f780908eb9644451?s=96&d=mm&r=g","caption":"St\u00e9phane Miget"},"url":"https:\/\/batijournal.com\/index.php\/author\/stephane\/"}]}},"_links":{"self":[{"href":"https:\/\/batijournal.com\/index.php\/wp-json\/wp\/v2\/posts\/100504","targetHints":{"allow":["GET"]}}],"collection":[{"href":"https:\/\/batijournal.com\/index.php\/wp-json\/wp\/v2\/posts"}],"about":[{"href":"https:\/\/batijournal.com\/index.php\/wp-json\/wp\/v2\/types\/post"}],"author":[{"embeddable":true,"href":"https:\/\/batijournal.com\/index.php\/wp-json\/wp\/v2\/users\/17"}],"replies":[{"embeddable":true,"href":"https:\/\/batijournal.com\/index.php\/wp-json\/wp\/v2\/comments?post=100504"}],"version-history":[{"count":0,"href":"https:\/\/batijournal.com\/index.php\/wp-json\/wp\/v2\/posts\/100504\/revisions"}],"wp:featuredmedia":[{"embeddable":true,"href":"https:\/\/batijournal.com\/index.php\/wp-json\/wp\/v2\/media\/100505"}],"wp:attachment":[{"href":"https:\/\/batijournal.com\/index.php\/wp-json\/wp\/v2\/media?parent=100504"}],"wp:term":[{"taxonomy":"category","embeddable":true,"href":"https:\/\/batijournal.com\/index.php\/wp-json\/wp\/v2\/categories?post=100504"},{"taxonomy":"post_tag","embeddable":true,"href":"https:\/\/batijournal.com\/index.php\/wp-json\/wp\/v2\/tags?post=100504"}],"curies":[{"name":"wp","href":"https:\/\/api.w.org\/{rel}","templated":true}]}}