{"id":100508,"date":"2018-10-17T08:35:06","date_gmt":"2018-10-17T06:35:06","guid":{"rendered":"https:\/\/batijournal.com\/?p=100508"},"modified":"2019-07-15T11:14:51","modified_gmt":"2019-07-15T09:14:51","slug":"franck-riester-remplace-francoise-nyssen-au-ministere-de-la-culture","status":"publish","type":"post","link":"https:\/\/batijournal.com\/index.php\/franck-riester-remplace-francoise-nyssen-au-ministere-de-la-culture\/100508\/","title":{"rendered":"Franck RIESTER remplace Fran\u00e7oise NYSSEN au minist\u00e8re de la Culture"},"content":{"rendered":"<p>Sp\u00e9cialiste de l\u2019audiovisuel et de la communication, ancien membre de la commission des affaires culturelles, Franck Riester a \u00e9t\u00e9 nomm\u00e9 \u00e0 la place de Fran\u00e7oise NYSSEN au minist\u00e8re de la Culture. Dans son court discours d&rsquo;investiture, il a indiqu\u00e9 poursuivre le travail de l&rsquo;ancienne ministre et a rappel\u00e9 l\u2019augmentation des cr\u00e9dits allou\u00e9s aux monuments historiques. S&rsquo;il est particuli\u00e8rement attendu pour la r\u00e9forme de l&rsquo;audiovisuel, il aura fort \u00e0 faire avec le patrimoine, car comme l&rsquo;a soulign\u00e9 sur franceinfo, Didier Ryckner, historien de l&rsquo;art et fondateur du journal en ligne La Tribune de l&rsquo;art, \u00ab\u00a0tout est \u00e0 reconstruire\u00a0\u00bb. \u00ab\u00a0Il y a un nombre consid\u00e9rable de directions \u00e0 pourvoir, parmi lesquelles la Direction g\u00e9n\u00e9rale du patrimoine qui est vacante depuis plusieurs mois. Il n&rsquo;y a plus non plus de directeur des mus\u00e9es, plus de directeur \u00e0 la Villa M\u00e9dicis, plus de directeur \u00e0 l&rsquo;\u00c9cole des beaux-arts (de Paris), plus de pr\u00e9sident de la R\u00e9union des mus\u00e9es nationaux.\u00a0\u00bb<\/p>\n<p>Photos : Minist\u00e8re de la Culture<\/p>\n<p>&nbsp;<\/p>\n","protected":false},"excerpt":{"rendered":"<p>Sp\u00e9cialiste de l\u2019audiovisuel et de la communication, ancien membre de la commission des affaires culturelles, Franck Riester a \u00e9t\u00e9 nomm\u00e9 \u00e0 la place de Fran\u00e7oise NYSSEN au minist\u00e8re de la Culture. Dans son court discours d&rsquo;investiture, il a indiqu\u00e9 poursuivre le travail de l&rsquo;ancienne ministre et a rappel\u00e9 l\u2019augmentation des cr\u00e9dits allou\u00e9s aux monuments historiques. [&hellip;]<\/p>\n","protected":false},"author":17,"featured_media":100509,"comment_status":"closed","ping_status":"closed","sticky":false,"template":"","format":"standard","meta":{"_et_pb_use_builder":"","_et_pb_old_content":"","_et_gb_content_width":"","footnotes":""},"categories":[10530,6340,10785],"tags":[6004],"class_list":["post-100508","post","type-post","status-publish","format-standard","has-post-thumbnail","hentry","category-actualites","category-architecture-conception","category-atrium","tag-ministere-de-la-culture"],"yoast_head":"<!-- This site is optimized with the Yoast SEO plugin v27.4 - https:\/\/yoast.com\/product\/yoast-seo-wordpress\/ -->\n<title>Franck RIESTER remplace Fran\u00e7oise NYSSEN au minist\u00e8re de la Culture<\/title>\n<meta name=\"description\" content=\"Sp\u00e9cialiste de l\u2019audiovisuel, ancien membre de la commission des affaires culturelles, Franck Riester a \u00e9t\u00e9 nomm\u00e9 \u00e0 la place de Fran\u00e7oise NYSSEN au minist\u00e8re de la Culture.\" \/>\n<meta name=\"robots\" content=\"index, follow, max-snippet:-1, max-image-preview:large, max-video-preview:-1\" \/>\n<link rel=\"canonical\" href=\"https:\/\/batijournal.com\/index.php\/franck-riester-remplace-francoise-nyssen-au-ministere-de-la-culture\/100508\/\" \/>\n<meta property=\"og:locale\" content=\"fr_FR\" \/>\n<meta property=\"og:type\" content=\"article\" \/>\n<meta property=\"og:title\" content=\"Franck RIESTER remplace Fran\u00e7oise NYSSEN au minist\u00e8re de la Culture\" \/>\n<meta property=\"og:description\" content=\"Sp\u00e9cialiste de l\u2019audiovisuel, ancien membre de la commission des affaires culturelles, Franck Riester a \u00e9t\u00e9 nomm\u00e9 \u00e0 la place de Fran\u00e7oise NYSSEN au minist\u00e8re de la Culture.\" \/>\n<meta property=\"og:url\" content=\"https:\/\/batijournal.com\/index.php\/franck-riester-remplace-francoise-nyssen-au-ministere-de-la-culture\/100508\/\" \/>\n<meta property=\"og:site_name\" content=\"Batijournal\" \/>\n<meta property=\"article:published_time\" content=\"2018-10-17T06:35:06+00:00\" \/>\n<meta property=\"article:modified_time\" content=\"2019-07-15T09:14:51+00:00\" \/>\n<meta property=\"og:image\" content=\"https:\/\/batijournal.com\/wp-content\/uploads\/2018\/10\/Passation-entre-F.-Nyssen-et-F.-Riester_710x400.jpg\" \/>\n\t<meta property=\"og:image:width\" content=\"710\" \/>\n\t<meta property=\"og:image:height\" content=\"400\" \/>\n\t<meta property=\"og:image:type\" content=\"image\/jpeg\" \/>\n<meta name=\"author\" content=\"St\u00e9phane Miget\" \/>\n<meta name=\"twitter:card\" content=\"summary_large_image\" \/>\n<meta name=\"twitter:creator\" content=\"@bati_journal\" \/>\n<meta name=\"twitter:site\" content=\"@bati_journal\" \/>\n<meta name=\"twitter:label1\" content=\"\u00c9crit par\" \/>\n\t<meta name=\"twitter:data1\" content=\"St\u00e9phane Miget\" \/>\n\t<meta name=\"twitter:label2\" content=\"Dur\u00e9e de lecture estim\u00e9e\" \/>\n\t<meta name=\"twitter:data2\" content=\"1 minute\" \/>\n<script type=\"application\/ld+json\" class=\"yoast-schema-graph\">{\"@context\":\"https:\\\/\\\/schema.org\",\"@graph\":[{\"@type\":\"Article\",\"@id\":\"https:\\\/\\\/batijournal.com\\\/index.php\\\/franck-riester-remplace-francoise-nyssen-au-ministere-de-la-culture\\\/100508\\\/#article\",\"isPartOf\":{\"@id\":\"https:\\\/\\\/batijournal.com\\\/index.php\\\/franck-riester-remplace-francoise-nyssen-au-ministere-de-la-culture\\\/100508\\\/\"},\"author\":{\"name\":\"St\u00e9phane Miget\",\"@id\":\"https:\\\/\\\/batijournal.com\\\/#\\\/schema\\\/person\\\/1dc96ec6957aa1ccb25ebe78bb19f100\"},\"headline\":\"Franck RIESTER remplace Fran\u00e7oise NYSSEN au minist\u00e8re de la Culture\",\"datePublished\":\"2018-10-17T06:35:06+00:00\",\"dateModified\":\"2019-07-15T09:14:51+00:00\",\"mainEntityOfPage\":{\"@id\":\"https:\\\/\\\/batijournal.com\\\/index.php\\\/franck-riester-remplace-francoise-nyssen-au-ministere-de-la-culture\\\/100508\\\/\"},\"wordCount\":194,\"image\":{\"@id\":\"https:\\\/\\\/batijournal.com\\\/index.php\\\/franck-riester-remplace-francoise-nyssen-au-ministere-de-la-culture\\\/100508\\\/#primaryimage\"},\"thumbnailUrl\":\"https:\\\/\\\/batijournal.com\\\/wp-content\\\/uploads\\\/2018\\\/10\\\/Passation-entre-F.-Nyssen-et-F.-Riester_710x400.jpg\",\"keywords\":[\"minist\u00e8re de la culture\"],\"articleSection\":[\"Actualit\u00e9s\",\"Architecture &amp; Conception\",\"zz_Atrium Patrimoine\"],\"inLanguage\":\"fr-FR\"},{\"@type\":\"WebPage\",\"@id\":\"https:\\\/\\\/batijournal.com\\\/index.php\\\/franck-riester-remplace-francoise-nyssen-au-ministere-de-la-culture\\\/100508\\\/\",\"url\":\"https:\\\/\\\/batijournal.com\\\/index.php\\\/franck-riester-remplace-francoise-nyssen-au-ministere-de-la-culture\\\/100508\\\/\",\"name\":\"Franck RIESTER remplace Fran\u00e7oise NYSSEN au minist\u00e8re de la Culture\",\"isPartOf\":{\"@id\":\"https:\\\/\\\/batijournal.com\\\/#website\"},\"primaryImageOfPage\":{\"@id\":\"https:\\\/\\\/batijournal.com\\\/index.php\\\/franck-riester-remplace-francoise-nyssen-au-ministere-de-la-culture\\\/100508\\\/#primaryimage\"},\"image\":{\"@id\":\"https:\\\/\\\/batijournal.com\\\/index.php\\\/franck-riester-remplace-francoise-nyssen-au-ministere-de-la-culture\\\/100508\\\/#primaryimage\"},\"thumbnailUrl\":\"https:\\\/\\\/batijournal.com\\\/wp-content\\\/uploads\\\/2018\\\/10\\\/Passation-entre-F.-Nyssen-et-F.-Riester_710x400.jpg\",\"datePublished\":\"2018-10-17T06:35:06+00:00\",\"dateModified\":\"2019-07-15T09:14:51+00:00\",\"author\":{\"@id\":\"https:\\\/\\\/batijournal.com\\\/#\\\/schema\\\/person\\\/1dc96ec6957aa1ccb25ebe78bb19f100\"},\"description\":\"Sp\u00e9cialiste de l\u2019audiovisuel, ancien membre de la commission des affaires culturelles, Franck Riester a \u00e9t\u00e9 nomm\u00e9 \u00e0 la place de Fran\u00e7oise NYSSEN au minist\u00e8re de la Culture.\",\"breadcrumb\":{\"@id\":\"https:\\\/\\\/batijournal.com\\\/index.php\\\/franck-riester-remplace-francoise-nyssen-au-ministere-de-la-culture\\\/100508\\\/#breadcrumb\"},\"inLanguage\":\"fr-FR\",\"potentialAction\":[{\"@type\":\"ReadAction\",\"target\":[\"https:\\\/\\\/batijournal.com\\\/index.php\\\/franck-riester-remplace-francoise-nyssen-au-ministere-de-la-culture\\\/100508\\\/\"]}]},{\"@type\":\"ImageObject\",\"inLanguage\":\"fr-FR\",\"@id\":\"https:\\\/\\\/batijournal.com\\\/index.php\\\/franck-riester-remplace-francoise-nyssen-au-ministere-de-la-culture\\\/100508\\\/#primaryimage\",\"url\":\"https:\\\/\\\/batijournal.com\\\/wp-content\\\/uploads\\\/2018\\\/10\\\/Passation-entre-F.-Nyssen-et-F.-Riester_710x400.jpg\",\"contentUrl\":\"https:\\\/\\\/batijournal.com\\\/wp-content\\\/uploads\\\/2018\\\/10\\\/Passation-entre-F.-Nyssen-et-F.-Riester_710x400.jpg\",\"width\":710,\"height\":400},{\"@type\":\"BreadcrumbList\",\"@id\":\"https:\\\/\\\/batijournal.com\\\/index.php\\\/franck-riester-remplace-francoise-nyssen-au-ministere-de-la-culture\\\/100508\\\/#breadcrumb\",\"itemListElement\":[{\"@type\":\"ListItem\",\"position\":1,\"name\":\"Accueil\",\"item\":\"https:\\\/\\\/batijournal.com\\\/\"},{\"@type\":\"ListItem\",\"position\":2,\"name\":\"Actualit\u00e9s\",\"item\":\"https:\\\/\\\/batijournal.com\\\/index.php\\\/category\\\/actualites\\\/\"},{\"@type\":\"ListItem\",\"position\":3,\"name\":\"Franck RIESTER remplace Fran\u00e7oise NYSSEN au minist\u00e8re de la Culture\"}]},{\"@type\":\"WebSite\",\"@id\":\"https:\\\/\\\/batijournal.com\\\/#website\",\"url\":\"https:\\\/\\\/batijournal.com\\\/\",\"name\":\"Batijournal\",\"description\":\"L&#039;actualit\u00e9 du b\u00e2timent\",\"potentialAction\":[{\"@type\":\"SearchAction\",\"target\":{\"@type\":\"EntryPoint\",\"urlTemplate\":\"https:\\\/\\\/batijournal.com\\\/?s={search_term_string}\"},\"query-input\":{\"@type\":\"PropertyValueSpecification\",\"valueRequired\":true,\"valueName\":\"search_term_string\"}}],\"inLanguage\":\"fr-FR\"},{\"@type\":\"Person\",\"@id\":\"https:\\\/\\\/batijournal.com\\\/#\\\/schema\\\/person\\\/1dc96ec6957aa1ccb25ebe78bb19f100\",\"name\":\"St\u00e9phane Miget\",\"image\":{\"@type\":\"ImageObject\",\"inLanguage\":\"fr-FR\",\"@id\":\"https:\\\/\\\/secure.gravatar.com\\\/avatar\\\/89915563d925342126b8ef0281b93d9d7fc337043e8df017f780908eb9644451?s=96&d=mm&r=g\",\"url\":\"https:\\\/\\\/secure.gravatar.com\\\/avatar\\\/89915563d925342126b8ef0281b93d9d7fc337043e8df017f780908eb9644451?s=96&d=mm&r=g\",\"contentUrl\":\"https:\\\/\\\/secure.gravatar.com\\\/avatar\\\/89915563d925342126b8ef0281b93d9d7fc337043e8df017f780908eb9644451?s=96&d=mm&r=g\",\"caption\":\"St\u00e9phane Miget\"},\"url\":\"https:\\\/\\\/batijournal.com\\\/index.php\\\/author\\\/stephane\\\/\"}]}<\/script>\n<!-- \/ Yoast SEO plugin. -->","yoast_head_json":{"title":"Franck RIESTER remplace Fran\u00e7oise NYSSEN au minist\u00e8re de la Culture","description":"Sp\u00e9cialiste de l\u2019audiovisuel, ancien membre de la commission des affaires culturelles, Franck Riester a \u00e9t\u00e9 nomm\u00e9 \u00e0 la place de Fran\u00e7oise NYSSEN au minist\u00e8re de la Culture.","robots":{"index":"index","follow":"follow","max-snippet":"max-snippet:-1","max-image-preview":"max-image-preview:large","max-video-preview":"max-video-preview:-1"},"canonical":"https:\/\/batijournal.com\/index.php\/franck-riester-remplace-francoise-nyssen-au-ministere-de-la-culture\/100508\/","og_locale":"fr_FR","og_type":"article","og_title":"Franck RIESTER remplace Fran\u00e7oise NYSSEN au minist\u00e8re de la Culture","og_description":"Sp\u00e9cialiste de l\u2019audiovisuel, ancien membre de la commission des affaires culturelles, Franck Riester a \u00e9t\u00e9 nomm\u00e9 \u00e0 la place de Fran\u00e7oise NYSSEN au minist\u00e8re de la Culture.","og_url":"https:\/\/batijournal.com\/index.php\/franck-riester-remplace-francoise-nyssen-au-ministere-de-la-culture\/100508\/","og_site_name":"Batijournal","article_published_time":"2018-10-17T06:35:06+00:00","article_modified_time":"2019-07-15T09:14:51+00:00","og_image":[{"width":710,"height":400,"url":"https:\/\/batijournal.com\/wp-content\/uploads\/2018\/10\/Passation-entre-F.-Nyssen-et-F.-Riester_710x400.jpg","type":"image\/jpeg"}],"author":"St\u00e9phane Miget","twitter_card":"summary_large_image","twitter_creator":"@bati_journal","twitter_site":"@bati_journal","twitter_misc":{"\u00c9crit par":"St\u00e9phane Miget","Dur\u00e9e de lecture estim\u00e9e":"1 minute"},"schema":{"@context":"https:\/\/schema.org","@graph":[{"@type":"Article","@id":"https:\/\/batijournal.com\/index.php\/franck-riester-remplace-francoise-nyssen-au-ministere-de-la-culture\/100508\/#article","isPartOf":{"@id":"https:\/\/batijournal.com\/index.php\/franck-riester-remplace-francoise-nyssen-au-ministere-de-la-culture\/100508\/"},"author":{"name":"St\u00e9phane Miget","@id":"https:\/\/batijournal.com\/#\/schema\/person\/1dc96ec6957aa1ccb25ebe78bb19f100"},"headline":"Franck RIESTER remplace Fran\u00e7oise NYSSEN au minist\u00e8re de la Culture","datePublished":"2018-10-17T06:35:06+00:00","dateModified":"2019-07-15T09:14:51+00:00","mainEntityOfPage":{"@id":"https:\/\/batijournal.com\/index.php\/franck-riester-remplace-francoise-nyssen-au-ministere-de-la-culture\/100508\/"},"wordCount":194,"image":{"@id":"https:\/\/batijournal.com\/index.php\/franck-riester-remplace-francoise-nyssen-au-ministere-de-la-culture\/100508\/#primaryimage"},"thumbnailUrl":"https:\/\/batijournal.com\/wp-content\/uploads\/2018\/10\/Passation-entre-F.-Nyssen-et-F.-Riester_710x400.jpg","keywords":["minist\u00e8re de la culture"],"articleSection":["Actualit\u00e9s","Architecture &amp; Conception","zz_Atrium Patrimoine"],"inLanguage":"fr-FR"},{"@type":"WebPage","@id":"https:\/\/batijournal.com\/index.php\/franck-riester-remplace-francoise-nyssen-au-ministere-de-la-culture\/100508\/","url":"https:\/\/batijournal.com\/index.php\/franck-riester-remplace-francoise-nyssen-au-ministere-de-la-culture\/100508\/","name":"Franck RIESTER remplace Fran\u00e7oise NYSSEN au minist\u00e8re de la Culture","isPartOf":{"@id":"https:\/\/batijournal.com\/#website"},"primaryImageOfPage":{"@id":"https:\/\/batijournal.com\/index.php\/franck-riester-remplace-francoise-nyssen-au-ministere-de-la-culture\/100508\/#primaryimage"},"image":{"@id":"https:\/\/batijournal.com\/index.php\/franck-riester-remplace-francoise-nyssen-au-ministere-de-la-culture\/100508\/#primaryimage"},"thumbnailUrl":"https:\/\/batijournal.com\/wp-content\/uploads\/2018\/10\/Passation-entre-F.-Nyssen-et-F.-Riester_710x400.jpg","datePublished":"2018-10-17T06:35:06+00:00","dateModified":"2019-07-15T09:14:51+00:00","author":{"@id":"https:\/\/batijournal.com\/#\/schema\/person\/1dc96ec6957aa1ccb25ebe78bb19f100"},"description":"Sp\u00e9cialiste de l\u2019audiovisuel, ancien membre de la commission des affaires culturelles, Franck Riester a \u00e9t\u00e9 nomm\u00e9 \u00e0 la place de Fran\u00e7oise NYSSEN au minist\u00e8re de la Culture.","breadcrumb":{"@id":"https:\/\/batijournal.com\/index.php\/franck-riester-remplace-francoise-nyssen-au-ministere-de-la-culture\/100508\/#breadcrumb"},"inLanguage":"fr-FR","potentialAction":[{"@type":"ReadAction","target":["https:\/\/batijournal.com\/index.php\/franck-riester-remplace-francoise-nyssen-au-ministere-de-la-culture\/100508\/"]}]},{"@type":"ImageObject","inLanguage":"fr-FR","@id":"https:\/\/batijournal.com\/index.php\/franck-riester-remplace-francoise-nyssen-au-ministere-de-la-culture\/100508\/#primaryimage","url":"https:\/\/batijournal.com\/wp-content\/uploads\/2018\/10\/Passation-entre-F.-Nyssen-et-F.-Riester_710x400.jpg","contentUrl":"https:\/\/batijournal.com\/wp-content\/uploads\/2018\/10\/Passation-entre-F.-Nyssen-et-F.-Riester_710x400.jpg","width":710,"height":400},{"@type":"BreadcrumbList","@id":"https:\/\/batijournal.com\/index.php\/franck-riester-remplace-francoise-nyssen-au-ministere-de-la-culture\/100508\/#breadcrumb","itemListElement":[{"@type":"ListItem","position":1,"name":"Accueil","item":"https:\/\/batijournal.com\/"},{"@type":"ListItem","position":2,"name":"Actualit\u00e9s","item":"https:\/\/batijournal.com\/index.php\/category\/actualites\/"},{"@type":"ListItem","position":3,"name":"Franck RIESTER remplace Fran\u00e7oise NYSSEN au minist\u00e8re de la Culture"}]},{"@type":"WebSite","@id":"https:\/\/batijournal.com\/#website","url":"https:\/\/batijournal.com\/","name":"Batijournal","description":"L&#039;actualit\u00e9 du b\u00e2timent","potentialAction":[{"@type":"SearchAction","target":{"@type":"EntryPoint","urlTemplate":"https:\/\/batijournal.com\/?s={search_term_string}"},"query-input":{"@type":"PropertyValueSpecification","valueRequired":true,"valueName":"search_term_string"}}],"inLanguage":"fr-FR"},{"@type":"Person","@id":"https:\/\/batijournal.com\/#\/schema\/person\/1dc96ec6957aa1ccb25ebe78bb19f100","name":"St\u00e9phane Miget","image":{"@type":"ImageObject","inLanguage":"fr-FR","@id":"https:\/\/secure.gravatar.com\/avatar\/89915563d925342126b8ef0281b93d9d7fc337043e8df017f780908eb9644451?s=96&d=mm&r=g","url":"https:\/\/secure.gravatar.com\/avatar\/89915563d925342126b8ef0281b93d9d7fc337043e8df017f780908eb9644451?s=96&d=mm&r=g","contentUrl":"https:\/\/secure.gravatar.com\/avatar\/89915563d925342126b8ef0281b93d9d7fc337043e8df017f780908eb9644451?s=96&d=mm&r=g","caption":"St\u00e9phane Miget"},"url":"https:\/\/batijournal.com\/index.php\/author\/stephane\/"}]}},"_links":{"self":[{"href":"https:\/\/batijournal.com\/index.php\/wp-json\/wp\/v2\/posts\/100508","targetHints":{"allow":["GET"]}}],"collection":[{"href":"https:\/\/batijournal.com\/index.php\/wp-json\/wp\/v2\/posts"}],"about":[{"href":"https:\/\/batijournal.com\/index.php\/wp-json\/wp\/v2\/types\/post"}],"author":[{"embeddable":true,"href":"https:\/\/batijournal.com\/index.php\/wp-json\/wp\/v2\/users\/17"}],"replies":[{"embeddable":true,"href":"https:\/\/batijournal.com\/index.php\/wp-json\/wp\/v2\/comments?post=100508"}],"version-history":[{"count":0,"href":"https:\/\/batijournal.com\/index.php\/wp-json\/wp\/v2\/posts\/100508\/revisions"}],"wp:featuredmedia":[{"embeddable":true,"href":"https:\/\/batijournal.com\/index.php\/wp-json\/wp\/v2\/media\/100509"}],"wp:attachment":[{"href":"https:\/\/batijournal.com\/index.php\/wp-json\/wp\/v2\/media?parent=100508"}],"wp:term":[{"taxonomy":"category","embeddable":true,"href":"https:\/\/batijournal.com\/index.php\/wp-json\/wp\/v2\/categories?post=100508"},{"taxonomy":"post_tag","embeddable":true,"href":"https:\/\/batijournal.com\/index.php\/wp-json\/wp\/v2\/tags?post=100508"}],"curies":[{"name":"wp","href":"https:\/\/api.w.org\/{rel}","templated":true}]}}