{"id":100654,"date":"2018-10-24T08:24:09","date_gmt":"2018-10-24T06:24:09","guid":{"rendered":"https:\/\/batijournal.com\/?p=100654"},"modified":"2019-07-15T11:14:51","modified_gmt":"2019-07-15T09:14:51","slug":"grand-prix-national-de-larchitecture-2018-pierre-louis-faloci","status":"publish","type":"post","link":"https:\/\/batijournal.com\/index.php\/grand-prix-national-de-larchitecture-2018-pierre-louis-faloci\/100654\/","title":{"rendered":"Le Grand Prix national de l\u2019architecture 2018 a \u00e9t\u00e9 attribu\u00e9 \u00e0\u00a0Pierre-Louis Faloci"},"content":{"rendered":"<p><strong>Franck Riester, le nouveau ministre de la Culture, a proclam\u00e9 Pierre-Louis Faloci, laur\u00e9at du Grand Prix national de l\u2019architecture 2018. Le jury a reconnu l\u2019exemplarit\u00e9 du parcours et de l\u2019\u0153uvre de Pierre-Louis Faloci, au regard des valeurs esth\u00e9tiques, \u00e9thiques et constructives de ses travaux d\u2019architecture, ainsi que son engagement au service des enjeux de soci\u00e9t\u00e9, notamment environnementaux.<\/strong><\/p>\n<p>Les premiers projets de Pierre-Louis Faloci lui valent d\u2019\u00eatre rapidement reconnu d\u00e8s la sortie de ses \u00e9tudes. Ses nombreuses r\u00e9alisations t\u00e9moignent de sa capacit\u00e9 \u00e0 construire avec l\u2019existant et \u00e0 le transformer. Parmi celles-ci : l\u2019\u00e9glise Notre-Dame de la Sagesse dans le nouveau quartier de Seine Rive Gauche \u00e0 Paris en 2001, aujourd\u2019hui labellis\u00e9e Architecture contemporaine remarquable; la transformation du Mus\u00e9e Rodin en 2007, et plus r\u00e9cemment la r\u00e9habilitation de l\u2019ancienne Halle aux sucres \u00e0 Dunkerque. Pour le jury, les \u0153uvres de Pierre-Louis Faloci d\u00e9montrent que l\u2019architecture est un tout qui doit composer avec le paysage, mais aussi l\u2019histoire et la m\u00e9moire des lieux. Elles sont la preuve que les enjeux architecturaux, urbains, paysagers et culturels sont indissociables.<\/p>\n<p>Comme chacun de ses pr\u00e9d\u00e9cesseurs, Pierre-Louis Faloci a re\u00e7u des mains du ministre de la Culture le dipl\u00f4me cr\u00e9\u00e9 par l\u2019artiste Daniel Buren. Ce Grand Prix l\u2019invite \u00e0 participer aux r\u00e9flexions nationales dans le domaine de l\u2019architecture. La Cit\u00e9 de l\u2019architecture et du patrimoine consacrera une exposition et un ouvrage \u00e0 son \u0153uvre. Enfin, Pierre-Louis Faloci aura l\u2019occasion d\u2019\u00e9changer et de partager son regard de professionnel dans le cadre d\u2019une master-class organis\u00e9e par les \u00c9coles nationales sup\u00e9rieures d\u2019architecture. Franck Riester a salu\u00e9 le travail des cinq autres architectes nomm\u00e9s Dominique Lyon \/ Agence du Besset-Lyon, Philippe Madec, Philippe Prost, Bernard Quirot et Corinne Vezzoni, dont il salue l\u2019engagement en faveur d\u2019un cadre de vie de qualit\u00e9.<\/p>\n<p>Photo : Minist\u00e8re de la Culture<\/p>\n","protected":false},"excerpt":{"rendered":"<p>Franck Riester, le nouveau ministre de la Culture, a proclam\u00e9 Pierre-Louis Faloci, laur\u00e9at du Grand Prix national de l\u2019architecture 2018. Le jury a reconnu l\u2019exemplarit\u00e9 du parcours et de l\u2019\u0153uvre de Pierre-Louis Faloci, au regard des valeurs esth\u00e9tiques, \u00e9thiques et constructives de ses travaux d\u2019architecture, ainsi que son engagement au service des enjeux de soci\u00e9t\u00e9, [&hellip;]<\/p>\n","protected":false},"author":17,"featured_media":100655,"comment_status":"closed","ping_status":"closed","sticky":false,"template":"","format":"standard","meta":{"_et_pb_use_builder":"","_et_pb_old_content":"","_et_gb_content_width":"","footnotes":""},"categories":[10530,6340,10785],"tags":[],"class_list":["post-100654","post","type-post","status-publish","format-standard","has-post-thumbnail","hentry","category-actualites","category-architecture-conception","category-atrium"],"yoast_head":"<!-- This site is optimized with the Yoast SEO plugin v27.4 - https:\/\/yoast.com\/product\/yoast-seo-wordpress\/ -->\n<title>Pierre-Louis Faloci, laur\u00e9at du Grand Prix national de l&#039;architecture 2018<\/title>\n<meta name=\"description\" content=\"Franck Riester, le nouveau ministre de la Culture, a proclam\u00e9 Pierre-Louis Faloci, laur\u00e9at du Grand Prix national de l\u2019architecture 2018\" \/>\n<meta name=\"robots\" content=\"index, follow, max-snippet:-1, max-image-preview:large, max-video-preview:-1\" \/>\n<link rel=\"canonical\" href=\"https:\/\/batijournal.com\/index.php\/grand-prix-national-de-larchitecture-2018-pierre-louis-faloci\/100654\/\" \/>\n<meta property=\"og:locale\" content=\"fr_FR\" \/>\n<meta property=\"og:type\" content=\"article\" \/>\n<meta property=\"og:title\" content=\"Pierre-Louis Faloci, laur\u00e9at du Grand Prix national de l&#039;architecture 2018\" \/>\n<meta property=\"og:description\" content=\"Franck Riester, le nouveau ministre de la Culture, a proclam\u00e9 Pierre-Louis Faloci, laur\u00e9at du Grand Prix national de l\u2019architecture 2018\" \/>\n<meta property=\"og:url\" content=\"https:\/\/batijournal.com\/index.php\/grand-prix-national-de-larchitecture-2018-pierre-louis-faloci\/100654\/\" \/>\n<meta property=\"og:site_name\" content=\"Batijournal\" \/>\n<meta property=\"article:published_time\" content=\"2018-10-24T06:24:09+00:00\" \/>\n<meta property=\"article:modified_time\" content=\"2019-07-15T09:14:51+00:00\" \/>\n<meta property=\"og:image\" content=\"https:\/\/batijournal.com\/wp-content\/uploads\/2018\/10\/Pierre-Louis-Falcoci-Grand-prix-national-architecture-2018.jpg\" \/>\n\t<meta property=\"og:image:width\" content=\"710\" \/>\n\t<meta property=\"og:image:height\" content=\"400\" \/>\n\t<meta property=\"og:image:type\" content=\"image\/jpeg\" \/>\n<meta name=\"author\" content=\"St\u00e9phane Miget\" \/>\n<meta name=\"twitter:card\" content=\"summary_large_image\" \/>\n<meta name=\"twitter:creator\" content=\"@bati_journal\" \/>\n<meta name=\"twitter:site\" content=\"@bati_journal\" \/>\n<meta name=\"twitter:label1\" content=\"\u00c9crit par\" \/>\n\t<meta name=\"twitter:data1\" content=\"St\u00e9phane Miget\" \/>\n\t<meta name=\"twitter:label2\" content=\"Dur\u00e9e de lecture estim\u00e9e\" \/>\n\t<meta name=\"twitter:data2\" content=\"2 minutes\" \/>\n<script type=\"application\/ld+json\" class=\"yoast-schema-graph\">{\"@context\":\"https:\\\/\\\/schema.org\",\"@graph\":[{\"@type\":\"Article\",\"@id\":\"https:\\\/\\\/batijournal.com\\\/index.php\\\/grand-prix-national-de-larchitecture-2018-pierre-louis-faloci\\\/100654\\\/#article\",\"isPartOf\":{\"@id\":\"https:\\\/\\\/batijournal.com\\\/index.php\\\/grand-prix-national-de-larchitecture-2018-pierre-louis-faloci\\\/100654\\\/\"},\"author\":{\"name\":\"St\u00e9phane Miget\",\"@id\":\"https:\\\/\\\/batijournal.com\\\/#\\\/schema\\\/person\\\/1dc96ec6957aa1ccb25ebe78bb19f100\"},\"headline\":\"Le Grand Prix national de l\u2019architecture 2018 a \u00e9t\u00e9 attribu\u00e9 \u00e0\u00a0Pierre-Louis Faloci\",\"datePublished\":\"2018-10-24T06:24:09+00:00\",\"dateModified\":\"2019-07-15T09:14:51+00:00\",\"mainEntityOfPage\":{\"@id\":\"https:\\\/\\\/batijournal.com\\\/index.php\\\/grand-prix-national-de-larchitecture-2018-pierre-louis-faloci\\\/100654\\\/\"},\"wordCount\":339,\"image\":{\"@id\":\"https:\\\/\\\/batijournal.com\\\/index.php\\\/grand-prix-national-de-larchitecture-2018-pierre-louis-faloci\\\/100654\\\/#primaryimage\"},\"thumbnailUrl\":\"https:\\\/\\\/batijournal.com\\\/wp-content\\\/uploads\\\/2018\\\/10\\\/Pierre-Louis-Falcoci-Grand-prix-national-architecture-2018.jpg\",\"articleSection\":[\"Actualit\u00e9s\",\"Architecture &amp; Conception\",\"zz_Atrium Patrimoine\"],\"inLanguage\":\"fr-FR\"},{\"@type\":\"WebPage\",\"@id\":\"https:\\\/\\\/batijournal.com\\\/index.php\\\/grand-prix-national-de-larchitecture-2018-pierre-louis-faloci\\\/100654\\\/\",\"url\":\"https:\\\/\\\/batijournal.com\\\/index.php\\\/grand-prix-national-de-larchitecture-2018-pierre-louis-faloci\\\/100654\\\/\",\"name\":\"Pierre-Louis Faloci, laur\u00e9at du Grand Prix national de l'architecture 2018\",\"isPartOf\":{\"@id\":\"https:\\\/\\\/batijournal.com\\\/#website\"},\"primaryImageOfPage\":{\"@id\":\"https:\\\/\\\/batijournal.com\\\/index.php\\\/grand-prix-national-de-larchitecture-2018-pierre-louis-faloci\\\/100654\\\/#primaryimage\"},\"image\":{\"@id\":\"https:\\\/\\\/batijournal.com\\\/index.php\\\/grand-prix-national-de-larchitecture-2018-pierre-louis-faloci\\\/100654\\\/#primaryimage\"},\"thumbnailUrl\":\"https:\\\/\\\/batijournal.com\\\/wp-content\\\/uploads\\\/2018\\\/10\\\/Pierre-Louis-Falcoci-Grand-prix-national-architecture-2018.jpg\",\"datePublished\":\"2018-10-24T06:24:09+00:00\",\"dateModified\":\"2019-07-15T09:14:51+00:00\",\"author\":{\"@id\":\"https:\\\/\\\/batijournal.com\\\/#\\\/schema\\\/person\\\/1dc96ec6957aa1ccb25ebe78bb19f100\"},\"description\":\"Franck Riester, le nouveau ministre de la Culture, a proclam\u00e9 Pierre-Louis Faloci, laur\u00e9at du Grand Prix national de l\u2019architecture 2018\",\"breadcrumb\":{\"@id\":\"https:\\\/\\\/batijournal.com\\\/index.php\\\/grand-prix-national-de-larchitecture-2018-pierre-louis-faloci\\\/100654\\\/#breadcrumb\"},\"inLanguage\":\"fr-FR\",\"potentialAction\":[{\"@type\":\"ReadAction\",\"target\":[\"https:\\\/\\\/batijournal.com\\\/index.php\\\/grand-prix-national-de-larchitecture-2018-pierre-louis-faloci\\\/100654\\\/\"]}]},{\"@type\":\"ImageObject\",\"inLanguage\":\"fr-FR\",\"@id\":\"https:\\\/\\\/batijournal.com\\\/index.php\\\/grand-prix-national-de-larchitecture-2018-pierre-louis-faloci\\\/100654\\\/#primaryimage\",\"url\":\"https:\\\/\\\/batijournal.com\\\/wp-content\\\/uploads\\\/2018\\\/10\\\/Pierre-Louis-Falcoci-Grand-prix-national-architecture-2018.jpg\",\"contentUrl\":\"https:\\\/\\\/batijournal.com\\\/wp-content\\\/uploads\\\/2018\\\/10\\\/Pierre-Louis-Falcoci-Grand-prix-national-architecture-2018.jpg\",\"width\":710,\"height\":400,\"caption\":\"Pierre-Louis-Falcoci-Grand-prix-national-architecture 2018\"},{\"@type\":\"BreadcrumbList\",\"@id\":\"https:\\\/\\\/batijournal.com\\\/index.php\\\/grand-prix-national-de-larchitecture-2018-pierre-louis-faloci\\\/100654\\\/#breadcrumb\",\"itemListElement\":[{\"@type\":\"ListItem\",\"position\":1,\"name\":\"Accueil\",\"item\":\"https:\\\/\\\/batijournal.com\\\/\"},{\"@type\":\"ListItem\",\"position\":2,\"name\":\"Actualit\u00e9s\",\"item\":\"https:\\\/\\\/batijournal.com\\\/index.php\\\/category\\\/actualites\\\/\"},{\"@type\":\"ListItem\",\"position\":3,\"name\":\"Le Grand Prix national de l\u2019architecture 2018 a \u00e9t\u00e9 attribu\u00e9 \u00e0\u00a0Pierre-Louis Faloci\"}]},{\"@type\":\"WebSite\",\"@id\":\"https:\\\/\\\/batijournal.com\\\/#website\",\"url\":\"https:\\\/\\\/batijournal.com\\\/\",\"name\":\"Batijournal\",\"description\":\"L&#039;actualit\u00e9 du b\u00e2timent\",\"potentialAction\":[{\"@type\":\"SearchAction\",\"target\":{\"@type\":\"EntryPoint\",\"urlTemplate\":\"https:\\\/\\\/batijournal.com\\\/?s={search_term_string}\"},\"query-input\":{\"@type\":\"PropertyValueSpecification\",\"valueRequired\":true,\"valueName\":\"search_term_string\"}}],\"inLanguage\":\"fr-FR\"},{\"@type\":\"Person\",\"@id\":\"https:\\\/\\\/batijournal.com\\\/#\\\/schema\\\/person\\\/1dc96ec6957aa1ccb25ebe78bb19f100\",\"name\":\"St\u00e9phane Miget\",\"image\":{\"@type\":\"ImageObject\",\"inLanguage\":\"fr-FR\",\"@id\":\"https:\\\/\\\/secure.gravatar.com\\\/avatar\\\/89915563d925342126b8ef0281b93d9d7fc337043e8df017f780908eb9644451?s=96&d=mm&r=g\",\"url\":\"https:\\\/\\\/secure.gravatar.com\\\/avatar\\\/89915563d925342126b8ef0281b93d9d7fc337043e8df017f780908eb9644451?s=96&d=mm&r=g\",\"contentUrl\":\"https:\\\/\\\/secure.gravatar.com\\\/avatar\\\/89915563d925342126b8ef0281b93d9d7fc337043e8df017f780908eb9644451?s=96&d=mm&r=g\",\"caption\":\"St\u00e9phane Miget\"},\"url\":\"https:\\\/\\\/batijournal.com\\\/index.php\\\/author\\\/stephane\\\/\"}]}<\/script>\n<!-- \/ Yoast SEO plugin. -->","yoast_head_json":{"title":"Pierre-Louis Faloci, laur\u00e9at du Grand Prix national de l'architecture 2018","description":"Franck Riester, le nouveau ministre de la Culture, a proclam\u00e9 Pierre-Louis Faloci, laur\u00e9at du Grand Prix national de l\u2019architecture 2018","robots":{"index":"index","follow":"follow","max-snippet":"max-snippet:-1","max-image-preview":"max-image-preview:large","max-video-preview":"max-video-preview:-1"},"canonical":"https:\/\/batijournal.com\/index.php\/grand-prix-national-de-larchitecture-2018-pierre-louis-faloci\/100654\/","og_locale":"fr_FR","og_type":"article","og_title":"Pierre-Louis Faloci, laur\u00e9at du Grand Prix national de l'architecture 2018","og_description":"Franck Riester, le nouveau ministre de la Culture, a proclam\u00e9 Pierre-Louis Faloci, laur\u00e9at du Grand Prix national de l\u2019architecture 2018","og_url":"https:\/\/batijournal.com\/index.php\/grand-prix-national-de-larchitecture-2018-pierre-louis-faloci\/100654\/","og_site_name":"Batijournal","article_published_time":"2018-10-24T06:24:09+00:00","article_modified_time":"2019-07-15T09:14:51+00:00","og_image":[{"width":710,"height":400,"url":"https:\/\/batijournal.com\/wp-content\/uploads\/2018\/10\/Pierre-Louis-Falcoci-Grand-prix-national-architecture-2018.jpg","type":"image\/jpeg"}],"author":"St\u00e9phane Miget","twitter_card":"summary_large_image","twitter_creator":"@bati_journal","twitter_site":"@bati_journal","twitter_misc":{"\u00c9crit par":"St\u00e9phane Miget","Dur\u00e9e de lecture estim\u00e9e":"2 minutes"},"schema":{"@context":"https:\/\/schema.org","@graph":[{"@type":"Article","@id":"https:\/\/batijournal.com\/index.php\/grand-prix-national-de-larchitecture-2018-pierre-louis-faloci\/100654\/#article","isPartOf":{"@id":"https:\/\/batijournal.com\/index.php\/grand-prix-national-de-larchitecture-2018-pierre-louis-faloci\/100654\/"},"author":{"name":"St\u00e9phane Miget","@id":"https:\/\/batijournal.com\/#\/schema\/person\/1dc96ec6957aa1ccb25ebe78bb19f100"},"headline":"Le Grand Prix national de l\u2019architecture 2018 a \u00e9t\u00e9 attribu\u00e9 \u00e0\u00a0Pierre-Louis Faloci","datePublished":"2018-10-24T06:24:09+00:00","dateModified":"2019-07-15T09:14:51+00:00","mainEntityOfPage":{"@id":"https:\/\/batijournal.com\/index.php\/grand-prix-national-de-larchitecture-2018-pierre-louis-faloci\/100654\/"},"wordCount":339,"image":{"@id":"https:\/\/batijournal.com\/index.php\/grand-prix-national-de-larchitecture-2018-pierre-louis-faloci\/100654\/#primaryimage"},"thumbnailUrl":"https:\/\/batijournal.com\/wp-content\/uploads\/2018\/10\/Pierre-Louis-Falcoci-Grand-prix-national-architecture-2018.jpg","articleSection":["Actualit\u00e9s","Architecture &amp; Conception","zz_Atrium Patrimoine"],"inLanguage":"fr-FR"},{"@type":"WebPage","@id":"https:\/\/batijournal.com\/index.php\/grand-prix-national-de-larchitecture-2018-pierre-louis-faloci\/100654\/","url":"https:\/\/batijournal.com\/index.php\/grand-prix-national-de-larchitecture-2018-pierre-louis-faloci\/100654\/","name":"Pierre-Louis Faloci, laur\u00e9at du Grand Prix national de l'architecture 2018","isPartOf":{"@id":"https:\/\/batijournal.com\/#website"},"primaryImageOfPage":{"@id":"https:\/\/batijournal.com\/index.php\/grand-prix-national-de-larchitecture-2018-pierre-louis-faloci\/100654\/#primaryimage"},"image":{"@id":"https:\/\/batijournal.com\/index.php\/grand-prix-national-de-larchitecture-2018-pierre-louis-faloci\/100654\/#primaryimage"},"thumbnailUrl":"https:\/\/batijournal.com\/wp-content\/uploads\/2018\/10\/Pierre-Louis-Falcoci-Grand-prix-national-architecture-2018.jpg","datePublished":"2018-10-24T06:24:09+00:00","dateModified":"2019-07-15T09:14:51+00:00","author":{"@id":"https:\/\/batijournal.com\/#\/schema\/person\/1dc96ec6957aa1ccb25ebe78bb19f100"},"description":"Franck Riester, le nouveau ministre de la Culture, a proclam\u00e9 Pierre-Louis Faloci, laur\u00e9at du Grand Prix national de l\u2019architecture 2018","breadcrumb":{"@id":"https:\/\/batijournal.com\/index.php\/grand-prix-national-de-larchitecture-2018-pierre-louis-faloci\/100654\/#breadcrumb"},"inLanguage":"fr-FR","potentialAction":[{"@type":"ReadAction","target":["https:\/\/batijournal.com\/index.php\/grand-prix-national-de-larchitecture-2018-pierre-louis-faloci\/100654\/"]}]},{"@type":"ImageObject","inLanguage":"fr-FR","@id":"https:\/\/batijournal.com\/index.php\/grand-prix-national-de-larchitecture-2018-pierre-louis-faloci\/100654\/#primaryimage","url":"https:\/\/batijournal.com\/wp-content\/uploads\/2018\/10\/Pierre-Louis-Falcoci-Grand-prix-national-architecture-2018.jpg","contentUrl":"https:\/\/batijournal.com\/wp-content\/uploads\/2018\/10\/Pierre-Louis-Falcoci-Grand-prix-national-architecture-2018.jpg","width":710,"height":400,"caption":"Pierre-Louis-Falcoci-Grand-prix-national-architecture 2018"},{"@type":"BreadcrumbList","@id":"https:\/\/batijournal.com\/index.php\/grand-prix-national-de-larchitecture-2018-pierre-louis-faloci\/100654\/#breadcrumb","itemListElement":[{"@type":"ListItem","position":1,"name":"Accueil","item":"https:\/\/batijournal.com\/"},{"@type":"ListItem","position":2,"name":"Actualit\u00e9s","item":"https:\/\/batijournal.com\/index.php\/category\/actualites\/"},{"@type":"ListItem","position":3,"name":"Le Grand Prix national de l\u2019architecture 2018 a \u00e9t\u00e9 attribu\u00e9 \u00e0\u00a0Pierre-Louis Faloci"}]},{"@type":"WebSite","@id":"https:\/\/batijournal.com\/#website","url":"https:\/\/batijournal.com\/","name":"Batijournal","description":"L&#039;actualit\u00e9 du b\u00e2timent","potentialAction":[{"@type":"SearchAction","target":{"@type":"EntryPoint","urlTemplate":"https:\/\/batijournal.com\/?s={search_term_string}"},"query-input":{"@type":"PropertyValueSpecification","valueRequired":true,"valueName":"search_term_string"}}],"inLanguage":"fr-FR"},{"@type":"Person","@id":"https:\/\/batijournal.com\/#\/schema\/person\/1dc96ec6957aa1ccb25ebe78bb19f100","name":"St\u00e9phane Miget","image":{"@type":"ImageObject","inLanguage":"fr-FR","@id":"https:\/\/secure.gravatar.com\/avatar\/89915563d925342126b8ef0281b93d9d7fc337043e8df017f780908eb9644451?s=96&d=mm&r=g","url":"https:\/\/secure.gravatar.com\/avatar\/89915563d925342126b8ef0281b93d9d7fc337043e8df017f780908eb9644451?s=96&d=mm&r=g","contentUrl":"https:\/\/secure.gravatar.com\/avatar\/89915563d925342126b8ef0281b93d9d7fc337043e8df017f780908eb9644451?s=96&d=mm&r=g","caption":"St\u00e9phane Miget"},"url":"https:\/\/batijournal.com\/index.php\/author\/stephane\/"}]}},"_links":{"self":[{"href":"https:\/\/batijournal.com\/index.php\/wp-json\/wp\/v2\/posts\/100654","targetHints":{"allow":["GET"]}}],"collection":[{"href":"https:\/\/batijournal.com\/index.php\/wp-json\/wp\/v2\/posts"}],"about":[{"href":"https:\/\/batijournal.com\/index.php\/wp-json\/wp\/v2\/types\/post"}],"author":[{"embeddable":true,"href":"https:\/\/batijournal.com\/index.php\/wp-json\/wp\/v2\/users\/17"}],"replies":[{"embeddable":true,"href":"https:\/\/batijournal.com\/index.php\/wp-json\/wp\/v2\/comments?post=100654"}],"version-history":[{"count":0,"href":"https:\/\/batijournal.com\/index.php\/wp-json\/wp\/v2\/posts\/100654\/revisions"}],"wp:featuredmedia":[{"embeddable":true,"href":"https:\/\/batijournal.com\/index.php\/wp-json\/wp\/v2\/media\/100655"}],"wp:attachment":[{"href":"https:\/\/batijournal.com\/index.php\/wp-json\/wp\/v2\/media?parent=100654"}],"wp:term":[{"taxonomy":"category","embeddable":true,"href":"https:\/\/batijournal.com\/index.php\/wp-json\/wp\/v2\/categories?post=100654"},{"taxonomy":"post_tag","embeddable":true,"href":"https:\/\/batijournal.com\/index.php\/wp-json\/wp\/v2\/tags?post=100654"}],"curies":[{"name":"wp","href":"https:\/\/api.w.org\/{rel}","templated":true}]}}