{"id":100672,"date":"2018-10-26T07:29:18","date_gmt":"2018-10-26T05:29:18","guid":{"rendered":"https:\/\/batijournal.com\/?p=100672"},"modified":"2019-07-15T11:14:51","modified_gmt":"2019-07-15T09:14:51","slug":"collection-al-thani-hotel-de-la-marine","status":"publish","type":"post","link":"https:\/\/batijournal.com\/index.php\/collection-al-thani-hotel-de-la-marine\/100672\/","title":{"rendered":"Pendant 20 ans, l\u2019H\u00f4tel de la Marine accueillera des expositions de la Collection Al Thani"},"content":{"rendered":"<p>Le Centre des monuments nationaux et la Fondation qatarie Collection Al Thani ont sign\u00e9 un accord de longue dur\u00e9e donnant lieu \u00e0 la mise \u00e0 disposition d\u2019un espace consacr\u00e9 \u00e0 des expositions de la Collection Al Thani dans une galerie r\u00e9serv\u00e9e \u00e0 cet usage \u00e0 l\u2019H\u00f4tel de la Marine. Cet accord pr\u00e9voit un don extr\u00eamement g\u00e9n\u00e9reux au Centre des monuments nationaux, qui viendra soutenir la restauration de l\u2019H\u00f4tel de la Marine ainsi que d\u2019autres projets patrimoniaux sur l\u2019ensemble de son r\u00e9seau. Selon cet accord, la Collection Al Thani sera pr\u00e9sent\u00e9e \u00e0 l\u2019H\u00f4tel de la Marine pendant une dur\u00e9e de vingt ans sous la forme d\u2019expositions temporaires organis\u00e9es par roulement dans une galerie de 400 m\u00b2 qui lui sera r\u00e9serv\u00e9e. Cet espace, qui est actuellement en cours de r\u00e9novation, permettra aussi une exposition permanente d\u2019\u0153uvres de la collection. Le choix des th\u00e8mes des expositions et des pi\u00e8ces pr\u00e9sent\u00e9es se fera en accord avec le Centre des monuments nationaux. La premi\u00e8re d\u2019entre elles d\u00e9butera d\u00e8s l\u2019ouverture au public de l\u2019H\u00f4tel de la Marine, au printemps 2020. Cette collection priv\u00e9e exceptionnelle est compos\u00e9e de plus de 6000 \u0153uvres provenant de nombreuses civilisations de l\u2019Antiquit\u00e9 \u00e0 nos jours.<\/p>\n","protected":false},"excerpt":{"rendered":"<p>Le Centre des monuments nationaux et la Fondation qatarie Collection Al Thani ont sign\u00e9 un accord de longue dur\u00e9e donnant lieu \u00e0 la mise \u00e0 disposition d\u2019un espace consacr\u00e9 \u00e0 des expositions de la Collection Al Thani dans une galerie r\u00e9serv\u00e9e \u00e0 cet usage \u00e0 l\u2019H\u00f4tel de la Marine. Cet accord pr\u00e9voit un don extr\u00eamement [&hellip;]<\/p>\n","protected":false},"author":17,"featured_media":95693,"comment_status":"closed","ping_status":"closed","sticky":false,"template":"","format":"standard","meta":{"_et_pb_use_builder":"","_et_pb_old_content":"","_et_gb_content_width":"","footnotes":""},"categories":[10530,6340,10785],"tags":[8651],"class_list":["post-100672","post","type-post","status-publish","format-standard","has-post-thumbnail","hentry","category-actualites","category-architecture-conception","category-atrium","tag-cmn"],"yoast_head":"<!-- This site is optimized with the Yoast SEO plugin v27.4 - https:\/\/yoast.com\/product\/yoast-seo-wordpress\/ -->\n<title>La Collection Al Thani expos\u00e9e dans une galerie \u00e0 l\u2019H\u00f4tel de la Marine<\/title>\n<meta name=\"description\" content=\"Un espace sera consacr\u00e9 \u00e0 des expositions de la Collection Al Thani dans une galerie r\u00e9serv\u00e9e \u00e0 cet usage \u00e0 l\u2019H\u00f4tel de la Marine.\" \/>\n<meta name=\"robots\" content=\"index, follow, max-snippet:-1, max-image-preview:large, max-video-preview:-1\" \/>\n<link rel=\"canonical\" href=\"https:\/\/batijournal.com\/index.php\/collection-al-thani-hotel-de-la-marine\/100672\/\" \/>\n<meta property=\"og:locale\" content=\"fr_FR\" \/>\n<meta property=\"og:type\" content=\"article\" \/>\n<meta property=\"og:title\" content=\"La Collection Al Thani expos\u00e9e dans une galerie \u00e0 l\u2019H\u00f4tel de la Marine\" \/>\n<meta property=\"og:description\" content=\"Un espace sera consacr\u00e9 \u00e0 des expositions de la Collection Al Thani dans une galerie r\u00e9serv\u00e9e \u00e0 cet usage \u00e0 l\u2019H\u00f4tel de la Marine.\" \/>\n<meta property=\"og:url\" content=\"https:\/\/batijournal.com\/index.php\/collection-al-thani-hotel-de-la-marine\/100672\/\" \/>\n<meta property=\"og:site_name\" content=\"Batijournal\" \/>\n<meta property=\"article:published_time\" content=\"2018-10-26T05:29:18+00:00\" \/>\n<meta property=\"article:modified_time\" content=\"2019-07-15T09:14:51+00:00\" \/>\n<meta property=\"og:image\" content=\"https:\/\/batijournal.com\/wp-content\/uploads\/2017\/04\/hotel-de-la-marine.png\" \/>\n\t<meta property=\"og:image:width\" content=\"883\" \/>\n\t<meta property=\"og:image:height\" content=\"541\" \/>\n\t<meta property=\"og:image:type\" content=\"image\/png\" \/>\n<meta name=\"author\" content=\"St\u00e9phane Miget\" \/>\n<meta name=\"twitter:card\" content=\"summary_large_image\" \/>\n<meta name=\"twitter:creator\" content=\"@bati_journal\" \/>\n<meta name=\"twitter:site\" content=\"@bati_journal\" \/>\n<meta name=\"twitter:label1\" content=\"\u00c9crit par\" \/>\n\t<meta name=\"twitter:data1\" content=\"St\u00e9phane Miget\" \/>\n\t<meta name=\"twitter:label2\" content=\"Dur\u00e9e de lecture estim\u00e9e\" \/>\n\t<meta name=\"twitter:data2\" content=\"1 minute\" \/>\n<script type=\"application\/ld+json\" class=\"yoast-schema-graph\">{\"@context\":\"https:\\\/\\\/schema.org\",\"@graph\":[{\"@type\":\"Article\",\"@id\":\"https:\\\/\\\/batijournal.com\\\/index.php\\\/collection-al-thani-hotel-de-la-marine\\\/100672\\\/#article\",\"isPartOf\":{\"@id\":\"https:\\\/\\\/batijournal.com\\\/index.php\\\/collection-al-thani-hotel-de-la-marine\\\/100672\\\/\"},\"author\":{\"name\":\"St\u00e9phane Miget\",\"@id\":\"https:\\\/\\\/batijournal.com\\\/#\\\/schema\\\/person\\\/1dc96ec6957aa1ccb25ebe78bb19f100\"},\"headline\":\"Pendant 20 ans, l\u2019H\u00f4tel de la Marine accueillera des expositions de la Collection Al Thani\",\"datePublished\":\"2018-10-26T05:29:18+00:00\",\"dateModified\":\"2019-07-15T09:14:51+00:00\",\"mainEntityOfPage\":{\"@id\":\"https:\\\/\\\/batijournal.com\\\/index.php\\\/collection-al-thani-hotel-de-la-marine\\\/100672\\\/\"},\"wordCount\":240,\"image\":{\"@id\":\"https:\\\/\\\/batijournal.com\\\/index.php\\\/collection-al-thani-hotel-de-la-marine\\\/100672\\\/#primaryimage\"},\"thumbnailUrl\":\"https:\\\/\\\/batijournal.com\\\/wp-content\\\/uploads\\\/2017\\\/04\\\/hotel-de-la-marine.png\",\"keywords\":[\"cmn\"],\"articleSection\":[\"Actualit\u00e9s\",\"Architecture &amp; Conception\",\"zz_Atrium Patrimoine\"],\"inLanguage\":\"fr-FR\"},{\"@type\":\"WebPage\",\"@id\":\"https:\\\/\\\/batijournal.com\\\/index.php\\\/collection-al-thani-hotel-de-la-marine\\\/100672\\\/\",\"url\":\"https:\\\/\\\/batijournal.com\\\/index.php\\\/collection-al-thani-hotel-de-la-marine\\\/100672\\\/\",\"name\":\"La Collection Al Thani expos\u00e9e dans une galerie \u00e0 l\u2019H\u00f4tel de la Marine\",\"isPartOf\":{\"@id\":\"https:\\\/\\\/batijournal.com\\\/#website\"},\"primaryImageOfPage\":{\"@id\":\"https:\\\/\\\/batijournal.com\\\/index.php\\\/collection-al-thani-hotel-de-la-marine\\\/100672\\\/#primaryimage\"},\"image\":{\"@id\":\"https:\\\/\\\/batijournal.com\\\/index.php\\\/collection-al-thani-hotel-de-la-marine\\\/100672\\\/#primaryimage\"},\"thumbnailUrl\":\"https:\\\/\\\/batijournal.com\\\/wp-content\\\/uploads\\\/2017\\\/04\\\/hotel-de-la-marine.png\",\"datePublished\":\"2018-10-26T05:29:18+00:00\",\"dateModified\":\"2019-07-15T09:14:51+00:00\",\"author\":{\"@id\":\"https:\\\/\\\/batijournal.com\\\/#\\\/schema\\\/person\\\/1dc96ec6957aa1ccb25ebe78bb19f100\"},\"description\":\"Un espace sera consacr\u00e9 \u00e0 des expositions de la Collection Al Thani dans une galerie r\u00e9serv\u00e9e \u00e0 cet usage \u00e0 l\u2019H\u00f4tel de la Marine.\",\"breadcrumb\":{\"@id\":\"https:\\\/\\\/batijournal.com\\\/index.php\\\/collection-al-thani-hotel-de-la-marine\\\/100672\\\/#breadcrumb\"},\"inLanguage\":\"fr-FR\",\"potentialAction\":[{\"@type\":\"ReadAction\",\"target\":[\"https:\\\/\\\/batijournal.com\\\/index.php\\\/collection-al-thani-hotel-de-la-marine\\\/100672\\\/\"]}]},{\"@type\":\"ImageObject\",\"inLanguage\":\"fr-FR\",\"@id\":\"https:\\\/\\\/batijournal.com\\\/index.php\\\/collection-al-thani-hotel-de-la-marine\\\/100672\\\/#primaryimage\",\"url\":\"https:\\\/\\\/batijournal.com\\\/wp-content\\\/uploads\\\/2017\\\/04\\\/hotel-de-la-marine.png\",\"contentUrl\":\"https:\\\/\\\/batijournal.com\\\/wp-content\\\/uploads\\\/2017\\\/04\\\/hotel-de-la-marine.png\",\"width\":883,\"height\":541,\"caption\":\"collection-al-thani-hotel-de-la-marine\"},{\"@type\":\"BreadcrumbList\",\"@id\":\"https:\\\/\\\/batijournal.com\\\/index.php\\\/collection-al-thani-hotel-de-la-marine\\\/100672\\\/#breadcrumb\",\"itemListElement\":[{\"@type\":\"ListItem\",\"position\":1,\"name\":\"Accueil\",\"item\":\"https:\\\/\\\/batijournal.com\\\/\"},{\"@type\":\"ListItem\",\"position\":2,\"name\":\"Actualit\u00e9s\",\"item\":\"https:\\\/\\\/batijournal.com\\\/index.php\\\/category\\\/actualites\\\/\"},{\"@type\":\"ListItem\",\"position\":3,\"name\":\"Pendant 20 ans, l\u2019H\u00f4tel de la Marine accueillera des expositions de la Collection Al Thani\"}]},{\"@type\":\"WebSite\",\"@id\":\"https:\\\/\\\/batijournal.com\\\/#website\",\"url\":\"https:\\\/\\\/batijournal.com\\\/\",\"name\":\"Batijournal\",\"description\":\"L&#039;actualit\u00e9 du b\u00e2timent\",\"potentialAction\":[{\"@type\":\"SearchAction\",\"target\":{\"@type\":\"EntryPoint\",\"urlTemplate\":\"https:\\\/\\\/batijournal.com\\\/?s={search_term_string}\"},\"query-input\":{\"@type\":\"PropertyValueSpecification\",\"valueRequired\":true,\"valueName\":\"search_term_string\"}}],\"inLanguage\":\"fr-FR\"},{\"@type\":\"Person\",\"@id\":\"https:\\\/\\\/batijournal.com\\\/#\\\/schema\\\/person\\\/1dc96ec6957aa1ccb25ebe78bb19f100\",\"name\":\"St\u00e9phane Miget\",\"image\":{\"@type\":\"ImageObject\",\"inLanguage\":\"fr-FR\",\"@id\":\"https:\\\/\\\/secure.gravatar.com\\\/avatar\\\/89915563d925342126b8ef0281b93d9d7fc337043e8df017f780908eb9644451?s=96&d=mm&r=g\",\"url\":\"https:\\\/\\\/secure.gravatar.com\\\/avatar\\\/89915563d925342126b8ef0281b93d9d7fc337043e8df017f780908eb9644451?s=96&d=mm&r=g\",\"contentUrl\":\"https:\\\/\\\/secure.gravatar.com\\\/avatar\\\/89915563d925342126b8ef0281b93d9d7fc337043e8df017f780908eb9644451?s=96&d=mm&r=g\",\"caption\":\"St\u00e9phane Miget\"},\"url\":\"https:\\\/\\\/batijournal.com\\\/index.php\\\/author\\\/stephane\\\/\"}]}<\/script>\n<!-- \/ Yoast SEO plugin. -->","yoast_head_json":{"title":"La Collection Al Thani expos\u00e9e dans une galerie \u00e0 l\u2019H\u00f4tel de la Marine","description":"Un espace sera consacr\u00e9 \u00e0 des expositions de la Collection Al Thani dans une galerie r\u00e9serv\u00e9e \u00e0 cet usage \u00e0 l\u2019H\u00f4tel de la Marine.","robots":{"index":"index","follow":"follow","max-snippet":"max-snippet:-1","max-image-preview":"max-image-preview:large","max-video-preview":"max-video-preview:-1"},"canonical":"https:\/\/batijournal.com\/index.php\/collection-al-thani-hotel-de-la-marine\/100672\/","og_locale":"fr_FR","og_type":"article","og_title":"La Collection Al Thani expos\u00e9e dans une galerie \u00e0 l\u2019H\u00f4tel de la Marine","og_description":"Un espace sera consacr\u00e9 \u00e0 des expositions de la Collection Al Thani dans une galerie r\u00e9serv\u00e9e \u00e0 cet usage \u00e0 l\u2019H\u00f4tel de la Marine.","og_url":"https:\/\/batijournal.com\/index.php\/collection-al-thani-hotel-de-la-marine\/100672\/","og_site_name":"Batijournal","article_published_time":"2018-10-26T05:29:18+00:00","article_modified_time":"2019-07-15T09:14:51+00:00","og_image":[{"width":883,"height":541,"url":"https:\/\/batijournal.com\/wp-content\/uploads\/2017\/04\/hotel-de-la-marine.png","type":"image\/png"}],"author":"St\u00e9phane Miget","twitter_card":"summary_large_image","twitter_creator":"@bati_journal","twitter_site":"@bati_journal","twitter_misc":{"\u00c9crit par":"St\u00e9phane Miget","Dur\u00e9e de lecture estim\u00e9e":"1 minute"},"schema":{"@context":"https:\/\/schema.org","@graph":[{"@type":"Article","@id":"https:\/\/batijournal.com\/index.php\/collection-al-thani-hotel-de-la-marine\/100672\/#article","isPartOf":{"@id":"https:\/\/batijournal.com\/index.php\/collection-al-thani-hotel-de-la-marine\/100672\/"},"author":{"name":"St\u00e9phane Miget","@id":"https:\/\/batijournal.com\/#\/schema\/person\/1dc96ec6957aa1ccb25ebe78bb19f100"},"headline":"Pendant 20 ans, l\u2019H\u00f4tel de la Marine accueillera des expositions de la Collection Al Thani","datePublished":"2018-10-26T05:29:18+00:00","dateModified":"2019-07-15T09:14:51+00:00","mainEntityOfPage":{"@id":"https:\/\/batijournal.com\/index.php\/collection-al-thani-hotel-de-la-marine\/100672\/"},"wordCount":240,"image":{"@id":"https:\/\/batijournal.com\/index.php\/collection-al-thani-hotel-de-la-marine\/100672\/#primaryimage"},"thumbnailUrl":"https:\/\/batijournal.com\/wp-content\/uploads\/2017\/04\/hotel-de-la-marine.png","keywords":["cmn"],"articleSection":["Actualit\u00e9s","Architecture &amp; Conception","zz_Atrium Patrimoine"],"inLanguage":"fr-FR"},{"@type":"WebPage","@id":"https:\/\/batijournal.com\/index.php\/collection-al-thani-hotel-de-la-marine\/100672\/","url":"https:\/\/batijournal.com\/index.php\/collection-al-thani-hotel-de-la-marine\/100672\/","name":"La Collection Al Thani expos\u00e9e dans une galerie \u00e0 l\u2019H\u00f4tel de la Marine","isPartOf":{"@id":"https:\/\/batijournal.com\/#website"},"primaryImageOfPage":{"@id":"https:\/\/batijournal.com\/index.php\/collection-al-thani-hotel-de-la-marine\/100672\/#primaryimage"},"image":{"@id":"https:\/\/batijournal.com\/index.php\/collection-al-thani-hotel-de-la-marine\/100672\/#primaryimage"},"thumbnailUrl":"https:\/\/batijournal.com\/wp-content\/uploads\/2017\/04\/hotel-de-la-marine.png","datePublished":"2018-10-26T05:29:18+00:00","dateModified":"2019-07-15T09:14:51+00:00","author":{"@id":"https:\/\/batijournal.com\/#\/schema\/person\/1dc96ec6957aa1ccb25ebe78bb19f100"},"description":"Un espace sera consacr\u00e9 \u00e0 des expositions de la Collection Al Thani dans une galerie r\u00e9serv\u00e9e \u00e0 cet usage \u00e0 l\u2019H\u00f4tel de la Marine.","breadcrumb":{"@id":"https:\/\/batijournal.com\/index.php\/collection-al-thani-hotel-de-la-marine\/100672\/#breadcrumb"},"inLanguage":"fr-FR","potentialAction":[{"@type":"ReadAction","target":["https:\/\/batijournal.com\/index.php\/collection-al-thani-hotel-de-la-marine\/100672\/"]}]},{"@type":"ImageObject","inLanguage":"fr-FR","@id":"https:\/\/batijournal.com\/index.php\/collection-al-thani-hotel-de-la-marine\/100672\/#primaryimage","url":"https:\/\/batijournal.com\/wp-content\/uploads\/2017\/04\/hotel-de-la-marine.png","contentUrl":"https:\/\/batijournal.com\/wp-content\/uploads\/2017\/04\/hotel-de-la-marine.png","width":883,"height":541,"caption":"collection-al-thani-hotel-de-la-marine"},{"@type":"BreadcrumbList","@id":"https:\/\/batijournal.com\/index.php\/collection-al-thani-hotel-de-la-marine\/100672\/#breadcrumb","itemListElement":[{"@type":"ListItem","position":1,"name":"Accueil","item":"https:\/\/batijournal.com\/"},{"@type":"ListItem","position":2,"name":"Actualit\u00e9s","item":"https:\/\/batijournal.com\/index.php\/category\/actualites\/"},{"@type":"ListItem","position":3,"name":"Pendant 20 ans, l\u2019H\u00f4tel de la Marine accueillera des expositions de la Collection Al Thani"}]},{"@type":"WebSite","@id":"https:\/\/batijournal.com\/#website","url":"https:\/\/batijournal.com\/","name":"Batijournal","description":"L&#039;actualit\u00e9 du b\u00e2timent","potentialAction":[{"@type":"SearchAction","target":{"@type":"EntryPoint","urlTemplate":"https:\/\/batijournal.com\/?s={search_term_string}"},"query-input":{"@type":"PropertyValueSpecification","valueRequired":true,"valueName":"search_term_string"}}],"inLanguage":"fr-FR"},{"@type":"Person","@id":"https:\/\/batijournal.com\/#\/schema\/person\/1dc96ec6957aa1ccb25ebe78bb19f100","name":"St\u00e9phane Miget","image":{"@type":"ImageObject","inLanguage":"fr-FR","@id":"https:\/\/secure.gravatar.com\/avatar\/89915563d925342126b8ef0281b93d9d7fc337043e8df017f780908eb9644451?s=96&d=mm&r=g","url":"https:\/\/secure.gravatar.com\/avatar\/89915563d925342126b8ef0281b93d9d7fc337043e8df017f780908eb9644451?s=96&d=mm&r=g","contentUrl":"https:\/\/secure.gravatar.com\/avatar\/89915563d925342126b8ef0281b93d9d7fc337043e8df017f780908eb9644451?s=96&d=mm&r=g","caption":"St\u00e9phane Miget"},"url":"https:\/\/batijournal.com\/index.php\/author\/stephane\/"}]}},"_links":{"self":[{"href":"https:\/\/batijournal.com\/index.php\/wp-json\/wp\/v2\/posts\/100672","targetHints":{"allow":["GET"]}}],"collection":[{"href":"https:\/\/batijournal.com\/index.php\/wp-json\/wp\/v2\/posts"}],"about":[{"href":"https:\/\/batijournal.com\/index.php\/wp-json\/wp\/v2\/types\/post"}],"author":[{"embeddable":true,"href":"https:\/\/batijournal.com\/index.php\/wp-json\/wp\/v2\/users\/17"}],"replies":[{"embeddable":true,"href":"https:\/\/batijournal.com\/index.php\/wp-json\/wp\/v2\/comments?post=100672"}],"version-history":[{"count":0,"href":"https:\/\/batijournal.com\/index.php\/wp-json\/wp\/v2\/posts\/100672\/revisions"}],"wp:featuredmedia":[{"embeddable":true,"href":"https:\/\/batijournal.com\/index.php\/wp-json\/wp\/v2\/media\/95693"}],"wp:attachment":[{"href":"https:\/\/batijournal.com\/index.php\/wp-json\/wp\/v2\/media?parent=100672"}],"wp:term":[{"taxonomy":"category","embeddable":true,"href":"https:\/\/batijournal.com\/index.php\/wp-json\/wp\/v2\/categories?post=100672"},{"taxonomy":"post_tag","embeddable":true,"href":"https:\/\/batijournal.com\/index.php\/wp-json\/wp\/v2\/tags?post=100672"}],"curies":[{"name":"wp","href":"https:\/\/api.w.org\/{rel}","templated":true}]}}