{"id":100682,"date":"2018-10-29T07:50:33","date_gmt":"2018-10-29T06:50:33","guid":{"rendered":"https:\/\/batijournal.com\/?p=100682"},"modified":"2019-07-15T12:12:58","modified_gmt":"2019-07-15T10:12:58","slug":"projet-de-loi-pacte-les-artisans-contre-la-regionalisation-des-chambres-de-metiers-et-de-lartisanat","status":"publish","type":"post","link":"https:\/\/batijournal.com\/index.php\/projet-de-loi-pacte-les-artisans-contre-la-regionalisation-des-chambres-de-metiers-et-de-lartisanat\/100682\/","title":{"rendered":"Projet de loi PACTE\u00a0: les artisans contre la r\u00e9gionalisation des Chambres de M\u00e9tiers et de l\u2019Artisanat"},"content":{"rendered":"<p>Lors des d\u00e9bats sur le projet de loi PACTE, les d\u00e9put\u00e9s ont adopt\u00e9 un amendement visant \u00e0 g\u00e9n\u00e9raliser l\u2019organisation du r\u00e9seau des Chambres de M\u00e9tiers et de l\u2019Artisanat (CMA) en \u00e9tablissements publics r\u00e9gionaux selon le mod\u00e8le des Chambres de M\u00e9tiers et de l\u2019Artisanat de R\u00e9gion (CMAR). Les pr\u00e9sidents de CMA \u00ab\u00a0Fiers d\u2019\u00eatre artisans\u00a0\u00bb sont stup\u00e9faits de cette d\u00e9cision qui supprime de fait l\u2019\u00e9chelon d\u00e9partemental et donc le lien de proximit\u00e9 avec les artisans. Selon eux, avec la mise en place d\u2019une telle organisation, les d\u00e9l\u00e9gations d\u00e9partementales n\u2019auront aucune capacit\u00e9 d\u2019action, de d\u00e9cision et encore moins de r\u00f4le op\u00e9rationnel. Elles n\u2019auront plus les moyens de r\u00e9pondre \u00e0 leur mission de proximit\u00e9\u00a0et seront \u00e9loign\u00e9es voire \u00e9cart\u00e9es des instances d\u00e9cisionnaires r\u00e9gionales. Ils refusent de cautionner la g\u00e9n\u00e9ralisation des CMAR, pouss\u00e9e par l\u2019Assembl\u00e9e permanente des Chambres de M\u00e9tiers et de l\u2019Artisanat (APCMA) et l\u2019U2P, sans l\u2019aval des \u00e9lus des CMA concern\u00e9es. Ils demandent le maintien de CMA de proximit\u00e9, autonomes, et qui restent un outil au service des artisans et pour les artisans.<\/p>\n<p>Source : CPME et FFB<\/p>\n<p>&nbsp;<\/p>\n","protected":false},"excerpt":{"rendered":"<p>Lors des d\u00e9bats sur le projet de loi PACTE, les d\u00e9put\u00e9s ont adopt\u00e9 un amendement visant \u00e0 g\u00e9n\u00e9raliser l\u2019organisation du r\u00e9seau des Chambres de M\u00e9tiers et de l\u2019Artisanat (CMA) en \u00e9tablissements publics r\u00e9gionaux selon le mod\u00e8le des Chambres de M\u00e9tiers et de l\u2019Artisanat de R\u00e9gion (CMAR). Les pr\u00e9sidents de CMA \u00ab\u00a0Fiers d\u2019\u00eatre artisans\u00a0\u00bb sont stup\u00e9faits [&hellip;]<\/p>\n","protected":false},"author":17,"featured_media":98506,"comment_status":"closed","ping_status":"closed","sticky":false,"template":"","format":"standard","meta":{"_et_pb_use_builder":"","_et_pb_old_content":"","_et_gb_content_width":"","footnotes":""},"categories":[10530,6345],"tags":[4241,7317],"class_list":["post-100682","post","type-post","status-publish","format-standard","has-post-thumbnail","hentry","category-actualites","category-economie-marches","tag-pme","tag-tpe"],"yoast_head":"<!-- This site is optimized with the Yoast SEO plugin v27.4 - https:\/\/yoast.com\/product\/yoast-seo-wordpress\/ -->\n<title>Projet de loi PACTE\u00a0: les artisans contre la r\u00e9gionalisation des Chambres de M\u00e9tiers et de l\u2019Artisanat<\/title>\n<meta name=\"description\" content=\"Les d\u00e9put\u00e9s ont adopt\u00e9 un amendement visant \u00e0 g\u00e9n\u00e9raliser l\u2019organisation du r\u00e9seau des Chambres de M\u00e9tiers et de l\u2019Artisanat (CMA) en \u00e9tablissements publics r\u00e9gionaux\" \/>\n<meta name=\"robots\" content=\"index, follow, max-snippet:-1, max-image-preview:large, max-video-preview:-1\" \/>\n<link rel=\"canonical\" href=\"https:\/\/batijournal.com\/index.php\/projet-de-loi-pacte-les-artisans-contre-la-regionalisation-des-chambres-de-metiers-et-de-lartisanat\/100682\/\" \/>\n<meta property=\"og:locale\" content=\"fr_FR\" \/>\n<meta property=\"og:type\" content=\"article\" \/>\n<meta property=\"og:title\" content=\"Projet de loi PACTE\u00a0: les artisans contre la r\u00e9gionalisation des Chambres de M\u00e9tiers et de l\u2019Artisanat\" \/>\n<meta property=\"og:description\" content=\"Les d\u00e9put\u00e9s ont adopt\u00e9 un amendement visant \u00e0 g\u00e9n\u00e9raliser l\u2019organisation du r\u00e9seau des Chambres de M\u00e9tiers et de l\u2019Artisanat (CMA) en \u00e9tablissements publics r\u00e9gionaux\" \/>\n<meta property=\"og:url\" content=\"https:\/\/batijournal.com\/index.php\/projet-de-loi-pacte-les-artisans-contre-la-regionalisation-des-chambres-de-metiers-et-de-lartisanat\/100682\/\" \/>\n<meta property=\"og:site_name\" content=\"Batijournal\" \/>\n<meta property=\"article:published_time\" content=\"2018-10-29T06:50:33+00:00\" \/>\n<meta property=\"article:modified_time\" content=\"2019-07-15T10:12:58+00:00\" \/>\n<meta property=\"og:image\" content=\"https:\/\/batijournal.com\/wp-content\/uploads\/2018\/02\/chantier-centre-ville.jpg\" \/>\n\t<meta property=\"og:image:width\" content=\"1200\" \/>\n\t<meta property=\"og:image:height\" content=\"876\" \/>\n\t<meta property=\"og:image:type\" content=\"image\/jpeg\" \/>\n<meta name=\"author\" content=\"St\u00e9phane Miget\" \/>\n<meta name=\"twitter:card\" content=\"summary_large_image\" \/>\n<meta name=\"twitter:creator\" content=\"@bati_journal\" \/>\n<meta name=\"twitter:site\" content=\"@bati_journal\" \/>\n<meta name=\"twitter:label1\" content=\"\u00c9crit par\" \/>\n\t<meta name=\"twitter:data1\" content=\"St\u00e9phane Miget\" \/>\n\t<meta name=\"twitter:label2\" content=\"Dur\u00e9e de lecture estim\u00e9e\" \/>\n\t<meta name=\"twitter:data2\" content=\"1 minute\" \/>\n<script type=\"application\/ld+json\" class=\"yoast-schema-graph\">{\"@context\":\"https:\\\/\\\/schema.org\",\"@graph\":[{\"@type\":\"Article\",\"@id\":\"https:\\\/\\\/batijournal.com\\\/index.php\\\/projet-de-loi-pacte-les-artisans-contre-la-regionalisation-des-chambres-de-metiers-et-de-lartisanat\\\/100682\\\/#article\",\"isPartOf\":{\"@id\":\"https:\\\/\\\/batijournal.com\\\/index.php\\\/projet-de-loi-pacte-les-artisans-contre-la-regionalisation-des-chambres-de-metiers-et-de-lartisanat\\\/100682\\\/\"},\"author\":{\"name\":\"St\u00e9phane Miget\",\"@id\":\"https:\\\/\\\/batijournal.com\\\/#\\\/schema\\\/person\\\/1dc96ec6957aa1ccb25ebe78bb19f100\"},\"headline\":\"Projet de loi PACTE\u00a0: les artisans contre la r\u00e9gionalisation des Chambres de M\u00e9tiers et de l\u2019Artisanat\",\"datePublished\":\"2018-10-29T06:50:33+00:00\",\"dateModified\":\"2019-07-15T10:12:58+00:00\",\"mainEntityOfPage\":{\"@id\":\"https:\\\/\\\/batijournal.com\\\/index.php\\\/projet-de-loi-pacte-les-artisans-contre-la-regionalisation-des-chambres-de-metiers-et-de-lartisanat\\\/100682\\\/\"},\"wordCount\":238,\"image\":{\"@id\":\"https:\\\/\\\/batijournal.com\\\/index.php\\\/projet-de-loi-pacte-les-artisans-contre-la-regionalisation-des-chambres-de-metiers-et-de-lartisanat\\\/100682\\\/#primaryimage\"},\"thumbnailUrl\":\"https:\\\/\\\/batijournal.com\\\/wp-content\\\/uploads\\\/2018\\\/02\\\/chantier-centre-ville.jpg\",\"keywords\":[\"PME\",\"tpe\"],\"articleSection\":[\"Actualit\u00e9s\",\"\u00c9conomie &amp; March\u00e9s\"],\"inLanguage\":\"fr-FR\"},{\"@type\":\"WebPage\",\"@id\":\"https:\\\/\\\/batijournal.com\\\/index.php\\\/projet-de-loi-pacte-les-artisans-contre-la-regionalisation-des-chambres-de-metiers-et-de-lartisanat\\\/100682\\\/\",\"url\":\"https:\\\/\\\/batijournal.com\\\/index.php\\\/projet-de-loi-pacte-les-artisans-contre-la-regionalisation-des-chambres-de-metiers-et-de-lartisanat\\\/100682\\\/\",\"name\":\"Projet de loi PACTE\u00a0: les artisans contre la r\u00e9gionalisation des Chambres de M\u00e9tiers et de l\u2019Artisanat\",\"isPartOf\":{\"@id\":\"https:\\\/\\\/batijournal.com\\\/#website\"},\"primaryImageOfPage\":{\"@id\":\"https:\\\/\\\/batijournal.com\\\/index.php\\\/projet-de-loi-pacte-les-artisans-contre-la-regionalisation-des-chambres-de-metiers-et-de-lartisanat\\\/100682\\\/#primaryimage\"},\"image\":{\"@id\":\"https:\\\/\\\/batijournal.com\\\/index.php\\\/projet-de-loi-pacte-les-artisans-contre-la-regionalisation-des-chambres-de-metiers-et-de-lartisanat\\\/100682\\\/#primaryimage\"},\"thumbnailUrl\":\"https:\\\/\\\/batijournal.com\\\/wp-content\\\/uploads\\\/2018\\\/02\\\/chantier-centre-ville.jpg\",\"datePublished\":\"2018-10-29T06:50:33+00:00\",\"dateModified\":\"2019-07-15T10:12:58+00:00\",\"author\":{\"@id\":\"https:\\\/\\\/batijournal.com\\\/#\\\/schema\\\/person\\\/1dc96ec6957aa1ccb25ebe78bb19f100\"},\"description\":\"Les d\u00e9put\u00e9s ont adopt\u00e9 un amendement visant \u00e0 g\u00e9n\u00e9raliser l\u2019organisation du r\u00e9seau des Chambres de M\u00e9tiers et de l\u2019Artisanat (CMA) en \u00e9tablissements publics r\u00e9gionaux\",\"breadcrumb\":{\"@id\":\"https:\\\/\\\/batijournal.com\\\/index.php\\\/projet-de-loi-pacte-les-artisans-contre-la-regionalisation-des-chambres-de-metiers-et-de-lartisanat\\\/100682\\\/#breadcrumb\"},\"inLanguage\":\"fr-FR\",\"potentialAction\":[{\"@type\":\"ReadAction\",\"target\":[\"https:\\\/\\\/batijournal.com\\\/index.php\\\/projet-de-loi-pacte-les-artisans-contre-la-regionalisation-des-chambres-de-metiers-et-de-lartisanat\\\/100682\\\/\"]}]},{\"@type\":\"ImageObject\",\"inLanguage\":\"fr-FR\",\"@id\":\"https:\\\/\\\/batijournal.com\\\/index.php\\\/projet-de-loi-pacte-les-artisans-contre-la-regionalisation-des-chambres-de-metiers-et-de-lartisanat\\\/100682\\\/#primaryimage\",\"url\":\"https:\\\/\\\/batijournal.com\\\/wp-content\\\/uploads\\\/2018\\\/02\\\/chantier-centre-ville.jpg\",\"contentUrl\":\"https:\\\/\\\/batijournal.com\\\/wp-content\\\/uploads\\\/2018\\\/02\\\/chantier-centre-ville.jpg\",\"width\":1200,\"height\":876},{\"@type\":\"BreadcrumbList\",\"@id\":\"https:\\\/\\\/batijournal.com\\\/index.php\\\/projet-de-loi-pacte-les-artisans-contre-la-regionalisation-des-chambres-de-metiers-et-de-lartisanat\\\/100682\\\/#breadcrumb\",\"itemListElement\":[{\"@type\":\"ListItem\",\"position\":1,\"name\":\"Accueil\",\"item\":\"https:\\\/\\\/batijournal.com\\\/\"},{\"@type\":\"ListItem\",\"position\":2,\"name\":\"Actualit\u00e9s\",\"item\":\"https:\\\/\\\/batijournal.com\\\/index.php\\\/category\\\/actualites\\\/\"},{\"@type\":\"ListItem\",\"position\":3,\"name\":\"Projet de loi PACTE\u00a0: les artisans contre la r\u00e9gionalisation des Chambres de M\u00e9tiers et de l\u2019Artisanat\"}]},{\"@type\":\"WebSite\",\"@id\":\"https:\\\/\\\/batijournal.com\\\/#website\",\"url\":\"https:\\\/\\\/batijournal.com\\\/\",\"name\":\"Batijournal\",\"description\":\"L&#039;actualit\u00e9 du b\u00e2timent\",\"potentialAction\":[{\"@type\":\"SearchAction\",\"target\":{\"@type\":\"EntryPoint\",\"urlTemplate\":\"https:\\\/\\\/batijournal.com\\\/?s={search_term_string}\"},\"query-input\":{\"@type\":\"PropertyValueSpecification\",\"valueRequired\":true,\"valueName\":\"search_term_string\"}}],\"inLanguage\":\"fr-FR\"},{\"@type\":\"Person\",\"@id\":\"https:\\\/\\\/batijournal.com\\\/#\\\/schema\\\/person\\\/1dc96ec6957aa1ccb25ebe78bb19f100\",\"name\":\"St\u00e9phane Miget\",\"image\":{\"@type\":\"ImageObject\",\"inLanguage\":\"fr-FR\",\"@id\":\"https:\\\/\\\/secure.gravatar.com\\\/avatar\\\/89915563d925342126b8ef0281b93d9d7fc337043e8df017f780908eb9644451?s=96&d=mm&r=g\",\"url\":\"https:\\\/\\\/secure.gravatar.com\\\/avatar\\\/89915563d925342126b8ef0281b93d9d7fc337043e8df017f780908eb9644451?s=96&d=mm&r=g\",\"contentUrl\":\"https:\\\/\\\/secure.gravatar.com\\\/avatar\\\/89915563d925342126b8ef0281b93d9d7fc337043e8df017f780908eb9644451?s=96&d=mm&r=g\",\"caption\":\"St\u00e9phane Miget\"},\"url\":\"https:\\\/\\\/batijournal.com\\\/index.php\\\/author\\\/stephane\\\/\"}]}<\/script>\n<!-- \/ Yoast SEO plugin. -->","yoast_head_json":{"title":"Projet de loi PACTE\u00a0: les artisans contre la r\u00e9gionalisation des Chambres de M\u00e9tiers et de l\u2019Artisanat","description":"Les d\u00e9put\u00e9s ont adopt\u00e9 un amendement visant \u00e0 g\u00e9n\u00e9raliser l\u2019organisation du r\u00e9seau des Chambres de M\u00e9tiers et de l\u2019Artisanat (CMA) en \u00e9tablissements publics r\u00e9gionaux","robots":{"index":"index","follow":"follow","max-snippet":"max-snippet:-1","max-image-preview":"max-image-preview:large","max-video-preview":"max-video-preview:-1"},"canonical":"https:\/\/batijournal.com\/index.php\/projet-de-loi-pacte-les-artisans-contre-la-regionalisation-des-chambres-de-metiers-et-de-lartisanat\/100682\/","og_locale":"fr_FR","og_type":"article","og_title":"Projet de loi PACTE\u00a0: les artisans contre la r\u00e9gionalisation des Chambres de M\u00e9tiers et de l\u2019Artisanat","og_description":"Les d\u00e9put\u00e9s ont adopt\u00e9 un amendement visant \u00e0 g\u00e9n\u00e9raliser l\u2019organisation du r\u00e9seau des Chambres de M\u00e9tiers et de l\u2019Artisanat (CMA) en \u00e9tablissements publics r\u00e9gionaux","og_url":"https:\/\/batijournal.com\/index.php\/projet-de-loi-pacte-les-artisans-contre-la-regionalisation-des-chambres-de-metiers-et-de-lartisanat\/100682\/","og_site_name":"Batijournal","article_published_time":"2018-10-29T06:50:33+00:00","article_modified_time":"2019-07-15T10:12:58+00:00","og_image":[{"width":1200,"height":876,"url":"https:\/\/batijournal.com\/wp-content\/uploads\/2018\/02\/chantier-centre-ville.jpg","type":"image\/jpeg"}],"author":"St\u00e9phane Miget","twitter_card":"summary_large_image","twitter_creator":"@bati_journal","twitter_site":"@bati_journal","twitter_misc":{"\u00c9crit par":"St\u00e9phane Miget","Dur\u00e9e de lecture estim\u00e9e":"1 minute"},"schema":{"@context":"https:\/\/schema.org","@graph":[{"@type":"Article","@id":"https:\/\/batijournal.com\/index.php\/projet-de-loi-pacte-les-artisans-contre-la-regionalisation-des-chambres-de-metiers-et-de-lartisanat\/100682\/#article","isPartOf":{"@id":"https:\/\/batijournal.com\/index.php\/projet-de-loi-pacte-les-artisans-contre-la-regionalisation-des-chambres-de-metiers-et-de-lartisanat\/100682\/"},"author":{"name":"St\u00e9phane Miget","@id":"https:\/\/batijournal.com\/#\/schema\/person\/1dc96ec6957aa1ccb25ebe78bb19f100"},"headline":"Projet de loi PACTE\u00a0: les artisans contre la r\u00e9gionalisation des Chambres de M\u00e9tiers et de l\u2019Artisanat","datePublished":"2018-10-29T06:50:33+00:00","dateModified":"2019-07-15T10:12:58+00:00","mainEntityOfPage":{"@id":"https:\/\/batijournal.com\/index.php\/projet-de-loi-pacte-les-artisans-contre-la-regionalisation-des-chambres-de-metiers-et-de-lartisanat\/100682\/"},"wordCount":238,"image":{"@id":"https:\/\/batijournal.com\/index.php\/projet-de-loi-pacte-les-artisans-contre-la-regionalisation-des-chambres-de-metiers-et-de-lartisanat\/100682\/#primaryimage"},"thumbnailUrl":"https:\/\/batijournal.com\/wp-content\/uploads\/2018\/02\/chantier-centre-ville.jpg","keywords":["PME","tpe"],"articleSection":["Actualit\u00e9s","\u00c9conomie &amp; March\u00e9s"],"inLanguage":"fr-FR"},{"@type":"WebPage","@id":"https:\/\/batijournal.com\/index.php\/projet-de-loi-pacte-les-artisans-contre-la-regionalisation-des-chambres-de-metiers-et-de-lartisanat\/100682\/","url":"https:\/\/batijournal.com\/index.php\/projet-de-loi-pacte-les-artisans-contre-la-regionalisation-des-chambres-de-metiers-et-de-lartisanat\/100682\/","name":"Projet de loi PACTE\u00a0: les artisans contre la r\u00e9gionalisation des Chambres de M\u00e9tiers et de l\u2019Artisanat","isPartOf":{"@id":"https:\/\/batijournal.com\/#website"},"primaryImageOfPage":{"@id":"https:\/\/batijournal.com\/index.php\/projet-de-loi-pacte-les-artisans-contre-la-regionalisation-des-chambres-de-metiers-et-de-lartisanat\/100682\/#primaryimage"},"image":{"@id":"https:\/\/batijournal.com\/index.php\/projet-de-loi-pacte-les-artisans-contre-la-regionalisation-des-chambres-de-metiers-et-de-lartisanat\/100682\/#primaryimage"},"thumbnailUrl":"https:\/\/batijournal.com\/wp-content\/uploads\/2018\/02\/chantier-centre-ville.jpg","datePublished":"2018-10-29T06:50:33+00:00","dateModified":"2019-07-15T10:12:58+00:00","author":{"@id":"https:\/\/batijournal.com\/#\/schema\/person\/1dc96ec6957aa1ccb25ebe78bb19f100"},"description":"Les d\u00e9put\u00e9s ont adopt\u00e9 un amendement visant \u00e0 g\u00e9n\u00e9raliser l\u2019organisation du r\u00e9seau des Chambres de M\u00e9tiers et de l\u2019Artisanat (CMA) en \u00e9tablissements publics r\u00e9gionaux","breadcrumb":{"@id":"https:\/\/batijournal.com\/index.php\/projet-de-loi-pacte-les-artisans-contre-la-regionalisation-des-chambres-de-metiers-et-de-lartisanat\/100682\/#breadcrumb"},"inLanguage":"fr-FR","potentialAction":[{"@type":"ReadAction","target":["https:\/\/batijournal.com\/index.php\/projet-de-loi-pacte-les-artisans-contre-la-regionalisation-des-chambres-de-metiers-et-de-lartisanat\/100682\/"]}]},{"@type":"ImageObject","inLanguage":"fr-FR","@id":"https:\/\/batijournal.com\/index.php\/projet-de-loi-pacte-les-artisans-contre-la-regionalisation-des-chambres-de-metiers-et-de-lartisanat\/100682\/#primaryimage","url":"https:\/\/batijournal.com\/wp-content\/uploads\/2018\/02\/chantier-centre-ville.jpg","contentUrl":"https:\/\/batijournal.com\/wp-content\/uploads\/2018\/02\/chantier-centre-ville.jpg","width":1200,"height":876},{"@type":"BreadcrumbList","@id":"https:\/\/batijournal.com\/index.php\/projet-de-loi-pacte-les-artisans-contre-la-regionalisation-des-chambres-de-metiers-et-de-lartisanat\/100682\/#breadcrumb","itemListElement":[{"@type":"ListItem","position":1,"name":"Accueil","item":"https:\/\/batijournal.com\/"},{"@type":"ListItem","position":2,"name":"Actualit\u00e9s","item":"https:\/\/batijournal.com\/index.php\/category\/actualites\/"},{"@type":"ListItem","position":3,"name":"Projet de loi PACTE\u00a0: les artisans contre la r\u00e9gionalisation des Chambres de M\u00e9tiers et de l\u2019Artisanat"}]},{"@type":"WebSite","@id":"https:\/\/batijournal.com\/#website","url":"https:\/\/batijournal.com\/","name":"Batijournal","description":"L&#039;actualit\u00e9 du b\u00e2timent","potentialAction":[{"@type":"SearchAction","target":{"@type":"EntryPoint","urlTemplate":"https:\/\/batijournal.com\/?s={search_term_string}"},"query-input":{"@type":"PropertyValueSpecification","valueRequired":true,"valueName":"search_term_string"}}],"inLanguage":"fr-FR"},{"@type":"Person","@id":"https:\/\/batijournal.com\/#\/schema\/person\/1dc96ec6957aa1ccb25ebe78bb19f100","name":"St\u00e9phane Miget","image":{"@type":"ImageObject","inLanguage":"fr-FR","@id":"https:\/\/secure.gravatar.com\/avatar\/89915563d925342126b8ef0281b93d9d7fc337043e8df017f780908eb9644451?s=96&d=mm&r=g","url":"https:\/\/secure.gravatar.com\/avatar\/89915563d925342126b8ef0281b93d9d7fc337043e8df017f780908eb9644451?s=96&d=mm&r=g","contentUrl":"https:\/\/secure.gravatar.com\/avatar\/89915563d925342126b8ef0281b93d9d7fc337043e8df017f780908eb9644451?s=96&d=mm&r=g","caption":"St\u00e9phane Miget"},"url":"https:\/\/batijournal.com\/index.php\/author\/stephane\/"}]}},"_links":{"self":[{"href":"https:\/\/batijournal.com\/index.php\/wp-json\/wp\/v2\/posts\/100682","targetHints":{"allow":["GET"]}}],"collection":[{"href":"https:\/\/batijournal.com\/index.php\/wp-json\/wp\/v2\/posts"}],"about":[{"href":"https:\/\/batijournal.com\/index.php\/wp-json\/wp\/v2\/types\/post"}],"author":[{"embeddable":true,"href":"https:\/\/batijournal.com\/index.php\/wp-json\/wp\/v2\/users\/17"}],"replies":[{"embeddable":true,"href":"https:\/\/batijournal.com\/index.php\/wp-json\/wp\/v2\/comments?post=100682"}],"version-history":[{"count":0,"href":"https:\/\/batijournal.com\/index.php\/wp-json\/wp\/v2\/posts\/100682\/revisions"}],"wp:featuredmedia":[{"embeddable":true,"href":"https:\/\/batijournal.com\/index.php\/wp-json\/wp\/v2\/media\/98506"}],"wp:attachment":[{"href":"https:\/\/batijournal.com\/index.php\/wp-json\/wp\/v2\/media?parent=100682"}],"wp:term":[{"taxonomy":"category","embeddable":true,"href":"https:\/\/batijournal.com\/index.php\/wp-json\/wp\/v2\/categories?post=100682"},{"taxonomy":"post_tag","embeddable":true,"href":"https:\/\/batijournal.com\/index.php\/wp-json\/wp\/v2\/tags?post=100682"}],"curies":[{"name":"wp","href":"https:\/\/api.w.org\/{rel}","templated":true}]}}