{"id":100683,"date":"2018-10-29T11:22:28","date_gmt":"2018-10-29T10:22:28","guid":{"rendered":"https:\/\/batijournal.com\/?p=100683"},"modified":"2019-07-15T11:14:50","modified_gmt":"2019-07-15T09:14:50","slug":"jerome-buvat-salon-du-patrimoine","status":"publish","type":"post","link":"https:\/\/batijournal.com\/index.php\/jerome-buvat-salon-du-patrimoine\/100683\/","title":{"rendered":"Rencontre avec J\u00e9r\u00f4me Buvat, Responsable du Salon International du Patrimoine Culturel"},"content":{"rendered":"<p><iframe loading=\"lazy\" src=\"https:\/\/www.youtube.com\/embed\/x8069JJDkWo\" width=\"560\" height=\"315\" frameborder=\"0\" allowfullscreen=\"allowfullscreen\"><\/iframe><\/p>\n<p><strong>Intervenant<\/strong> :\u00a0J\u00e9r\u00f4me Buvat &#8211; Responsable du Salon International du Patrimoine Culturel<\/p>\n<p><strong>J\u00e9r\u00f4me Buvat :<\/strong><em> \u00ab\u00a0Cette ann\u00e9e, on a un renforcement du patrimoine b\u00e2ti et institutionnel. On arrive \u00e0 avoir une diversit\u00e9 au niveau des exposants : du voyage culturel, le monde du paysage&#8230; Une offre beaucoup plus 360. ll y a ce ph\u00e9nom\u00e8ne de patrimoine 2.0 qui fait que la soci\u00e9t\u00e9 civile et les propri\u00e9taires priv\u00e9s n&rsquo;attendent peut-\u00eatre plus que ce soit l&rsquo;\u00e9tat qui entretienne leur patrimoine. C&rsquo;est \u00e0 la soci\u00e9t\u00e9 civile de prendre en main cette probl\u00e9matique. Nous devons \u00eatre ces passeurs de m\u00e9moire, transmettre un h\u00e9ritage aux g\u00e9n\u00e9rations futures. L&rsquo;entretien du patrimoine n&rsquo;est pas simplement le pass\u00e9, c&rsquo;est se projeter vers le futur.\u00a0\u00bb<\/em><\/p>\n","protected":false},"excerpt":{"rendered":"<p>Intervenant :\u00a0J\u00e9r\u00f4me Buvat &#8211; Responsable du Salon International du Patrimoine Culturel J\u00e9r\u00f4me Buvat : \u00ab\u00a0Cette ann\u00e9e, on a un renforcement du patrimoine b\u00e2ti et institutionnel. On arrive \u00e0 avoir une diversit\u00e9 au niveau des exposants : du voyage culturel, le monde du paysage&#8230; Une offre beaucoup plus 360. ll y a ce ph\u00e9nom\u00e8ne de patrimoine [&hellip;]<\/p>\n","protected":false},"author":1,"featured_media":100684,"comment_status":"closed","ping_status":"closed","sticky":false,"template":"","format":"standard","meta":{"_et_pb_use_builder":"","_et_pb_old_content":"","_et_gb_content_width":"","footnotes":""},"categories":[10530,6340,10789,10785],"tags":[11201,12212,6258],"class_list":["post-100683","post","type-post","status-publish","format-standard","has-post-thumbnail","hentry","category-actualites","category-architecture-conception","category-publications-atrium","category-atrium","tag-bati-journal-tv","tag-interview","tag-salon-international-du-patrimoine-culturel"],"yoast_head":"<!-- This site is optimized with the Yoast SEO plugin v27.4 - https:\/\/yoast.com\/product\/yoast-seo-wordpress\/ -->\n<title>J\u00e9r\u00f4me Buvat, responsable du Salon International du Patrimoine Culturel<\/title>\n<meta name=\"description\" content=\"Rencontre avec J\u00e9r\u00f4me Buvat, Responsable du Salon International du Patrimoine Culturel qui nous parle de l&#039;\u00e9v\u00e9nement qui a lieu du 25 au 28 octobre 2018\" \/>\n<meta name=\"robots\" content=\"index, follow, max-snippet:-1, max-image-preview:large, max-video-preview:-1\" \/>\n<link rel=\"canonical\" href=\"https:\/\/batijournal.com\/index.php\/jerome-buvat-salon-du-patrimoine\/100683\/\" \/>\n<meta property=\"og:locale\" content=\"fr_FR\" \/>\n<meta property=\"og:type\" content=\"article\" \/>\n<meta property=\"og:title\" content=\"J\u00e9r\u00f4me Buvat, responsable du Salon International du Patrimoine Culturel\" \/>\n<meta property=\"og:description\" content=\"Rencontre avec J\u00e9r\u00f4me Buvat, Responsable du Salon International du Patrimoine Culturel qui nous parle de l&#039;\u00e9v\u00e9nement qui a lieu du 25 au 28 octobre 2018\" \/>\n<meta property=\"og:url\" content=\"https:\/\/batijournal.com\/index.php\/jerome-buvat-salon-du-patrimoine\/100683\/\" \/>\n<meta property=\"og:site_name\" content=\"Batijournal\" \/>\n<meta property=\"article:published_time\" content=\"2018-10-29T10:22:28+00:00\" \/>\n<meta property=\"article:modified_time\" content=\"2019-07-15T09:14:50+00:00\" \/>\n<meta property=\"og:image\" content=\"https:\/\/batijournal.com\/wp-content\/uploads\/2018\/10\/rencontre-avec-jerome-buvat-resp.jpg\" \/>\n\t<meta property=\"og:image:width\" content=\"1280\" \/>\n\t<meta property=\"og:image:height\" content=\"720\" \/>\n\t<meta property=\"og:image:type\" content=\"image\/jpeg\" \/>\n<meta name=\"author\" content=\"Bati-journal\" \/>\n<meta name=\"twitter:card\" content=\"summary_large_image\" \/>\n<meta name=\"twitter:creator\" content=\"@bati_journal\" \/>\n<meta name=\"twitter:site\" content=\"@bati_journal\" \/>\n<meta name=\"twitter:label1\" content=\"\u00c9crit par\" \/>\n\t<meta name=\"twitter:data1\" content=\"Bati-journal\" \/>\n\t<meta name=\"twitter:label2\" content=\"Dur\u00e9e de lecture estim\u00e9e\" \/>\n\t<meta name=\"twitter:data2\" content=\"1 minute\" \/>\n<script type=\"application\/ld+json\" class=\"yoast-schema-graph\">{\"@context\":\"https:\\\/\\\/schema.org\",\"@graph\":[{\"@type\":\"Article\",\"@id\":\"https:\\\/\\\/batijournal.com\\\/index.php\\\/jerome-buvat-salon-du-patrimoine\\\/100683\\\/#article\",\"isPartOf\":{\"@id\":\"https:\\\/\\\/batijournal.com\\\/index.php\\\/jerome-buvat-salon-du-patrimoine\\\/100683\\\/\"},\"author\":{\"name\":\"Bati-journal\",\"@id\":\"https:\\\/\\\/batijournal.com\\\/#\\\/schema\\\/person\\\/6a657e8967569e1b299972574848aa76\"},\"headline\":\"Rencontre avec J\u00e9r\u00f4me Buvat, Responsable du Salon International du Patrimoine Culturel\",\"datePublished\":\"2018-10-29T10:22:28+00:00\",\"dateModified\":\"2019-07-15T09:14:50+00:00\",\"mainEntityOfPage\":{\"@id\":\"https:\\\/\\\/batijournal.com\\\/index.php\\\/jerome-buvat-salon-du-patrimoine\\\/100683\\\/\"},\"wordCount\":146,\"image\":{\"@id\":\"https:\\\/\\\/batijournal.com\\\/index.php\\\/jerome-buvat-salon-du-patrimoine\\\/100683\\\/#primaryimage\"},\"thumbnailUrl\":\"https:\\\/\\\/batijournal.com\\\/wp-content\\\/uploads\\\/2018\\\/10\\\/rencontre-avec-jerome-buvat-resp.jpg\",\"keywords\":[\"Bati-journal TV\",\"interview\",\"Salon international du patrimoine culturel\"],\"articleSection\":[\"Actualit\u00e9s\",\"Architecture &amp; Conception\",\"zz_Actualit\u00e9s - Atrium\",\"zz_Atrium Patrimoine\"],\"inLanguage\":\"fr-FR\"},{\"@type\":\"WebPage\",\"@id\":\"https:\\\/\\\/batijournal.com\\\/index.php\\\/jerome-buvat-salon-du-patrimoine\\\/100683\\\/\",\"url\":\"https:\\\/\\\/batijournal.com\\\/index.php\\\/jerome-buvat-salon-du-patrimoine\\\/100683\\\/\",\"name\":\"J\u00e9r\u00f4me Buvat, responsable du Salon International du Patrimoine Culturel\",\"isPartOf\":{\"@id\":\"https:\\\/\\\/batijournal.com\\\/#website\"},\"primaryImageOfPage\":{\"@id\":\"https:\\\/\\\/batijournal.com\\\/index.php\\\/jerome-buvat-salon-du-patrimoine\\\/100683\\\/#primaryimage\"},\"image\":{\"@id\":\"https:\\\/\\\/batijournal.com\\\/index.php\\\/jerome-buvat-salon-du-patrimoine\\\/100683\\\/#primaryimage\"},\"thumbnailUrl\":\"https:\\\/\\\/batijournal.com\\\/wp-content\\\/uploads\\\/2018\\\/10\\\/rencontre-avec-jerome-buvat-resp.jpg\",\"datePublished\":\"2018-10-29T10:22:28+00:00\",\"dateModified\":\"2019-07-15T09:14:50+00:00\",\"author\":{\"@id\":\"https:\\\/\\\/batijournal.com\\\/#\\\/schema\\\/person\\\/6a657e8967569e1b299972574848aa76\"},\"description\":\"Rencontre avec J\u00e9r\u00f4me Buvat, Responsable du Salon International du Patrimoine Culturel qui nous parle de l'\u00e9v\u00e9nement qui a lieu du 25 au 28 octobre 2018\",\"breadcrumb\":{\"@id\":\"https:\\\/\\\/batijournal.com\\\/index.php\\\/jerome-buvat-salon-du-patrimoine\\\/100683\\\/#breadcrumb\"},\"inLanguage\":\"fr-FR\",\"potentialAction\":[{\"@type\":\"ReadAction\",\"target\":[\"https:\\\/\\\/batijournal.com\\\/index.php\\\/jerome-buvat-salon-du-patrimoine\\\/100683\\\/\"]}]},{\"@type\":\"ImageObject\",\"inLanguage\":\"fr-FR\",\"@id\":\"https:\\\/\\\/batijournal.com\\\/index.php\\\/jerome-buvat-salon-du-patrimoine\\\/100683\\\/#primaryimage\",\"url\":\"https:\\\/\\\/batijournal.com\\\/wp-content\\\/uploads\\\/2018\\\/10\\\/rencontre-avec-jerome-buvat-resp.jpg\",\"contentUrl\":\"https:\\\/\\\/batijournal.com\\\/wp-content\\\/uploads\\\/2018\\\/10\\\/rencontre-avec-jerome-buvat-resp.jpg\",\"width\":1280,\"height\":720,\"caption\":\"jerome-buvat-responsable-salon-international-du-patrimoine-culturel\"},{\"@type\":\"BreadcrumbList\",\"@id\":\"https:\\\/\\\/batijournal.com\\\/index.php\\\/jerome-buvat-salon-du-patrimoine\\\/100683\\\/#breadcrumb\",\"itemListElement\":[{\"@type\":\"ListItem\",\"position\":1,\"name\":\"Accueil\",\"item\":\"https:\\\/\\\/batijournal.com\\\/\"},{\"@type\":\"ListItem\",\"position\":2,\"name\":\"Actualit\u00e9s\",\"item\":\"https:\\\/\\\/batijournal.com\\\/index.php\\\/category\\\/actualites\\\/\"},{\"@type\":\"ListItem\",\"position\":3,\"name\":\"Rencontre avec J\u00e9r\u00f4me Buvat, Responsable du Salon International du Patrimoine Culturel\"}]},{\"@type\":\"WebSite\",\"@id\":\"https:\\\/\\\/batijournal.com\\\/#website\",\"url\":\"https:\\\/\\\/batijournal.com\\\/\",\"name\":\"Batijournal\",\"description\":\"L&#039;actualit\u00e9 du b\u00e2timent\",\"potentialAction\":[{\"@type\":\"SearchAction\",\"target\":{\"@type\":\"EntryPoint\",\"urlTemplate\":\"https:\\\/\\\/batijournal.com\\\/?s={search_term_string}\"},\"query-input\":{\"@type\":\"PropertyValueSpecification\",\"valueRequired\":true,\"valueName\":\"search_term_string\"}}],\"inLanguage\":\"fr-FR\"},{\"@type\":\"Person\",\"@id\":\"https:\\\/\\\/batijournal.com\\\/#\\\/schema\\\/person\\\/6a657e8967569e1b299972574848aa76\",\"name\":\"Bati-journal\",\"image\":{\"@type\":\"ImageObject\",\"inLanguage\":\"fr-FR\",\"@id\":\"https:\\\/\\\/secure.gravatar.com\\\/avatar\\\/a64364ea26392f9b4dd47e017ddaec74ff03aefc073b49e492e847201258f777?s=96&d=mm&r=g\",\"url\":\"https:\\\/\\\/secure.gravatar.com\\\/avatar\\\/a64364ea26392f9b4dd47e017ddaec74ff03aefc073b49e492e847201258f777?s=96&d=mm&r=g\",\"contentUrl\":\"https:\\\/\\\/secure.gravatar.com\\\/avatar\\\/a64364ea26392f9b4dd47e017ddaec74ff03aefc073b49e492e847201258f777?s=96&d=mm&r=g\",\"caption\":\"Bati-journal\"},\"url\":\"https:\\\/\\\/batijournal.com\\\/index.php\\\/author\\\/elodie\\\/\"}]}<\/script>\n<!-- \/ Yoast SEO plugin. -->","yoast_head_json":{"title":"J\u00e9r\u00f4me Buvat, responsable du Salon International du Patrimoine Culturel","description":"Rencontre avec J\u00e9r\u00f4me Buvat, Responsable du Salon International du Patrimoine Culturel qui nous parle de l'\u00e9v\u00e9nement qui a lieu du 25 au 28 octobre 2018","robots":{"index":"index","follow":"follow","max-snippet":"max-snippet:-1","max-image-preview":"max-image-preview:large","max-video-preview":"max-video-preview:-1"},"canonical":"https:\/\/batijournal.com\/index.php\/jerome-buvat-salon-du-patrimoine\/100683\/","og_locale":"fr_FR","og_type":"article","og_title":"J\u00e9r\u00f4me Buvat, responsable du Salon International du Patrimoine Culturel","og_description":"Rencontre avec J\u00e9r\u00f4me Buvat, Responsable du Salon International du Patrimoine Culturel qui nous parle de l'\u00e9v\u00e9nement qui a lieu du 25 au 28 octobre 2018","og_url":"https:\/\/batijournal.com\/index.php\/jerome-buvat-salon-du-patrimoine\/100683\/","og_site_name":"Batijournal","article_published_time":"2018-10-29T10:22:28+00:00","article_modified_time":"2019-07-15T09:14:50+00:00","og_image":[{"width":1280,"height":720,"url":"https:\/\/batijournal.com\/wp-content\/uploads\/2018\/10\/rencontre-avec-jerome-buvat-resp.jpg","type":"image\/jpeg"}],"author":"Bati-journal","twitter_card":"summary_large_image","twitter_creator":"@bati_journal","twitter_site":"@bati_journal","twitter_misc":{"\u00c9crit par":"Bati-journal","Dur\u00e9e de lecture estim\u00e9e":"1 minute"},"schema":{"@context":"https:\/\/schema.org","@graph":[{"@type":"Article","@id":"https:\/\/batijournal.com\/index.php\/jerome-buvat-salon-du-patrimoine\/100683\/#article","isPartOf":{"@id":"https:\/\/batijournal.com\/index.php\/jerome-buvat-salon-du-patrimoine\/100683\/"},"author":{"name":"Bati-journal","@id":"https:\/\/batijournal.com\/#\/schema\/person\/6a657e8967569e1b299972574848aa76"},"headline":"Rencontre avec J\u00e9r\u00f4me Buvat, Responsable du Salon International du Patrimoine Culturel","datePublished":"2018-10-29T10:22:28+00:00","dateModified":"2019-07-15T09:14:50+00:00","mainEntityOfPage":{"@id":"https:\/\/batijournal.com\/index.php\/jerome-buvat-salon-du-patrimoine\/100683\/"},"wordCount":146,"image":{"@id":"https:\/\/batijournal.com\/index.php\/jerome-buvat-salon-du-patrimoine\/100683\/#primaryimage"},"thumbnailUrl":"https:\/\/batijournal.com\/wp-content\/uploads\/2018\/10\/rencontre-avec-jerome-buvat-resp.jpg","keywords":["Bati-journal TV","interview","Salon international du patrimoine culturel"],"articleSection":["Actualit\u00e9s","Architecture &amp; Conception","zz_Actualit\u00e9s - Atrium","zz_Atrium Patrimoine"],"inLanguage":"fr-FR"},{"@type":"WebPage","@id":"https:\/\/batijournal.com\/index.php\/jerome-buvat-salon-du-patrimoine\/100683\/","url":"https:\/\/batijournal.com\/index.php\/jerome-buvat-salon-du-patrimoine\/100683\/","name":"J\u00e9r\u00f4me Buvat, responsable du Salon International du Patrimoine Culturel","isPartOf":{"@id":"https:\/\/batijournal.com\/#website"},"primaryImageOfPage":{"@id":"https:\/\/batijournal.com\/index.php\/jerome-buvat-salon-du-patrimoine\/100683\/#primaryimage"},"image":{"@id":"https:\/\/batijournal.com\/index.php\/jerome-buvat-salon-du-patrimoine\/100683\/#primaryimage"},"thumbnailUrl":"https:\/\/batijournal.com\/wp-content\/uploads\/2018\/10\/rencontre-avec-jerome-buvat-resp.jpg","datePublished":"2018-10-29T10:22:28+00:00","dateModified":"2019-07-15T09:14:50+00:00","author":{"@id":"https:\/\/batijournal.com\/#\/schema\/person\/6a657e8967569e1b299972574848aa76"},"description":"Rencontre avec J\u00e9r\u00f4me Buvat, Responsable du Salon International du Patrimoine Culturel qui nous parle de l'\u00e9v\u00e9nement qui a lieu du 25 au 28 octobre 2018","breadcrumb":{"@id":"https:\/\/batijournal.com\/index.php\/jerome-buvat-salon-du-patrimoine\/100683\/#breadcrumb"},"inLanguage":"fr-FR","potentialAction":[{"@type":"ReadAction","target":["https:\/\/batijournal.com\/index.php\/jerome-buvat-salon-du-patrimoine\/100683\/"]}]},{"@type":"ImageObject","inLanguage":"fr-FR","@id":"https:\/\/batijournal.com\/index.php\/jerome-buvat-salon-du-patrimoine\/100683\/#primaryimage","url":"https:\/\/batijournal.com\/wp-content\/uploads\/2018\/10\/rencontre-avec-jerome-buvat-resp.jpg","contentUrl":"https:\/\/batijournal.com\/wp-content\/uploads\/2018\/10\/rencontre-avec-jerome-buvat-resp.jpg","width":1280,"height":720,"caption":"jerome-buvat-responsable-salon-international-du-patrimoine-culturel"},{"@type":"BreadcrumbList","@id":"https:\/\/batijournal.com\/index.php\/jerome-buvat-salon-du-patrimoine\/100683\/#breadcrumb","itemListElement":[{"@type":"ListItem","position":1,"name":"Accueil","item":"https:\/\/batijournal.com\/"},{"@type":"ListItem","position":2,"name":"Actualit\u00e9s","item":"https:\/\/batijournal.com\/index.php\/category\/actualites\/"},{"@type":"ListItem","position":3,"name":"Rencontre avec J\u00e9r\u00f4me Buvat, Responsable du Salon International du Patrimoine Culturel"}]},{"@type":"WebSite","@id":"https:\/\/batijournal.com\/#website","url":"https:\/\/batijournal.com\/","name":"Batijournal","description":"L&#039;actualit\u00e9 du b\u00e2timent","potentialAction":[{"@type":"SearchAction","target":{"@type":"EntryPoint","urlTemplate":"https:\/\/batijournal.com\/?s={search_term_string}"},"query-input":{"@type":"PropertyValueSpecification","valueRequired":true,"valueName":"search_term_string"}}],"inLanguage":"fr-FR"},{"@type":"Person","@id":"https:\/\/batijournal.com\/#\/schema\/person\/6a657e8967569e1b299972574848aa76","name":"Bati-journal","image":{"@type":"ImageObject","inLanguage":"fr-FR","@id":"https:\/\/secure.gravatar.com\/avatar\/a64364ea26392f9b4dd47e017ddaec74ff03aefc073b49e492e847201258f777?s=96&d=mm&r=g","url":"https:\/\/secure.gravatar.com\/avatar\/a64364ea26392f9b4dd47e017ddaec74ff03aefc073b49e492e847201258f777?s=96&d=mm&r=g","contentUrl":"https:\/\/secure.gravatar.com\/avatar\/a64364ea26392f9b4dd47e017ddaec74ff03aefc073b49e492e847201258f777?s=96&d=mm&r=g","caption":"Bati-journal"},"url":"https:\/\/batijournal.com\/index.php\/author\/elodie\/"}]}},"_links":{"self":[{"href":"https:\/\/batijournal.com\/index.php\/wp-json\/wp\/v2\/posts\/100683","targetHints":{"allow":["GET"]}}],"collection":[{"href":"https:\/\/batijournal.com\/index.php\/wp-json\/wp\/v2\/posts"}],"about":[{"href":"https:\/\/batijournal.com\/index.php\/wp-json\/wp\/v2\/types\/post"}],"author":[{"embeddable":true,"href":"https:\/\/batijournal.com\/index.php\/wp-json\/wp\/v2\/users\/1"}],"replies":[{"embeddable":true,"href":"https:\/\/batijournal.com\/index.php\/wp-json\/wp\/v2\/comments?post=100683"}],"version-history":[{"count":0,"href":"https:\/\/batijournal.com\/index.php\/wp-json\/wp\/v2\/posts\/100683\/revisions"}],"wp:featuredmedia":[{"embeddable":true,"href":"https:\/\/batijournal.com\/index.php\/wp-json\/wp\/v2\/media\/100684"}],"wp:attachment":[{"href":"https:\/\/batijournal.com\/index.php\/wp-json\/wp\/v2\/media?parent=100683"}],"wp:term":[{"taxonomy":"category","embeddable":true,"href":"https:\/\/batijournal.com\/index.php\/wp-json\/wp\/v2\/categories?post=100683"},{"taxonomy":"post_tag","embeddable":true,"href":"https:\/\/batijournal.com\/index.php\/wp-json\/wp\/v2\/tags?post=100683"}],"curies":[{"name":"wp","href":"https:\/\/api.w.org\/{rel}","templated":true}]}}