{"id":100732,"date":"2018-11-02T07:52:44","date_gmt":"2018-11-02T06:52:44","guid":{"rendered":"https:\/\/batijournal.com\/?p=100732"},"modified":"2018-11-02T07:52:44","modified_gmt":"2018-11-02T06:52:44","slug":"le-bois-dans-la-ville-a-lyon","status":"publish","type":"post","link":"https:\/\/batijournal.com\/index.php\/le-bois-dans-la-ville-a-lyon\/100732\/","title":{"rendered":"\u00ab Le bois dans la vi[ll]e \u00bb \u00e0 Lyon"},"content":{"rendered":"<p><strong>Le CAUE Rh\u00f4ne M\u00e9tropole, Fibois Auvergne-Rh\u00f4ne-Alpes et Fibois 69 proposent l\u2019\u00e9v\u00e9nement \u00ab Le Bois dans la vi(ll)e \u00bb du 6 novembre au 22 d\u00e9cembre 2018 \u00e0 Lyon.<\/strong><br \/>\nCet \u00e9v\u00e9nement commence par une conf\u00e9rence en ouverture de l\u2019exposition consacr\u00e9e \u00e0 la construction bois. Elle donne la parole \u00e0 des experts\/acteurs de la construction bois qui, par leurs t\u00e9moignages, viennent interroger les changements de paradigmes, les \u00e9volutions de r\u00e9glementations et les perspectives offertes par les mat\u00e9riaux biosourc\u00e9s \u00e0 travers leurs qualit\u00e9s structurelles et environnementales.<br \/>\nLe Prix r\u00e9gional de la construction bois Auvergne-Rh\u00f4ne-Alpes expose les r\u00e9alisations prim\u00e9es de 2016 \u00e0 2018. Ce panorama de 24 projets montre toute l\u2019\u00e9tendue de savoir-faire et de m\u00e9thodes constructives innovantes, l\u2019utilisation d\u2019une ressource locale qui d\u00e9montre toutes ses qualit\u00e9s structurelles et environnementales et qui r\u00e9v\u00e8le le dynamisme d\u2019une fili\u00e8re \u00e9conomique au c\u0153ur de notre r\u00e9gion.<br \/>\nL\u2019\u00e9v\u00e9nement se poursuit avec un voyage d\u2019\u00e9tudes, un \u00ab 5 \u00e0 7 de l\u2019\u00e9co-construction \u00bb et une \u00abVisite sur les lieux\u00bb. Ce programme s\u2019adresse \u00e0 tous, initi\u00e9s ou non pour une d\u00e9couverte \u00e9clair\u00e9e et illustr\u00e9e et une compr\u00e9hension par tous de l\u2019architecture et de la ville. L\u2019architecture int\u00e9resse l\u2019ensemble des citoyens. Elle est l\u2019affaire de tous.<\/p>\n<p>http:\/\/www.caue69.fr\/modules\/news\/article.php?storyid=611<\/p>\n","protected":false},"excerpt":{"rendered":"<p>Le CAUE Rh\u00f4ne M\u00e9tropole, Fibois Auvergne-Rh\u00f4ne-Alpes et Fibois 69 proposent l\u2019\u00e9v\u00e9nement \u00ab Le Bois dans la vi(ll)e \u00bb du 6 novembre au 22 d\u00e9cembre 2018 \u00e0 Lyon. Cet \u00e9v\u00e9nement commence par une conf\u00e9rence en ouverture de l\u2019exposition consacr\u00e9e \u00e0 la construction bois. Elle donne la parole \u00e0 des experts\/acteurs de la construction bois qui, par [&hellip;]<\/p>\n","protected":false},"author":17,"featured_media":100734,"comment_status":"closed","ping_status":"closed","sticky":false,"template":"","format":"standard","meta":{"_et_pb_use_builder":"","_et_pb_old_content":"","_et_gb_content_width":"","footnotes":""},"categories":[10530,6340,10764],"tags":[1017],"class_list":["post-100732","post","type-post","status-publish","format-standard","has-post-thumbnail","hentry","category-actualites","category-architecture-conception","category-woodsurfer","tag-filiere-bois"],"yoast_head":"<!-- This site is optimized with the Yoast SEO plugin v27.4 - https:\/\/yoast.com\/product\/yoast-seo-wordpress\/ -->\n<title>\u00ab Le bois dans la vi[ll]e \u00bb \u00e0 Lyon<\/title>\n<meta name=\"description\" content=\"Le CAUE Rh\u00f4ne M\u00e9tropole, Fibois Auvergne-Rh\u00f4ne-Alpes et Fibois 69 proposent l\u2019\u00e9v\u00e9nement \u00ab Le Bois dans la vi(ll)e \u00bb \u00e0 Lyon\" \/>\n<meta name=\"robots\" content=\"index, follow, max-snippet:-1, max-image-preview:large, max-video-preview:-1\" \/>\n<link rel=\"canonical\" href=\"https:\/\/batijournal.com\/index.php\/le-bois-dans-la-ville-a-lyon\/100732\/\" \/>\n<meta property=\"og:locale\" content=\"fr_FR\" \/>\n<meta property=\"og:type\" content=\"article\" \/>\n<meta property=\"og:title\" content=\"\u00ab Le bois dans la vi[ll]e \u00bb \u00e0 Lyon\" \/>\n<meta property=\"og:description\" content=\"Le CAUE Rh\u00f4ne M\u00e9tropole, Fibois Auvergne-Rh\u00f4ne-Alpes et Fibois 69 proposent l\u2019\u00e9v\u00e9nement \u00ab Le Bois dans la vi(ll)e \u00bb \u00e0 Lyon\" \/>\n<meta property=\"og:url\" content=\"https:\/\/batijournal.com\/index.php\/le-bois-dans-la-ville-a-lyon\/100732\/\" \/>\n<meta property=\"og:site_name\" content=\"Batijournal\" \/>\n<meta property=\"article:published_time\" content=\"2018-11-02T06:52:44+00:00\" \/>\n<meta property=\"og:image\" content=\"https:\/\/batijournal.com\/wp-content\/uploads\/2018\/11\/caue-rhone-metropole.png\" \/>\n\t<meta property=\"og:image:width\" content=\"615\" \/>\n\t<meta property=\"og:image:height\" content=\"327\" \/>\n\t<meta property=\"og:image:type\" content=\"image\/png\" \/>\n<meta name=\"author\" content=\"St\u00e9phane Miget\" \/>\n<meta name=\"twitter:card\" content=\"summary_large_image\" \/>\n<meta name=\"twitter:creator\" content=\"@bati_journal\" \/>\n<meta name=\"twitter:site\" content=\"@bati_journal\" \/>\n<meta name=\"twitter:label1\" content=\"\u00c9crit par\" \/>\n\t<meta name=\"twitter:data1\" content=\"St\u00e9phane Miget\" \/>\n\t<meta name=\"twitter:label2\" content=\"Dur\u00e9e de lecture estim\u00e9e\" \/>\n\t<meta name=\"twitter:data2\" content=\"1 minute\" \/>\n<script type=\"application\/ld+json\" class=\"yoast-schema-graph\">{\"@context\":\"https:\\\/\\\/schema.org\",\"@graph\":[{\"@type\":\"Article\",\"@id\":\"https:\\\/\\\/batijournal.com\\\/index.php\\\/le-bois-dans-la-ville-a-lyon\\\/100732\\\/#article\",\"isPartOf\":{\"@id\":\"https:\\\/\\\/batijournal.com\\\/index.php\\\/le-bois-dans-la-ville-a-lyon\\\/100732\\\/\"},\"author\":{\"name\":\"St\u00e9phane Miget\",\"@id\":\"https:\\\/\\\/batijournal.com\\\/#\\\/schema\\\/person\\\/1dc96ec6957aa1ccb25ebe78bb19f100\"},\"headline\":\"\u00ab Le bois dans la vi[ll]e \u00bb \u00e0 Lyon\",\"datePublished\":\"2018-11-02T06:52:44+00:00\",\"mainEntityOfPage\":{\"@id\":\"https:\\\/\\\/batijournal.com\\\/index.php\\\/le-bois-dans-la-ville-a-lyon\\\/100732\\\/\"},\"wordCount\":240,\"image\":{\"@id\":\"https:\\\/\\\/batijournal.com\\\/index.php\\\/le-bois-dans-la-ville-a-lyon\\\/100732\\\/#primaryimage\"},\"thumbnailUrl\":\"https:\\\/\\\/batijournal.com\\\/wp-content\\\/uploads\\\/2018\\\/11\\\/caue-rhone-metropole.png\",\"keywords\":[\"fili\u00e8re bois\"],\"articleSection\":[\"Actualit\u00e9s\",\"Architecture &amp; Conception\",\"zz_Woodsurfer\"],\"inLanguage\":\"fr-FR\"},{\"@type\":\"WebPage\",\"@id\":\"https:\\\/\\\/batijournal.com\\\/index.php\\\/le-bois-dans-la-ville-a-lyon\\\/100732\\\/\",\"url\":\"https:\\\/\\\/batijournal.com\\\/index.php\\\/le-bois-dans-la-ville-a-lyon\\\/100732\\\/\",\"name\":\"\u00ab Le bois dans la vi[ll]e \u00bb \u00e0 Lyon\",\"isPartOf\":{\"@id\":\"https:\\\/\\\/batijournal.com\\\/#website\"},\"primaryImageOfPage\":{\"@id\":\"https:\\\/\\\/batijournal.com\\\/index.php\\\/le-bois-dans-la-ville-a-lyon\\\/100732\\\/#primaryimage\"},\"image\":{\"@id\":\"https:\\\/\\\/batijournal.com\\\/index.php\\\/le-bois-dans-la-ville-a-lyon\\\/100732\\\/#primaryimage\"},\"thumbnailUrl\":\"https:\\\/\\\/batijournal.com\\\/wp-content\\\/uploads\\\/2018\\\/11\\\/caue-rhone-metropole.png\",\"datePublished\":\"2018-11-02T06:52:44+00:00\",\"author\":{\"@id\":\"https:\\\/\\\/batijournal.com\\\/#\\\/schema\\\/person\\\/1dc96ec6957aa1ccb25ebe78bb19f100\"},\"description\":\"Le CAUE Rh\u00f4ne M\u00e9tropole, Fibois Auvergne-Rh\u00f4ne-Alpes et Fibois 69 proposent l\u2019\u00e9v\u00e9nement \u00ab Le Bois dans la vi(ll)e \u00bb \u00e0 Lyon\",\"breadcrumb\":{\"@id\":\"https:\\\/\\\/batijournal.com\\\/index.php\\\/le-bois-dans-la-ville-a-lyon\\\/100732\\\/#breadcrumb\"},\"inLanguage\":\"fr-FR\",\"potentialAction\":[{\"@type\":\"ReadAction\",\"target\":[\"https:\\\/\\\/batijournal.com\\\/index.php\\\/le-bois-dans-la-ville-a-lyon\\\/100732\\\/\"]}]},{\"@type\":\"ImageObject\",\"inLanguage\":\"fr-FR\",\"@id\":\"https:\\\/\\\/batijournal.com\\\/index.php\\\/le-bois-dans-la-ville-a-lyon\\\/100732\\\/#primaryimage\",\"url\":\"https:\\\/\\\/batijournal.com\\\/wp-content\\\/uploads\\\/2018\\\/11\\\/caue-rhone-metropole.png\",\"contentUrl\":\"https:\\\/\\\/batijournal.com\\\/wp-content\\\/uploads\\\/2018\\\/11\\\/caue-rhone-metropole.png\",\"width\":615,\"height\":327},{\"@type\":\"BreadcrumbList\",\"@id\":\"https:\\\/\\\/batijournal.com\\\/index.php\\\/le-bois-dans-la-ville-a-lyon\\\/100732\\\/#breadcrumb\",\"itemListElement\":[{\"@type\":\"ListItem\",\"position\":1,\"name\":\"Accueil\",\"item\":\"https:\\\/\\\/batijournal.com\\\/\"},{\"@type\":\"ListItem\",\"position\":2,\"name\":\"Actualit\u00e9s\",\"item\":\"https:\\\/\\\/batijournal.com\\\/index.php\\\/category\\\/actualites\\\/\"},{\"@type\":\"ListItem\",\"position\":3,\"name\":\"\u00ab Le bois dans la vi[ll]e \u00bb \u00e0 Lyon\"}]},{\"@type\":\"WebSite\",\"@id\":\"https:\\\/\\\/batijournal.com\\\/#website\",\"url\":\"https:\\\/\\\/batijournal.com\\\/\",\"name\":\"Batijournal\",\"description\":\"L&#039;actualit\u00e9 du b\u00e2timent\",\"potentialAction\":[{\"@type\":\"SearchAction\",\"target\":{\"@type\":\"EntryPoint\",\"urlTemplate\":\"https:\\\/\\\/batijournal.com\\\/?s={search_term_string}\"},\"query-input\":{\"@type\":\"PropertyValueSpecification\",\"valueRequired\":true,\"valueName\":\"search_term_string\"}}],\"inLanguage\":\"fr-FR\"},{\"@type\":\"Person\",\"@id\":\"https:\\\/\\\/batijournal.com\\\/#\\\/schema\\\/person\\\/1dc96ec6957aa1ccb25ebe78bb19f100\",\"name\":\"St\u00e9phane Miget\",\"image\":{\"@type\":\"ImageObject\",\"inLanguage\":\"fr-FR\",\"@id\":\"https:\\\/\\\/secure.gravatar.com\\\/avatar\\\/89915563d925342126b8ef0281b93d9d7fc337043e8df017f780908eb9644451?s=96&d=mm&r=g\",\"url\":\"https:\\\/\\\/secure.gravatar.com\\\/avatar\\\/89915563d925342126b8ef0281b93d9d7fc337043e8df017f780908eb9644451?s=96&d=mm&r=g\",\"contentUrl\":\"https:\\\/\\\/secure.gravatar.com\\\/avatar\\\/89915563d925342126b8ef0281b93d9d7fc337043e8df017f780908eb9644451?s=96&d=mm&r=g\",\"caption\":\"St\u00e9phane Miget\"},\"url\":\"https:\\\/\\\/batijournal.com\\\/index.php\\\/author\\\/stephane\\\/\"}]}<\/script>\n<!-- \/ Yoast SEO plugin. -->","yoast_head_json":{"title":"\u00ab Le bois dans la vi[ll]e \u00bb \u00e0 Lyon","description":"Le CAUE Rh\u00f4ne M\u00e9tropole, Fibois Auvergne-Rh\u00f4ne-Alpes et Fibois 69 proposent l\u2019\u00e9v\u00e9nement \u00ab Le Bois dans la vi(ll)e \u00bb \u00e0 Lyon","robots":{"index":"index","follow":"follow","max-snippet":"max-snippet:-1","max-image-preview":"max-image-preview:large","max-video-preview":"max-video-preview:-1"},"canonical":"https:\/\/batijournal.com\/index.php\/le-bois-dans-la-ville-a-lyon\/100732\/","og_locale":"fr_FR","og_type":"article","og_title":"\u00ab Le bois dans la vi[ll]e \u00bb \u00e0 Lyon","og_description":"Le CAUE Rh\u00f4ne M\u00e9tropole, Fibois Auvergne-Rh\u00f4ne-Alpes et Fibois 69 proposent l\u2019\u00e9v\u00e9nement \u00ab Le Bois dans la vi(ll)e \u00bb \u00e0 Lyon","og_url":"https:\/\/batijournal.com\/index.php\/le-bois-dans-la-ville-a-lyon\/100732\/","og_site_name":"Batijournal","article_published_time":"2018-11-02T06:52:44+00:00","og_image":[{"width":615,"height":327,"url":"https:\/\/batijournal.com\/wp-content\/uploads\/2018\/11\/caue-rhone-metropole.png","type":"image\/png"}],"author":"St\u00e9phane Miget","twitter_card":"summary_large_image","twitter_creator":"@bati_journal","twitter_site":"@bati_journal","twitter_misc":{"\u00c9crit par":"St\u00e9phane Miget","Dur\u00e9e de lecture estim\u00e9e":"1 minute"},"schema":{"@context":"https:\/\/schema.org","@graph":[{"@type":"Article","@id":"https:\/\/batijournal.com\/index.php\/le-bois-dans-la-ville-a-lyon\/100732\/#article","isPartOf":{"@id":"https:\/\/batijournal.com\/index.php\/le-bois-dans-la-ville-a-lyon\/100732\/"},"author":{"name":"St\u00e9phane Miget","@id":"https:\/\/batijournal.com\/#\/schema\/person\/1dc96ec6957aa1ccb25ebe78bb19f100"},"headline":"\u00ab Le bois dans la vi[ll]e \u00bb \u00e0 Lyon","datePublished":"2018-11-02T06:52:44+00:00","mainEntityOfPage":{"@id":"https:\/\/batijournal.com\/index.php\/le-bois-dans-la-ville-a-lyon\/100732\/"},"wordCount":240,"image":{"@id":"https:\/\/batijournal.com\/index.php\/le-bois-dans-la-ville-a-lyon\/100732\/#primaryimage"},"thumbnailUrl":"https:\/\/batijournal.com\/wp-content\/uploads\/2018\/11\/caue-rhone-metropole.png","keywords":["fili\u00e8re bois"],"articleSection":["Actualit\u00e9s","Architecture &amp; Conception","zz_Woodsurfer"],"inLanguage":"fr-FR"},{"@type":"WebPage","@id":"https:\/\/batijournal.com\/index.php\/le-bois-dans-la-ville-a-lyon\/100732\/","url":"https:\/\/batijournal.com\/index.php\/le-bois-dans-la-ville-a-lyon\/100732\/","name":"\u00ab Le bois dans la vi[ll]e \u00bb \u00e0 Lyon","isPartOf":{"@id":"https:\/\/batijournal.com\/#website"},"primaryImageOfPage":{"@id":"https:\/\/batijournal.com\/index.php\/le-bois-dans-la-ville-a-lyon\/100732\/#primaryimage"},"image":{"@id":"https:\/\/batijournal.com\/index.php\/le-bois-dans-la-ville-a-lyon\/100732\/#primaryimage"},"thumbnailUrl":"https:\/\/batijournal.com\/wp-content\/uploads\/2018\/11\/caue-rhone-metropole.png","datePublished":"2018-11-02T06:52:44+00:00","author":{"@id":"https:\/\/batijournal.com\/#\/schema\/person\/1dc96ec6957aa1ccb25ebe78bb19f100"},"description":"Le CAUE Rh\u00f4ne M\u00e9tropole, Fibois Auvergne-Rh\u00f4ne-Alpes et Fibois 69 proposent l\u2019\u00e9v\u00e9nement \u00ab Le Bois dans la vi(ll)e \u00bb \u00e0 Lyon","breadcrumb":{"@id":"https:\/\/batijournal.com\/index.php\/le-bois-dans-la-ville-a-lyon\/100732\/#breadcrumb"},"inLanguage":"fr-FR","potentialAction":[{"@type":"ReadAction","target":["https:\/\/batijournal.com\/index.php\/le-bois-dans-la-ville-a-lyon\/100732\/"]}]},{"@type":"ImageObject","inLanguage":"fr-FR","@id":"https:\/\/batijournal.com\/index.php\/le-bois-dans-la-ville-a-lyon\/100732\/#primaryimage","url":"https:\/\/batijournal.com\/wp-content\/uploads\/2018\/11\/caue-rhone-metropole.png","contentUrl":"https:\/\/batijournal.com\/wp-content\/uploads\/2018\/11\/caue-rhone-metropole.png","width":615,"height":327},{"@type":"BreadcrumbList","@id":"https:\/\/batijournal.com\/index.php\/le-bois-dans-la-ville-a-lyon\/100732\/#breadcrumb","itemListElement":[{"@type":"ListItem","position":1,"name":"Accueil","item":"https:\/\/batijournal.com\/"},{"@type":"ListItem","position":2,"name":"Actualit\u00e9s","item":"https:\/\/batijournal.com\/index.php\/category\/actualites\/"},{"@type":"ListItem","position":3,"name":"\u00ab Le bois dans la vi[ll]e \u00bb \u00e0 Lyon"}]},{"@type":"WebSite","@id":"https:\/\/batijournal.com\/#website","url":"https:\/\/batijournal.com\/","name":"Batijournal","description":"L&#039;actualit\u00e9 du b\u00e2timent","potentialAction":[{"@type":"SearchAction","target":{"@type":"EntryPoint","urlTemplate":"https:\/\/batijournal.com\/?s={search_term_string}"},"query-input":{"@type":"PropertyValueSpecification","valueRequired":true,"valueName":"search_term_string"}}],"inLanguage":"fr-FR"},{"@type":"Person","@id":"https:\/\/batijournal.com\/#\/schema\/person\/1dc96ec6957aa1ccb25ebe78bb19f100","name":"St\u00e9phane Miget","image":{"@type":"ImageObject","inLanguage":"fr-FR","@id":"https:\/\/secure.gravatar.com\/avatar\/89915563d925342126b8ef0281b93d9d7fc337043e8df017f780908eb9644451?s=96&d=mm&r=g","url":"https:\/\/secure.gravatar.com\/avatar\/89915563d925342126b8ef0281b93d9d7fc337043e8df017f780908eb9644451?s=96&d=mm&r=g","contentUrl":"https:\/\/secure.gravatar.com\/avatar\/89915563d925342126b8ef0281b93d9d7fc337043e8df017f780908eb9644451?s=96&d=mm&r=g","caption":"St\u00e9phane Miget"},"url":"https:\/\/batijournal.com\/index.php\/author\/stephane\/"}]}},"_links":{"self":[{"href":"https:\/\/batijournal.com\/index.php\/wp-json\/wp\/v2\/posts\/100732","targetHints":{"allow":["GET"]}}],"collection":[{"href":"https:\/\/batijournal.com\/index.php\/wp-json\/wp\/v2\/posts"}],"about":[{"href":"https:\/\/batijournal.com\/index.php\/wp-json\/wp\/v2\/types\/post"}],"author":[{"embeddable":true,"href":"https:\/\/batijournal.com\/index.php\/wp-json\/wp\/v2\/users\/17"}],"replies":[{"embeddable":true,"href":"https:\/\/batijournal.com\/index.php\/wp-json\/wp\/v2\/comments?post=100732"}],"version-history":[{"count":0,"href":"https:\/\/batijournal.com\/index.php\/wp-json\/wp\/v2\/posts\/100732\/revisions"}],"wp:featuredmedia":[{"embeddable":true,"href":"https:\/\/batijournal.com\/index.php\/wp-json\/wp\/v2\/media\/100734"}],"wp:attachment":[{"href":"https:\/\/batijournal.com\/index.php\/wp-json\/wp\/v2\/media?parent=100732"}],"wp:term":[{"taxonomy":"category","embeddable":true,"href":"https:\/\/batijournal.com\/index.php\/wp-json\/wp\/v2\/categories?post=100732"},{"taxonomy":"post_tag","embeddable":true,"href":"https:\/\/batijournal.com\/index.php\/wp-json\/wp\/v2\/tags?post=100732"}],"curies":[{"name":"wp","href":"https:\/\/api.w.org\/{rel}","templated":true}]}}