{"id":100741,"date":"2018-11-05T11:42:15","date_gmt":"2018-11-05T10:42:15","guid":{"rendered":"https:\/\/batijournal.com\/?p=100741"},"modified":"2019-07-15T11:14:50","modified_gmt":"2019-07-15T09:14:50","slug":"les-rubans-du-patrimoine","status":"publish","type":"post","link":"https:\/\/batijournal.com\/index.php\/les-rubans-du-patrimoine\/100741\/","title":{"rendered":"Remise des prix Les Rubans du Patrimoine lors du Salon International du Patrimoine Culturel 2018"},"content":{"rendered":"<p>D\u00e9couvrez en vid\u00e9o, la remise des\u00a0prix des Rubans du Patrimoine qui s&rsquo;est d\u00e9roul\u00e9e le 25 octobre \u00e0 l&rsquo;occasion du Salon International du Patrimoine Culturel. Les Rubans du patrimoine r\u00e9compensent des communes et intercommunalit\u00e9s qui ont r\u00e9alis\u00e9 des op\u00e9rations de r\u00e9novation ou de mise en valeur de leur patrimoine b\u00e2ti.<\/p>\n<p><iframe loading=\"lazy\" src=\"https:\/\/www.youtube.com\/embed\/fZjvXwerxgo\" width=\"560\" height=\"315\" frameborder=\"0\" allowfullscreen=\"allowfullscreen\"><\/iframe><\/p>\n<ul>\n<li><strong>Commune de moins de 3 500 habitants :<\/strong> Noailhac\u00a0(Corr\u00e8ze) &#8211; restauration de\u00a0l&rsquo;\u00e9glise Saint-Pierre \u00e8s Liens<\/li>\n<li><strong>Commune entre 3 500 et 20 000 habitants :\u00a0<\/strong>Amb\u00e9rieu-en-Bugey\u00a0(Ain) &#8211; restauration du Donjon du ch\u00e2teau des Allymes<\/li>\n<li><strong>Commune de plus de 20 000 habitants :<\/strong>\u00a0 Al\u00e8s Agglom\u00e9ration (Gard) &#8211; r\u00e9habilitation de la filature \u00ab\u00a0Maison rouge\u00a0\u00bb \u00e0 Saint-Jean-du-Gard pour l&rsquo;accueil du Mus\u00e9e des vall\u00e9es C\u00e9venoles<\/li>\n<li><strong><strong>Prix sp\u00e9cial du jury :\u00a0<\/strong><\/strong>Communaut\u00e9 de Communes du Pays de Saint-Yrieix\u00a0(Haute-Vienne)\u00a0&#8211; restauration de la grange ovalaire et protection du site de la Rivi\u00e8re \u00e0 Saint-Eloy les Tuileries<\/li>\n<li><strong><strong>Prix sp\u00e9cial \u00ab\u00a0dynamisme territorial\u00a0\u00bb :\u00a0<\/strong><\/strong>Les Ponts-de-C\u00e9 (Maine-et-Loire) &#8211; Rive d&rsquo;Arts et les 3 Lieux : r\u00e9habilitation et reconversion des anciens \u00e9tablissements Cannelle en p\u00f4le touristique doubl\u00e9 d&rsquo;un p\u00f4le de cr\u00e9ation<\/li>\n<\/ul>\n","protected":false},"excerpt":{"rendered":"<p>D\u00e9couvrez en vid\u00e9o, la remise des\u00a0prix des Rubans du Patrimoine qui s&rsquo;est d\u00e9roul\u00e9e le 25 octobre \u00e0 l&rsquo;occasion du Salon International du Patrimoine Culturel. Les Rubans du patrimoine r\u00e9compensent des communes et intercommunalit\u00e9s qui ont r\u00e9alis\u00e9 des op\u00e9rations de r\u00e9novation ou de mise en valeur de leur patrimoine b\u00e2ti. Commune de moins de 3 500 [&hellip;]<\/p>\n","protected":false},"author":1,"featured_media":100742,"comment_status":"closed","ping_status":"closed","sticky":false,"template":"","format":"standard","meta":{"_et_pb_use_builder":"","_et_pb_old_content":"","_et_gb_content_width":"","footnotes":""},"categories":[10530,6340,11200,10789,10785],"tags":[12611,11042,12612],"class_list":["post-100741","post","type-post","status-publish","format-standard","has-post-thumbnail","hentry","category-actualites","category-architecture-conception","category-batijournal-tv","category-publications-atrium","category-atrium","tag-les-rubans-du-patrimoine","tag-patrimoine","tag-salon-international-du-patrimoine-culturel-2018"],"yoast_head":"<!-- This site is optimized with the Yoast SEO plugin v27.4 - https:\/\/yoast.com\/product\/yoast-seo-wordpress\/ -->\n<title>Les Rubans du Patrimoine 2018 : vid\u00e9o de la remise des prix<\/title>\n<meta name=\"description\" content=\"Le 25 octobre, \u00e0 l&#039;occasion du Salon International du Patrimoine Culturel 2018, s&#039;est d\u00e9roul\u00e9e la remise des prix des Rubans du Patrimoine.\" \/>\n<meta name=\"robots\" content=\"index, follow, max-snippet:-1, max-image-preview:large, max-video-preview:-1\" \/>\n<link rel=\"canonical\" href=\"https:\/\/batijournal.com\/index.php\/les-rubans-du-patrimoine\/100741\/\" \/>\n<meta property=\"og:locale\" content=\"fr_FR\" \/>\n<meta property=\"og:type\" content=\"article\" \/>\n<meta property=\"og:title\" content=\"Les Rubans du Patrimoine 2018 : vid\u00e9o de la remise des prix\" \/>\n<meta property=\"og:description\" content=\"Le 25 octobre, \u00e0 l&#039;occasion du Salon International du Patrimoine Culturel 2018, s&#039;est d\u00e9roul\u00e9e la remise des prix des Rubans du Patrimoine.\" \/>\n<meta property=\"og:url\" content=\"https:\/\/batijournal.com\/index.php\/les-rubans-du-patrimoine\/100741\/\" \/>\n<meta property=\"og:site_name\" content=\"Batijournal\" \/>\n<meta property=\"article:published_time\" content=\"2018-11-05T10:42:15+00:00\" \/>\n<meta property=\"article:modified_time\" content=\"2019-07-15T09:14:50+00:00\" \/>\n<meta property=\"og:image\" content=\"https:\/\/batijournal.com\/wp-content\/uploads\/2018\/11\/Remise-des-prix-Les-Rubans-du-Patrimoine-2018.jpg\" \/>\n\t<meta property=\"og:image:width\" content=\"1280\" \/>\n\t<meta property=\"og:image:height\" content=\"720\" \/>\n\t<meta property=\"og:image:type\" content=\"image\/jpeg\" \/>\n<meta name=\"author\" content=\"Bati-journal\" \/>\n<meta name=\"twitter:card\" content=\"summary_large_image\" \/>\n<meta name=\"twitter:creator\" content=\"@bati_journal\" \/>\n<meta name=\"twitter:site\" content=\"@bati_journal\" \/>\n<meta name=\"twitter:label1\" content=\"\u00c9crit par\" \/>\n\t<meta name=\"twitter:data1\" content=\"Bati-journal\" \/>\n\t<meta name=\"twitter:label2\" content=\"Dur\u00e9e de lecture estim\u00e9e\" \/>\n\t<meta name=\"twitter:data2\" content=\"1 minute\" \/>\n<script type=\"application\/ld+json\" class=\"yoast-schema-graph\">{\"@context\":\"https:\\\/\\\/schema.org\",\"@graph\":[{\"@type\":\"Article\",\"@id\":\"https:\\\/\\\/batijournal.com\\\/index.php\\\/les-rubans-du-patrimoine\\\/100741\\\/#article\",\"isPartOf\":{\"@id\":\"https:\\\/\\\/batijournal.com\\\/index.php\\\/les-rubans-du-patrimoine\\\/100741\\\/\"},\"author\":{\"name\":\"Bati-journal\",\"@id\":\"https:\\\/\\\/batijournal.com\\\/#\\\/schema\\\/person\\\/6a657e8967569e1b299972574848aa76\"},\"headline\":\"Remise des prix Les Rubans du Patrimoine lors du Salon International du Patrimoine Culturel 2018\",\"datePublished\":\"2018-11-05T10:42:15+00:00\",\"dateModified\":\"2019-07-15T09:14:50+00:00\",\"mainEntityOfPage\":{\"@id\":\"https:\\\/\\\/batijournal.com\\\/index.php\\\/les-rubans-du-patrimoine\\\/100741\\\/\"},\"wordCount\":201,\"image\":{\"@id\":\"https:\\\/\\\/batijournal.com\\\/index.php\\\/les-rubans-du-patrimoine\\\/100741\\\/#primaryimage\"},\"thumbnailUrl\":\"https:\\\/\\\/batijournal.com\\\/wp-content\\\/uploads\\\/2018\\\/11\\\/Remise-des-prix-Les-Rubans-du-Patrimoine-2018.jpg\",\"keywords\":[\"Les Rubans du Patrimoine\",\"patrimoine\",\"Salon International du Patrimoine Culturel 2018\"],\"articleSection\":[\"Actualit\u00e9s\",\"Architecture &amp; Conception\",\"batijournal TV\",\"zz_Actualit\u00e9s - Atrium\",\"zz_Atrium Patrimoine\"],\"inLanguage\":\"fr-FR\"},{\"@type\":\"WebPage\",\"@id\":\"https:\\\/\\\/batijournal.com\\\/index.php\\\/les-rubans-du-patrimoine\\\/100741\\\/\",\"url\":\"https:\\\/\\\/batijournal.com\\\/index.php\\\/les-rubans-du-patrimoine\\\/100741\\\/\",\"name\":\"Les Rubans du Patrimoine 2018 : vid\u00e9o de la remise des prix\",\"isPartOf\":{\"@id\":\"https:\\\/\\\/batijournal.com\\\/#website\"},\"primaryImageOfPage\":{\"@id\":\"https:\\\/\\\/batijournal.com\\\/index.php\\\/les-rubans-du-patrimoine\\\/100741\\\/#primaryimage\"},\"image\":{\"@id\":\"https:\\\/\\\/batijournal.com\\\/index.php\\\/les-rubans-du-patrimoine\\\/100741\\\/#primaryimage\"},\"thumbnailUrl\":\"https:\\\/\\\/batijournal.com\\\/wp-content\\\/uploads\\\/2018\\\/11\\\/Remise-des-prix-Les-Rubans-du-Patrimoine-2018.jpg\",\"datePublished\":\"2018-11-05T10:42:15+00:00\",\"dateModified\":\"2019-07-15T09:14:50+00:00\",\"author\":{\"@id\":\"https:\\\/\\\/batijournal.com\\\/#\\\/schema\\\/person\\\/6a657e8967569e1b299972574848aa76\"},\"description\":\"Le 25 octobre, \u00e0 l'occasion du Salon International du Patrimoine Culturel 2018, s'est d\u00e9roul\u00e9e la remise des prix des Rubans du Patrimoine.\",\"breadcrumb\":{\"@id\":\"https:\\\/\\\/batijournal.com\\\/index.php\\\/les-rubans-du-patrimoine\\\/100741\\\/#breadcrumb\"},\"inLanguage\":\"fr-FR\",\"potentialAction\":[{\"@type\":\"ReadAction\",\"target\":[\"https:\\\/\\\/batijournal.com\\\/index.php\\\/les-rubans-du-patrimoine\\\/100741\\\/\"]}]},{\"@type\":\"ImageObject\",\"inLanguage\":\"fr-FR\",\"@id\":\"https:\\\/\\\/batijournal.com\\\/index.php\\\/les-rubans-du-patrimoine\\\/100741\\\/#primaryimage\",\"url\":\"https:\\\/\\\/batijournal.com\\\/wp-content\\\/uploads\\\/2018\\\/11\\\/Remise-des-prix-Les-Rubans-du-Patrimoine-2018.jpg\",\"contentUrl\":\"https:\\\/\\\/batijournal.com\\\/wp-content\\\/uploads\\\/2018\\\/11\\\/Remise-des-prix-Les-Rubans-du-Patrimoine-2018.jpg\",\"width\":1280,\"height\":720,\"caption\":\"Remise des prix - Les Rubans du Patrimoine 2018\"},{\"@type\":\"BreadcrumbList\",\"@id\":\"https:\\\/\\\/batijournal.com\\\/index.php\\\/les-rubans-du-patrimoine\\\/100741\\\/#breadcrumb\",\"itemListElement\":[{\"@type\":\"ListItem\",\"position\":1,\"name\":\"Accueil\",\"item\":\"https:\\\/\\\/batijournal.com\\\/\"},{\"@type\":\"ListItem\",\"position\":2,\"name\":\"Actualit\u00e9s\",\"item\":\"https:\\\/\\\/batijournal.com\\\/index.php\\\/category\\\/actualites\\\/\"},{\"@type\":\"ListItem\",\"position\":3,\"name\":\"Remise des prix Les Rubans du Patrimoine lors du Salon International du Patrimoine Culturel 2018\"}]},{\"@type\":\"WebSite\",\"@id\":\"https:\\\/\\\/batijournal.com\\\/#website\",\"url\":\"https:\\\/\\\/batijournal.com\\\/\",\"name\":\"Batijournal\",\"description\":\"L&#039;actualit\u00e9 du b\u00e2timent\",\"potentialAction\":[{\"@type\":\"SearchAction\",\"target\":{\"@type\":\"EntryPoint\",\"urlTemplate\":\"https:\\\/\\\/batijournal.com\\\/?s={search_term_string}\"},\"query-input\":{\"@type\":\"PropertyValueSpecification\",\"valueRequired\":true,\"valueName\":\"search_term_string\"}}],\"inLanguage\":\"fr-FR\"},{\"@type\":\"Person\",\"@id\":\"https:\\\/\\\/batijournal.com\\\/#\\\/schema\\\/person\\\/6a657e8967569e1b299972574848aa76\",\"name\":\"Bati-journal\",\"image\":{\"@type\":\"ImageObject\",\"inLanguage\":\"fr-FR\",\"@id\":\"https:\\\/\\\/secure.gravatar.com\\\/avatar\\\/a64364ea26392f9b4dd47e017ddaec74ff03aefc073b49e492e847201258f777?s=96&d=mm&r=g\",\"url\":\"https:\\\/\\\/secure.gravatar.com\\\/avatar\\\/a64364ea26392f9b4dd47e017ddaec74ff03aefc073b49e492e847201258f777?s=96&d=mm&r=g\",\"contentUrl\":\"https:\\\/\\\/secure.gravatar.com\\\/avatar\\\/a64364ea26392f9b4dd47e017ddaec74ff03aefc073b49e492e847201258f777?s=96&d=mm&r=g\",\"caption\":\"Bati-journal\"},\"url\":\"https:\\\/\\\/batijournal.com\\\/index.php\\\/author\\\/elodie\\\/\"}]}<\/script>\n<!-- \/ Yoast SEO plugin. -->","yoast_head_json":{"title":"Les Rubans du Patrimoine 2018 : vid\u00e9o de la remise des prix","description":"Le 25 octobre, \u00e0 l'occasion du Salon International du Patrimoine Culturel 2018, s'est d\u00e9roul\u00e9e la remise des prix des Rubans du Patrimoine.","robots":{"index":"index","follow":"follow","max-snippet":"max-snippet:-1","max-image-preview":"max-image-preview:large","max-video-preview":"max-video-preview:-1"},"canonical":"https:\/\/batijournal.com\/index.php\/les-rubans-du-patrimoine\/100741\/","og_locale":"fr_FR","og_type":"article","og_title":"Les Rubans du Patrimoine 2018 : vid\u00e9o de la remise des prix","og_description":"Le 25 octobre, \u00e0 l'occasion du Salon International du Patrimoine Culturel 2018, s'est d\u00e9roul\u00e9e la remise des prix des Rubans du Patrimoine.","og_url":"https:\/\/batijournal.com\/index.php\/les-rubans-du-patrimoine\/100741\/","og_site_name":"Batijournal","article_published_time":"2018-11-05T10:42:15+00:00","article_modified_time":"2019-07-15T09:14:50+00:00","og_image":[{"width":1280,"height":720,"url":"https:\/\/batijournal.com\/wp-content\/uploads\/2018\/11\/Remise-des-prix-Les-Rubans-du-Patrimoine-2018.jpg","type":"image\/jpeg"}],"author":"Bati-journal","twitter_card":"summary_large_image","twitter_creator":"@bati_journal","twitter_site":"@bati_journal","twitter_misc":{"\u00c9crit par":"Bati-journal","Dur\u00e9e de lecture estim\u00e9e":"1 minute"},"schema":{"@context":"https:\/\/schema.org","@graph":[{"@type":"Article","@id":"https:\/\/batijournal.com\/index.php\/les-rubans-du-patrimoine\/100741\/#article","isPartOf":{"@id":"https:\/\/batijournal.com\/index.php\/les-rubans-du-patrimoine\/100741\/"},"author":{"name":"Bati-journal","@id":"https:\/\/batijournal.com\/#\/schema\/person\/6a657e8967569e1b299972574848aa76"},"headline":"Remise des prix Les Rubans du Patrimoine lors du Salon International du Patrimoine Culturel 2018","datePublished":"2018-11-05T10:42:15+00:00","dateModified":"2019-07-15T09:14:50+00:00","mainEntityOfPage":{"@id":"https:\/\/batijournal.com\/index.php\/les-rubans-du-patrimoine\/100741\/"},"wordCount":201,"image":{"@id":"https:\/\/batijournal.com\/index.php\/les-rubans-du-patrimoine\/100741\/#primaryimage"},"thumbnailUrl":"https:\/\/batijournal.com\/wp-content\/uploads\/2018\/11\/Remise-des-prix-Les-Rubans-du-Patrimoine-2018.jpg","keywords":["Les Rubans du Patrimoine","patrimoine","Salon International du Patrimoine Culturel 2018"],"articleSection":["Actualit\u00e9s","Architecture &amp; Conception","batijournal TV","zz_Actualit\u00e9s - Atrium","zz_Atrium Patrimoine"],"inLanguage":"fr-FR"},{"@type":"WebPage","@id":"https:\/\/batijournal.com\/index.php\/les-rubans-du-patrimoine\/100741\/","url":"https:\/\/batijournal.com\/index.php\/les-rubans-du-patrimoine\/100741\/","name":"Les Rubans du Patrimoine 2018 : vid\u00e9o de la remise des prix","isPartOf":{"@id":"https:\/\/batijournal.com\/#website"},"primaryImageOfPage":{"@id":"https:\/\/batijournal.com\/index.php\/les-rubans-du-patrimoine\/100741\/#primaryimage"},"image":{"@id":"https:\/\/batijournal.com\/index.php\/les-rubans-du-patrimoine\/100741\/#primaryimage"},"thumbnailUrl":"https:\/\/batijournal.com\/wp-content\/uploads\/2018\/11\/Remise-des-prix-Les-Rubans-du-Patrimoine-2018.jpg","datePublished":"2018-11-05T10:42:15+00:00","dateModified":"2019-07-15T09:14:50+00:00","author":{"@id":"https:\/\/batijournal.com\/#\/schema\/person\/6a657e8967569e1b299972574848aa76"},"description":"Le 25 octobre, \u00e0 l'occasion du Salon International du Patrimoine Culturel 2018, s'est d\u00e9roul\u00e9e la remise des prix des Rubans du Patrimoine.","breadcrumb":{"@id":"https:\/\/batijournal.com\/index.php\/les-rubans-du-patrimoine\/100741\/#breadcrumb"},"inLanguage":"fr-FR","potentialAction":[{"@type":"ReadAction","target":["https:\/\/batijournal.com\/index.php\/les-rubans-du-patrimoine\/100741\/"]}]},{"@type":"ImageObject","inLanguage":"fr-FR","@id":"https:\/\/batijournal.com\/index.php\/les-rubans-du-patrimoine\/100741\/#primaryimage","url":"https:\/\/batijournal.com\/wp-content\/uploads\/2018\/11\/Remise-des-prix-Les-Rubans-du-Patrimoine-2018.jpg","contentUrl":"https:\/\/batijournal.com\/wp-content\/uploads\/2018\/11\/Remise-des-prix-Les-Rubans-du-Patrimoine-2018.jpg","width":1280,"height":720,"caption":"Remise des prix - Les Rubans du Patrimoine 2018"},{"@type":"BreadcrumbList","@id":"https:\/\/batijournal.com\/index.php\/les-rubans-du-patrimoine\/100741\/#breadcrumb","itemListElement":[{"@type":"ListItem","position":1,"name":"Accueil","item":"https:\/\/batijournal.com\/"},{"@type":"ListItem","position":2,"name":"Actualit\u00e9s","item":"https:\/\/batijournal.com\/index.php\/category\/actualites\/"},{"@type":"ListItem","position":3,"name":"Remise des prix Les Rubans du Patrimoine lors du Salon International du Patrimoine Culturel 2018"}]},{"@type":"WebSite","@id":"https:\/\/batijournal.com\/#website","url":"https:\/\/batijournal.com\/","name":"Batijournal","description":"L&#039;actualit\u00e9 du b\u00e2timent","potentialAction":[{"@type":"SearchAction","target":{"@type":"EntryPoint","urlTemplate":"https:\/\/batijournal.com\/?s={search_term_string}"},"query-input":{"@type":"PropertyValueSpecification","valueRequired":true,"valueName":"search_term_string"}}],"inLanguage":"fr-FR"},{"@type":"Person","@id":"https:\/\/batijournal.com\/#\/schema\/person\/6a657e8967569e1b299972574848aa76","name":"Bati-journal","image":{"@type":"ImageObject","inLanguage":"fr-FR","@id":"https:\/\/secure.gravatar.com\/avatar\/a64364ea26392f9b4dd47e017ddaec74ff03aefc073b49e492e847201258f777?s=96&d=mm&r=g","url":"https:\/\/secure.gravatar.com\/avatar\/a64364ea26392f9b4dd47e017ddaec74ff03aefc073b49e492e847201258f777?s=96&d=mm&r=g","contentUrl":"https:\/\/secure.gravatar.com\/avatar\/a64364ea26392f9b4dd47e017ddaec74ff03aefc073b49e492e847201258f777?s=96&d=mm&r=g","caption":"Bati-journal"},"url":"https:\/\/batijournal.com\/index.php\/author\/elodie\/"}]}},"_links":{"self":[{"href":"https:\/\/batijournal.com\/index.php\/wp-json\/wp\/v2\/posts\/100741","targetHints":{"allow":["GET"]}}],"collection":[{"href":"https:\/\/batijournal.com\/index.php\/wp-json\/wp\/v2\/posts"}],"about":[{"href":"https:\/\/batijournal.com\/index.php\/wp-json\/wp\/v2\/types\/post"}],"author":[{"embeddable":true,"href":"https:\/\/batijournal.com\/index.php\/wp-json\/wp\/v2\/users\/1"}],"replies":[{"embeddable":true,"href":"https:\/\/batijournal.com\/index.php\/wp-json\/wp\/v2\/comments?post=100741"}],"version-history":[{"count":0,"href":"https:\/\/batijournal.com\/index.php\/wp-json\/wp\/v2\/posts\/100741\/revisions"}],"wp:featuredmedia":[{"embeddable":true,"href":"https:\/\/batijournal.com\/index.php\/wp-json\/wp\/v2\/media\/100742"}],"wp:attachment":[{"href":"https:\/\/batijournal.com\/index.php\/wp-json\/wp\/v2\/media?parent=100741"}],"wp:term":[{"taxonomy":"category","embeddable":true,"href":"https:\/\/batijournal.com\/index.php\/wp-json\/wp\/v2\/categories?post=100741"},{"taxonomy":"post_tag","embeddable":true,"href":"https:\/\/batijournal.com\/index.php\/wp-json\/wp\/v2\/tags?post=100741"}],"curies":[{"name":"wp","href":"https:\/\/api.w.org\/{rel}","templated":true}]}}