{"id":100746,"date":"2018-11-06T07:55:47","date_gmt":"2018-11-06T06:55:47","guid":{"rendered":"https:\/\/batijournal.com\/?p=100746"},"modified":"2019-07-15T11:34:01","modified_gmt":"2019-07-15T09:34:01","slug":"franc-raffalli-elu-president-du-groupement-des-metiers-du-photovoltaique-de-la-ffb","status":"publish","type":"post","link":"https:\/\/batijournal.com\/index.php\/franc-raffalli-elu-president-du-groupement-des-metiers-du-photovoltaique-de-la-ffb\/100746\/","title":{"rendered":"Franc RAFFALLI \u00e9lu Pr\u00e9sident du Groupement des M\u00e9tiers du Photovolta\u00efque de la FFB"},"content":{"rendered":"<p>Franc RAFFALLI a \u00e9t\u00e9 \u00e9lu Pr\u00e9sident du Groupement des M\u00e9tiers du Photovolta\u00efque de la F\u00e9d\u00e9ration Fran\u00e7aise du B\u00e2timent (GMPV-FFB) pour un mandat de 3 ans. Il succ\u00e8de \u00e0 Jean DAMIAN. Franc RAFFALLI est \u00e9galement le pr\u00e9sident du GS21 \u00e0 la CCFAT (commission charg\u00e9e de formuler les avis techniques), membre du conseil d\u2019administration de CONSUEL en tant que repr\u00e9sentant de la FFB. Franc RAFFALLI dirige l\u2019entreprise SYS ENR (40 salari\u00e9s et 4,5 M\u20ac CA en 2018), sp\u00e9cialis\u00e9e dans les \u00e9nergies renouvelables depuis 2006.<\/p>\n<p>Le Pr\u00e9sident et son \u00e9quipe souhaitent\u00a0:<br \/>\n&#8211; consolider la compl\u00e9mentarit\u00e9 des m\u00e9tiers supports de l\u2019expertise photovolta\u00efque (couverture, \u00e9lectricit\u00e9, \u00e9tanch\u00e9it\u00e9, g\u00e9nie climatique, m\u00e9tallerie, fa\u00e7ade et verre), et &#8211; renforcer les liens entre les Unions et Syndicats porteurs de ses m\u00e9tiers et le GMPV-FFB ;<br \/>\n&#8211; poursuivre ses actions de p\u00e9rennisation de la fili\u00e8re photovolta\u00efque li\u00e9 au b\u00e2timent avec l\u2019appui des acteurs de la profession\u00a0;<br \/>\n&#8211; promouvoir l\u2019importance des entreprises artisanales du b\u00e2timent comme maillon essentiel dans la cr\u00e9ation d\u2019une fili\u00e8re solaire locale, source d\u2019emplois p\u00e9rennes et \u00e0 forte valeur ajout\u00e9e, avec l\u2019appui du r\u00e9seau de la F\u00e9d\u00e9ration Fran\u00e7aise du B\u00e2timent.<\/p>\n","protected":false},"excerpt":{"rendered":"<p>Franc RAFFALLI a \u00e9t\u00e9 \u00e9lu Pr\u00e9sident du Groupement des M\u00e9tiers du Photovolta\u00efque de la F\u00e9d\u00e9ration Fran\u00e7aise du B\u00e2timent (GMPV-FFB) pour un mandat de 3 ans. Il succ\u00e8de \u00e0 Jean DAMIAN. Franc RAFFALLI est \u00e9galement le pr\u00e9sident du GS21 \u00e0 la CCFAT (commission charg\u00e9e de formuler les avis techniques), membre du conseil d\u2019administration de CONSUEL en [&hellip;]<\/p>\n","protected":false},"author":17,"featured_media":100747,"comment_status":"closed","ping_status":"closed","sticky":false,"template":"","format":"standard","meta":{"_et_pb_use_builder":"","_et_pb_old_content":"","_et_gb_content_width":"","footnotes":""},"categories":[10530,6345,10778],"tags":[373,12613,464],"class_list":["post-100746","post","type-post","status-publish","format-standard","has-post-thumbnail","hentry","category-actualites","category-economie-marches","category-planete","tag-ffb","tag-gmpv-ffb","tag-photovoltaique"],"yoast_head":"<!-- This site is optimized with the Yoast SEO plugin v27.4 - https:\/\/yoast.com\/product\/yoast-seo-wordpress\/ -->\n<title>Franc RAFFALLI \u00e9lu Pr\u00e9sident du Groupement des M\u00e9tiers du Photovolta\u00efque de la FFB<\/title>\n<meta name=\"description\" content=\"Franc RAFFALLI a \u00e9t\u00e9 \u00e9lu Pr\u00e9sident du Groupement des M\u00e9tiers du Photovolta\u00efque de la F\u00e9d\u00e9ration Fran\u00e7aise du B\u00e2timent\" \/>\n<meta name=\"robots\" content=\"index, follow, max-snippet:-1, max-image-preview:large, max-video-preview:-1\" \/>\n<link rel=\"canonical\" href=\"https:\/\/batijournal.com\/index.php\/franc-raffalli-elu-president-du-groupement-des-metiers-du-photovoltaique-de-la-ffb\/100746\/\" \/>\n<meta property=\"og:locale\" content=\"fr_FR\" \/>\n<meta property=\"og:type\" content=\"article\" \/>\n<meta property=\"og:title\" content=\"Franc RAFFALLI \u00e9lu Pr\u00e9sident du Groupement des M\u00e9tiers du Photovolta\u00efque de la FFB\" \/>\n<meta property=\"og:description\" content=\"Franc RAFFALLI a \u00e9t\u00e9 \u00e9lu Pr\u00e9sident du Groupement des M\u00e9tiers du Photovolta\u00efque de la F\u00e9d\u00e9ration Fran\u00e7aise du B\u00e2timent\" \/>\n<meta property=\"og:url\" content=\"https:\/\/batijournal.com\/index.php\/franc-raffalli-elu-president-du-groupement-des-metiers-du-photovoltaique-de-la-ffb\/100746\/\" \/>\n<meta property=\"og:site_name\" content=\"Batijournal\" \/>\n<meta property=\"article:published_time\" content=\"2018-11-06T06:55:47+00:00\" \/>\n<meta property=\"article:modified_time\" content=\"2019-07-15T09:34:01+00:00\" \/>\n<meta property=\"og:image\" content=\"https:\/\/batijournal.com\/wp-content\/uploads\/2018\/11\/FFB-GMPV-Photovoltaique.jpg\" \/>\n\t<meta property=\"og:image:width\" content=\"453\" \/>\n\t<meta property=\"og:image:height\" content=\"212\" \/>\n\t<meta property=\"og:image:type\" content=\"image\/jpeg\" \/>\n<meta name=\"author\" content=\"St\u00e9phane Miget\" \/>\n<meta name=\"twitter:card\" content=\"summary_large_image\" \/>\n<meta name=\"twitter:creator\" content=\"@bati_journal\" \/>\n<meta name=\"twitter:site\" content=\"@bati_journal\" \/>\n<meta name=\"twitter:label1\" content=\"\u00c9crit par\" \/>\n\t<meta name=\"twitter:data1\" content=\"St\u00e9phane Miget\" \/>\n\t<meta name=\"twitter:label2\" content=\"Dur\u00e9e de lecture estim\u00e9e\" \/>\n\t<meta name=\"twitter:data2\" content=\"1 minute\" \/>\n<script type=\"application\/ld+json\" class=\"yoast-schema-graph\">{\"@context\":\"https:\\\/\\\/schema.org\",\"@graph\":[{\"@type\":\"Article\",\"@id\":\"https:\\\/\\\/batijournal.com\\\/index.php\\\/franc-raffalli-elu-president-du-groupement-des-metiers-du-photovoltaique-de-la-ffb\\\/100746\\\/#article\",\"isPartOf\":{\"@id\":\"https:\\\/\\\/batijournal.com\\\/index.php\\\/franc-raffalli-elu-president-du-groupement-des-metiers-du-photovoltaique-de-la-ffb\\\/100746\\\/\"},\"author\":{\"name\":\"St\u00e9phane Miget\",\"@id\":\"https:\\\/\\\/batijournal.com\\\/#\\\/schema\\\/person\\\/1dc96ec6957aa1ccb25ebe78bb19f100\"},\"headline\":\"Franc RAFFALLI \u00e9lu Pr\u00e9sident du Groupement des M\u00e9tiers du Photovolta\u00efque de la FFB\",\"datePublished\":\"2018-11-06T06:55:47+00:00\",\"dateModified\":\"2019-07-15T09:34:01+00:00\",\"mainEntityOfPage\":{\"@id\":\"https:\\\/\\\/batijournal.com\\\/index.php\\\/franc-raffalli-elu-president-du-groupement-des-metiers-du-photovoltaique-de-la-ffb\\\/100746\\\/\"},\"wordCount\":233,\"image\":{\"@id\":\"https:\\\/\\\/batijournal.com\\\/index.php\\\/franc-raffalli-elu-president-du-groupement-des-metiers-du-photovoltaique-de-la-ffb\\\/100746\\\/#primaryimage\"},\"thumbnailUrl\":\"https:\\\/\\\/batijournal.com\\\/wp-content\\\/uploads\\\/2018\\\/11\\\/FFB-GMPV-Photovoltaique.jpg\",\"keywords\":[\"ffb\",\"GMPV-FFB\",\"photovolta\u00efque\"],\"articleSection\":[\"Actualit\u00e9s\",\"\u00c9conomie &amp; March\u00e9s\",\"zz_Plan\u00e8te B\u00e2timent\"],\"inLanguage\":\"fr-FR\"},{\"@type\":\"WebPage\",\"@id\":\"https:\\\/\\\/batijournal.com\\\/index.php\\\/franc-raffalli-elu-president-du-groupement-des-metiers-du-photovoltaique-de-la-ffb\\\/100746\\\/\",\"url\":\"https:\\\/\\\/batijournal.com\\\/index.php\\\/franc-raffalli-elu-president-du-groupement-des-metiers-du-photovoltaique-de-la-ffb\\\/100746\\\/\",\"name\":\"Franc RAFFALLI \u00e9lu Pr\u00e9sident du Groupement des M\u00e9tiers du Photovolta\u00efque de la FFB\",\"isPartOf\":{\"@id\":\"https:\\\/\\\/batijournal.com\\\/#website\"},\"primaryImageOfPage\":{\"@id\":\"https:\\\/\\\/batijournal.com\\\/index.php\\\/franc-raffalli-elu-president-du-groupement-des-metiers-du-photovoltaique-de-la-ffb\\\/100746\\\/#primaryimage\"},\"image\":{\"@id\":\"https:\\\/\\\/batijournal.com\\\/index.php\\\/franc-raffalli-elu-president-du-groupement-des-metiers-du-photovoltaique-de-la-ffb\\\/100746\\\/#primaryimage\"},\"thumbnailUrl\":\"https:\\\/\\\/batijournal.com\\\/wp-content\\\/uploads\\\/2018\\\/11\\\/FFB-GMPV-Photovoltaique.jpg\",\"datePublished\":\"2018-11-06T06:55:47+00:00\",\"dateModified\":\"2019-07-15T09:34:01+00:00\",\"author\":{\"@id\":\"https:\\\/\\\/batijournal.com\\\/#\\\/schema\\\/person\\\/1dc96ec6957aa1ccb25ebe78bb19f100\"},\"description\":\"Franc RAFFALLI a \u00e9t\u00e9 \u00e9lu Pr\u00e9sident du Groupement des M\u00e9tiers du Photovolta\u00efque de la F\u00e9d\u00e9ration Fran\u00e7aise du B\u00e2timent\",\"breadcrumb\":{\"@id\":\"https:\\\/\\\/batijournal.com\\\/index.php\\\/franc-raffalli-elu-president-du-groupement-des-metiers-du-photovoltaique-de-la-ffb\\\/100746\\\/#breadcrumb\"},\"inLanguage\":\"fr-FR\",\"potentialAction\":[{\"@type\":\"ReadAction\",\"target\":[\"https:\\\/\\\/batijournal.com\\\/index.php\\\/franc-raffalli-elu-president-du-groupement-des-metiers-du-photovoltaique-de-la-ffb\\\/100746\\\/\"]}]},{\"@type\":\"ImageObject\",\"inLanguage\":\"fr-FR\",\"@id\":\"https:\\\/\\\/batijournal.com\\\/index.php\\\/franc-raffalli-elu-president-du-groupement-des-metiers-du-photovoltaique-de-la-ffb\\\/100746\\\/#primaryimage\",\"url\":\"https:\\\/\\\/batijournal.com\\\/wp-content\\\/uploads\\\/2018\\\/11\\\/FFB-GMPV-Photovoltaique.jpg\",\"contentUrl\":\"https:\\\/\\\/batijournal.com\\\/wp-content\\\/uploads\\\/2018\\\/11\\\/FFB-GMPV-Photovoltaique.jpg\",\"width\":453,\"height\":212},{\"@type\":\"BreadcrumbList\",\"@id\":\"https:\\\/\\\/batijournal.com\\\/index.php\\\/franc-raffalli-elu-president-du-groupement-des-metiers-du-photovoltaique-de-la-ffb\\\/100746\\\/#breadcrumb\",\"itemListElement\":[{\"@type\":\"ListItem\",\"position\":1,\"name\":\"Accueil\",\"item\":\"https:\\\/\\\/batijournal.com\\\/\"},{\"@type\":\"ListItem\",\"position\":2,\"name\":\"Actualit\u00e9s\",\"item\":\"https:\\\/\\\/batijournal.com\\\/index.php\\\/category\\\/actualites\\\/\"},{\"@type\":\"ListItem\",\"position\":3,\"name\":\"Franc RAFFALLI \u00e9lu Pr\u00e9sident du Groupement des M\u00e9tiers du Photovolta\u00efque de la FFB\"}]},{\"@type\":\"WebSite\",\"@id\":\"https:\\\/\\\/batijournal.com\\\/#website\",\"url\":\"https:\\\/\\\/batijournal.com\\\/\",\"name\":\"Batijournal\",\"description\":\"L&#039;actualit\u00e9 du b\u00e2timent\",\"potentialAction\":[{\"@type\":\"SearchAction\",\"target\":{\"@type\":\"EntryPoint\",\"urlTemplate\":\"https:\\\/\\\/batijournal.com\\\/?s={search_term_string}\"},\"query-input\":{\"@type\":\"PropertyValueSpecification\",\"valueRequired\":true,\"valueName\":\"search_term_string\"}}],\"inLanguage\":\"fr-FR\"},{\"@type\":\"Person\",\"@id\":\"https:\\\/\\\/batijournal.com\\\/#\\\/schema\\\/person\\\/1dc96ec6957aa1ccb25ebe78bb19f100\",\"name\":\"St\u00e9phane Miget\",\"image\":{\"@type\":\"ImageObject\",\"inLanguage\":\"fr-FR\",\"@id\":\"https:\\\/\\\/secure.gravatar.com\\\/avatar\\\/89915563d925342126b8ef0281b93d9d7fc337043e8df017f780908eb9644451?s=96&d=mm&r=g\",\"url\":\"https:\\\/\\\/secure.gravatar.com\\\/avatar\\\/89915563d925342126b8ef0281b93d9d7fc337043e8df017f780908eb9644451?s=96&d=mm&r=g\",\"contentUrl\":\"https:\\\/\\\/secure.gravatar.com\\\/avatar\\\/89915563d925342126b8ef0281b93d9d7fc337043e8df017f780908eb9644451?s=96&d=mm&r=g\",\"caption\":\"St\u00e9phane Miget\"},\"url\":\"https:\\\/\\\/batijournal.com\\\/index.php\\\/author\\\/stephane\\\/\"}]}<\/script>\n<!-- \/ Yoast SEO plugin. -->","yoast_head_json":{"title":"Franc RAFFALLI \u00e9lu Pr\u00e9sident du Groupement des M\u00e9tiers du Photovolta\u00efque de la FFB","description":"Franc RAFFALLI a \u00e9t\u00e9 \u00e9lu Pr\u00e9sident du Groupement des M\u00e9tiers du Photovolta\u00efque de la F\u00e9d\u00e9ration Fran\u00e7aise du B\u00e2timent","robots":{"index":"index","follow":"follow","max-snippet":"max-snippet:-1","max-image-preview":"max-image-preview:large","max-video-preview":"max-video-preview:-1"},"canonical":"https:\/\/batijournal.com\/index.php\/franc-raffalli-elu-president-du-groupement-des-metiers-du-photovoltaique-de-la-ffb\/100746\/","og_locale":"fr_FR","og_type":"article","og_title":"Franc RAFFALLI \u00e9lu Pr\u00e9sident du Groupement des M\u00e9tiers du Photovolta\u00efque de la FFB","og_description":"Franc RAFFALLI a \u00e9t\u00e9 \u00e9lu Pr\u00e9sident du Groupement des M\u00e9tiers du Photovolta\u00efque de la F\u00e9d\u00e9ration Fran\u00e7aise du B\u00e2timent","og_url":"https:\/\/batijournal.com\/index.php\/franc-raffalli-elu-president-du-groupement-des-metiers-du-photovoltaique-de-la-ffb\/100746\/","og_site_name":"Batijournal","article_published_time":"2018-11-06T06:55:47+00:00","article_modified_time":"2019-07-15T09:34:01+00:00","og_image":[{"width":453,"height":212,"url":"https:\/\/batijournal.com\/wp-content\/uploads\/2018\/11\/FFB-GMPV-Photovoltaique.jpg","type":"image\/jpeg"}],"author":"St\u00e9phane Miget","twitter_card":"summary_large_image","twitter_creator":"@bati_journal","twitter_site":"@bati_journal","twitter_misc":{"\u00c9crit par":"St\u00e9phane Miget","Dur\u00e9e de lecture estim\u00e9e":"1 minute"},"schema":{"@context":"https:\/\/schema.org","@graph":[{"@type":"Article","@id":"https:\/\/batijournal.com\/index.php\/franc-raffalli-elu-president-du-groupement-des-metiers-du-photovoltaique-de-la-ffb\/100746\/#article","isPartOf":{"@id":"https:\/\/batijournal.com\/index.php\/franc-raffalli-elu-president-du-groupement-des-metiers-du-photovoltaique-de-la-ffb\/100746\/"},"author":{"name":"St\u00e9phane Miget","@id":"https:\/\/batijournal.com\/#\/schema\/person\/1dc96ec6957aa1ccb25ebe78bb19f100"},"headline":"Franc RAFFALLI \u00e9lu Pr\u00e9sident du Groupement des M\u00e9tiers du Photovolta\u00efque de la FFB","datePublished":"2018-11-06T06:55:47+00:00","dateModified":"2019-07-15T09:34:01+00:00","mainEntityOfPage":{"@id":"https:\/\/batijournal.com\/index.php\/franc-raffalli-elu-president-du-groupement-des-metiers-du-photovoltaique-de-la-ffb\/100746\/"},"wordCount":233,"image":{"@id":"https:\/\/batijournal.com\/index.php\/franc-raffalli-elu-president-du-groupement-des-metiers-du-photovoltaique-de-la-ffb\/100746\/#primaryimage"},"thumbnailUrl":"https:\/\/batijournal.com\/wp-content\/uploads\/2018\/11\/FFB-GMPV-Photovoltaique.jpg","keywords":["ffb","GMPV-FFB","photovolta\u00efque"],"articleSection":["Actualit\u00e9s","\u00c9conomie &amp; March\u00e9s","zz_Plan\u00e8te B\u00e2timent"],"inLanguage":"fr-FR"},{"@type":"WebPage","@id":"https:\/\/batijournal.com\/index.php\/franc-raffalli-elu-president-du-groupement-des-metiers-du-photovoltaique-de-la-ffb\/100746\/","url":"https:\/\/batijournal.com\/index.php\/franc-raffalli-elu-president-du-groupement-des-metiers-du-photovoltaique-de-la-ffb\/100746\/","name":"Franc RAFFALLI \u00e9lu Pr\u00e9sident du Groupement des M\u00e9tiers du Photovolta\u00efque de la FFB","isPartOf":{"@id":"https:\/\/batijournal.com\/#website"},"primaryImageOfPage":{"@id":"https:\/\/batijournal.com\/index.php\/franc-raffalli-elu-president-du-groupement-des-metiers-du-photovoltaique-de-la-ffb\/100746\/#primaryimage"},"image":{"@id":"https:\/\/batijournal.com\/index.php\/franc-raffalli-elu-president-du-groupement-des-metiers-du-photovoltaique-de-la-ffb\/100746\/#primaryimage"},"thumbnailUrl":"https:\/\/batijournal.com\/wp-content\/uploads\/2018\/11\/FFB-GMPV-Photovoltaique.jpg","datePublished":"2018-11-06T06:55:47+00:00","dateModified":"2019-07-15T09:34:01+00:00","author":{"@id":"https:\/\/batijournal.com\/#\/schema\/person\/1dc96ec6957aa1ccb25ebe78bb19f100"},"description":"Franc RAFFALLI a \u00e9t\u00e9 \u00e9lu Pr\u00e9sident du Groupement des M\u00e9tiers du Photovolta\u00efque de la F\u00e9d\u00e9ration Fran\u00e7aise du B\u00e2timent","breadcrumb":{"@id":"https:\/\/batijournal.com\/index.php\/franc-raffalli-elu-president-du-groupement-des-metiers-du-photovoltaique-de-la-ffb\/100746\/#breadcrumb"},"inLanguage":"fr-FR","potentialAction":[{"@type":"ReadAction","target":["https:\/\/batijournal.com\/index.php\/franc-raffalli-elu-president-du-groupement-des-metiers-du-photovoltaique-de-la-ffb\/100746\/"]}]},{"@type":"ImageObject","inLanguage":"fr-FR","@id":"https:\/\/batijournal.com\/index.php\/franc-raffalli-elu-president-du-groupement-des-metiers-du-photovoltaique-de-la-ffb\/100746\/#primaryimage","url":"https:\/\/batijournal.com\/wp-content\/uploads\/2018\/11\/FFB-GMPV-Photovoltaique.jpg","contentUrl":"https:\/\/batijournal.com\/wp-content\/uploads\/2018\/11\/FFB-GMPV-Photovoltaique.jpg","width":453,"height":212},{"@type":"BreadcrumbList","@id":"https:\/\/batijournal.com\/index.php\/franc-raffalli-elu-president-du-groupement-des-metiers-du-photovoltaique-de-la-ffb\/100746\/#breadcrumb","itemListElement":[{"@type":"ListItem","position":1,"name":"Accueil","item":"https:\/\/batijournal.com\/"},{"@type":"ListItem","position":2,"name":"Actualit\u00e9s","item":"https:\/\/batijournal.com\/index.php\/category\/actualites\/"},{"@type":"ListItem","position":3,"name":"Franc RAFFALLI \u00e9lu Pr\u00e9sident du Groupement des M\u00e9tiers du Photovolta\u00efque de la FFB"}]},{"@type":"WebSite","@id":"https:\/\/batijournal.com\/#website","url":"https:\/\/batijournal.com\/","name":"Batijournal","description":"L&#039;actualit\u00e9 du b\u00e2timent","potentialAction":[{"@type":"SearchAction","target":{"@type":"EntryPoint","urlTemplate":"https:\/\/batijournal.com\/?s={search_term_string}"},"query-input":{"@type":"PropertyValueSpecification","valueRequired":true,"valueName":"search_term_string"}}],"inLanguage":"fr-FR"},{"@type":"Person","@id":"https:\/\/batijournal.com\/#\/schema\/person\/1dc96ec6957aa1ccb25ebe78bb19f100","name":"St\u00e9phane Miget","image":{"@type":"ImageObject","inLanguage":"fr-FR","@id":"https:\/\/secure.gravatar.com\/avatar\/89915563d925342126b8ef0281b93d9d7fc337043e8df017f780908eb9644451?s=96&d=mm&r=g","url":"https:\/\/secure.gravatar.com\/avatar\/89915563d925342126b8ef0281b93d9d7fc337043e8df017f780908eb9644451?s=96&d=mm&r=g","contentUrl":"https:\/\/secure.gravatar.com\/avatar\/89915563d925342126b8ef0281b93d9d7fc337043e8df017f780908eb9644451?s=96&d=mm&r=g","caption":"St\u00e9phane Miget"},"url":"https:\/\/batijournal.com\/index.php\/author\/stephane\/"}]}},"_links":{"self":[{"href":"https:\/\/batijournal.com\/index.php\/wp-json\/wp\/v2\/posts\/100746","targetHints":{"allow":["GET"]}}],"collection":[{"href":"https:\/\/batijournal.com\/index.php\/wp-json\/wp\/v2\/posts"}],"about":[{"href":"https:\/\/batijournal.com\/index.php\/wp-json\/wp\/v2\/types\/post"}],"author":[{"embeddable":true,"href":"https:\/\/batijournal.com\/index.php\/wp-json\/wp\/v2\/users\/17"}],"replies":[{"embeddable":true,"href":"https:\/\/batijournal.com\/index.php\/wp-json\/wp\/v2\/comments?post=100746"}],"version-history":[{"count":0,"href":"https:\/\/batijournal.com\/index.php\/wp-json\/wp\/v2\/posts\/100746\/revisions"}],"wp:featuredmedia":[{"embeddable":true,"href":"https:\/\/batijournal.com\/index.php\/wp-json\/wp\/v2\/media\/100747"}],"wp:attachment":[{"href":"https:\/\/batijournal.com\/index.php\/wp-json\/wp\/v2\/media?parent=100746"}],"wp:term":[{"taxonomy":"category","embeddable":true,"href":"https:\/\/batijournal.com\/index.php\/wp-json\/wp\/v2\/categories?post=100746"},{"taxonomy":"post_tag","embeddable":true,"href":"https:\/\/batijournal.com\/index.php\/wp-json\/wp\/v2\/tags?post=100746"}],"curies":[{"name":"wp","href":"https:\/\/api.w.org\/{rel}","templated":true}]}}