{"id":100748,"date":"2018-11-06T08:09:48","date_gmt":"2018-11-06T07:09:48","guid":{"rendered":"https:\/\/batijournal.com\/?p=100748"},"modified":"2019-07-15T11:26:49","modified_gmt":"2019-07-15T09:26:49","slug":"ite-associee-au-photovoltaique-pour-une-renovation-thermique","status":"publish","type":"post","link":"https:\/\/batijournal.com\/index.php\/ite-associee-au-photovoltaique-pour-une-renovation-thermique\/100748\/","title":{"rendered":"ITE associ\u00e9e au photovolta\u00efque pour une r\u00e9novation thermique"},"content":{"rendered":"<p><strong>Dans les Alpes du Sud, la SEM Sisteron a b\u00e9n\u00e9fici\u00e9 de la solution d\u2019ITE Myral pour la r\u00e9novation de sa \u00ab Maison de l\u2019entreprise \u00bb. L\u2019originalit\u00e9 du projet vient de la pose en fa\u00e7ade de panneaux photovolta\u00efques destin\u00e9e \u00e0 l\u2019autoconsommation. La pose verticale r\u00e9pond au besoin de produire d\u2019avantage d\u2019\u00e9nergie en hiver, lorsque le soleil est plus bas et donc dans l\u2019axe des panneaux. Ces panneaux solaires sont directement pos\u00e9s sur les panneaux Myral. Ils viennent s\u2019accrocher au mur \u00e0 travers eux.<\/strong><\/p>\n<p><img loading=\"lazy\" decoding=\"async\" class=\"aligncenter size-large wp-image-100750\" src=\"https:\/\/batijournal.com\/wp-content\/uploads\/2018\/11\/evad_Myral-Sisteron-ite-photovoltaique-1024x354.jpg\" alt=\"\" width=\"960\" height=\"332\" srcset=\"https:\/\/batijournal.com\/wp-content\/uploads\/2018\/11\/evad_Myral-Sisteron-ite-photovoltaique-1024x354.jpg 1024w, https:\/\/batijournal.com\/wp-content\/uploads\/2018\/11\/evad_Myral-Sisteron-ite-photovoltaique-150x52.jpg 150w, https:\/\/batijournal.com\/wp-content\/uploads\/2018\/11\/evad_Myral-Sisteron-ite-photovoltaique-300x104.jpg 300w, https:\/\/batijournal.com\/wp-content\/uploads\/2018\/11\/evad_Myral-Sisteron-ite-photovoltaique-768x266.jpg 768w, https:\/\/batijournal.com\/wp-content\/uploads\/2018\/11\/evad_Myral-Sisteron-ite-photovoltaique-600x207.jpg 600w, https:\/\/batijournal.com\/wp-content\/uploads\/2018\/11\/evad_Myral-Sisteron-ite-photovoltaique-1080x373.jpg 1080w, https:\/\/batijournal.com\/wp-content\/uploads\/2018\/11\/evad_Myral-Sisteron-ite-photovoltaique.jpg 1400w\" sizes=\"(max-width: 960px) 100vw, 960px\" \/><\/p>\n<p>La SEM a confi\u00e9 la ma\u00eetrise d\u2019\u0153uvre \u00e0 Jean-Michel Elzeard. L\u2019objectif \u00e9tait de diminuer la consommation \u00e9nerg\u00e9tique et de donner un aspect plus professionnel au b\u00e2timent qui ressemblait davantage \u00e0 une maison. Apr\u00e8s \u00e0 peine un mois de travaux, en site occup\u00e9, le ma\u00eetre d\u2019\u0153uvre a obtenu le r\u00e9sultat souhait\u00e9 gr\u00e2ce aux panneaux effet mati\u00e8re gris et aux panneaux effet vision, pos\u00e9s comme de grands miroirs toute hauteur. La r\u00e9novation en double menuiserie (isolation int\u00e9rieure et panneaux Myral) a permis d\u2019atteindre un syst\u00e8me tr\u00e8s performant sur le plan \u00e9nerg\u00e9tique. Il fallait viser, malgr\u00e9 les importants \u00e9carts de climat de la r\u00e9gion, le moins de variations de temp\u00e9ratures possible \u00e0 l\u2019int\u00e9rieur du b\u00e2timent. Le principal probl\u00e8me \u00e9tait la chaleur durant l\u2019\u00e9t\u00e9. La fa\u00e7ade principale plein sud accumulait la chaleur du soleil et il n\u2019y avait pas de rafra\u00eechissement pendant la nuit. Autre contrainte, le ma\u00eetre d\u2019\u0153uvre ne souhaitait pas mettre de climatisation. La ventilation a \u00e9t\u00e9 r\u00e9nov\u00e9e pour devenir une VMC double flux thermodynamique qui permettra de compenser aussi la chaleur d\u00e9gag\u00e9e par les ordinateurs.<\/p>\n","protected":false},"excerpt":{"rendered":"<p>Dans les Alpes du Sud, la SEM Sisteron a b\u00e9n\u00e9fici\u00e9 de la solution d\u2019ITE Myral pour la r\u00e9novation de sa \u00ab Maison de l\u2019entreprise \u00bb. L\u2019originalit\u00e9 du projet vient de la pose en fa\u00e7ade de panneaux photovolta\u00efques destin\u00e9e \u00e0 l\u2019autoconsommation. La pose verticale r\u00e9pond au besoin de produire d\u2019avantage d\u2019\u00e9nergie en hiver, lorsque le soleil [&hellip;]<\/p>\n","protected":false},"author":17,"featured_media":100749,"comment_status":"closed","ping_status":"closed","sticky":false,"template":"","format":"standard","meta":{"_et_pb_use_builder":"","_et_pb_old_content":"","_et_gb_content_width":"","footnotes":""},"categories":[10530,6340,10771,10775,10778],"tags":[70,464],"class_list":["post-100748","post","type-post","status-publish","format-standard","has-post-thumbnail","hentry","category-actualites","category-architecture-conception","category-5facades","category-actualites-5facades","category-planete","tag-ite","tag-photovoltaique"],"yoast_head":"<!-- This site is optimized with the Yoast SEO plugin v27.4 - https:\/\/yoast.com\/product\/yoast-seo-wordpress\/ -->\n<title>ITE associ\u00e9e au photovolta\u00efque pour une r\u00e9novation thermique<\/title>\n<meta name=\"description\" content=\"Dans les Alpes du Sud, la SEM Sisteron a b\u00e9n\u00e9fici\u00e9 de la solution d\u2019ITE Myral pour la r\u00e9novation de sa \u00ab Maison de l\u2019entreprise \u00bb\" \/>\n<meta name=\"robots\" content=\"index, follow, max-snippet:-1, max-image-preview:large, max-video-preview:-1\" \/>\n<link rel=\"canonical\" href=\"https:\/\/batijournal.com\/index.php\/ite-associee-au-photovoltaique-pour-une-renovation-thermique\/100748\/\" \/>\n<meta property=\"og:locale\" content=\"fr_FR\" \/>\n<meta property=\"og:type\" content=\"article\" \/>\n<meta property=\"og:title\" content=\"ITE associ\u00e9e au photovolta\u00efque pour une r\u00e9novation thermique\" \/>\n<meta property=\"og:description\" content=\"Dans les Alpes du Sud, la SEM Sisteron a b\u00e9n\u00e9fici\u00e9 de la solution d\u2019ITE Myral pour la r\u00e9novation de sa \u00ab Maison de l\u2019entreprise \u00bb\" \/>\n<meta property=\"og:url\" content=\"https:\/\/batijournal.com\/index.php\/ite-associee-au-photovoltaique-pour-une-renovation-thermique\/100748\/\" \/>\n<meta property=\"og:site_name\" content=\"Batijournal\" \/>\n<meta property=\"article:published_time\" content=\"2018-11-06T07:09:48+00:00\" \/>\n<meta property=\"article:modified_time\" content=\"2019-07-15T09:26:49+00:00\" \/>\n<meta property=\"og:image\" content=\"https:\/\/batijournal.com\/wp-content\/uploads\/2018\/11\/evad_Myral-Sisteron-ite-photovoltaique2.jpg\" \/>\n\t<meta property=\"og:image:width\" content=\"1400\" \/>\n\t<meta property=\"og:image:height\" content=\"933\" \/>\n\t<meta property=\"og:image:type\" content=\"image\/jpeg\" \/>\n<meta name=\"author\" content=\"St\u00e9phane Miget\" \/>\n<meta name=\"twitter:card\" content=\"summary_large_image\" \/>\n<meta name=\"twitter:creator\" content=\"@bati_journal\" \/>\n<meta name=\"twitter:site\" content=\"@bati_journal\" \/>\n<meta name=\"twitter:label1\" content=\"\u00c9crit par\" \/>\n\t<meta name=\"twitter:data1\" content=\"St\u00e9phane Miget\" \/>\n\t<meta name=\"twitter:label2\" content=\"Dur\u00e9e de lecture estim\u00e9e\" \/>\n\t<meta name=\"twitter:data2\" content=\"1 minute\" \/>\n<script type=\"application\/ld+json\" class=\"yoast-schema-graph\">{\"@context\":\"https:\\\/\\\/schema.org\",\"@graph\":[{\"@type\":\"Article\",\"@id\":\"https:\\\/\\\/batijournal.com\\\/index.php\\\/ite-associee-au-photovoltaique-pour-une-renovation-thermique\\\/100748\\\/#article\",\"isPartOf\":{\"@id\":\"https:\\\/\\\/batijournal.com\\\/index.php\\\/ite-associee-au-photovoltaique-pour-une-renovation-thermique\\\/100748\\\/\"},\"author\":{\"name\":\"St\u00e9phane Miget\",\"@id\":\"https:\\\/\\\/batijournal.com\\\/#\\\/schema\\\/person\\\/1dc96ec6957aa1ccb25ebe78bb19f100\"},\"headline\":\"ITE associ\u00e9e au photovolta\u00efque pour une r\u00e9novation thermique\",\"datePublished\":\"2018-11-06T07:09:48+00:00\",\"dateModified\":\"2019-07-15T09:26:49+00:00\",\"mainEntityOfPage\":{\"@id\":\"https:\\\/\\\/batijournal.com\\\/index.php\\\/ite-associee-au-photovoltaique-pour-une-renovation-thermique\\\/100748\\\/\"},\"wordCount\":309,\"image\":{\"@id\":\"https:\\\/\\\/batijournal.com\\\/index.php\\\/ite-associee-au-photovoltaique-pour-une-renovation-thermique\\\/100748\\\/#primaryimage\"},\"thumbnailUrl\":\"https:\\\/\\\/batijournal.com\\\/wp-content\\\/uploads\\\/2018\\\/11\\\/evad_Myral-Sisteron-ite-photovoltaique2.jpg\",\"keywords\":[\"ITE\",\"photovolta\u00efque\"],\"articleSection\":[\"Actualit\u00e9s\",\"Architecture &amp; Conception\",\"zz_5fa\u00e7ades\",\"zz_Actualit\u00e9s - 5fa\u00e7ades\",\"zz_Plan\u00e8te B\u00e2timent\"],\"inLanguage\":\"fr-FR\"},{\"@type\":\"WebPage\",\"@id\":\"https:\\\/\\\/batijournal.com\\\/index.php\\\/ite-associee-au-photovoltaique-pour-une-renovation-thermique\\\/100748\\\/\",\"url\":\"https:\\\/\\\/batijournal.com\\\/index.php\\\/ite-associee-au-photovoltaique-pour-une-renovation-thermique\\\/100748\\\/\",\"name\":\"ITE associ\u00e9e au photovolta\u00efque pour une r\u00e9novation thermique\",\"isPartOf\":{\"@id\":\"https:\\\/\\\/batijournal.com\\\/#website\"},\"primaryImageOfPage\":{\"@id\":\"https:\\\/\\\/batijournal.com\\\/index.php\\\/ite-associee-au-photovoltaique-pour-une-renovation-thermique\\\/100748\\\/#primaryimage\"},\"image\":{\"@id\":\"https:\\\/\\\/batijournal.com\\\/index.php\\\/ite-associee-au-photovoltaique-pour-une-renovation-thermique\\\/100748\\\/#primaryimage\"},\"thumbnailUrl\":\"https:\\\/\\\/batijournal.com\\\/wp-content\\\/uploads\\\/2018\\\/11\\\/evad_Myral-Sisteron-ite-photovoltaique2.jpg\",\"datePublished\":\"2018-11-06T07:09:48+00:00\",\"dateModified\":\"2019-07-15T09:26:49+00:00\",\"author\":{\"@id\":\"https:\\\/\\\/batijournal.com\\\/#\\\/schema\\\/person\\\/1dc96ec6957aa1ccb25ebe78bb19f100\"},\"description\":\"Dans les Alpes du Sud, la SEM Sisteron a b\u00e9n\u00e9fici\u00e9 de la solution d\u2019ITE Myral pour la r\u00e9novation de sa \u00ab Maison de l\u2019entreprise \u00bb\",\"breadcrumb\":{\"@id\":\"https:\\\/\\\/batijournal.com\\\/index.php\\\/ite-associee-au-photovoltaique-pour-une-renovation-thermique\\\/100748\\\/#breadcrumb\"},\"inLanguage\":\"fr-FR\",\"potentialAction\":[{\"@type\":\"ReadAction\",\"target\":[\"https:\\\/\\\/batijournal.com\\\/index.php\\\/ite-associee-au-photovoltaique-pour-une-renovation-thermique\\\/100748\\\/\"]}]},{\"@type\":\"ImageObject\",\"inLanguage\":\"fr-FR\",\"@id\":\"https:\\\/\\\/batijournal.com\\\/index.php\\\/ite-associee-au-photovoltaique-pour-une-renovation-thermique\\\/100748\\\/#primaryimage\",\"url\":\"https:\\\/\\\/batijournal.com\\\/wp-content\\\/uploads\\\/2018\\\/11\\\/evad_Myral-Sisteron-ite-photovoltaique2.jpg\",\"contentUrl\":\"https:\\\/\\\/batijournal.com\\\/wp-content\\\/uploads\\\/2018\\\/11\\\/evad_Myral-Sisteron-ite-photovoltaique2.jpg\",\"width\":1400,\"height\":933},{\"@type\":\"BreadcrumbList\",\"@id\":\"https:\\\/\\\/batijournal.com\\\/index.php\\\/ite-associee-au-photovoltaique-pour-une-renovation-thermique\\\/100748\\\/#breadcrumb\",\"itemListElement\":[{\"@type\":\"ListItem\",\"position\":1,\"name\":\"Accueil\",\"item\":\"https:\\\/\\\/batijournal.com\\\/\"},{\"@type\":\"ListItem\",\"position\":2,\"name\":\"Actualit\u00e9s\",\"item\":\"https:\\\/\\\/batijournal.com\\\/index.php\\\/category\\\/actualites\\\/\"},{\"@type\":\"ListItem\",\"position\":3,\"name\":\"ITE associ\u00e9e au photovolta\u00efque pour une r\u00e9novation thermique\"}]},{\"@type\":\"WebSite\",\"@id\":\"https:\\\/\\\/batijournal.com\\\/#website\",\"url\":\"https:\\\/\\\/batijournal.com\\\/\",\"name\":\"Batijournal\",\"description\":\"L&#039;actualit\u00e9 du b\u00e2timent\",\"potentialAction\":[{\"@type\":\"SearchAction\",\"target\":{\"@type\":\"EntryPoint\",\"urlTemplate\":\"https:\\\/\\\/batijournal.com\\\/?s={search_term_string}\"},\"query-input\":{\"@type\":\"PropertyValueSpecification\",\"valueRequired\":true,\"valueName\":\"search_term_string\"}}],\"inLanguage\":\"fr-FR\"},{\"@type\":\"Person\",\"@id\":\"https:\\\/\\\/batijournal.com\\\/#\\\/schema\\\/person\\\/1dc96ec6957aa1ccb25ebe78bb19f100\",\"name\":\"St\u00e9phane Miget\",\"image\":{\"@type\":\"ImageObject\",\"inLanguage\":\"fr-FR\",\"@id\":\"https:\\\/\\\/secure.gravatar.com\\\/avatar\\\/89915563d925342126b8ef0281b93d9d7fc337043e8df017f780908eb9644451?s=96&d=mm&r=g\",\"url\":\"https:\\\/\\\/secure.gravatar.com\\\/avatar\\\/89915563d925342126b8ef0281b93d9d7fc337043e8df017f780908eb9644451?s=96&d=mm&r=g\",\"contentUrl\":\"https:\\\/\\\/secure.gravatar.com\\\/avatar\\\/89915563d925342126b8ef0281b93d9d7fc337043e8df017f780908eb9644451?s=96&d=mm&r=g\",\"caption\":\"St\u00e9phane Miget\"},\"url\":\"https:\\\/\\\/batijournal.com\\\/index.php\\\/author\\\/stephane\\\/\"}]}<\/script>\n<!-- \/ Yoast SEO plugin. -->","yoast_head_json":{"title":"ITE associ\u00e9e au photovolta\u00efque pour une r\u00e9novation thermique","description":"Dans les Alpes du Sud, la SEM Sisteron a b\u00e9n\u00e9fici\u00e9 de la solution d\u2019ITE Myral pour la r\u00e9novation de sa \u00ab Maison de l\u2019entreprise \u00bb","robots":{"index":"index","follow":"follow","max-snippet":"max-snippet:-1","max-image-preview":"max-image-preview:large","max-video-preview":"max-video-preview:-1"},"canonical":"https:\/\/batijournal.com\/index.php\/ite-associee-au-photovoltaique-pour-une-renovation-thermique\/100748\/","og_locale":"fr_FR","og_type":"article","og_title":"ITE associ\u00e9e au photovolta\u00efque pour une r\u00e9novation thermique","og_description":"Dans les Alpes du Sud, la SEM Sisteron a b\u00e9n\u00e9fici\u00e9 de la solution d\u2019ITE Myral pour la r\u00e9novation de sa \u00ab Maison de l\u2019entreprise \u00bb","og_url":"https:\/\/batijournal.com\/index.php\/ite-associee-au-photovoltaique-pour-une-renovation-thermique\/100748\/","og_site_name":"Batijournal","article_published_time":"2018-11-06T07:09:48+00:00","article_modified_time":"2019-07-15T09:26:49+00:00","og_image":[{"width":1400,"height":933,"url":"https:\/\/batijournal.com\/wp-content\/uploads\/2018\/11\/evad_Myral-Sisteron-ite-photovoltaique2.jpg","type":"image\/jpeg"}],"author":"St\u00e9phane Miget","twitter_card":"summary_large_image","twitter_creator":"@bati_journal","twitter_site":"@bati_journal","twitter_misc":{"\u00c9crit par":"St\u00e9phane Miget","Dur\u00e9e de lecture estim\u00e9e":"1 minute"},"schema":{"@context":"https:\/\/schema.org","@graph":[{"@type":"Article","@id":"https:\/\/batijournal.com\/index.php\/ite-associee-au-photovoltaique-pour-une-renovation-thermique\/100748\/#article","isPartOf":{"@id":"https:\/\/batijournal.com\/index.php\/ite-associee-au-photovoltaique-pour-une-renovation-thermique\/100748\/"},"author":{"name":"St\u00e9phane Miget","@id":"https:\/\/batijournal.com\/#\/schema\/person\/1dc96ec6957aa1ccb25ebe78bb19f100"},"headline":"ITE associ\u00e9e au photovolta\u00efque pour une r\u00e9novation thermique","datePublished":"2018-11-06T07:09:48+00:00","dateModified":"2019-07-15T09:26:49+00:00","mainEntityOfPage":{"@id":"https:\/\/batijournal.com\/index.php\/ite-associee-au-photovoltaique-pour-une-renovation-thermique\/100748\/"},"wordCount":309,"image":{"@id":"https:\/\/batijournal.com\/index.php\/ite-associee-au-photovoltaique-pour-une-renovation-thermique\/100748\/#primaryimage"},"thumbnailUrl":"https:\/\/batijournal.com\/wp-content\/uploads\/2018\/11\/evad_Myral-Sisteron-ite-photovoltaique2.jpg","keywords":["ITE","photovolta\u00efque"],"articleSection":["Actualit\u00e9s","Architecture &amp; Conception","zz_5fa\u00e7ades","zz_Actualit\u00e9s - 5fa\u00e7ades","zz_Plan\u00e8te B\u00e2timent"],"inLanguage":"fr-FR"},{"@type":"WebPage","@id":"https:\/\/batijournal.com\/index.php\/ite-associee-au-photovoltaique-pour-une-renovation-thermique\/100748\/","url":"https:\/\/batijournal.com\/index.php\/ite-associee-au-photovoltaique-pour-une-renovation-thermique\/100748\/","name":"ITE associ\u00e9e au photovolta\u00efque pour une r\u00e9novation thermique","isPartOf":{"@id":"https:\/\/batijournal.com\/#website"},"primaryImageOfPage":{"@id":"https:\/\/batijournal.com\/index.php\/ite-associee-au-photovoltaique-pour-une-renovation-thermique\/100748\/#primaryimage"},"image":{"@id":"https:\/\/batijournal.com\/index.php\/ite-associee-au-photovoltaique-pour-une-renovation-thermique\/100748\/#primaryimage"},"thumbnailUrl":"https:\/\/batijournal.com\/wp-content\/uploads\/2018\/11\/evad_Myral-Sisteron-ite-photovoltaique2.jpg","datePublished":"2018-11-06T07:09:48+00:00","dateModified":"2019-07-15T09:26:49+00:00","author":{"@id":"https:\/\/batijournal.com\/#\/schema\/person\/1dc96ec6957aa1ccb25ebe78bb19f100"},"description":"Dans les Alpes du Sud, la SEM Sisteron a b\u00e9n\u00e9fici\u00e9 de la solution d\u2019ITE Myral pour la r\u00e9novation de sa \u00ab Maison de l\u2019entreprise \u00bb","breadcrumb":{"@id":"https:\/\/batijournal.com\/index.php\/ite-associee-au-photovoltaique-pour-une-renovation-thermique\/100748\/#breadcrumb"},"inLanguage":"fr-FR","potentialAction":[{"@type":"ReadAction","target":["https:\/\/batijournal.com\/index.php\/ite-associee-au-photovoltaique-pour-une-renovation-thermique\/100748\/"]}]},{"@type":"ImageObject","inLanguage":"fr-FR","@id":"https:\/\/batijournal.com\/index.php\/ite-associee-au-photovoltaique-pour-une-renovation-thermique\/100748\/#primaryimage","url":"https:\/\/batijournal.com\/wp-content\/uploads\/2018\/11\/evad_Myral-Sisteron-ite-photovoltaique2.jpg","contentUrl":"https:\/\/batijournal.com\/wp-content\/uploads\/2018\/11\/evad_Myral-Sisteron-ite-photovoltaique2.jpg","width":1400,"height":933},{"@type":"BreadcrumbList","@id":"https:\/\/batijournal.com\/index.php\/ite-associee-au-photovoltaique-pour-une-renovation-thermique\/100748\/#breadcrumb","itemListElement":[{"@type":"ListItem","position":1,"name":"Accueil","item":"https:\/\/batijournal.com\/"},{"@type":"ListItem","position":2,"name":"Actualit\u00e9s","item":"https:\/\/batijournal.com\/index.php\/category\/actualites\/"},{"@type":"ListItem","position":3,"name":"ITE associ\u00e9e au photovolta\u00efque pour une r\u00e9novation thermique"}]},{"@type":"WebSite","@id":"https:\/\/batijournal.com\/#website","url":"https:\/\/batijournal.com\/","name":"Batijournal","description":"L&#039;actualit\u00e9 du b\u00e2timent","potentialAction":[{"@type":"SearchAction","target":{"@type":"EntryPoint","urlTemplate":"https:\/\/batijournal.com\/?s={search_term_string}"},"query-input":{"@type":"PropertyValueSpecification","valueRequired":true,"valueName":"search_term_string"}}],"inLanguage":"fr-FR"},{"@type":"Person","@id":"https:\/\/batijournal.com\/#\/schema\/person\/1dc96ec6957aa1ccb25ebe78bb19f100","name":"St\u00e9phane Miget","image":{"@type":"ImageObject","inLanguage":"fr-FR","@id":"https:\/\/secure.gravatar.com\/avatar\/89915563d925342126b8ef0281b93d9d7fc337043e8df017f780908eb9644451?s=96&d=mm&r=g","url":"https:\/\/secure.gravatar.com\/avatar\/89915563d925342126b8ef0281b93d9d7fc337043e8df017f780908eb9644451?s=96&d=mm&r=g","contentUrl":"https:\/\/secure.gravatar.com\/avatar\/89915563d925342126b8ef0281b93d9d7fc337043e8df017f780908eb9644451?s=96&d=mm&r=g","caption":"St\u00e9phane Miget"},"url":"https:\/\/batijournal.com\/index.php\/author\/stephane\/"}]}},"_links":{"self":[{"href":"https:\/\/batijournal.com\/index.php\/wp-json\/wp\/v2\/posts\/100748","targetHints":{"allow":["GET"]}}],"collection":[{"href":"https:\/\/batijournal.com\/index.php\/wp-json\/wp\/v2\/posts"}],"about":[{"href":"https:\/\/batijournal.com\/index.php\/wp-json\/wp\/v2\/types\/post"}],"author":[{"embeddable":true,"href":"https:\/\/batijournal.com\/index.php\/wp-json\/wp\/v2\/users\/17"}],"replies":[{"embeddable":true,"href":"https:\/\/batijournal.com\/index.php\/wp-json\/wp\/v2\/comments?post=100748"}],"version-history":[{"count":0,"href":"https:\/\/batijournal.com\/index.php\/wp-json\/wp\/v2\/posts\/100748\/revisions"}],"wp:featuredmedia":[{"embeddable":true,"href":"https:\/\/batijournal.com\/index.php\/wp-json\/wp\/v2\/media\/100749"}],"wp:attachment":[{"href":"https:\/\/batijournal.com\/index.php\/wp-json\/wp\/v2\/media?parent=100748"}],"wp:term":[{"taxonomy":"category","embeddable":true,"href":"https:\/\/batijournal.com\/index.php\/wp-json\/wp\/v2\/categories?post=100748"},{"taxonomy":"post_tag","embeddable":true,"href":"https:\/\/batijournal.com\/index.php\/wp-json\/wp\/v2\/tags?post=100748"}],"curies":[{"name":"wp","href":"https:\/\/api.w.org\/{rel}","templated":true}]}}