{"id":100762,"date":"2018-11-07T09:12:11","date_gmt":"2018-11-07T08:12:11","guid":{"rendered":"https:\/\/batijournal.com\/?p=100762"},"modified":"2019-07-15T11:14:50","modified_gmt":"2019-07-15T09:14:50","slug":"la-plateforme-du-grand-memorial-recense-neuf-millions-de-soldats-de-la-grand-guerre","status":"publish","type":"post","link":"https:\/\/batijournal.com\/index.php\/la-plateforme-du-grand-memorial-recense-neuf-millions-de-soldats-de-la-grand-guerre\/100762\/","title":{"rendered":"La plateforme du Grand M\u00e9morial recense neuf millions de soldats de la Grande Guerre"},"content":{"rendered":"<p>Dans le cadre des comm\u00e9morations du centenaire de la Grande Guerre, Edouard Philippe, Premier ministre, s\u2019est rendu en Loz\u00e8re pour honorer la m\u00e9moire du dernier poilu tomb\u00e9 au front. A cette occasion, lui a \u00e9t\u00e9 pr\u00e9sent\u00e9 la plateforme du Grand M\u00e9morial en pr\u00e9sence de Franck Riester, ministre de la Culture. En 2014, le pr\u00e9sident de la R\u00e9publique Fran\u00e7ois Hollande avait souhait\u00e9 que tous les Fran\u00e7ais puissent retracer, gr\u00e2ce \u00e0 leurs fiches matriculaires, le parcours des neuf millions de soldats qui ont combattu pour d\u00e9fendre notre territoire. Le Grand M\u00e9morial donne acc\u00e8s aux matricules de soldats, qui contiennent leur \u00e9tat civil, la liste de leurs affectations et leurs \u00e9tats de service. Pr\u00e8s de 9 millions de fiches repr\u00e9sentant 17 millions d\u2019images ont \u00e9t\u00e9 ainsi num\u00e9ris\u00e9es et index\u00e9s par les services d\u2019Archives d\u00e9partementales, les Archives nationales d\u2019outre-mer et le Centre des Archives diplomatiques de Nantes. L\u2019ensemble des d\u00e9partements sont d\u00e9sormais pr\u00e9sents sur le Grand M\u00e9morial. La plateforme donne \u00e9galement acc\u00e8s au fichier des Morts pour la France (1,3 millions de fiches) et renvoie \u00e0 la base M\u00e9moire des hommes du minist\u00e8re des Arm\u00e9es, et repr\u00e9sente le fruit d\u2019une coop\u00e9ration exemplaire entre l\u2019\u00c9tat et les collectivit\u00e9s territoriales. Outil de premi\u00e8re importance pour la recherche g\u00e9n\u00e9alogique, il repr\u00e9sente aussi une source nouvelle pour la recherche historique sur la Premi\u00e8re Guerre mondiale et ses implications \u00e9conomiques et sociales.<\/p>\n<p><a href=\"http:\/\/www.culture.fr\/Genealogie\/Grand-Memorial\" target=\"_blank\" rel=\"noopener noreferrer\">http:\/\/www.culture.fr\/Genealogie\/Grand-Memorial<\/a><\/p>\n<p>&nbsp;<\/p>\n","protected":false},"excerpt":{"rendered":"<p>Dans le cadre des comm\u00e9morations du centenaire de la Grande Guerre, Edouard Philippe, Premier ministre, s\u2019est rendu en Loz\u00e8re pour honorer la m\u00e9moire du dernier poilu tomb\u00e9 au front. A cette occasion, lui a \u00e9t\u00e9 pr\u00e9sent\u00e9 la plateforme du Grand M\u00e9morial en pr\u00e9sence de Franck Riester, ministre de la Culture. En 2014, le pr\u00e9sident de [&hellip;]<\/p>\n","protected":false},"author":17,"featured_media":100764,"comment_status":"closed","ping_status":"closed","sticky":false,"template":"","format":"standard","meta":{"_et_pb_use_builder":"","_et_pb_old_content":"","_et_gb_content_width":"","footnotes":""},"categories":[10530,6340,10789,10785],"tags":[12614],"class_list":["post-100762","post","type-post","status-publish","format-standard","has-post-thumbnail","hentry","category-actualites","category-architecture-conception","category-publications-atrium","category-atrium","tag-histoire"],"yoast_head":"<!-- This site is optimized with the Yoast SEO plugin v27.4 - https:\/\/yoast.com\/product\/yoast-seo-wordpress\/ -->\n<title>La plateforme du Grand M\u00e9morial recense neuf millions de soldats de la Grande Guerre<\/title>\n<meta name=\"description\" content=\"Le Grand M\u00e9morial donne acc\u00e8s aux matricules de soldats, qui contiennent leur \u00e9tat civil, la liste de leurs affectations et leurs \u00e9tats de service\" \/>\n<meta name=\"robots\" content=\"index, follow, max-snippet:-1, max-image-preview:large, max-video-preview:-1\" \/>\n<link rel=\"canonical\" href=\"https:\/\/batijournal.com\/index.php\/la-plateforme-du-grand-memorial-recense-neuf-millions-de-soldats-de-la-grand-guerre\/100762\/\" \/>\n<meta property=\"og:locale\" content=\"fr_FR\" \/>\n<meta property=\"og:type\" content=\"article\" \/>\n<meta property=\"og:title\" content=\"La plateforme du Grand M\u00e9morial recense neuf millions de soldats de la Grande Guerre\" \/>\n<meta property=\"og:description\" content=\"Le Grand M\u00e9morial donne acc\u00e8s aux matricules de soldats, qui contiennent leur \u00e9tat civil, la liste de leurs affectations et leurs \u00e9tats de service\" \/>\n<meta property=\"og:url\" content=\"https:\/\/batijournal.com\/index.php\/la-plateforme-du-grand-memorial-recense-neuf-millions-de-soldats-de-la-grand-guerre\/100762\/\" \/>\n<meta property=\"og:site_name\" content=\"Batijournal\" \/>\n<meta property=\"article:published_time\" content=\"2018-11-07T08:12:11+00:00\" \/>\n<meta property=\"article:modified_time\" content=\"2019-07-15T09:14:50+00:00\" \/>\n<meta property=\"og:image\" content=\"https:\/\/batijournal.com\/wp-content\/uploads\/2018\/11\/grand-memorial.png\" \/>\n\t<meta property=\"og:image:width\" content=\"1107\" \/>\n\t<meta property=\"og:image:height\" content=\"808\" \/>\n\t<meta property=\"og:image:type\" content=\"image\/png\" \/>\n<meta name=\"author\" content=\"St\u00e9phane Miget\" \/>\n<meta name=\"twitter:card\" content=\"summary_large_image\" \/>\n<meta name=\"twitter:creator\" content=\"@bati_journal\" \/>\n<meta name=\"twitter:site\" content=\"@bati_journal\" \/>\n<meta name=\"twitter:label1\" content=\"\u00c9crit par\" \/>\n\t<meta name=\"twitter:data1\" content=\"St\u00e9phane Miget\" \/>\n\t<meta name=\"twitter:label2\" content=\"Dur\u00e9e de lecture estim\u00e9e\" \/>\n\t<meta name=\"twitter:data2\" content=\"1 minute\" \/>\n<script type=\"application\/ld+json\" class=\"yoast-schema-graph\">{\"@context\":\"https:\\\/\\\/schema.org\",\"@graph\":[{\"@type\":\"Article\",\"@id\":\"https:\\\/\\\/batijournal.com\\\/index.php\\\/la-plateforme-du-grand-memorial-recense-neuf-millions-de-soldats-de-la-grand-guerre\\\/100762\\\/#article\",\"isPartOf\":{\"@id\":\"https:\\\/\\\/batijournal.com\\\/index.php\\\/la-plateforme-du-grand-memorial-recense-neuf-millions-de-soldats-de-la-grand-guerre\\\/100762\\\/\"},\"author\":{\"name\":\"St\u00e9phane Miget\",\"@id\":\"https:\\\/\\\/batijournal.com\\\/#\\\/schema\\\/person\\\/1dc96ec6957aa1ccb25ebe78bb19f100\"},\"headline\":\"La plateforme du Grand M\u00e9morial recense neuf millions de soldats de la Grande Guerre\",\"datePublished\":\"2018-11-07T08:12:11+00:00\",\"dateModified\":\"2019-07-15T09:14:50+00:00\",\"mainEntityOfPage\":{\"@id\":\"https:\\\/\\\/batijournal.com\\\/index.php\\\/la-plateforme-du-grand-memorial-recense-neuf-millions-de-soldats-de-la-grand-guerre\\\/100762\\\/\"},\"wordCount\":282,\"image\":{\"@id\":\"https:\\\/\\\/batijournal.com\\\/index.php\\\/la-plateforme-du-grand-memorial-recense-neuf-millions-de-soldats-de-la-grand-guerre\\\/100762\\\/#primaryimage\"},\"thumbnailUrl\":\"https:\\\/\\\/batijournal.com\\\/wp-content\\\/uploads\\\/2018\\\/11\\\/grand-memorial.png\",\"keywords\":[\"histoire\"],\"articleSection\":[\"Actualit\u00e9s\",\"Architecture &amp; Conception\",\"zz_Actualit\u00e9s - Atrium\",\"zz_Atrium Patrimoine\"],\"inLanguage\":\"fr-FR\"},{\"@type\":\"WebPage\",\"@id\":\"https:\\\/\\\/batijournal.com\\\/index.php\\\/la-plateforme-du-grand-memorial-recense-neuf-millions-de-soldats-de-la-grand-guerre\\\/100762\\\/\",\"url\":\"https:\\\/\\\/batijournal.com\\\/index.php\\\/la-plateforme-du-grand-memorial-recense-neuf-millions-de-soldats-de-la-grand-guerre\\\/100762\\\/\",\"name\":\"La plateforme du Grand M\u00e9morial recense neuf millions de soldats de la Grande Guerre\",\"isPartOf\":{\"@id\":\"https:\\\/\\\/batijournal.com\\\/#website\"},\"primaryImageOfPage\":{\"@id\":\"https:\\\/\\\/batijournal.com\\\/index.php\\\/la-plateforme-du-grand-memorial-recense-neuf-millions-de-soldats-de-la-grand-guerre\\\/100762\\\/#primaryimage\"},\"image\":{\"@id\":\"https:\\\/\\\/batijournal.com\\\/index.php\\\/la-plateforme-du-grand-memorial-recense-neuf-millions-de-soldats-de-la-grand-guerre\\\/100762\\\/#primaryimage\"},\"thumbnailUrl\":\"https:\\\/\\\/batijournal.com\\\/wp-content\\\/uploads\\\/2018\\\/11\\\/grand-memorial.png\",\"datePublished\":\"2018-11-07T08:12:11+00:00\",\"dateModified\":\"2019-07-15T09:14:50+00:00\",\"author\":{\"@id\":\"https:\\\/\\\/batijournal.com\\\/#\\\/schema\\\/person\\\/1dc96ec6957aa1ccb25ebe78bb19f100\"},\"description\":\"Le Grand M\u00e9morial donne acc\u00e8s aux matricules de soldats, qui contiennent leur \u00e9tat civil, la liste de leurs affectations et leurs \u00e9tats de service\",\"breadcrumb\":{\"@id\":\"https:\\\/\\\/batijournal.com\\\/index.php\\\/la-plateforme-du-grand-memorial-recense-neuf-millions-de-soldats-de-la-grand-guerre\\\/100762\\\/#breadcrumb\"},\"inLanguage\":\"fr-FR\",\"potentialAction\":[{\"@type\":\"ReadAction\",\"target\":[\"https:\\\/\\\/batijournal.com\\\/index.php\\\/la-plateforme-du-grand-memorial-recense-neuf-millions-de-soldats-de-la-grand-guerre\\\/100762\\\/\"]}]},{\"@type\":\"ImageObject\",\"inLanguage\":\"fr-FR\",\"@id\":\"https:\\\/\\\/batijournal.com\\\/index.php\\\/la-plateforme-du-grand-memorial-recense-neuf-millions-de-soldats-de-la-grand-guerre\\\/100762\\\/#primaryimage\",\"url\":\"https:\\\/\\\/batijournal.com\\\/wp-content\\\/uploads\\\/2018\\\/11\\\/grand-memorial.png\",\"contentUrl\":\"https:\\\/\\\/batijournal.com\\\/wp-content\\\/uploads\\\/2018\\\/11\\\/grand-memorial.png\",\"width\":1107,\"height\":808},{\"@type\":\"BreadcrumbList\",\"@id\":\"https:\\\/\\\/batijournal.com\\\/index.php\\\/la-plateforme-du-grand-memorial-recense-neuf-millions-de-soldats-de-la-grand-guerre\\\/100762\\\/#breadcrumb\",\"itemListElement\":[{\"@type\":\"ListItem\",\"position\":1,\"name\":\"Accueil\",\"item\":\"https:\\\/\\\/batijournal.com\\\/\"},{\"@type\":\"ListItem\",\"position\":2,\"name\":\"Actualit\u00e9s\",\"item\":\"https:\\\/\\\/batijournal.com\\\/index.php\\\/category\\\/actualites\\\/\"},{\"@type\":\"ListItem\",\"position\":3,\"name\":\"La plateforme du Grand M\u00e9morial recense neuf millions de soldats de la Grande Guerre\"}]},{\"@type\":\"WebSite\",\"@id\":\"https:\\\/\\\/batijournal.com\\\/#website\",\"url\":\"https:\\\/\\\/batijournal.com\\\/\",\"name\":\"Batijournal\",\"description\":\"L&#039;actualit\u00e9 du b\u00e2timent\",\"potentialAction\":[{\"@type\":\"SearchAction\",\"target\":{\"@type\":\"EntryPoint\",\"urlTemplate\":\"https:\\\/\\\/batijournal.com\\\/?s={search_term_string}\"},\"query-input\":{\"@type\":\"PropertyValueSpecification\",\"valueRequired\":true,\"valueName\":\"search_term_string\"}}],\"inLanguage\":\"fr-FR\"},{\"@type\":\"Person\",\"@id\":\"https:\\\/\\\/batijournal.com\\\/#\\\/schema\\\/person\\\/1dc96ec6957aa1ccb25ebe78bb19f100\",\"name\":\"St\u00e9phane Miget\",\"image\":{\"@type\":\"ImageObject\",\"inLanguage\":\"fr-FR\",\"@id\":\"https:\\\/\\\/secure.gravatar.com\\\/avatar\\\/89915563d925342126b8ef0281b93d9d7fc337043e8df017f780908eb9644451?s=96&d=mm&r=g\",\"url\":\"https:\\\/\\\/secure.gravatar.com\\\/avatar\\\/89915563d925342126b8ef0281b93d9d7fc337043e8df017f780908eb9644451?s=96&d=mm&r=g\",\"contentUrl\":\"https:\\\/\\\/secure.gravatar.com\\\/avatar\\\/89915563d925342126b8ef0281b93d9d7fc337043e8df017f780908eb9644451?s=96&d=mm&r=g\",\"caption\":\"St\u00e9phane Miget\"},\"url\":\"https:\\\/\\\/batijournal.com\\\/index.php\\\/author\\\/stephane\\\/\"}]}<\/script>\n<!-- \/ Yoast SEO plugin. -->","yoast_head_json":{"title":"La plateforme du Grand M\u00e9morial recense neuf millions de soldats de la Grande Guerre","description":"Le Grand M\u00e9morial donne acc\u00e8s aux matricules de soldats, qui contiennent leur \u00e9tat civil, la liste de leurs affectations et leurs \u00e9tats de service","robots":{"index":"index","follow":"follow","max-snippet":"max-snippet:-1","max-image-preview":"max-image-preview:large","max-video-preview":"max-video-preview:-1"},"canonical":"https:\/\/batijournal.com\/index.php\/la-plateforme-du-grand-memorial-recense-neuf-millions-de-soldats-de-la-grand-guerre\/100762\/","og_locale":"fr_FR","og_type":"article","og_title":"La plateforme du Grand M\u00e9morial recense neuf millions de soldats de la Grande Guerre","og_description":"Le Grand M\u00e9morial donne acc\u00e8s aux matricules de soldats, qui contiennent leur \u00e9tat civil, la liste de leurs affectations et leurs \u00e9tats de service","og_url":"https:\/\/batijournal.com\/index.php\/la-plateforme-du-grand-memorial-recense-neuf-millions-de-soldats-de-la-grand-guerre\/100762\/","og_site_name":"Batijournal","article_published_time":"2018-11-07T08:12:11+00:00","article_modified_time":"2019-07-15T09:14:50+00:00","og_image":[{"width":1107,"height":808,"url":"https:\/\/batijournal.com\/wp-content\/uploads\/2018\/11\/grand-memorial.png","type":"image\/png"}],"author":"St\u00e9phane Miget","twitter_card":"summary_large_image","twitter_creator":"@bati_journal","twitter_site":"@bati_journal","twitter_misc":{"\u00c9crit par":"St\u00e9phane Miget","Dur\u00e9e de lecture estim\u00e9e":"1 minute"},"schema":{"@context":"https:\/\/schema.org","@graph":[{"@type":"Article","@id":"https:\/\/batijournal.com\/index.php\/la-plateforme-du-grand-memorial-recense-neuf-millions-de-soldats-de-la-grand-guerre\/100762\/#article","isPartOf":{"@id":"https:\/\/batijournal.com\/index.php\/la-plateforme-du-grand-memorial-recense-neuf-millions-de-soldats-de-la-grand-guerre\/100762\/"},"author":{"name":"St\u00e9phane Miget","@id":"https:\/\/batijournal.com\/#\/schema\/person\/1dc96ec6957aa1ccb25ebe78bb19f100"},"headline":"La plateforme du Grand M\u00e9morial recense neuf millions de soldats de la Grande Guerre","datePublished":"2018-11-07T08:12:11+00:00","dateModified":"2019-07-15T09:14:50+00:00","mainEntityOfPage":{"@id":"https:\/\/batijournal.com\/index.php\/la-plateforme-du-grand-memorial-recense-neuf-millions-de-soldats-de-la-grand-guerre\/100762\/"},"wordCount":282,"image":{"@id":"https:\/\/batijournal.com\/index.php\/la-plateforme-du-grand-memorial-recense-neuf-millions-de-soldats-de-la-grand-guerre\/100762\/#primaryimage"},"thumbnailUrl":"https:\/\/batijournal.com\/wp-content\/uploads\/2018\/11\/grand-memorial.png","keywords":["histoire"],"articleSection":["Actualit\u00e9s","Architecture &amp; Conception","zz_Actualit\u00e9s - Atrium","zz_Atrium Patrimoine"],"inLanguage":"fr-FR"},{"@type":"WebPage","@id":"https:\/\/batijournal.com\/index.php\/la-plateforme-du-grand-memorial-recense-neuf-millions-de-soldats-de-la-grand-guerre\/100762\/","url":"https:\/\/batijournal.com\/index.php\/la-plateforme-du-grand-memorial-recense-neuf-millions-de-soldats-de-la-grand-guerre\/100762\/","name":"La plateforme du Grand M\u00e9morial recense neuf millions de soldats de la Grande Guerre","isPartOf":{"@id":"https:\/\/batijournal.com\/#website"},"primaryImageOfPage":{"@id":"https:\/\/batijournal.com\/index.php\/la-plateforme-du-grand-memorial-recense-neuf-millions-de-soldats-de-la-grand-guerre\/100762\/#primaryimage"},"image":{"@id":"https:\/\/batijournal.com\/index.php\/la-plateforme-du-grand-memorial-recense-neuf-millions-de-soldats-de-la-grand-guerre\/100762\/#primaryimage"},"thumbnailUrl":"https:\/\/batijournal.com\/wp-content\/uploads\/2018\/11\/grand-memorial.png","datePublished":"2018-11-07T08:12:11+00:00","dateModified":"2019-07-15T09:14:50+00:00","author":{"@id":"https:\/\/batijournal.com\/#\/schema\/person\/1dc96ec6957aa1ccb25ebe78bb19f100"},"description":"Le Grand M\u00e9morial donne acc\u00e8s aux matricules de soldats, qui contiennent leur \u00e9tat civil, la liste de leurs affectations et leurs \u00e9tats de service","breadcrumb":{"@id":"https:\/\/batijournal.com\/index.php\/la-plateforme-du-grand-memorial-recense-neuf-millions-de-soldats-de-la-grand-guerre\/100762\/#breadcrumb"},"inLanguage":"fr-FR","potentialAction":[{"@type":"ReadAction","target":["https:\/\/batijournal.com\/index.php\/la-plateforme-du-grand-memorial-recense-neuf-millions-de-soldats-de-la-grand-guerre\/100762\/"]}]},{"@type":"ImageObject","inLanguage":"fr-FR","@id":"https:\/\/batijournal.com\/index.php\/la-plateforme-du-grand-memorial-recense-neuf-millions-de-soldats-de-la-grand-guerre\/100762\/#primaryimage","url":"https:\/\/batijournal.com\/wp-content\/uploads\/2018\/11\/grand-memorial.png","contentUrl":"https:\/\/batijournal.com\/wp-content\/uploads\/2018\/11\/grand-memorial.png","width":1107,"height":808},{"@type":"BreadcrumbList","@id":"https:\/\/batijournal.com\/index.php\/la-plateforme-du-grand-memorial-recense-neuf-millions-de-soldats-de-la-grand-guerre\/100762\/#breadcrumb","itemListElement":[{"@type":"ListItem","position":1,"name":"Accueil","item":"https:\/\/batijournal.com\/"},{"@type":"ListItem","position":2,"name":"Actualit\u00e9s","item":"https:\/\/batijournal.com\/index.php\/category\/actualites\/"},{"@type":"ListItem","position":3,"name":"La plateforme du Grand M\u00e9morial recense neuf millions de soldats de la Grande Guerre"}]},{"@type":"WebSite","@id":"https:\/\/batijournal.com\/#website","url":"https:\/\/batijournal.com\/","name":"Batijournal","description":"L&#039;actualit\u00e9 du b\u00e2timent","potentialAction":[{"@type":"SearchAction","target":{"@type":"EntryPoint","urlTemplate":"https:\/\/batijournal.com\/?s={search_term_string}"},"query-input":{"@type":"PropertyValueSpecification","valueRequired":true,"valueName":"search_term_string"}}],"inLanguage":"fr-FR"},{"@type":"Person","@id":"https:\/\/batijournal.com\/#\/schema\/person\/1dc96ec6957aa1ccb25ebe78bb19f100","name":"St\u00e9phane Miget","image":{"@type":"ImageObject","inLanguage":"fr-FR","@id":"https:\/\/secure.gravatar.com\/avatar\/89915563d925342126b8ef0281b93d9d7fc337043e8df017f780908eb9644451?s=96&d=mm&r=g","url":"https:\/\/secure.gravatar.com\/avatar\/89915563d925342126b8ef0281b93d9d7fc337043e8df017f780908eb9644451?s=96&d=mm&r=g","contentUrl":"https:\/\/secure.gravatar.com\/avatar\/89915563d925342126b8ef0281b93d9d7fc337043e8df017f780908eb9644451?s=96&d=mm&r=g","caption":"St\u00e9phane Miget"},"url":"https:\/\/batijournal.com\/index.php\/author\/stephane\/"}]}},"_links":{"self":[{"href":"https:\/\/batijournal.com\/index.php\/wp-json\/wp\/v2\/posts\/100762","targetHints":{"allow":["GET"]}}],"collection":[{"href":"https:\/\/batijournal.com\/index.php\/wp-json\/wp\/v2\/posts"}],"about":[{"href":"https:\/\/batijournal.com\/index.php\/wp-json\/wp\/v2\/types\/post"}],"author":[{"embeddable":true,"href":"https:\/\/batijournal.com\/index.php\/wp-json\/wp\/v2\/users\/17"}],"replies":[{"embeddable":true,"href":"https:\/\/batijournal.com\/index.php\/wp-json\/wp\/v2\/comments?post=100762"}],"version-history":[{"count":0,"href":"https:\/\/batijournal.com\/index.php\/wp-json\/wp\/v2\/posts\/100762\/revisions"}],"wp:featuredmedia":[{"embeddable":true,"href":"https:\/\/batijournal.com\/index.php\/wp-json\/wp\/v2\/media\/100764"}],"wp:attachment":[{"href":"https:\/\/batijournal.com\/index.php\/wp-json\/wp\/v2\/media?parent=100762"}],"wp:term":[{"taxonomy":"category","embeddable":true,"href":"https:\/\/batijournal.com\/index.php\/wp-json\/wp\/v2\/categories?post=100762"},{"taxonomy":"post_tag","embeddable":true,"href":"https:\/\/batijournal.com\/index.php\/wp-json\/wp\/v2\/tags?post=100762"}],"curies":[{"name":"wp","href":"https:\/\/api.w.org\/{rel}","templated":true}]}}