{"id":100868,"date":"2018-11-14T11:15:44","date_gmt":"2018-11-14T10:15:44","guid":{"rendered":"https:\/\/batijournal.com\/?p=100868"},"modified":"2019-07-15T11:26:49","modified_gmt":"2019-07-15T09:26:49","slug":"rehabilitation-lourde-de-bureaux-a-paris","status":"publish","type":"post","link":"https:\/\/batijournal.com\/index.php\/rehabilitation-lourde-de-bureaux-a-paris\/100868\/","title":{"rendered":"R\u00e9habilitation lourde de bureaux \u00e0 Paris"},"content":{"rendered":"<p><strong>Martin SARDELIC, Pr\u00e9sident de VALIDA, Matthias MARHOLD, General Manager Raiffeisen Immobilier Kapitalanlage-Gesellschaft mbH, Axel SCHOENERT, Architecte du projet et Herv\u00e9 MATYAS, Directeur R\u00e9habilitation du Groupe LEGENDRE en Ile-de-France, ont officiellement c\u00e9l\u00e9br\u00e9 le d\u00e9marrage des travaux des bureaux d\u00e9tenus par le groupe autrichien, RAIFFEISEN, dans le second arrondissement de Paris.<\/strong><\/p>\n<p>Cette r\u00e9habilitation consiste en la restructuration compl\u00e8te et l\u2019agrandissement d\u2019un immeuble de bureaux. Elle comprend la cr\u00e9ation d&rsquo;une double hauteur pour le rez-de-chauss\u00e9e, la r\u00e9alisation d&rsquo;un patio et d&rsquo;une terrasse, la restructuration des circulations verticales, l&rsquo;extension des fa\u00e7ades c\u00f4t\u00e9 cour et la sur\u00e9l\u00e9vation du dernier \u00e9tage avec la cr\u00e9ation d&rsquo;une mezzanine.<\/p>\n<p>Les fa\u00e7ades, tr\u00e8s importantes pour l&rsquo;image haut de gamme que souhaite renvoyer le Groupe RAIFFEISEN \u00e0 ses clients investisseurs, seront particuli\u00e8rement travaill\u00e9es. Elles auront deux d\u00e9clinaisons. La premi\u00e8re est une fa\u00e7ade classique, avec des murs rideaux et des ch\u00e2ssis aluminium, la seconde sera compos\u00e9e de panneaux d\u00e9coratifs en BFUP (b\u00e9ton fibr\u00e9 \u00e0 ultra haute performance), \u00e9l\u00e9ments de b\u00e9ton fins, qui se rajoutent en d\u00e9coration sur les fa\u00e7ades devant les menuiseries ext\u00e9rieures. La pose de ces panneaux sera effective en fin de travaux, une fois la grue d\u00e9mont\u00e9e, 15 jours avant la livraison de l\u2019immeuble.<\/p>\n<p>Pour dessiner le projet, RAIFFEISEN a fait appel \u00e0 des \u00e9quipes fran\u00e7aises pour l&rsquo;assistance \u00e0 ma\u00eetrise d&rsquo;ouvrage, comme pour la ma\u00eetrise d&rsquo;\u0153uvre. \u00ab Le ma\u00eetre d&rsquo;\u0153uvre est le cabinet Axel Schoenert Architectes, avec qui nous avions d\u00e9j\u00e0 op\u00e9r\u00e9 la r\u00e9habilitation d\u2019un autre immeuble de bureaux, au 54, rue de Londres \u00e0 Paris \u00bb, souligne Herv\u00e9 Matyas. En sus de fortes exigences esth\u00e9tiques, le groupe autrichien avait d\u00e8s la conception, des attentes tr\u00e8s pr\u00e9cises en terme de qualit\u00e9 environnementale et thermique du b\u00e2timent. Cette op\u00e9ration devra ainsi obtenir une triple certification : Breeam niveau Excellent, HQE niveau Excellent et Well niveau Gold. Elle devra aussi r\u00e9pondre \u00e0 deux lab\u00e9lisations : BBC Effinergie R\u00e9novation et Wired Certification niveau Gold, laquelle caract\u00e9rise les performances du b\u00e2timent en terme de connectivit\u00e9.<\/p>\n<p>&nbsp;<\/p>\n<p>Photo : Rue des Je\u00fbneurs, Paris \u00a9 DR<\/p>\n<p>&nbsp;<\/p>\n","protected":false},"excerpt":{"rendered":"<p>Martin SARDELIC, Pr\u00e9sident de VALIDA, Matthias MARHOLD, General Manager Raiffeisen Immobilier Kapitalanlage-Gesellschaft mbH, Axel SCHOENERT, Architecte du projet et Herv\u00e9 MATYAS, Directeur R\u00e9habilitation du Groupe LEGENDRE en Ile-de-France, ont officiellement c\u00e9l\u00e9br\u00e9 le d\u00e9marrage des travaux des bureaux d\u00e9tenus par le groupe autrichien, RAIFFEISEN, dans le second arrondissement de Paris. Cette r\u00e9habilitation consiste en la restructuration [&hellip;]<\/p>\n","protected":false},"author":17,"featured_media":100870,"comment_status":"closed","ping_status":"closed","sticky":false,"template":"","format":"standard","meta":{"_et_pb_use_builder":"","_et_pb_old_content":"","_et_gb_content_width":"","footnotes":""},"categories":[10530,6340,10771,10775],"tags":[126,89],"class_list":["post-100868","post","type-post","status-publish","format-standard","has-post-thumbnail","hentry","category-actualites","category-architecture-conception","category-5facades","category-actualites-5facades","tag-facade","tag-rehabilitation"],"yoast_head":"<!-- This site is optimized with the Yoast SEO plugin v27.4 - https:\/\/yoast.com\/product\/yoast-seo-wordpress\/ -->\n<title>R\u00e9habilitation lourde de bureaux \u00e0 Paris<\/title>\n<meta name=\"description\" content=\"Cette r\u00e9habilitation consiste en la restructuration compl\u00e8te et l\u2019agrandissement d\u2019un immeuble de bureaux, extension des fa\u00e7ades c\u00f4t\u00e9 cour, sur\u00e9l\u00e9vation...\" \/>\n<meta name=\"robots\" content=\"index, follow, max-snippet:-1, max-image-preview:large, max-video-preview:-1\" \/>\n<link rel=\"canonical\" href=\"https:\/\/batijournal.com\/index.php\/rehabilitation-lourde-de-bureaux-a-paris\/100868\/\" \/>\n<meta property=\"og:locale\" content=\"fr_FR\" \/>\n<meta property=\"og:type\" content=\"article\" \/>\n<meta property=\"og:title\" content=\"R\u00e9habilitation lourde de bureaux \u00e0 Paris\" \/>\n<meta property=\"og:description\" content=\"Cette r\u00e9habilitation consiste en la restructuration compl\u00e8te et l\u2019agrandissement d\u2019un immeuble de bureaux, extension des fa\u00e7ades c\u00f4t\u00e9 cour, sur\u00e9l\u00e9vation...\" \/>\n<meta property=\"og:url\" content=\"https:\/\/batijournal.com\/index.php\/rehabilitation-lourde-de-bureaux-a-paris\/100868\/\" \/>\n<meta property=\"og:site_name\" content=\"Batijournal\" \/>\n<meta property=\"article:published_time\" content=\"2018-11-14T10:15:44+00:00\" \/>\n<meta property=\"article:modified_time\" content=\"2019-07-15T09:26:49+00:00\" \/>\n<meta property=\"og:image\" content=\"https:\/\/batijournal.com\/wp-content\/uploads\/2018\/11\/paris-rue-des-jeuneurs-lc.jpg\" \/>\n\t<meta property=\"og:image:width\" content=\"1488\" \/>\n\t<meta property=\"og:image:height\" content=\"992\" \/>\n\t<meta property=\"og:image:type\" content=\"image\/jpeg\" \/>\n<meta name=\"author\" content=\"St\u00e9phane Miget\" \/>\n<meta name=\"twitter:card\" content=\"summary_large_image\" \/>\n<meta name=\"twitter:creator\" content=\"@bati_journal\" \/>\n<meta name=\"twitter:site\" content=\"@bati_journal\" \/>\n<meta name=\"twitter:label1\" content=\"\u00c9crit par\" \/>\n\t<meta name=\"twitter:data1\" content=\"St\u00e9phane Miget\" \/>\n\t<meta name=\"twitter:label2\" content=\"Dur\u00e9e de lecture estim\u00e9e\" \/>\n\t<meta name=\"twitter:data2\" content=\"2 minutes\" \/>\n<script type=\"application\/ld+json\" class=\"yoast-schema-graph\">{\"@context\":\"https:\\\/\\\/schema.org\",\"@graph\":[{\"@type\":\"Article\",\"@id\":\"https:\\\/\\\/batijournal.com\\\/index.php\\\/rehabilitation-lourde-de-bureaux-a-paris\\\/100868\\\/#article\",\"isPartOf\":{\"@id\":\"https:\\\/\\\/batijournal.com\\\/index.php\\\/rehabilitation-lourde-de-bureaux-a-paris\\\/100868\\\/\"},\"author\":{\"name\":\"St\u00e9phane Miget\",\"@id\":\"https:\\\/\\\/batijournal.com\\\/#\\\/schema\\\/person\\\/1dc96ec6957aa1ccb25ebe78bb19f100\"},\"headline\":\"R\u00e9habilitation lourde de bureaux \u00e0 Paris\",\"datePublished\":\"2018-11-14T10:15:44+00:00\",\"dateModified\":\"2019-07-15T09:26:49+00:00\",\"mainEntityOfPage\":{\"@id\":\"https:\\\/\\\/batijournal.com\\\/index.php\\\/rehabilitation-lourde-de-bureaux-a-paris\\\/100868\\\/\"},\"wordCount\":390,\"image\":{\"@id\":\"https:\\\/\\\/batijournal.com\\\/index.php\\\/rehabilitation-lourde-de-bureaux-a-paris\\\/100868\\\/#primaryimage\"},\"thumbnailUrl\":\"https:\\\/\\\/batijournal.com\\\/wp-content\\\/uploads\\\/2018\\\/11\\\/paris-rue-des-jeuneurs-lc.jpg\",\"keywords\":[\"fa\u00e7ade\",\"r\u00e9habilitation\"],\"articleSection\":[\"Actualit\u00e9s\",\"Architecture &amp; Conception\",\"zz_5fa\u00e7ades\",\"zz_Actualit\u00e9s - 5fa\u00e7ades\"],\"inLanguage\":\"fr-FR\"},{\"@type\":\"WebPage\",\"@id\":\"https:\\\/\\\/batijournal.com\\\/index.php\\\/rehabilitation-lourde-de-bureaux-a-paris\\\/100868\\\/\",\"url\":\"https:\\\/\\\/batijournal.com\\\/index.php\\\/rehabilitation-lourde-de-bureaux-a-paris\\\/100868\\\/\",\"name\":\"R\u00e9habilitation lourde de bureaux \u00e0 Paris\",\"isPartOf\":{\"@id\":\"https:\\\/\\\/batijournal.com\\\/#website\"},\"primaryImageOfPage\":{\"@id\":\"https:\\\/\\\/batijournal.com\\\/index.php\\\/rehabilitation-lourde-de-bureaux-a-paris\\\/100868\\\/#primaryimage\"},\"image\":{\"@id\":\"https:\\\/\\\/batijournal.com\\\/index.php\\\/rehabilitation-lourde-de-bureaux-a-paris\\\/100868\\\/#primaryimage\"},\"thumbnailUrl\":\"https:\\\/\\\/batijournal.com\\\/wp-content\\\/uploads\\\/2018\\\/11\\\/paris-rue-des-jeuneurs-lc.jpg\",\"datePublished\":\"2018-11-14T10:15:44+00:00\",\"dateModified\":\"2019-07-15T09:26:49+00:00\",\"author\":{\"@id\":\"https:\\\/\\\/batijournal.com\\\/#\\\/schema\\\/person\\\/1dc96ec6957aa1ccb25ebe78bb19f100\"},\"description\":\"Cette r\u00e9habilitation consiste en la restructuration compl\u00e8te et l\u2019agrandissement d\u2019un immeuble de bureaux, extension des fa\u00e7ades c\u00f4t\u00e9 cour, sur\u00e9l\u00e9vation...\",\"breadcrumb\":{\"@id\":\"https:\\\/\\\/batijournal.com\\\/index.php\\\/rehabilitation-lourde-de-bureaux-a-paris\\\/100868\\\/#breadcrumb\"},\"inLanguage\":\"fr-FR\",\"potentialAction\":[{\"@type\":\"ReadAction\",\"target\":[\"https:\\\/\\\/batijournal.com\\\/index.php\\\/rehabilitation-lourde-de-bureaux-a-paris\\\/100868\\\/\"]}]},{\"@type\":\"ImageObject\",\"inLanguage\":\"fr-FR\",\"@id\":\"https:\\\/\\\/batijournal.com\\\/index.php\\\/rehabilitation-lourde-de-bureaux-a-paris\\\/100868\\\/#primaryimage\",\"url\":\"https:\\\/\\\/batijournal.com\\\/wp-content\\\/uploads\\\/2018\\\/11\\\/paris-rue-des-jeuneurs-lc.jpg\",\"contentUrl\":\"https:\\\/\\\/batijournal.com\\\/wp-content\\\/uploads\\\/2018\\\/11\\\/paris-rue-des-jeuneurs-lc.jpg\",\"width\":1488,\"height\":992},{\"@type\":\"BreadcrumbList\",\"@id\":\"https:\\\/\\\/batijournal.com\\\/index.php\\\/rehabilitation-lourde-de-bureaux-a-paris\\\/100868\\\/#breadcrumb\",\"itemListElement\":[{\"@type\":\"ListItem\",\"position\":1,\"name\":\"Accueil\",\"item\":\"https:\\\/\\\/batijournal.com\\\/\"},{\"@type\":\"ListItem\",\"position\":2,\"name\":\"Actualit\u00e9s\",\"item\":\"https:\\\/\\\/batijournal.com\\\/index.php\\\/category\\\/actualites\\\/\"},{\"@type\":\"ListItem\",\"position\":3,\"name\":\"R\u00e9habilitation lourde de bureaux \u00e0 Paris\"}]},{\"@type\":\"WebSite\",\"@id\":\"https:\\\/\\\/batijournal.com\\\/#website\",\"url\":\"https:\\\/\\\/batijournal.com\\\/\",\"name\":\"Batijournal\",\"description\":\"L&#039;actualit\u00e9 du b\u00e2timent\",\"potentialAction\":[{\"@type\":\"SearchAction\",\"target\":{\"@type\":\"EntryPoint\",\"urlTemplate\":\"https:\\\/\\\/batijournal.com\\\/?s={search_term_string}\"},\"query-input\":{\"@type\":\"PropertyValueSpecification\",\"valueRequired\":true,\"valueName\":\"search_term_string\"}}],\"inLanguage\":\"fr-FR\"},{\"@type\":\"Person\",\"@id\":\"https:\\\/\\\/batijournal.com\\\/#\\\/schema\\\/person\\\/1dc96ec6957aa1ccb25ebe78bb19f100\",\"name\":\"St\u00e9phane Miget\",\"image\":{\"@type\":\"ImageObject\",\"inLanguage\":\"fr-FR\",\"@id\":\"https:\\\/\\\/secure.gravatar.com\\\/avatar\\\/89915563d925342126b8ef0281b93d9d7fc337043e8df017f780908eb9644451?s=96&d=mm&r=g\",\"url\":\"https:\\\/\\\/secure.gravatar.com\\\/avatar\\\/89915563d925342126b8ef0281b93d9d7fc337043e8df017f780908eb9644451?s=96&d=mm&r=g\",\"contentUrl\":\"https:\\\/\\\/secure.gravatar.com\\\/avatar\\\/89915563d925342126b8ef0281b93d9d7fc337043e8df017f780908eb9644451?s=96&d=mm&r=g\",\"caption\":\"St\u00e9phane Miget\"},\"url\":\"https:\\\/\\\/batijournal.com\\\/index.php\\\/author\\\/stephane\\\/\"}]}<\/script>\n<!-- \/ Yoast SEO plugin. -->","yoast_head_json":{"title":"R\u00e9habilitation lourde de bureaux \u00e0 Paris","description":"Cette r\u00e9habilitation consiste en la restructuration compl\u00e8te et l\u2019agrandissement d\u2019un immeuble de bureaux, extension des fa\u00e7ades c\u00f4t\u00e9 cour, sur\u00e9l\u00e9vation...","robots":{"index":"index","follow":"follow","max-snippet":"max-snippet:-1","max-image-preview":"max-image-preview:large","max-video-preview":"max-video-preview:-1"},"canonical":"https:\/\/batijournal.com\/index.php\/rehabilitation-lourde-de-bureaux-a-paris\/100868\/","og_locale":"fr_FR","og_type":"article","og_title":"R\u00e9habilitation lourde de bureaux \u00e0 Paris","og_description":"Cette r\u00e9habilitation consiste en la restructuration compl\u00e8te et l\u2019agrandissement d\u2019un immeuble de bureaux, extension des fa\u00e7ades c\u00f4t\u00e9 cour, sur\u00e9l\u00e9vation...","og_url":"https:\/\/batijournal.com\/index.php\/rehabilitation-lourde-de-bureaux-a-paris\/100868\/","og_site_name":"Batijournal","article_published_time":"2018-11-14T10:15:44+00:00","article_modified_time":"2019-07-15T09:26:49+00:00","og_image":[{"width":1488,"height":992,"url":"https:\/\/batijournal.com\/wp-content\/uploads\/2018\/11\/paris-rue-des-jeuneurs-lc.jpg","type":"image\/jpeg"}],"author":"St\u00e9phane Miget","twitter_card":"summary_large_image","twitter_creator":"@bati_journal","twitter_site":"@bati_journal","twitter_misc":{"\u00c9crit par":"St\u00e9phane Miget","Dur\u00e9e de lecture estim\u00e9e":"2 minutes"},"schema":{"@context":"https:\/\/schema.org","@graph":[{"@type":"Article","@id":"https:\/\/batijournal.com\/index.php\/rehabilitation-lourde-de-bureaux-a-paris\/100868\/#article","isPartOf":{"@id":"https:\/\/batijournal.com\/index.php\/rehabilitation-lourde-de-bureaux-a-paris\/100868\/"},"author":{"name":"St\u00e9phane Miget","@id":"https:\/\/batijournal.com\/#\/schema\/person\/1dc96ec6957aa1ccb25ebe78bb19f100"},"headline":"R\u00e9habilitation lourde de bureaux \u00e0 Paris","datePublished":"2018-11-14T10:15:44+00:00","dateModified":"2019-07-15T09:26:49+00:00","mainEntityOfPage":{"@id":"https:\/\/batijournal.com\/index.php\/rehabilitation-lourde-de-bureaux-a-paris\/100868\/"},"wordCount":390,"image":{"@id":"https:\/\/batijournal.com\/index.php\/rehabilitation-lourde-de-bureaux-a-paris\/100868\/#primaryimage"},"thumbnailUrl":"https:\/\/batijournal.com\/wp-content\/uploads\/2018\/11\/paris-rue-des-jeuneurs-lc.jpg","keywords":["fa\u00e7ade","r\u00e9habilitation"],"articleSection":["Actualit\u00e9s","Architecture &amp; Conception","zz_5fa\u00e7ades","zz_Actualit\u00e9s - 5fa\u00e7ades"],"inLanguage":"fr-FR"},{"@type":"WebPage","@id":"https:\/\/batijournal.com\/index.php\/rehabilitation-lourde-de-bureaux-a-paris\/100868\/","url":"https:\/\/batijournal.com\/index.php\/rehabilitation-lourde-de-bureaux-a-paris\/100868\/","name":"R\u00e9habilitation lourde de bureaux \u00e0 Paris","isPartOf":{"@id":"https:\/\/batijournal.com\/#website"},"primaryImageOfPage":{"@id":"https:\/\/batijournal.com\/index.php\/rehabilitation-lourde-de-bureaux-a-paris\/100868\/#primaryimage"},"image":{"@id":"https:\/\/batijournal.com\/index.php\/rehabilitation-lourde-de-bureaux-a-paris\/100868\/#primaryimage"},"thumbnailUrl":"https:\/\/batijournal.com\/wp-content\/uploads\/2018\/11\/paris-rue-des-jeuneurs-lc.jpg","datePublished":"2018-11-14T10:15:44+00:00","dateModified":"2019-07-15T09:26:49+00:00","author":{"@id":"https:\/\/batijournal.com\/#\/schema\/person\/1dc96ec6957aa1ccb25ebe78bb19f100"},"description":"Cette r\u00e9habilitation consiste en la restructuration compl\u00e8te et l\u2019agrandissement d\u2019un immeuble de bureaux, extension des fa\u00e7ades c\u00f4t\u00e9 cour, sur\u00e9l\u00e9vation...","breadcrumb":{"@id":"https:\/\/batijournal.com\/index.php\/rehabilitation-lourde-de-bureaux-a-paris\/100868\/#breadcrumb"},"inLanguage":"fr-FR","potentialAction":[{"@type":"ReadAction","target":["https:\/\/batijournal.com\/index.php\/rehabilitation-lourde-de-bureaux-a-paris\/100868\/"]}]},{"@type":"ImageObject","inLanguage":"fr-FR","@id":"https:\/\/batijournal.com\/index.php\/rehabilitation-lourde-de-bureaux-a-paris\/100868\/#primaryimage","url":"https:\/\/batijournal.com\/wp-content\/uploads\/2018\/11\/paris-rue-des-jeuneurs-lc.jpg","contentUrl":"https:\/\/batijournal.com\/wp-content\/uploads\/2018\/11\/paris-rue-des-jeuneurs-lc.jpg","width":1488,"height":992},{"@type":"BreadcrumbList","@id":"https:\/\/batijournal.com\/index.php\/rehabilitation-lourde-de-bureaux-a-paris\/100868\/#breadcrumb","itemListElement":[{"@type":"ListItem","position":1,"name":"Accueil","item":"https:\/\/batijournal.com\/"},{"@type":"ListItem","position":2,"name":"Actualit\u00e9s","item":"https:\/\/batijournal.com\/index.php\/category\/actualites\/"},{"@type":"ListItem","position":3,"name":"R\u00e9habilitation lourde de bureaux \u00e0 Paris"}]},{"@type":"WebSite","@id":"https:\/\/batijournal.com\/#website","url":"https:\/\/batijournal.com\/","name":"Batijournal","description":"L&#039;actualit\u00e9 du b\u00e2timent","potentialAction":[{"@type":"SearchAction","target":{"@type":"EntryPoint","urlTemplate":"https:\/\/batijournal.com\/?s={search_term_string}"},"query-input":{"@type":"PropertyValueSpecification","valueRequired":true,"valueName":"search_term_string"}}],"inLanguage":"fr-FR"},{"@type":"Person","@id":"https:\/\/batijournal.com\/#\/schema\/person\/1dc96ec6957aa1ccb25ebe78bb19f100","name":"St\u00e9phane Miget","image":{"@type":"ImageObject","inLanguage":"fr-FR","@id":"https:\/\/secure.gravatar.com\/avatar\/89915563d925342126b8ef0281b93d9d7fc337043e8df017f780908eb9644451?s=96&d=mm&r=g","url":"https:\/\/secure.gravatar.com\/avatar\/89915563d925342126b8ef0281b93d9d7fc337043e8df017f780908eb9644451?s=96&d=mm&r=g","contentUrl":"https:\/\/secure.gravatar.com\/avatar\/89915563d925342126b8ef0281b93d9d7fc337043e8df017f780908eb9644451?s=96&d=mm&r=g","caption":"St\u00e9phane Miget"},"url":"https:\/\/batijournal.com\/index.php\/author\/stephane\/"}]}},"_links":{"self":[{"href":"https:\/\/batijournal.com\/index.php\/wp-json\/wp\/v2\/posts\/100868","targetHints":{"allow":["GET"]}}],"collection":[{"href":"https:\/\/batijournal.com\/index.php\/wp-json\/wp\/v2\/posts"}],"about":[{"href":"https:\/\/batijournal.com\/index.php\/wp-json\/wp\/v2\/types\/post"}],"author":[{"embeddable":true,"href":"https:\/\/batijournal.com\/index.php\/wp-json\/wp\/v2\/users\/17"}],"replies":[{"embeddable":true,"href":"https:\/\/batijournal.com\/index.php\/wp-json\/wp\/v2\/comments?post=100868"}],"version-history":[{"count":0,"href":"https:\/\/batijournal.com\/index.php\/wp-json\/wp\/v2\/posts\/100868\/revisions"}],"wp:featuredmedia":[{"embeddable":true,"href":"https:\/\/batijournal.com\/index.php\/wp-json\/wp\/v2\/media\/100870"}],"wp:attachment":[{"href":"https:\/\/batijournal.com\/index.php\/wp-json\/wp\/v2\/media?parent=100868"}],"wp:term":[{"taxonomy":"category","embeddable":true,"href":"https:\/\/batijournal.com\/index.php\/wp-json\/wp\/v2\/categories?post=100868"},{"taxonomy":"post_tag","embeddable":true,"href":"https:\/\/batijournal.com\/index.php\/wp-json\/wp\/v2\/tags?post=100868"}],"curies":[{"name":"wp","href":"https:\/\/api.w.org\/{rel}","templated":true}]}}