{"id":100875,"date":"2018-11-15T08:48:34","date_gmt":"2018-11-15T07:48:34","guid":{"rendered":"https:\/\/batijournal.com\/?p=100875"},"modified":"2019-07-15T11:26:49","modified_gmt":"2019-07-15T09:26:49","slug":"le-nouveau-batiment-coffre-fort-de-la-banque-de-france","status":"publish","type":"post","link":"https:\/\/batijournal.com\/index.php\/le-nouveau-batiment-coffre-fort-de-la-banque-de-france\/100875\/","title":{"rendered":"Le nouveau b\u00e2timent coffre-fort de la Banque de France"},"content":{"rendered":"<p><strong>Le nouveau site de la Banque de France Paris La Courneuve a \u00e9t\u00e9 officiellement inaugur\u00e9 par Monsieur Fran\u00e7ois Villeroy de Galhau, Gouverneur de la Banque de France. Il occupe le terrain de la friche industrielle de la fonderie Babcock s\u2019\u00e9tendant sur 4,5 hectares en bord de l\u2019A86. L\u2019installation signe le renouveau d\u2019un site, mais aussi celui de tout un quartier avec la volont\u00e9 de pr\u00e9server le patrimoine embl\u00e9matique des anciennes halles industrielles et de renforcer une vocation culturelle avec la future \u00abFabrique des Cultures\u00bb. Deuxi\u00e8me plus grand centre d\u2019Europe de traitement des valeurs, ce nouveau site renfermera 25% du volume national de billets.<\/strong><\/p>\n<p>Afin de traiter d\u00e8s son ouverture plus d\u20191 milliard de billets, ce projet fait appel \u00e0 une infrastructure mat\u00e9rielle et technologique sp\u00e9cifique r\u00e9pondant \u00e0 des exigences d\u2019ultra s\u00e9curit\u00e9 et de tr\u00e8s forte automatisation. Le centre n\u00e9vralgique du dispositif architectural est un b\u00e2timent coffre-fort compos\u00e9 par la juxtaposition de trois volumes cubiques. Sa premi\u00e8re fonction est le contr\u00f4le automatis\u00e9 \u00e0 tr\u00e8s haute cadence des billets avec une destruction automatique des billets usag\u00e9s et la mise \u00e0 l\u2019\u00e9cart des coupures douteuses. La seconde fonction est le stockage des valeurs assur\u00e9 dans une \u00abserre\u00bb haute de 26 m\u00e8tres.<\/p>\n<p>La lumi\u00e8re naturelle rev\u00eat un r\u00f4le primordial dans le parti-pris architectural de cet environnement a priori herm\u00e9tique : la fa\u00e7ade en c\u00e9ramique blanche d\u00e9ploie un jeu de motifs en creux et altern\u00e9s qui en adoucit le caract\u00e8re d\u00e9fensif et cr\u00e9e une vibration en fonction de l\u2019ensoleillement. Ce rapport \u00e0 la lumi\u00e8re se manifeste \u00e9galement au c\u0153ur du b\u00e2timent avec un vide triangulaire abritant un patio accessible au personnel.<\/p>\n<p><img loading=\"lazy\" decoding=\"async\" class=\"aligncenter size-full wp-image-100876\" src=\"https:\/\/batijournal.com\/wp-content\/uploads\/2018\/11\/facade-batiment-coffre-fort-Banque-de-France.jpg\" alt=\"\" width=\"651\" height=\"900\" srcset=\"https:\/\/batijournal.com\/wp-content\/uploads\/2018\/11\/facade-batiment-coffre-fort-Banque-de-France.jpg 651w, https:\/\/batijournal.com\/wp-content\/uploads\/2018\/11\/facade-batiment-coffre-fort-Banque-de-France-109x150.jpg 109w, https:\/\/batijournal.com\/wp-content\/uploads\/2018\/11\/facade-batiment-coffre-fort-Banque-de-France-217x300.jpg 217w, https:\/\/batijournal.com\/wp-content\/uploads\/2018\/11\/facade-batiment-coffre-fort-Banque-de-France-600x829.jpg 600w\" sizes=\"(max-width: 651px) 100vw, 651px\" \/><\/p>\n<p>Deux anciens b\u00e2timents de l\u2019usine Babcock Wilcox, l\u2019un en brique de 1923, l\u2019autre en b\u00e9ton de 1987, qui accueillent les bureaux et le public, font face \u00e0 l&rsquo;unit\u00e9 s\u00e9curis\u00e9e. Restaur\u00e9s dans le respect de leur singularit\u00e9, ils sont d\u00e9sormais organiquement connect\u00e9s pour instaurer une harmonisation des usages et des fonctions.<\/p>\n<p>L\u2019ensemble installe non seulement un dialogue entre les diff\u00e9rentes entit\u00e9s du site mais aussi avec leur environnement imm\u00e9diat. Il proc\u00e8de de l\u2019ouverture architecturale d\u2019un site dont la fonction est justement d\u2019\u00eatre herm\u00e9tique. Le projet t\u00e9moigne plus g\u00e9n\u00e9ralement d\u2019un sujet qui est cher \u00e0 Jean-Paul Viguier et Associ\u00e9s : le rapport entre patrimoine et architecture contemporaine.<\/p>\n<p>Surface globale : 23 500 m\u00b2<br \/>\nSurface tertiaire : 6 500 m\u00b2 en R+4, capacit\u00e9 d\u2019accueil de 450 personnes env.<br \/>\nSurface fiduciaire : 17 000 m\u00b2<\/p>\n<p>Ma\u00eetre d\u2019ouvrage : Banque de France<br \/>\nMa\u00eetre d\u2019\u0152uvre mandataire : Jean-Paul Viguier et Associ\u00e9s<br \/>\nMa\u00eetre d\u2019\u0153uvre mandataire, dir. du groupement process et logistique : Artelia<br \/>\nBET : Axeflow (Process), Alternative (Acoustique)<br \/>\nArchitecture paysag\u00e8re : Agence Babylone<br \/>\nAm\u00e9nagement int\u00e9rieur : Majorelle (space planning)<br \/>\nEntreprises de construction : L\u00e9on Grosse (entreprise g\u00e9n\u00e9rale b\u00e2timent tertiaire), CBC (Gros \u0153uvre et second \u0153uvre), Ineo (CFO et CFA), Spie (CVC plomberie), Jean Lefebvre (VRD et espaces verts)<br \/>\nMat\u00e9riaux : C\u00e9ramique extrud\u00e9e (entreprise Moeding) et cassettes m\u00e9talliques comme rev\u00eatement de fa\u00e7ade<br \/>\nCertifications : NF HQE B\u00e2timents tertiaires par Certiv\u00e9a avec \u00ab Plateforme logistique durable \u00bb 3* par Afilog<\/p>\n","protected":false},"excerpt":{"rendered":"<p>Le nouveau site de la Banque de France Paris La Courneuve a \u00e9t\u00e9 officiellement inaugur\u00e9 par Monsieur Fran\u00e7ois Villeroy de Galhau, Gouverneur de la Banque de France. Il occupe le terrain de la friche industrielle de la fonderie Babcock s\u2019\u00e9tendant sur 4,5 hectares en bord de l\u2019A86. L\u2019installation signe le renouveau d\u2019un site, mais aussi [&hellip;]<\/p>\n","protected":false},"author":17,"featured_media":100877,"comment_status":"closed","ping_status":"closed","sticky":false,"template":"","format":"standard","meta":{"_et_pb_use_builder":"","_et_pb_old_content":"","_et_gb_content_width":"","footnotes":""},"categories":[10530,6340,10771,10775],"tags":[126],"class_list":["post-100875","post","type-post","status-publish","format-standard","has-post-thumbnail","hentry","category-actualites","category-architecture-conception","category-5facades","category-actualites-5facades","tag-facade"],"yoast_head":"<!-- This site is optimized with the Yoast SEO plugin v27.4 - https:\/\/yoast.com\/product\/yoast-seo-wordpress\/ -->\n<title>Le nouveau b\u00e2timent coffre-fort de la Banque de France<\/title>\n<meta name=\"description\" content=\"Le nouveau site de la Banque de France Paris La Courneuve a \u00e9t\u00e9 officiellement inaugur\u00e9 par Fran\u00e7ois Villeroy de Galhau, Gouverneur de la Banque de France\" \/>\n<meta name=\"robots\" content=\"index, follow, max-snippet:-1, max-image-preview:large, max-video-preview:-1\" \/>\n<link rel=\"canonical\" href=\"https:\/\/batijournal.com\/index.php\/le-nouveau-batiment-coffre-fort-de-la-banque-de-france\/100875\/\" \/>\n<meta property=\"og:locale\" content=\"fr_FR\" \/>\n<meta property=\"og:type\" content=\"article\" \/>\n<meta property=\"og:title\" content=\"Le nouveau b\u00e2timent coffre-fort de la Banque de France\" \/>\n<meta property=\"og:description\" content=\"Le nouveau site de la Banque de France Paris La Courneuve a \u00e9t\u00e9 officiellement inaugur\u00e9 par Fran\u00e7ois Villeroy de Galhau, Gouverneur de la Banque de France\" \/>\n<meta property=\"og:url\" content=\"https:\/\/batijournal.com\/index.php\/le-nouveau-batiment-coffre-fort-de-la-banque-de-france\/100875\/\" \/>\n<meta property=\"og:site_name\" content=\"Batijournal\" \/>\n<meta property=\"article:published_time\" content=\"2018-11-15T07:48:34+00:00\" \/>\n<meta property=\"article:modified_time\" content=\"2019-07-15T09:26:49+00:00\" \/>\n<meta property=\"og:image\" content=\"https:\/\/batijournal.com\/wp-content\/uploads\/2018\/11\/batiment-coffre-fort-Banque-de-France.jpg\" \/>\n\t<meta property=\"og:image:width\" content=\"1400\" \/>\n\t<meta property=\"og:image:height\" content=\"758\" \/>\n\t<meta property=\"og:image:type\" content=\"image\/jpeg\" \/>\n<meta name=\"author\" content=\"St\u00e9phane Miget\" \/>\n<meta name=\"twitter:card\" content=\"summary_large_image\" \/>\n<meta name=\"twitter:creator\" content=\"@bati_journal\" \/>\n<meta name=\"twitter:site\" content=\"@bati_journal\" \/>\n<meta name=\"twitter:label1\" content=\"\u00c9crit par\" \/>\n\t<meta name=\"twitter:data1\" content=\"St\u00e9phane Miget\" \/>\n\t<meta name=\"twitter:label2\" content=\"Dur\u00e9e de lecture estim\u00e9e\" \/>\n\t<meta name=\"twitter:data2\" content=\"3 minutes\" \/>\n<script type=\"application\/ld+json\" class=\"yoast-schema-graph\">{\"@context\":\"https:\\\/\\\/schema.org\",\"@graph\":[{\"@type\":\"Article\",\"@id\":\"https:\\\/\\\/batijournal.com\\\/index.php\\\/le-nouveau-batiment-coffre-fort-de-la-banque-de-france\\\/100875\\\/#article\",\"isPartOf\":{\"@id\":\"https:\\\/\\\/batijournal.com\\\/index.php\\\/le-nouveau-batiment-coffre-fort-de-la-banque-de-france\\\/100875\\\/\"},\"author\":{\"name\":\"St\u00e9phane Miget\",\"@id\":\"https:\\\/\\\/batijournal.com\\\/#\\\/schema\\\/person\\\/1dc96ec6957aa1ccb25ebe78bb19f100\"},\"headline\":\"Le nouveau b\u00e2timent coffre-fort de la Banque de France\",\"datePublished\":\"2018-11-15T07:48:34+00:00\",\"dateModified\":\"2019-07-15T09:26:49+00:00\",\"mainEntityOfPage\":{\"@id\":\"https:\\\/\\\/batijournal.com\\\/index.php\\\/le-nouveau-batiment-coffre-fort-de-la-banque-de-france\\\/100875\\\/\"},\"wordCount\":559,\"image\":{\"@id\":\"https:\\\/\\\/batijournal.com\\\/index.php\\\/le-nouveau-batiment-coffre-fort-de-la-banque-de-france\\\/100875\\\/#primaryimage\"},\"thumbnailUrl\":\"https:\\\/\\\/batijournal.com\\\/wp-content\\\/uploads\\\/2018\\\/11\\\/batiment-coffre-fort-Banque-de-France.jpg\",\"keywords\":[\"fa\u00e7ade\"],\"articleSection\":[\"Actualit\u00e9s\",\"Architecture &amp; Conception\",\"zz_5fa\u00e7ades\",\"zz_Actualit\u00e9s - 5fa\u00e7ades\"],\"inLanguage\":\"fr-FR\"},{\"@type\":\"WebPage\",\"@id\":\"https:\\\/\\\/batijournal.com\\\/index.php\\\/le-nouveau-batiment-coffre-fort-de-la-banque-de-france\\\/100875\\\/\",\"url\":\"https:\\\/\\\/batijournal.com\\\/index.php\\\/le-nouveau-batiment-coffre-fort-de-la-banque-de-france\\\/100875\\\/\",\"name\":\"Le nouveau b\u00e2timent coffre-fort de la Banque de France\",\"isPartOf\":{\"@id\":\"https:\\\/\\\/batijournal.com\\\/#website\"},\"primaryImageOfPage\":{\"@id\":\"https:\\\/\\\/batijournal.com\\\/index.php\\\/le-nouveau-batiment-coffre-fort-de-la-banque-de-france\\\/100875\\\/#primaryimage\"},\"image\":{\"@id\":\"https:\\\/\\\/batijournal.com\\\/index.php\\\/le-nouveau-batiment-coffre-fort-de-la-banque-de-france\\\/100875\\\/#primaryimage\"},\"thumbnailUrl\":\"https:\\\/\\\/batijournal.com\\\/wp-content\\\/uploads\\\/2018\\\/11\\\/batiment-coffre-fort-Banque-de-France.jpg\",\"datePublished\":\"2018-11-15T07:48:34+00:00\",\"dateModified\":\"2019-07-15T09:26:49+00:00\",\"author\":{\"@id\":\"https:\\\/\\\/batijournal.com\\\/#\\\/schema\\\/person\\\/1dc96ec6957aa1ccb25ebe78bb19f100\"},\"description\":\"Le nouveau site de la Banque de France Paris La Courneuve a \u00e9t\u00e9 officiellement inaugur\u00e9 par Fran\u00e7ois Villeroy de Galhau, Gouverneur de la Banque de France\",\"breadcrumb\":{\"@id\":\"https:\\\/\\\/batijournal.com\\\/index.php\\\/le-nouveau-batiment-coffre-fort-de-la-banque-de-france\\\/100875\\\/#breadcrumb\"},\"inLanguage\":\"fr-FR\",\"potentialAction\":[{\"@type\":\"ReadAction\",\"target\":[\"https:\\\/\\\/batijournal.com\\\/index.php\\\/le-nouveau-batiment-coffre-fort-de-la-banque-de-france\\\/100875\\\/\"]}]},{\"@type\":\"ImageObject\",\"inLanguage\":\"fr-FR\",\"@id\":\"https:\\\/\\\/batijournal.com\\\/index.php\\\/le-nouveau-batiment-coffre-fort-de-la-banque-de-france\\\/100875\\\/#primaryimage\",\"url\":\"https:\\\/\\\/batijournal.com\\\/wp-content\\\/uploads\\\/2018\\\/11\\\/batiment-coffre-fort-Banque-de-France.jpg\",\"contentUrl\":\"https:\\\/\\\/batijournal.com\\\/wp-content\\\/uploads\\\/2018\\\/11\\\/batiment-coffre-fort-Banque-de-France.jpg\",\"width\":1400,\"height\":758},{\"@type\":\"BreadcrumbList\",\"@id\":\"https:\\\/\\\/batijournal.com\\\/index.php\\\/le-nouveau-batiment-coffre-fort-de-la-banque-de-france\\\/100875\\\/#breadcrumb\",\"itemListElement\":[{\"@type\":\"ListItem\",\"position\":1,\"name\":\"Accueil\",\"item\":\"https:\\\/\\\/batijournal.com\\\/\"},{\"@type\":\"ListItem\",\"position\":2,\"name\":\"Actualit\u00e9s\",\"item\":\"https:\\\/\\\/batijournal.com\\\/index.php\\\/category\\\/actualites\\\/\"},{\"@type\":\"ListItem\",\"position\":3,\"name\":\"Le nouveau b\u00e2timent coffre-fort de la Banque de France\"}]},{\"@type\":\"WebSite\",\"@id\":\"https:\\\/\\\/batijournal.com\\\/#website\",\"url\":\"https:\\\/\\\/batijournal.com\\\/\",\"name\":\"Batijournal\",\"description\":\"L&#039;actualit\u00e9 du b\u00e2timent\",\"potentialAction\":[{\"@type\":\"SearchAction\",\"target\":{\"@type\":\"EntryPoint\",\"urlTemplate\":\"https:\\\/\\\/batijournal.com\\\/?s={search_term_string}\"},\"query-input\":{\"@type\":\"PropertyValueSpecification\",\"valueRequired\":true,\"valueName\":\"search_term_string\"}}],\"inLanguage\":\"fr-FR\"},{\"@type\":\"Person\",\"@id\":\"https:\\\/\\\/batijournal.com\\\/#\\\/schema\\\/person\\\/1dc96ec6957aa1ccb25ebe78bb19f100\",\"name\":\"St\u00e9phane Miget\",\"image\":{\"@type\":\"ImageObject\",\"inLanguage\":\"fr-FR\",\"@id\":\"https:\\\/\\\/secure.gravatar.com\\\/avatar\\\/89915563d925342126b8ef0281b93d9d7fc337043e8df017f780908eb9644451?s=96&d=mm&r=g\",\"url\":\"https:\\\/\\\/secure.gravatar.com\\\/avatar\\\/89915563d925342126b8ef0281b93d9d7fc337043e8df017f780908eb9644451?s=96&d=mm&r=g\",\"contentUrl\":\"https:\\\/\\\/secure.gravatar.com\\\/avatar\\\/89915563d925342126b8ef0281b93d9d7fc337043e8df017f780908eb9644451?s=96&d=mm&r=g\",\"caption\":\"St\u00e9phane Miget\"},\"url\":\"https:\\\/\\\/batijournal.com\\\/index.php\\\/author\\\/stephane\\\/\"}]}<\/script>\n<!-- \/ Yoast SEO plugin. -->","yoast_head_json":{"title":"Le nouveau b\u00e2timent coffre-fort de la Banque de France","description":"Le nouveau site de la Banque de France Paris La Courneuve a \u00e9t\u00e9 officiellement inaugur\u00e9 par Fran\u00e7ois Villeroy de Galhau, Gouverneur de la Banque de France","robots":{"index":"index","follow":"follow","max-snippet":"max-snippet:-1","max-image-preview":"max-image-preview:large","max-video-preview":"max-video-preview:-1"},"canonical":"https:\/\/batijournal.com\/index.php\/le-nouveau-batiment-coffre-fort-de-la-banque-de-france\/100875\/","og_locale":"fr_FR","og_type":"article","og_title":"Le nouveau b\u00e2timent coffre-fort de la Banque de France","og_description":"Le nouveau site de la Banque de France Paris La Courneuve a \u00e9t\u00e9 officiellement inaugur\u00e9 par Fran\u00e7ois Villeroy de Galhau, Gouverneur de la Banque de France","og_url":"https:\/\/batijournal.com\/index.php\/le-nouveau-batiment-coffre-fort-de-la-banque-de-france\/100875\/","og_site_name":"Batijournal","article_published_time":"2018-11-15T07:48:34+00:00","article_modified_time":"2019-07-15T09:26:49+00:00","og_image":[{"width":1400,"height":758,"url":"https:\/\/batijournal.com\/wp-content\/uploads\/2018\/11\/batiment-coffre-fort-Banque-de-France.jpg","type":"image\/jpeg"}],"author":"St\u00e9phane Miget","twitter_card":"summary_large_image","twitter_creator":"@bati_journal","twitter_site":"@bati_journal","twitter_misc":{"\u00c9crit par":"St\u00e9phane Miget","Dur\u00e9e de lecture estim\u00e9e":"3 minutes"},"schema":{"@context":"https:\/\/schema.org","@graph":[{"@type":"Article","@id":"https:\/\/batijournal.com\/index.php\/le-nouveau-batiment-coffre-fort-de-la-banque-de-france\/100875\/#article","isPartOf":{"@id":"https:\/\/batijournal.com\/index.php\/le-nouveau-batiment-coffre-fort-de-la-banque-de-france\/100875\/"},"author":{"name":"St\u00e9phane Miget","@id":"https:\/\/batijournal.com\/#\/schema\/person\/1dc96ec6957aa1ccb25ebe78bb19f100"},"headline":"Le nouveau b\u00e2timent coffre-fort de la Banque de France","datePublished":"2018-11-15T07:48:34+00:00","dateModified":"2019-07-15T09:26:49+00:00","mainEntityOfPage":{"@id":"https:\/\/batijournal.com\/index.php\/le-nouveau-batiment-coffre-fort-de-la-banque-de-france\/100875\/"},"wordCount":559,"image":{"@id":"https:\/\/batijournal.com\/index.php\/le-nouveau-batiment-coffre-fort-de-la-banque-de-france\/100875\/#primaryimage"},"thumbnailUrl":"https:\/\/batijournal.com\/wp-content\/uploads\/2018\/11\/batiment-coffre-fort-Banque-de-France.jpg","keywords":["fa\u00e7ade"],"articleSection":["Actualit\u00e9s","Architecture &amp; Conception","zz_5fa\u00e7ades","zz_Actualit\u00e9s - 5fa\u00e7ades"],"inLanguage":"fr-FR"},{"@type":"WebPage","@id":"https:\/\/batijournal.com\/index.php\/le-nouveau-batiment-coffre-fort-de-la-banque-de-france\/100875\/","url":"https:\/\/batijournal.com\/index.php\/le-nouveau-batiment-coffre-fort-de-la-banque-de-france\/100875\/","name":"Le nouveau b\u00e2timent coffre-fort de la Banque de France","isPartOf":{"@id":"https:\/\/batijournal.com\/#website"},"primaryImageOfPage":{"@id":"https:\/\/batijournal.com\/index.php\/le-nouveau-batiment-coffre-fort-de-la-banque-de-france\/100875\/#primaryimage"},"image":{"@id":"https:\/\/batijournal.com\/index.php\/le-nouveau-batiment-coffre-fort-de-la-banque-de-france\/100875\/#primaryimage"},"thumbnailUrl":"https:\/\/batijournal.com\/wp-content\/uploads\/2018\/11\/batiment-coffre-fort-Banque-de-France.jpg","datePublished":"2018-11-15T07:48:34+00:00","dateModified":"2019-07-15T09:26:49+00:00","author":{"@id":"https:\/\/batijournal.com\/#\/schema\/person\/1dc96ec6957aa1ccb25ebe78bb19f100"},"description":"Le nouveau site de la Banque de France Paris La Courneuve a \u00e9t\u00e9 officiellement inaugur\u00e9 par Fran\u00e7ois Villeroy de Galhau, Gouverneur de la Banque de France","breadcrumb":{"@id":"https:\/\/batijournal.com\/index.php\/le-nouveau-batiment-coffre-fort-de-la-banque-de-france\/100875\/#breadcrumb"},"inLanguage":"fr-FR","potentialAction":[{"@type":"ReadAction","target":["https:\/\/batijournal.com\/index.php\/le-nouveau-batiment-coffre-fort-de-la-banque-de-france\/100875\/"]}]},{"@type":"ImageObject","inLanguage":"fr-FR","@id":"https:\/\/batijournal.com\/index.php\/le-nouveau-batiment-coffre-fort-de-la-banque-de-france\/100875\/#primaryimage","url":"https:\/\/batijournal.com\/wp-content\/uploads\/2018\/11\/batiment-coffre-fort-Banque-de-France.jpg","contentUrl":"https:\/\/batijournal.com\/wp-content\/uploads\/2018\/11\/batiment-coffre-fort-Banque-de-France.jpg","width":1400,"height":758},{"@type":"BreadcrumbList","@id":"https:\/\/batijournal.com\/index.php\/le-nouveau-batiment-coffre-fort-de-la-banque-de-france\/100875\/#breadcrumb","itemListElement":[{"@type":"ListItem","position":1,"name":"Accueil","item":"https:\/\/batijournal.com\/"},{"@type":"ListItem","position":2,"name":"Actualit\u00e9s","item":"https:\/\/batijournal.com\/index.php\/category\/actualites\/"},{"@type":"ListItem","position":3,"name":"Le nouveau b\u00e2timent coffre-fort de la Banque de France"}]},{"@type":"WebSite","@id":"https:\/\/batijournal.com\/#website","url":"https:\/\/batijournal.com\/","name":"Batijournal","description":"L&#039;actualit\u00e9 du b\u00e2timent","potentialAction":[{"@type":"SearchAction","target":{"@type":"EntryPoint","urlTemplate":"https:\/\/batijournal.com\/?s={search_term_string}"},"query-input":{"@type":"PropertyValueSpecification","valueRequired":true,"valueName":"search_term_string"}}],"inLanguage":"fr-FR"},{"@type":"Person","@id":"https:\/\/batijournal.com\/#\/schema\/person\/1dc96ec6957aa1ccb25ebe78bb19f100","name":"St\u00e9phane Miget","image":{"@type":"ImageObject","inLanguage":"fr-FR","@id":"https:\/\/secure.gravatar.com\/avatar\/89915563d925342126b8ef0281b93d9d7fc337043e8df017f780908eb9644451?s=96&d=mm&r=g","url":"https:\/\/secure.gravatar.com\/avatar\/89915563d925342126b8ef0281b93d9d7fc337043e8df017f780908eb9644451?s=96&d=mm&r=g","contentUrl":"https:\/\/secure.gravatar.com\/avatar\/89915563d925342126b8ef0281b93d9d7fc337043e8df017f780908eb9644451?s=96&d=mm&r=g","caption":"St\u00e9phane Miget"},"url":"https:\/\/batijournal.com\/index.php\/author\/stephane\/"}]}},"_links":{"self":[{"href":"https:\/\/batijournal.com\/index.php\/wp-json\/wp\/v2\/posts\/100875","targetHints":{"allow":["GET"]}}],"collection":[{"href":"https:\/\/batijournal.com\/index.php\/wp-json\/wp\/v2\/posts"}],"about":[{"href":"https:\/\/batijournal.com\/index.php\/wp-json\/wp\/v2\/types\/post"}],"author":[{"embeddable":true,"href":"https:\/\/batijournal.com\/index.php\/wp-json\/wp\/v2\/users\/17"}],"replies":[{"embeddable":true,"href":"https:\/\/batijournal.com\/index.php\/wp-json\/wp\/v2\/comments?post=100875"}],"version-history":[{"count":0,"href":"https:\/\/batijournal.com\/index.php\/wp-json\/wp\/v2\/posts\/100875\/revisions"}],"wp:featuredmedia":[{"embeddable":true,"href":"https:\/\/batijournal.com\/index.php\/wp-json\/wp\/v2\/media\/100877"}],"wp:attachment":[{"href":"https:\/\/batijournal.com\/index.php\/wp-json\/wp\/v2\/media?parent=100875"}],"wp:term":[{"taxonomy":"category","embeddable":true,"href":"https:\/\/batijournal.com\/index.php\/wp-json\/wp\/v2\/categories?post=100875"},{"taxonomy":"post_tag","embeddable":true,"href":"https:\/\/batijournal.com\/index.php\/wp-json\/wp\/v2\/tags?post=100875"}],"curies":[{"name":"wp","href":"https:\/\/api.w.org\/{rel}","templated":true}]}}