{"id":100887,"date":"2018-11-19T07:51:08","date_gmt":"2018-11-19T06:51:08","guid":{"rendered":"https:\/\/batijournal.com\/?p=100887"},"modified":"2018-11-19T07:51:08","modified_gmt":"2018-11-19T06:51:08","slug":"les-fenetres-bois-sexposent-au-salon-equipbaie","status":"publish","type":"post","link":"https:\/\/batijournal.com\/index.php\/les-fenetres-bois-sexposent-au-salon-equipbaie\/100887\/","title":{"rendered":"Les fen\u00eatres bois s\u2019exposent au salon Equipbaie"},"content":{"rendered":"<p>Du 20 au 23 novembre au salon Equipbaie 2018, les fen\u00eatres bois s\u2019exposent en force aux c\u00f4t\u00e9s des organisations partenaires du P\u00f4le Fen\u00eatre FFB : hall 1, stand H65. Un des objectifs de cette mobilisation \u00e0 la rencontre des professionnels est de faire un tour d\u2019horizon des atouts et performances des menuiseries bois, qui, avec 10,6 % de parts de march\u00e9 et 1,3 million d\u2019unit\u00e9s, repr\u00e9sentent une part non n\u00e9gligeable de la production fran\u00e7aise. Pour la premi\u00e8re fois, un parcours intitul\u00e9 OUI \u00c0 LA MENUISERIE BOIS est organis\u00e9 pour identifier sur le salon les stands de 24 acteurs fran\u00e7ais de la menuiserie bois et d\u00e9couvrir leurs innovations et informations. Chacun des stands int\u00e9gr\u00e9s dans le parcours sera signal\u00e9 par le sticker OUI \u00c0 LA MENUISERIE BOIS.<\/p>\n","protected":false},"excerpt":{"rendered":"<p>Du 20 au 23 novembre au salon Equipbaie 2018, les fen\u00eatres bois s\u2019exposent en force aux c\u00f4t\u00e9s des organisations partenaires du P\u00f4le Fen\u00eatre FFB : hall 1, stand H65. Un des objectifs de cette mobilisation \u00e0 la rencontre des professionnels est de faire un tour d\u2019horizon des atouts et performances des menuiseries bois, qui, avec [&hellip;]<\/p>\n","protected":false},"author":17,"featured_media":100888,"comment_status":"closed","ping_status":"closed","sticky":false,"template":"","format":"standard","meta":{"_et_pb_use_builder":"","_et_pb_old_content":"","_et_gb_content_width":"","footnotes":""},"categories":[10530],"tags":[6236],"class_list":["post-100887","post","type-post","status-publish","format-standard","has-post-thumbnail","hentry","category-actualites","tag-fenetre-bois"],"yoast_head":"<!-- This site is optimized with the Yoast SEO plugin v27.4 - https:\/\/yoast.com\/product\/yoast-seo-wordpress\/ -->\n<title>Les fen\u00eatres bois s\u2019exposent au salon Equipbaie<\/title>\n<meta name=\"description\" content=\"Du 20 au 23 novembre au salon Equipbaie 2018, les fen\u00eatres bois s\u2019exposent aux c\u00f4t\u00e9s des organisations partenaires du P\u00f4le Fen\u00eatre FFB\" \/>\n<meta name=\"robots\" content=\"index, follow, max-snippet:-1, max-image-preview:large, max-video-preview:-1\" \/>\n<link rel=\"canonical\" href=\"https:\/\/batijournal.com\/index.php\/les-fenetres-bois-sexposent-au-salon-equipbaie\/100887\/\" \/>\n<meta property=\"og:locale\" content=\"fr_FR\" \/>\n<meta property=\"og:type\" content=\"article\" \/>\n<meta property=\"og:title\" content=\"Les fen\u00eatres bois s\u2019exposent au salon Equipbaie\" \/>\n<meta property=\"og:description\" content=\"Du 20 au 23 novembre au salon Equipbaie 2018, les fen\u00eatres bois s\u2019exposent aux c\u00f4t\u00e9s des organisations partenaires du P\u00f4le Fen\u00eatre FFB\" \/>\n<meta property=\"og:url\" content=\"https:\/\/batijournal.com\/index.php\/les-fenetres-bois-sexposent-au-salon-equipbaie\/100887\/\" \/>\n<meta property=\"og:site_name\" content=\"Batijournal\" \/>\n<meta property=\"article:published_time\" content=\"2018-11-19T06:51:08+00:00\" \/>\n<meta property=\"og:image\" content=\"https:\/\/batijournal.com\/wp-content\/uploads\/2018\/11\/oui-a-la-menuiserie-bois-equipbaie.png\" \/>\n\t<meta property=\"og:image:width\" content=\"648\" \/>\n\t<meta property=\"og:image:height\" content=\"581\" \/>\n\t<meta property=\"og:image:type\" content=\"image\/png\" \/>\n<meta name=\"author\" content=\"St\u00e9phane Miget\" \/>\n<meta name=\"twitter:card\" content=\"summary_large_image\" \/>\n<meta name=\"twitter:creator\" content=\"@bati_journal\" \/>\n<meta name=\"twitter:site\" content=\"@bati_journal\" \/>\n<meta name=\"twitter:label1\" content=\"\u00c9crit par\" \/>\n\t<meta name=\"twitter:data1\" content=\"St\u00e9phane Miget\" \/>\n\t<meta name=\"twitter:label2\" content=\"Dur\u00e9e de lecture estim\u00e9e\" \/>\n\t<meta name=\"twitter:data2\" content=\"1 minute\" \/>\n<script type=\"application\/ld+json\" class=\"yoast-schema-graph\">{\"@context\":\"https:\\\/\\\/schema.org\",\"@graph\":[{\"@type\":\"Article\",\"@id\":\"https:\\\/\\\/batijournal.com\\\/index.php\\\/les-fenetres-bois-sexposent-au-salon-equipbaie\\\/100887\\\/#article\",\"isPartOf\":{\"@id\":\"https:\\\/\\\/batijournal.com\\\/index.php\\\/les-fenetres-bois-sexposent-au-salon-equipbaie\\\/100887\\\/\"},\"author\":{\"name\":\"St\u00e9phane Miget\",\"@id\":\"https:\\\/\\\/batijournal.com\\\/#\\\/schema\\\/person\\\/1dc96ec6957aa1ccb25ebe78bb19f100\"},\"headline\":\"Les fen\u00eatres bois s\u2019exposent au salon Equipbaie\",\"datePublished\":\"2018-11-19T06:51:08+00:00\",\"mainEntityOfPage\":{\"@id\":\"https:\\\/\\\/batijournal.com\\\/index.php\\\/les-fenetres-bois-sexposent-au-salon-equipbaie\\\/100887\\\/\"},\"wordCount\":140,\"image\":{\"@id\":\"https:\\\/\\\/batijournal.com\\\/index.php\\\/les-fenetres-bois-sexposent-au-salon-equipbaie\\\/100887\\\/#primaryimage\"},\"thumbnailUrl\":\"https:\\\/\\\/batijournal.com\\\/wp-content\\\/uploads\\\/2018\\\/11\\\/oui-a-la-menuiserie-bois-equipbaie.png\",\"keywords\":[\"fenetre bois\"],\"articleSection\":[\"Actualit\u00e9s\"],\"inLanguage\":\"fr-FR\"},{\"@type\":\"WebPage\",\"@id\":\"https:\\\/\\\/batijournal.com\\\/index.php\\\/les-fenetres-bois-sexposent-au-salon-equipbaie\\\/100887\\\/\",\"url\":\"https:\\\/\\\/batijournal.com\\\/index.php\\\/les-fenetres-bois-sexposent-au-salon-equipbaie\\\/100887\\\/\",\"name\":\"Les fen\u00eatres bois s\u2019exposent au salon Equipbaie\",\"isPartOf\":{\"@id\":\"https:\\\/\\\/batijournal.com\\\/#website\"},\"primaryImageOfPage\":{\"@id\":\"https:\\\/\\\/batijournal.com\\\/index.php\\\/les-fenetres-bois-sexposent-au-salon-equipbaie\\\/100887\\\/#primaryimage\"},\"image\":{\"@id\":\"https:\\\/\\\/batijournal.com\\\/index.php\\\/les-fenetres-bois-sexposent-au-salon-equipbaie\\\/100887\\\/#primaryimage\"},\"thumbnailUrl\":\"https:\\\/\\\/batijournal.com\\\/wp-content\\\/uploads\\\/2018\\\/11\\\/oui-a-la-menuiserie-bois-equipbaie.png\",\"datePublished\":\"2018-11-19T06:51:08+00:00\",\"author\":{\"@id\":\"https:\\\/\\\/batijournal.com\\\/#\\\/schema\\\/person\\\/1dc96ec6957aa1ccb25ebe78bb19f100\"},\"description\":\"Du 20 au 23 novembre au salon Equipbaie 2018, les fen\u00eatres bois s\u2019exposent aux c\u00f4t\u00e9s des organisations partenaires du P\u00f4le Fen\u00eatre FFB\",\"breadcrumb\":{\"@id\":\"https:\\\/\\\/batijournal.com\\\/index.php\\\/les-fenetres-bois-sexposent-au-salon-equipbaie\\\/100887\\\/#breadcrumb\"},\"inLanguage\":\"fr-FR\",\"potentialAction\":[{\"@type\":\"ReadAction\",\"target\":[\"https:\\\/\\\/batijournal.com\\\/index.php\\\/les-fenetres-bois-sexposent-au-salon-equipbaie\\\/100887\\\/\"]}]},{\"@type\":\"ImageObject\",\"inLanguage\":\"fr-FR\",\"@id\":\"https:\\\/\\\/batijournal.com\\\/index.php\\\/les-fenetres-bois-sexposent-au-salon-equipbaie\\\/100887\\\/#primaryimage\",\"url\":\"https:\\\/\\\/batijournal.com\\\/wp-content\\\/uploads\\\/2018\\\/11\\\/oui-a-la-menuiserie-bois-equipbaie.png\",\"contentUrl\":\"https:\\\/\\\/batijournal.com\\\/wp-content\\\/uploads\\\/2018\\\/11\\\/oui-a-la-menuiserie-bois-equipbaie.png\",\"width\":648,\"height\":581},{\"@type\":\"BreadcrumbList\",\"@id\":\"https:\\\/\\\/batijournal.com\\\/index.php\\\/les-fenetres-bois-sexposent-au-salon-equipbaie\\\/100887\\\/#breadcrumb\",\"itemListElement\":[{\"@type\":\"ListItem\",\"position\":1,\"name\":\"Accueil\",\"item\":\"https:\\\/\\\/batijournal.com\\\/\"},{\"@type\":\"ListItem\",\"position\":2,\"name\":\"Actualit\u00e9s\",\"item\":\"https:\\\/\\\/batijournal.com\\\/index.php\\\/category\\\/actualites\\\/\"},{\"@type\":\"ListItem\",\"position\":3,\"name\":\"Les fen\u00eatres bois s\u2019exposent au salon Equipbaie\"}]},{\"@type\":\"WebSite\",\"@id\":\"https:\\\/\\\/batijournal.com\\\/#website\",\"url\":\"https:\\\/\\\/batijournal.com\\\/\",\"name\":\"Batijournal\",\"description\":\"L&#039;actualit\u00e9 du b\u00e2timent\",\"potentialAction\":[{\"@type\":\"SearchAction\",\"target\":{\"@type\":\"EntryPoint\",\"urlTemplate\":\"https:\\\/\\\/batijournal.com\\\/?s={search_term_string}\"},\"query-input\":{\"@type\":\"PropertyValueSpecification\",\"valueRequired\":true,\"valueName\":\"search_term_string\"}}],\"inLanguage\":\"fr-FR\"},{\"@type\":\"Person\",\"@id\":\"https:\\\/\\\/batijournal.com\\\/#\\\/schema\\\/person\\\/1dc96ec6957aa1ccb25ebe78bb19f100\",\"name\":\"St\u00e9phane Miget\",\"image\":{\"@type\":\"ImageObject\",\"inLanguage\":\"fr-FR\",\"@id\":\"https:\\\/\\\/secure.gravatar.com\\\/avatar\\\/89915563d925342126b8ef0281b93d9d7fc337043e8df017f780908eb9644451?s=96&d=mm&r=g\",\"url\":\"https:\\\/\\\/secure.gravatar.com\\\/avatar\\\/89915563d925342126b8ef0281b93d9d7fc337043e8df017f780908eb9644451?s=96&d=mm&r=g\",\"contentUrl\":\"https:\\\/\\\/secure.gravatar.com\\\/avatar\\\/89915563d925342126b8ef0281b93d9d7fc337043e8df017f780908eb9644451?s=96&d=mm&r=g\",\"caption\":\"St\u00e9phane Miget\"},\"url\":\"https:\\\/\\\/batijournal.com\\\/index.php\\\/author\\\/stephane\\\/\"}]}<\/script>\n<!-- \/ Yoast SEO plugin. -->","yoast_head_json":{"title":"Les fen\u00eatres bois s\u2019exposent au salon Equipbaie","description":"Du 20 au 23 novembre au salon Equipbaie 2018, les fen\u00eatres bois s\u2019exposent aux c\u00f4t\u00e9s des organisations partenaires du P\u00f4le Fen\u00eatre FFB","robots":{"index":"index","follow":"follow","max-snippet":"max-snippet:-1","max-image-preview":"max-image-preview:large","max-video-preview":"max-video-preview:-1"},"canonical":"https:\/\/batijournal.com\/index.php\/les-fenetres-bois-sexposent-au-salon-equipbaie\/100887\/","og_locale":"fr_FR","og_type":"article","og_title":"Les fen\u00eatres bois s\u2019exposent au salon Equipbaie","og_description":"Du 20 au 23 novembre au salon Equipbaie 2018, les fen\u00eatres bois s\u2019exposent aux c\u00f4t\u00e9s des organisations partenaires du P\u00f4le Fen\u00eatre FFB","og_url":"https:\/\/batijournal.com\/index.php\/les-fenetres-bois-sexposent-au-salon-equipbaie\/100887\/","og_site_name":"Batijournal","article_published_time":"2018-11-19T06:51:08+00:00","og_image":[{"width":648,"height":581,"url":"https:\/\/batijournal.com\/wp-content\/uploads\/2018\/11\/oui-a-la-menuiserie-bois-equipbaie.png","type":"image\/png"}],"author":"St\u00e9phane Miget","twitter_card":"summary_large_image","twitter_creator":"@bati_journal","twitter_site":"@bati_journal","twitter_misc":{"\u00c9crit par":"St\u00e9phane Miget","Dur\u00e9e de lecture estim\u00e9e":"1 minute"},"schema":{"@context":"https:\/\/schema.org","@graph":[{"@type":"Article","@id":"https:\/\/batijournal.com\/index.php\/les-fenetres-bois-sexposent-au-salon-equipbaie\/100887\/#article","isPartOf":{"@id":"https:\/\/batijournal.com\/index.php\/les-fenetres-bois-sexposent-au-salon-equipbaie\/100887\/"},"author":{"name":"St\u00e9phane Miget","@id":"https:\/\/batijournal.com\/#\/schema\/person\/1dc96ec6957aa1ccb25ebe78bb19f100"},"headline":"Les fen\u00eatres bois s\u2019exposent au salon Equipbaie","datePublished":"2018-11-19T06:51:08+00:00","mainEntityOfPage":{"@id":"https:\/\/batijournal.com\/index.php\/les-fenetres-bois-sexposent-au-salon-equipbaie\/100887\/"},"wordCount":140,"image":{"@id":"https:\/\/batijournal.com\/index.php\/les-fenetres-bois-sexposent-au-salon-equipbaie\/100887\/#primaryimage"},"thumbnailUrl":"https:\/\/batijournal.com\/wp-content\/uploads\/2018\/11\/oui-a-la-menuiserie-bois-equipbaie.png","keywords":["fenetre bois"],"articleSection":["Actualit\u00e9s"],"inLanguage":"fr-FR"},{"@type":"WebPage","@id":"https:\/\/batijournal.com\/index.php\/les-fenetres-bois-sexposent-au-salon-equipbaie\/100887\/","url":"https:\/\/batijournal.com\/index.php\/les-fenetres-bois-sexposent-au-salon-equipbaie\/100887\/","name":"Les fen\u00eatres bois s\u2019exposent au salon Equipbaie","isPartOf":{"@id":"https:\/\/batijournal.com\/#website"},"primaryImageOfPage":{"@id":"https:\/\/batijournal.com\/index.php\/les-fenetres-bois-sexposent-au-salon-equipbaie\/100887\/#primaryimage"},"image":{"@id":"https:\/\/batijournal.com\/index.php\/les-fenetres-bois-sexposent-au-salon-equipbaie\/100887\/#primaryimage"},"thumbnailUrl":"https:\/\/batijournal.com\/wp-content\/uploads\/2018\/11\/oui-a-la-menuiserie-bois-equipbaie.png","datePublished":"2018-11-19T06:51:08+00:00","author":{"@id":"https:\/\/batijournal.com\/#\/schema\/person\/1dc96ec6957aa1ccb25ebe78bb19f100"},"description":"Du 20 au 23 novembre au salon Equipbaie 2018, les fen\u00eatres bois s\u2019exposent aux c\u00f4t\u00e9s des organisations partenaires du P\u00f4le Fen\u00eatre FFB","breadcrumb":{"@id":"https:\/\/batijournal.com\/index.php\/les-fenetres-bois-sexposent-au-salon-equipbaie\/100887\/#breadcrumb"},"inLanguage":"fr-FR","potentialAction":[{"@type":"ReadAction","target":["https:\/\/batijournal.com\/index.php\/les-fenetres-bois-sexposent-au-salon-equipbaie\/100887\/"]}]},{"@type":"ImageObject","inLanguage":"fr-FR","@id":"https:\/\/batijournal.com\/index.php\/les-fenetres-bois-sexposent-au-salon-equipbaie\/100887\/#primaryimage","url":"https:\/\/batijournal.com\/wp-content\/uploads\/2018\/11\/oui-a-la-menuiserie-bois-equipbaie.png","contentUrl":"https:\/\/batijournal.com\/wp-content\/uploads\/2018\/11\/oui-a-la-menuiserie-bois-equipbaie.png","width":648,"height":581},{"@type":"BreadcrumbList","@id":"https:\/\/batijournal.com\/index.php\/les-fenetres-bois-sexposent-au-salon-equipbaie\/100887\/#breadcrumb","itemListElement":[{"@type":"ListItem","position":1,"name":"Accueil","item":"https:\/\/batijournal.com\/"},{"@type":"ListItem","position":2,"name":"Actualit\u00e9s","item":"https:\/\/batijournal.com\/index.php\/category\/actualites\/"},{"@type":"ListItem","position":3,"name":"Les fen\u00eatres bois s\u2019exposent au salon Equipbaie"}]},{"@type":"WebSite","@id":"https:\/\/batijournal.com\/#website","url":"https:\/\/batijournal.com\/","name":"Batijournal","description":"L&#039;actualit\u00e9 du b\u00e2timent","potentialAction":[{"@type":"SearchAction","target":{"@type":"EntryPoint","urlTemplate":"https:\/\/batijournal.com\/?s={search_term_string}"},"query-input":{"@type":"PropertyValueSpecification","valueRequired":true,"valueName":"search_term_string"}}],"inLanguage":"fr-FR"},{"@type":"Person","@id":"https:\/\/batijournal.com\/#\/schema\/person\/1dc96ec6957aa1ccb25ebe78bb19f100","name":"St\u00e9phane Miget","image":{"@type":"ImageObject","inLanguage":"fr-FR","@id":"https:\/\/secure.gravatar.com\/avatar\/89915563d925342126b8ef0281b93d9d7fc337043e8df017f780908eb9644451?s=96&d=mm&r=g","url":"https:\/\/secure.gravatar.com\/avatar\/89915563d925342126b8ef0281b93d9d7fc337043e8df017f780908eb9644451?s=96&d=mm&r=g","contentUrl":"https:\/\/secure.gravatar.com\/avatar\/89915563d925342126b8ef0281b93d9d7fc337043e8df017f780908eb9644451?s=96&d=mm&r=g","caption":"St\u00e9phane Miget"},"url":"https:\/\/batijournal.com\/index.php\/author\/stephane\/"}]}},"_links":{"self":[{"href":"https:\/\/batijournal.com\/index.php\/wp-json\/wp\/v2\/posts\/100887","targetHints":{"allow":["GET"]}}],"collection":[{"href":"https:\/\/batijournal.com\/index.php\/wp-json\/wp\/v2\/posts"}],"about":[{"href":"https:\/\/batijournal.com\/index.php\/wp-json\/wp\/v2\/types\/post"}],"author":[{"embeddable":true,"href":"https:\/\/batijournal.com\/index.php\/wp-json\/wp\/v2\/users\/17"}],"replies":[{"embeddable":true,"href":"https:\/\/batijournal.com\/index.php\/wp-json\/wp\/v2\/comments?post=100887"}],"version-history":[{"count":0,"href":"https:\/\/batijournal.com\/index.php\/wp-json\/wp\/v2\/posts\/100887\/revisions"}],"wp:featuredmedia":[{"embeddable":true,"href":"https:\/\/batijournal.com\/index.php\/wp-json\/wp\/v2\/media\/100888"}],"wp:attachment":[{"href":"https:\/\/batijournal.com\/index.php\/wp-json\/wp\/v2\/media?parent=100887"}],"wp:term":[{"taxonomy":"category","embeddable":true,"href":"https:\/\/batijournal.com\/index.php\/wp-json\/wp\/v2\/categories?post=100887"},{"taxonomy":"post_tag","embeddable":true,"href":"https:\/\/batijournal.com\/index.php\/wp-json\/wp\/v2\/tags?post=100887"}],"curies":[{"name":"wp","href":"https:\/\/api.w.org\/{rel}","templated":true}]}}