{"id":100905,"date":"2018-11-19T16:21:11","date_gmt":"2018-11-19T15:21:11","guid":{"rendered":"https:\/\/batijournal.com\/?p=100905"},"modified":"2019-07-15T11:14:48","modified_gmt":"2019-07-15T09:14:48","slug":"la-renaissance-dune-facade-deux-siecles-plus-tard","status":"publish","type":"post","link":"https:\/\/batijournal.com\/index.php\/la-renaissance-dune-facade-deux-siecles-plus-tard\/100905\/","title":{"rendered":"La renaissance d\u2019une fa\u00e7ade, deux si\u00e8cles plus tard"},"content":{"rendered":"<p>[et_pb_section bb_built=\u00a0\u00bb1&Prime;][et_pb_row][et_pb_column type=\u00a0\u00bb4_4&Prime;][et_pb_text _builder_version=\u00a0\u00bb3.17.6&Prime;]<\/p>\n<p><img loading=\"lazy\" decoding=\"async\" class=\"wp-image-100908 alignleft\" src=\"https:\/\/batijournal.com\/wp-content\/uploads\/2018\/11\/restauration-statues-facade-immeuble-des-cariatides.jpg\" alt=\"\" width=\"232\" height=\"166\" srcset=\"https:\/\/batijournal.com\/wp-content\/uploads\/2018\/11\/restauration-statues-facade-immeuble-des-cariatides.jpg 844w, https:\/\/batijournal.com\/wp-content\/uploads\/2018\/11\/restauration-statues-facade-immeuble-des-cariatides-150x107.jpg 150w, https:\/\/batijournal.com\/wp-content\/uploads\/2018\/11\/restauration-statues-facade-immeuble-des-cariatides-300x214.jpg 300w, https:\/\/batijournal.com\/wp-content\/uploads\/2018\/11\/restauration-statues-facade-immeuble-des-cariatides-768x548.jpg 768w, https:\/\/batijournal.com\/wp-content\/uploads\/2018\/11\/restauration-statues-facade-immeuble-des-cariatides-600x428.jpg 600w, https:\/\/batijournal.com\/wp-content\/uploads\/2018\/11\/restauration-statues-facade-immeuble-des-cariatides-400x284.jpg 400w\" sizes=\"(max-width: 232px) 100vw, 232px\" \/><\/p>\n<p><strong>RESTAURATION<\/strong> \u2013 Effac\u00e9s les outrages du temps\u2026 Apr\u00e8s quatre mois pass\u00e9s entre les mains expertes de la d\u00e9coratrice V\u00e9ronique Vialis, sp\u00e9cialiste des ornements d\u00e9coratifs en pl\u00e2tre, et de son associ\u00e9 Philippe Montoux, la fa\u00e7ade de l\u2019immeuble \u00ab des Cariatides \u00bb, dans le centre-ville de Foix, a retrouv\u00e9 son panache d\u2019antan. Pour la mise en couleur, l\u2019artiste a choisi la souplesse et le naturel des peintures et patines \u00e0 la chaux. Longtemps propri\u00e9t\u00e9 de Roger P\u00e9ri\u00e8s, le juge de l\u2019affaire Dominici, l\u2019immeuble \u00ab des Cariatides \u00bb est aujourd\u2019hui inscrit au Patrimoine historique. Sa r\u00e9novation a donc \u00e9t\u00e9 plac\u00e9e sous l\u2019\u0153il vigilant d\u2019un architecte des B\u00e2timents de France. L\u2019enjeu pour V\u00e9ronique et Philippe \u00e9tait clair : reconstruire la fa\u00e7ade \u00e0 l\u2019identique, en utilisant les techniques les plus proches de celles utilis\u00e9es il y a pr\u00e8s de 200 ans\u2026<\/p>\n<p>En savoir plus sur\u00a0<a href=\"https:\/\/www.calcia-infos.fr\/chantiers\/la-renaissance-dune-facade-deux-siecles-plus-tard\" target=\"_blank\" rel=\"noopener noreferrer\">www.calcia-infos.fr <\/a><\/p>\n<table style=\"height: 210px;\" border=\"0\" width=\"250\" cellspacing=\"2\" cellpadding=\"0\" bgcolor=\"#000000\">\n<tbody>\n<tr>\n<td style=\"text-align: center;\" bgcolor=\"#F2F2F2\">\n<p><strong>Fiche chantier\u00a0<\/strong><\/p>\n<p style=\"text-align: left;\"><strong>MA\u00ceTRE D\u2019OUVRAGE<\/strong> Nad\u00e8ge Rullier (propri\u00e9taire priv\u00e9e)<\/p>\n<p style=\"text-align: left;\"><strong>MA\u00ceTRE D\u2019\u0152UVRE<\/strong><br \/>V\u00e9ronique Vialis \u2013 Bati V\u00e9rone D\u00e9coration SAS<\/p>\n<p style=\"text-align: left;\"><strong>ARCHITECTE DES B\u00c2TIMENTS DE FRANCE<\/strong> Jean-Philippe Ferrant<\/p>\n<p style=\"text-align: left;\"><strong>ARCHITECTE D\u2019OP\u00c9RATIONS<\/strong><br \/>Cabinet W Architecture (Tarbes)<\/p>\n<p style=\"text-align: left;\"><strong>MAT\u00c9RIAUX<br \/><\/strong> Peinture \u00e0 la chaux Centri Storici et patines \u00e0 la chaux Velatura de Socli.<\/p>\n<p style=\"text-align: left;\"><strong>DATES CHANTIER<br \/><\/strong> Avril \u00e0 ao\u00fbt 2018.<\/p>\n<\/td>\n<\/tr>\n<\/tbody>\n<\/table>\n<p>[\/et_pb_text][\/et_pb_column][\/et_pb_row][\/et_pb_section]<\/p>\n","protected":false},"excerpt":{"rendered":"<p><div class=\"et_pb_row et_pb_row_0 et_pb_row_empty\">\n\t\t\t\t\n\t\t\t\t\n\t\t\t\t\n\t\t\t\t\n\t\t\t\t\n\t\t\t<\/div> RESTAURATION \u2013 Effac\u00e9s les outrages du temps\u2026 Apr\u00e8s quatre mois pass\u00e9s entre les mains expertes de la d\u00e9coratrice V\u00e9ronique Vialis, sp\u00e9cialiste des ornements d\u00e9coratifs en pl\u00e2tre, et de son associ\u00e9 Philippe Montoux, la fa\u00e7ade de l\u2019immeuble \u00ab des Cariatides \u00bb, dans le centre-ville de Foix, a retrouv\u00e9 son panache d\u2019antan. Pour la mise en [&hellip;]<\/p>\n","protected":false},"author":1,"featured_media":100907,"comment_status":"closed","ping_status":"closed","sticky":false,"template":"","format":"standard","meta":{"_et_pb_use_builder":"on","_et_pb_old_content":"<p><img class=\"wp-image-100908 alignleft\" src=\"https:\/\/batijournal.com\/wp-content\/uploads\/2018\/11\/restauration-statues-facade-immeuble-des-cariatides.jpg\" alt=\"\" width=\"232\" height=\"166\" \/><\/p><p><strong>RESTAURATION<\/strong> \u2013 Effac\u00e9s les outrages du temps\u2026 Apr\u00e8s quatre mois pass\u00e9s entre les mains expertes de la d\u00e9coratrice V\u00e9ronique Vialis, sp\u00e9cialiste des ornements d\u00e9coratifs en pl\u00e2tre, et de son associ\u00e9 Philippe Montoux, la fa\u00e7ade de l\u2019immeuble \u00ab des Cariatides \u00bb, dans le centre-ville de Foix, a retrouv\u00e9 son panache d\u2019antan. Pour la mise en couleur, l\u2019artiste a choisi la souplesse et le naturel des peintures et patines \u00e0 la chaux. Longtemps propri\u00e9t\u00e9 de Roger P\u00e9ri\u00e8s, le juge de l\u2019affaire Dominici, l\u2019immeuble \u00ab des Cariatides \u00bb est aujourd\u2019hui inscrit au Patrimoine historique. Sa r\u00e9novation a donc \u00e9t\u00e9 plac\u00e9e sous l\u2019\u0153il vigilant d\u2019un architecte des B\u00e2timents de France. L\u2019enjeu pour V\u00e9ronique et Philippe \u00e9tait clair : reconstruire la fa\u00e7ade \u00e0 l\u2019identique, en utilisant les techniques les plus proches de celles utilis\u00e9es il y a pr\u00e8s de 200 ans\u2026<\/p><p>En savoir plus sur\u00a0<a href=\"https:\/\/www.calcia-infos.fr\/chantiers\/la-renaissance-dune-facade-deux-siecles-plus-tard\" target=\"_blank\" rel=\"noopener\">www.calcia-infos.fr <\/a><\/p><table style=\"height: 210px;\" border=\"0\" width=\"250\" cellspacing=\"2\" cellpadding=\"0\" bgcolor=\"#000000\"><tbody><tr><td style=\"text-align: center;\" bgcolor=\"#F2F2F2\"><p><strong>Fiche chantier\u00a0<\/strong><\/p><p><strong>MA\u00ceTRE D\u2019OUVRAGE<\/strong> Nad\u00e8ge Rullier (propri\u00e9taire priv\u00e9e)<\/p><p><strong>MA\u00ceTRE D\u2019\u0152UVRE<\/strong> V\u00e9ronique Vialis \u2013 Bati V\u00e9rone D\u00e9coration SAS <strong>ARCHITECTE DES B\u00c2TIMENTS DE FRANCE<\/strong> Jean-Philippe Ferrant<br \/><strong>ARCHITECTE D\u2019OP\u00c9RATIONS<\/strong> Cabinet W Architecture (Tarbes) \u00a0<strong>MAT\u00c9RIAUX<\/strong> Peinture \u00e0 la chaux Centri Storici et patines \u00e0 la chaux Velatura de Socli. \u00a0<strong>DATES CHANTIER<\/strong> Avril \u00e0 ao\u00fbt 2018.<\/p><\/td><\/tr><\/tbody><\/table>","_et_gb_content_width":"","footnotes":""},"categories":[10530,6340,10785,10787],"tags":[126],"class_list":["post-100905","post","type-post","status-publish","format-standard","has-post-thumbnail","hentry","category-actualites","category-architecture-conception","category-atrium","category-entreprises-et-chantiers","tag-facade"],"yoast_head":"<!-- This site is optimized with the Yoast SEO plugin v27.4 - https:\/\/yoast.com\/product\/yoast-seo-wordpress\/ -->\n<title>Fa\u00e7ade : renaissance deux si\u00e8cle plus tard de l&#039;immeuble &quot;des Cariatides&quot;<\/title>\n<meta name=\"description\" content=\"La fa\u00e7ade de l\u2019immeuble des Cariatides a retrouv\u00e9 son panache d\u2019antan gr\u00e2ce \u00e0 la d\u00e9coratrice V\u00e9ronique Vialis et de son associ\u00e9 Philippe Montoux\" \/>\n<meta name=\"robots\" content=\"index, follow, max-snippet:-1, max-image-preview:large, max-video-preview:-1\" \/>\n<link rel=\"canonical\" href=\"https:\/\/batijournal.com\/index.php\/la-renaissance-dune-facade-deux-siecles-plus-tard\/100905\/\" \/>\n<meta property=\"og:locale\" content=\"fr_FR\" \/>\n<meta property=\"og:type\" content=\"article\" \/>\n<meta property=\"og:title\" content=\"Fa\u00e7ade : renaissance deux si\u00e8cle plus tard de l&#039;immeuble &quot;des Cariatides&quot;\" \/>\n<meta property=\"og:description\" content=\"La fa\u00e7ade de l\u2019immeuble des Cariatides a retrouv\u00e9 son panache d\u2019antan gr\u00e2ce \u00e0 la d\u00e9coratrice V\u00e9ronique Vialis et de son associ\u00e9 Philippe Montoux\" \/>\n<meta property=\"og:url\" content=\"https:\/\/batijournal.com\/index.php\/la-renaissance-dune-facade-deux-siecles-plus-tard\/100905\/\" \/>\n<meta property=\"og:site_name\" content=\"Batijournal\" \/>\n<meta property=\"article:published_time\" content=\"2018-11-19T15:21:11+00:00\" \/>\n<meta property=\"article:modified_time\" content=\"2019-07-15T09:14:48+00:00\" \/>\n<meta property=\"og:image\" content=\"https:\/\/batijournal.com\/wp-content\/uploads\/2018\/11\/restauration-immeuble-des-Cariatides.jpg\" \/>\n\t<meta property=\"og:image:width\" content=\"1500\" \/>\n\t<meta property=\"og:image:height\" content=\"1125\" \/>\n\t<meta property=\"og:image:type\" content=\"image\/jpeg\" \/>\n<meta name=\"author\" content=\"Bati-journal\" \/>\n<meta name=\"twitter:card\" content=\"summary_large_image\" \/>\n<meta name=\"twitter:creator\" content=\"@bati_journal\" \/>\n<meta name=\"twitter:site\" content=\"@bati_journal\" \/>\n<meta name=\"twitter:label1\" content=\"\u00c9crit par\" \/>\n\t<meta name=\"twitter:data1\" content=\"Bati-journal\" \/>\n\t<meta name=\"twitter:label2\" content=\"Dur\u00e9e de lecture estim\u00e9e\" \/>\n\t<meta name=\"twitter:data2\" content=\"1 minute\" \/>\n<script type=\"application\/ld+json\" class=\"yoast-schema-graph\">{\"@context\":\"https:\\\/\\\/schema.org\",\"@graph\":[{\"@type\":\"Article\",\"@id\":\"https:\\\/\\\/batijournal.com\\\/index.php\\\/la-renaissance-dune-facade-deux-siecles-plus-tard\\\/100905\\\/#article\",\"isPartOf\":{\"@id\":\"https:\\\/\\\/batijournal.com\\\/index.php\\\/la-renaissance-dune-facade-deux-siecles-plus-tard\\\/100905\\\/\"},\"author\":{\"name\":\"Bati-journal\",\"@id\":\"https:\\\/\\\/batijournal.com\\\/#\\\/schema\\\/person\\\/6a657e8967569e1b299972574848aa76\"},\"headline\":\"La renaissance d\u2019une fa\u00e7ade, deux si\u00e8cles plus tard\",\"datePublished\":\"2018-11-19T15:21:11+00:00\",\"dateModified\":\"2019-07-15T09:14:48+00:00\",\"mainEntityOfPage\":{\"@id\":\"https:\\\/\\\/batijournal.com\\\/index.php\\\/la-renaissance-dune-facade-deux-siecles-plus-tard\\\/100905\\\/\"},\"wordCount\":264,\"image\":{\"@id\":\"https:\\\/\\\/batijournal.com\\\/index.php\\\/la-renaissance-dune-facade-deux-siecles-plus-tard\\\/100905\\\/#primaryimage\"},\"thumbnailUrl\":\"https:\\\/\\\/batijournal.com\\\/wp-content\\\/uploads\\\/2018\\\/11\\\/restauration-immeuble-des-Cariatides.jpg\",\"keywords\":[\"fa\u00e7ade\"],\"articleSection\":[\"Actualit\u00e9s\",\"Architecture &amp; Conception\",\"zz_Atrium Patrimoine\",\"zz_Entreprises et chantiers - AC\"],\"inLanguage\":\"fr-FR\"},{\"@type\":\"WebPage\",\"@id\":\"https:\\\/\\\/batijournal.com\\\/index.php\\\/la-renaissance-dune-facade-deux-siecles-plus-tard\\\/100905\\\/\",\"url\":\"https:\\\/\\\/batijournal.com\\\/index.php\\\/la-renaissance-dune-facade-deux-siecles-plus-tard\\\/100905\\\/\",\"name\":\"Fa\u00e7ade : renaissance deux si\u00e8cle plus tard de l'immeuble \\\"des Cariatides\\\"\",\"isPartOf\":{\"@id\":\"https:\\\/\\\/batijournal.com\\\/#website\"},\"primaryImageOfPage\":{\"@id\":\"https:\\\/\\\/batijournal.com\\\/index.php\\\/la-renaissance-dune-facade-deux-siecles-plus-tard\\\/100905\\\/#primaryimage\"},\"image\":{\"@id\":\"https:\\\/\\\/batijournal.com\\\/index.php\\\/la-renaissance-dune-facade-deux-siecles-plus-tard\\\/100905\\\/#primaryimage\"},\"thumbnailUrl\":\"https:\\\/\\\/batijournal.com\\\/wp-content\\\/uploads\\\/2018\\\/11\\\/restauration-immeuble-des-Cariatides.jpg\",\"datePublished\":\"2018-11-19T15:21:11+00:00\",\"dateModified\":\"2019-07-15T09:14:48+00:00\",\"author\":{\"@id\":\"https:\\\/\\\/batijournal.com\\\/#\\\/schema\\\/person\\\/6a657e8967569e1b299972574848aa76\"},\"description\":\"La fa\u00e7ade de l\u2019immeuble des Cariatides a retrouv\u00e9 son panache d\u2019antan gr\u00e2ce \u00e0 la d\u00e9coratrice V\u00e9ronique Vialis et de son associ\u00e9 Philippe Montoux\",\"breadcrumb\":{\"@id\":\"https:\\\/\\\/batijournal.com\\\/index.php\\\/la-renaissance-dune-facade-deux-siecles-plus-tard\\\/100905\\\/#breadcrumb\"},\"inLanguage\":\"fr-FR\",\"potentialAction\":[{\"@type\":\"ReadAction\",\"target\":[\"https:\\\/\\\/batijournal.com\\\/index.php\\\/la-renaissance-dune-facade-deux-siecles-plus-tard\\\/100905\\\/\"]}]},{\"@type\":\"ImageObject\",\"inLanguage\":\"fr-FR\",\"@id\":\"https:\\\/\\\/batijournal.com\\\/index.php\\\/la-renaissance-dune-facade-deux-siecles-plus-tard\\\/100905\\\/#primaryimage\",\"url\":\"https:\\\/\\\/batijournal.com\\\/wp-content\\\/uploads\\\/2018\\\/11\\\/restauration-immeuble-des-Cariatides.jpg\",\"contentUrl\":\"https:\\\/\\\/batijournal.com\\\/wp-content\\\/uploads\\\/2018\\\/11\\\/restauration-immeuble-des-Cariatides.jpg\",\"width\":1500,\"height\":1125},{\"@type\":\"BreadcrumbList\",\"@id\":\"https:\\\/\\\/batijournal.com\\\/index.php\\\/la-renaissance-dune-facade-deux-siecles-plus-tard\\\/100905\\\/#breadcrumb\",\"itemListElement\":[{\"@type\":\"ListItem\",\"position\":1,\"name\":\"Accueil\",\"item\":\"https:\\\/\\\/batijournal.com\\\/\"},{\"@type\":\"ListItem\",\"position\":2,\"name\":\"Actualit\u00e9s\",\"item\":\"https:\\\/\\\/batijournal.com\\\/index.php\\\/category\\\/actualites\\\/\"},{\"@type\":\"ListItem\",\"position\":3,\"name\":\"La renaissance d\u2019une fa\u00e7ade, deux si\u00e8cles plus tard\"}]},{\"@type\":\"WebSite\",\"@id\":\"https:\\\/\\\/batijournal.com\\\/#website\",\"url\":\"https:\\\/\\\/batijournal.com\\\/\",\"name\":\"Batijournal\",\"description\":\"L&#039;actualit\u00e9 du b\u00e2timent\",\"potentialAction\":[{\"@type\":\"SearchAction\",\"target\":{\"@type\":\"EntryPoint\",\"urlTemplate\":\"https:\\\/\\\/batijournal.com\\\/?s={search_term_string}\"},\"query-input\":{\"@type\":\"PropertyValueSpecification\",\"valueRequired\":true,\"valueName\":\"search_term_string\"}}],\"inLanguage\":\"fr-FR\"},{\"@type\":\"Person\",\"@id\":\"https:\\\/\\\/batijournal.com\\\/#\\\/schema\\\/person\\\/6a657e8967569e1b299972574848aa76\",\"name\":\"Bati-journal\",\"image\":{\"@type\":\"ImageObject\",\"inLanguage\":\"fr-FR\",\"@id\":\"https:\\\/\\\/secure.gravatar.com\\\/avatar\\\/a64364ea26392f9b4dd47e017ddaec74ff03aefc073b49e492e847201258f777?s=96&d=mm&r=g\",\"url\":\"https:\\\/\\\/secure.gravatar.com\\\/avatar\\\/a64364ea26392f9b4dd47e017ddaec74ff03aefc073b49e492e847201258f777?s=96&d=mm&r=g\",\"contentUrl\":\"https:\\\/\\\/secure.gravatar.com\\\/avatar\\\/a64364ea26392f9b4dd47e017ddaec74ff03aefc073b49e492e847201258f777?s=96&d=mm&r=g\",\"caption\":\"Bati-journal\"},\"url\":\"https:\\\/\\\/batijournal.com\\\/index.php\\\/author\\\/elodie\\\/\"}]}<\/script>\n<!-- \/ Yoast SEO plugin. -->","yoast_head_json":{"title":"Fa\u00e7ade : renaissance deux si\u00e8cle plus tard de l'immeuble \"des Cariatides\"","description":"La fa\u00e7ade de l\u2019immeuble des Cariatides a retrouv\u00e9 son panache d\u2019antan gr\u00e2ce \u00e0 la d\u00e9coratrice V\u00e9ronique Vialis et de son associ\u00e9 Philippe Montoux","robots":{"index":"index","follow":"follow","max-snippet":"max-snippet:-1","max-image-preview":"max-image-preview:large","max-video-preview":"max-video-preview:-1"},"canonical":"https:\/\/batijournal.com\/index.php\/la-renaissance-dune-facade-deux-siecles-plus-tard\/100905\/","og_locale":"fr_FR","og_type":"article","og_title":"Fa\u00e7ade : renaissance deux si\u00e8cle plus tard de l'immeuble \"des Cariatides\"","og_description":"La fa\u00e7ade de l\u2019immeuble des Cariatides a retrouv\u00e9 son panache d\u2019antan gr\u00e2ce \u00e0 la d\u00e9coratrice V\u00e9ronique Vialis et de son associ\u00e9 Philippe Montoux","og_url":"https:\/\/batijournal.com\/index.php\/la-renaissance-dune-facade-deux-siecles-plus-tard\/100905\/","og_site_name":"Batijournal","article_published_time":"2018-11-19T15:21:11+00:00","article_modified_time":"2019-07-15T09:14:48+00:00","og_image":[{"width":1500,"height":1125,"url":"https:\/\/batijournal.com\/wp-content\/uploads\/2018\/11\/restauration-immeuble-des-Cariatides.jpg","type":"image\/jpeg"}],"author":"Bati-journal","twitter_card":"summary_large_image","twitter_creator":"@bati_journal","twitter_site":"@bati_journal","twitter_misc":{"\u00c9crit par":"Bati-journal","Dur\u00e9e de lecture estim\u00e9e":"1 minute"},"schema":{"@context":"https:\/\/schema.org","@graph":[{"@type":"Article","@id":"https:\/\/batijournal.com\/index.php\/la-renaissance-dune-facade-deux-siecles-plus-tard\/100905\/#article","isPartOf":{"@id":"https:\/\/batijournal.com\/index.php\/la-renaissance-dune-facade-deux-siecles-plus-tard\/100905\/"},"author":{"name":"Bati-journal","@id":"https:\/\/batijournal.com\/#\/schema\/person\/6a657e8967569e1b299972574848aa76"},"headline":"La renaissance d\u2019une fa\u00e7ade, deux si\u00e8cles plus tard","datePublished":"2018-11-19T15:21:11+00:00","dateModified":"2019-07-15T09:14:48+00:00","mainEntityOfPage":{"@id":"https:\/\/batijournal.com\/index.php\/la-renaissance-dune-facade-deux-siecles-plus-tard\/100905\/"},"wordCount":264,"image":{"@id":"https:\/\/batijournal.com\/index.php\/la-renaissance-dune-facade-deux-siecles-plus-tard\/100905\/#primaryimage"},"thumbnailUrl":"https:\/\/batijournal.com\/wp-content\/uploads\/2018\/11\/restauration-immeuble-des-Cariatides.jpg","keywords":["fa\u00e7ade"],"articleSection":["Actualit\u00e9s","Architecture &amp; Conception","zz_Atrium Patrimoine","zz_Entreprises et chantiers - AC"],"inLanguage":"fr-FR"},{"@type":"WebPage","@id":"https:\/\/batijournal.com\/index.php\/la-renaissance-dune-facade-deux-siecles-plus-tard\/100905\/","url":"https:\/\/batijournal.com\/index.php\/la-renaissance-dune-facade-deux-siecles-plus-tard\/100905\/","name":"Fa\u00e7ade : renaissance deux si\u00e8cle plus tard de l'immeuble \"des Cariatides\"","isPartOf":{"@id":"https:\/\/batijournal.com\/#website"},"primaryImageOfPage":{"@id":"https:\/\/batijournal.com\/index.php\/la-renaissance-dune-facade-deux-siecles-plus-tard\/100905\/#primaryimage"},"image":{"@id":"https:\/\/batijournal.com\/index.php\/la-renaissance-dune-facade-deux-siecles-plus-tard\/100905\/#primaryimage"},"thumbnailUrl":"https:\/\/batijournal.com\/wp-content\/uploads\/2018\/11\/restauration-immeuble-des-Cariatides.jpg","datePublished":"2018-11-19T15:21:11+00:00","dateModified":"2019-07-15T09:14:48+00:00","author":{"@id":"https:\/\/batijournal.com\/#\/schema\/person\/6a657e8967569e1b299972574848aa76"},"description":"La fa\u00e7ade de l\u2019immeuble des Cariatides a retrouv\u00e9 son panache d\u2019antan gr\u00e2ce \u00e0 la d\u00e9coratrice V\u00e9ronique Vialis et de son associ\u00e9 Philippe Montoux","breadcrumb":{"@id":"https:\/\/batijournal.com\/index.php\/la-renaissance-dune-facade-deux-siecles-plus-tard\/100905\/#breadcrumb"},"inLanguage":"fr-FR","potentialAction":[{"@type":"ReadAction","target":["https:\/\/batijournal.com\/index.php\/la-renaissance-dune-facade-deux-siecles-plus-tard\/100905\/"]}]},{"@type":"ImageObject","inLanguage":"fr-FR","@id":"https:\/\/batijournal.com\/index.php\/la-renaissance-dune-facade-deux-siecles-plus-tard\/100905\/#primaryimage","url":"https:\/\/batijournal.com\/wp-content\/uploads\/2018\/11\/restauration-immeuble-des-Cariatides.jpg","contentUrl":"https:\/\/batijournal.com\/wp-content\/uploads\/2018\/11\/restauration-immeuble-des-Cariatides.jpg","width":1500,"height":1125},{"@type":"BreadcrumbList","@id":"https:\/\/batijournal.com\/index.php\/la-renaissance-dune-facade-deux-siecles-plus-tard\/100905\/#breadcrumb","itemListElement":[{"@type":"ListItem","position":1,"name":"Accueil","item":"https:\/\/batijournal.com\/"},{"@type":"ListItem","position":2,"name":"Actualit\u00e9s","item":"https:\/\/batijournal.com\/index.php\/category\/actualites\/"},{"@type":"ListItem","position":3,"name":"La renaissance d\u2019une fa\u00e7ade, deux si\u00e8cles plus tard"}]},{"@type":"WebSite","@id":"https:\/\/batijournal.com\/#website","url":"https:\/\/batijournal.com\/","name":"Batijournal","description":"L&#039;actualit\u00e9 du b\u00e2timent","potentialAction":[{"@type":"SearchAction","target":{"@type":"EntryPoint","urlTemplate":"https:\/\/batijournal.com\/?s={search_term_string}"},"query-input":{"@type":"PropertyValueSpecification","valueRequired":true,"valueName":"search_term_string"}}],"inLanguage":"fr-FR"},{"@type":"Person","@id":"https:\/\/batijournal.com\/#\/schema\/person\/6a657e8967569e1b299972574848aa76","name":"Bati-journal","image":{"@type":"ImageObject","inLanguage":"fr-FR","@id":"https:\/\/secure.gravatar.com\/avatar\/a64364ea26392f9b4dd47e017ddaec74ff03aefc073b49e492e847201258f777?s=96&d=mm&r=g","url":"https:\/\/secure.gravatar.com\/avatar\/a64364ea26392f9b4dd47e017ddaec74ff03aefc073b49e492e847201258f777?s=96&d=mm&r=g","contentUrl":"https:\/\/secure.gravatar.com\/avatar\/a64364ea26392f9b4dd47e017ddaec74ff03aefc073b49e492e847201258f777?s=96&d=mm&r=g","caption":"Bati-journal"},"url":"https:\/\/batijournal.com\/index.php\/author\/elodie\/"}]}},"_links":{"self":[{"href":"https:\/\/batijournal.com\/index.php\/wp-json\/wp\/v2\/posts\/100905","targetHints":{"allow":["GET"]}}],"collection":[{"href":"https:\/\/batijournal.com\/index.php\/wp-json\/wp\/v2\/posts"}],"about":[{"href":"https:\/\/batijournal.com\/index.php\/wp-json\/wp\/v2\/types\/post"}],"author":[{"embeddable":true,"href":"https:\/\/batijournal.com\/index.php\/wp-json\/wp\/v2\/users\/1"}],"replies":[{"embeddable":true,"href":"https:\/\/batijournal.com\/index.php\/wp-json\/wp\/v2\/comments?post=100905"}],"version-history":[{"count":0,"href":"https:\/\/batijournal.com\/index.php\/wp-json\/wp\/v2\/posts\/100905\/revisions"}],"wp:featuredmedia":[{"embeddable":true,"href":"https:\/\/batijournal.com\/index.php\/wp-json\/wp\/v2\/media\/100907"}],"wp:attachment":[{"href":"https:\/\/batijournal.com\/index.php\/wp-json\/wp\/v2\/media?parent=100905"}],"wp:term":[{"taxonomy":"category","embeddable":true,"href":"https:\/\/batijournal.com\/index.php\/wp-json\/wp\/v2\/categories?post=100905"},{"taxonomy":"post_tag","embeddable":true,"href":"https:\/\/batijournal.com\/index.php\/wp-json\/wp\/v2\/tags?post=100905"}],"curies":[{"name":"wp","href":"https:\/\/api.w.org\/{rel}","templated":true}]}}