{"id":100919,"date":"2018-11-20T18:25:18","date_gmt":"2018-11-20T17:25:18","guid":{"rendered":"https:\/\/batijournal.com\/?p=100919"},"modified":"2019-07-15T11:14:48","modified_gmt":"2019-07-15T09:14:48","slug":"philippe-barbat-est-le-nouveau-directeur-general-des-patrimoines","status":"publish","type":"post","link":"https:\/\/batijournal.com\/index.php\/philippe-barbat-est-le-nouveau-directeur-general-des-patrimoines\/100919\/","title":{"rendered":"Philippe Barbat est le nouveau directeur g\u00e9n\u00e9ral des patrimoines"},"content":{"rendered":"<p>Philippe Barbat a \u00e9t\u00e9 nomm\u00e9 directeur g\u00e9n\u00e9ral des patrimoines du minist\u00e8re de la Culture en Conseil des ministres du 14 novembre 2018. Il\u00a0a occup\u00e9 notamment les fonctions d&rsquo;adjoint au directeur charg\u00e9 des Archives de France, o\u00f9 il a exerc\u00e9 pendant cinq ann\u00e9es et de conseiller en charge du patrimoine et de l\u2019architecture au cabinet d\u2019Aur\u00e9lie Filippetti, Ministre de la Culture et de la Communication. Il a \u00e9t\u00e9 responsable, dans ces fonctions, des secteurs de l\u2019arch\u00e9ologie, des archives, des espaces prot\u00e9g\u00e9s, des monuments historiques et des mus\u00e9es. En 2014, Fleur Pellerin, Ministre de la culture et de la communication, l\u2019a renouvel\u00e9 dans ces fonctions en y ajoutant le secteur de l\u2019architecture.\u00a0Depuis janvier 2015, il \u00e9tait directeur de l\u2019Institut national du patrimoine.<\/p>\n<p>Parmi les missions qui lui sont confi\u00e9es, Philippe Barbat aura notamment la charge de proposer au ministre de la Culture de nouvelles ambitions pour les politiques patrimoniales.<\/p>\n<p>Philippe Barbat succ\u00e8de \u00e0 Vincent Berjot, dont le Ministre salue l\u2019action men\u00e9e depuis 2012 \u00e0 la t\u00eate de la direction g\u00e9n\u00e9rale des patrimoines, ainsi que celle de Jean-Michel Loyer-Hasco\u00ebt, chef du service du patrimoine, qui en a assur\u00e9 l\u2019int\u00e9rim depuis juillet 2018.<\/p>\n","protected":false},"excerpt":{"rendered":"<p>Philippe Barbat a \u00e9t\u00e9 nomm\u00e9 directeur g\u00e9n\u00e9ral des patrimoines du minist\u00e8re de la Culture en Conseil des ministres du 14 novembre 2018. Il\u00a0a occup\u00e9 notamment les fonctions d&rsquo;adjoint au directeur charg\u00e9 des Archives de France, o\u00f9 il a exerc\u00e9 pendant cinq ann\u00e9es et de conseiller en charge du patrimoine et de l\u2019architecture au cabinet d\u2019Aur\u00e9lie [&hellip;]<\/p>\n","protected":false},"author":17,"featured_media":93814,"comment_status":"closed","ping_status":"closed","sticky":false,"template":"","format":"standard","meta":{"_et_pb_use_builder":"","_et_pb_old_content":"","_et_gb_content_width":"","footnotes":""},"categories":[10530,6340,10785],"tags":[11042],"class_list":["post-100919","post","type-post","status-publish","format-standard","has-post-thumbnail","hentry","category-actualites","category-architecture-conception","category-atrium","tag-patrimoine"],"yoast_head":"<!-- This site is optimized with the Yoast SEO plugin v27.4 - https:\/\/yoast.com\/product\/yoast-seo-wordpress\/ -->\n<title>Philippe Barbat est le nouveau directeur g\u00e9n\u00e9ral des patrimoines<\/title>\n<meta name=\"description\" content=\"Philippe Barbat a \u00e9t\u00e9 nomm\u00e9 directeur g\u00e9n\u00e9ral des patrimoines du minist\u00e8re de la Culture en Conseil des ministres du 14 novembre 2018\" \/>\n<meta name=\"robots\" content=\"index, follow, max-snippet:-1, max-image-preview:large, max-video-preview:-1\" \/>\n<link rel=\"canonical\" href=\"https:\/\/batijournal.com\/index.php\/philippe-barbat-est-le-nouveau-directeur-general-des-patrimoines\/100919\/\" \/>\n<meta property=\"og:locale\" content=\"fr_FR\" \/>\n<meta property=\"og:type\" content=\"article\" \/>\n<meta property=\"og:title\" content=\"Philippe Barbat est le nouveau directeur g\u00e9n\u00e9ral des patrimoines\" \/>\n<meta property=\"og:description\" content=\"Philippe Barbat a \u00e9t\u00e9 nomm\u00e9 directeur g\u00e9n\u00e9ral des patrimoines du minist\u00e8re de la Culture en Conseil des ministres du 14 novembre 2018\" \/>\n<meta property=\"og:url\" content=\"https:\/\/batijournal.com\/index.php\/philippe-barbat-est-le-nouveau-directeur-general-des-patrimoines\/100919\/\" \/>\n<meta property=\"og:site_name\" content=\"Batijournal\" \/>\n<meta property=\"article:published_time\" content=\"2018-11-20T17:25:18+00:00\" \/>\n<meta property=\"article:modified_time\" content=\"2019-07-15T09:14:48+00:00\" \/>\n<meta property=\"og:image\" content=\"https:\/\/batijournal.com\/wp-content\/uploads\/2016\/09\/patrimoine-2017.jpg\" \/>\n\t<meta property=\"og:image:width\" content=\"1000\" \/>\n\t<meta property=\"og:image:height\" content=\"691\" \/>\n\t<meta property=\"og:image:type\" content=\"image\/jpeg\" \/>\n<meta name=\"author\" content=\"St\u00e9phane Miget\" \/>\n<meta name=\"twitter:card\" content=\"summary_large_image\" \/>\n<meta name=\"twitter:creator\" content=\"@bati_journal\" \/>\n<meta name=\"twitter:site\" content=\"@bati_journal\" \/>\n<meta name=\"twitter:label1\" content=\"\u00c9crit par\" \/>\n\t<meta name=\"twitter:data1\" content=\"St\u00e9phane Miget\" \/>\n\t<meta name=\"twitter:label2\" content=\"Dur\u00e9e de lecture estim\u00e9e\" \/>\n\t<meta name=\"twitter:data2\" content=\"1 minute\" \/>\n<script type=\"application\/ld+json\" class=\"yoast-schema-graph\">{\"@context\":\"https:\\\/\\\/schema.org\",\"@graph\":[{\"@type\":\"Article\",\"@id\":\"https:\\\/\\\/batijournal.com\\\/index.php\\\/philippe-barbat-est-le-nouveau-directeur-general-des-patrimoines\\\/100919\\\/#article\",\"isPartOf\":{\"@id\":\"https:\\\/\\\/batijournal.com\\\/index.php\\\/philippe-barbat-est-le-nouveau-directeur-general-des-patrimoines\\\/100919\\\/\"},\"author\":{\"name\":\"St\u00e9phane Miget\",\"@id\":\"https:\\\/\\\/batijournal.com\\\/#\\\/schema\\\/person\\\/1dc96ec6957aa1ccb25ebe78bb19f100\"},\"headline\":\"Philippe Barbat est le nouveau directeur g\u00e9n\u00e9ral des patrimoines\",\"datePublished\":\"2018-11-20T17:25:18+00:00\",\"dateModified\":\"2019-07-15T09:14:48+00:00\",\"mainEntityOfPage\":{\"@id\":\"https:\\\/\\\/batijournal.com\\\/index.php\\\/philippe-barbat-est-le-nouveau-directeur-general-des-patrimoines\\\/100919\\\/\"},\"wordCount\":220,\"image\":{\"@id\":\"https:\\\/\\\/batijournal.com\\\/index.php\\\/philippe-barbat-est-le-nouveau-directeur-general-des-patrimoines\\\/100919\\\/#primaryimage\"},\"thumbnailUrl\":\"https:\\\/\\\/batijournal.com\\\/wp-content\\\/uploads\\\/2016\\\/09\\\/patrimoine-2017.jpg\",\"keywords\":[\"patrimoine\"],\"articleSection\":[\"Actualit\u00e9s\",\"Architecture &amp; Conception\",\"zz_Atrium Patrimoine\"],\"inLanguage\":\"fr-FR\"},{\"@type\":\"WebPage\",\"@id\":\"https:\\\/\\\/batijournal.com\\\/index.php\\\/philippe-barbat-est-le-nouveau-directeur-general-des-patrimoines\\\/100919\\\/\",\"url\":\"https:\\\/\\\/batijournal.com\\\/index.php\\\/philippe-barbat-est-le-nouveau-directeur-general-des-patrimoines\\\/100919\\\/\",\"name\":\"Philippe Barbat est le nouveau directeur g\u00e9n\u00e9ral des patrimoines\",\"isPartOf\":{\"@id\":\"https:\\\/\\\/batijournal.com\\\/#website\"},\"primaryImageOfPage\":{\"@id\":\"https:\\\/\\\/batijournal.com\\\/index.php\\\/philippe-barbat-est-le-nouveau-directeur-general-des-patrimoines\\\/100919\\\/#primaryimage\"},\"image\":{\"@id\":\"https:\\\/\\\/batijournal.com\\\/index.php\\\/philippe-barbat-est-le-nouveau-directeur-general-des-patrimoines\\\/100919\\\/#primaryimage\"},\"thumbnailUrl\":\"https:\\\/\\\/batijournal.com\\\/wp-content\\\/uploads\\\/2016\\\/09\\\/patrimoine-2017.jpg\",\"datePublished\":\"2018-11-20T17:25:18+00:00\",\"dateModified\":\"2019-07-15T09:14:48+00:00\",\"author\":{\"@id\":\"https:\\\/\\\/batijournal.com\\\/#\\\/schema\\\/person\\\/1dc96ec6957aa1ccb25ebe78bb19f100\"},\"description\":\"Philippe Barbat a \u00e9t\u00e9 nomm\u00e9 directeur g\u00e9n\u00e9ral des patrimoines du minist\u00e8re de la Culture en Conseil des ministres du 14 novembre 2018\",\"breadcrumb\":{\"@id\":\"https:\\\/\\\/batijournal.com\\\/index.php\\\/philippe-barbat-est-le-nouveau-directeur-general-des-patrimoines\\\/100919\\\/#breadcrumb\"},\"inLanguage\":\"fr-FR\",\"potentialAction\":[{\"@type\":\"ReadAction\",\"target\":[\"https:\\\/\\\/batijournal.com\\\/index.php\\\/philippe-barbat-est-le-nouveau-directeur-general-des-patrimoines\\\/100919\\\/\"]}]},{\"@type\":\"ImageObject\",\"inLanguage\":\"fr-FR\",\"@id\":\"https:\\\/\\\/batijournal.com\\\/index.php\\\/philippe-barbat-est-le-nouveau-directeur-general-des-patrimoines\\\/100919\\\/#primaryimage\",\"url\":\"https:\\\/\\\/batijournal.com\\\/wp-content\\\/uploads\\\/2016\\\/09\\\/patrimoine-2017.jpg\",\"contentUrl\":\"https:\\\/\\\/batijournal.com\\\/wp-content\\\/uploads\\\/2016\\\/09\\\/patrimoine-2017.jpg\",\"width\":1000,\"height\":691,\"caption\":\"chiffres-de-la-culture-2018\"},{\"@type\":\"BreadcrumbList\",\"@id\":\"https:\\\/\\\/batijournal.com\\\/index.php\\\/philippe-barbat-est-le-nouveau-directeur-general-des-patrimoines\\\/100919\\\/#breadcrumb\",\"itemListElement\":[{\"@type\":\"ListItem\",\"position\":1,\"name\":\"Accueil\",\"item\":\"https:\\\/\\\/batijournal.com\\\/\"},{\"@type\":\"ListItem\",\"position\":2,\"name\":\"Actualit\u00e9s\",\"item\":\"https:\\\/\\\/batijournal.com\\\/index.php\\\/category\\\/actualites\\\/\"},{\"@type\":\"ListItem\",\"position\":3,\"name\":\"Philippe Barbat est le nouveau directeur g\u00e9n\u00e9ral des patrimoines\"}]},{\"@type\":\"WebSite\",\"@id\":\"https:\\\/\\\/batijournal.com\\\/#website\",\"url\":\"https:\\\/\\\/batijournal.com\\\/\",\"name\":\"Batijournal\",\"description\":\"L&#039;actualit\u00e9 du b\u00e2timent\",\"potentialAction\":[{\"@type\":\"SearchAction\",\"target\":{\"@type\":\"EntryPoint\",\"urlTemplate\":\"https:\\\/\\\/batijournal.com\\\/?s={search_term_string}\"},\"query-input\":{\"@type\":\"PropertyValueSpecification\",\"valueRequired\":true,\"valueName\":\"search_term_string\"}}],\"inLanguage\":\"fr-FR\"},{\"@type\":\"Person\",\"@id\":\"https:\\\/\\\/batijournal.com\\\/#\\\/schema\\\/person\\\/1dc96ec6957aa1ccb25ebe78bb19f100\",\"name\":\"St\u00e9phane Miget\",\"image\":{\"@type\":\"ImageObject\",\"inLanguage\":\"fr-FR\",\"@id\":\"https:\\\/\\\/secure.gravatar.com\\\/avatar\\\/89915563d925342126b8ef0281b93d9d7fc337043e8df017f780908eb9644451?s=96&d=mm&r=g\",\"url\":\"https:\\\/\\\/secure.gravatar.com\\\/avatar\\\/89915563d925342126b8ef0281b93d9d7fc337043e8df017f780908eb9644451?s=96&d=mm&r=g\",\"contentUrl\":\"https:\\\/\\\/secure.gravatar.com\\\/avatar\\\/89915563d925342126b8ef0281b93d9d7fc337043e8df017f780908eb9644451?s=96&d=mm&r=g\",\"caption\":\"St\u00e9phane Miget\"},\"url\":\"https:\\\/\\\/batijournal.com\\\/index.php\\\/author\\\/stephane\\\/\"}]}<\/script>\n<!-- \/ Yoast SEO plugin. -->","yoast_head_json":{"title":"Philippe Barbat est le nouveau directeur g\u00e9n\u00e9ral des patrimoines","description":"Philippe Barbat a \u00e9t\u00e9 nomm\u00e9 directeur g\u00e9n\u00e9ral des patrimoines du minist\u00e8re de la Culture en Conseil des ministres du 14 novembre 2018","robots":{"index":"index","follow":"follow","max-snippet":"max-snippet:-1","max-image-preview":"max-image-preview:large","max-video-preview":"max-video-preview:-1"},"canonical":"https:\/\/batijournal.com\/index.php\/philippe-barbat-est-le-nouveau-directeur-general-des-patrimoines\/100919\/","og_locale":"fr_FR","og_type":"article","og_title":"Philippe Barbat est le nouveau directeur g\u00e9n\u00e9ral des patrimoines","og_description":"Philippe Barbat a \u00e9t\u00e9 nomm\u00e9 directeur g\u00e9n\u00e9ral des patrimoines du minist\u00e8re de la Culture en Conseil des ministres du 14 novembre 2018","og_url":"https:\/\/batijournal.com\/index.php\/philippe-barbat-est-le-nouveau-directeur-general-des-patrimoines\/100919\/","og_site_name":"Batijournal","article_published_time":"2018-11-20T17:25:18+00:00","article_modified_time":"2019-07-15T09:14:48+00:00","og_image":[{"width":1000,"height":691,"url":"https:\/\/batijournal.com\/wp-content\/uploads\/2016\/09\/patrimoine-2017.jpg","type":"image\/jpeg"}],"author":"St\u00e9phane Miget","twitter_card":"summary_large_image","twitter_creator":"@bati_journal","twitter_site":"@bati_journal","twitter_misc":{"\u00c9crit par":"St\u00e9phane Miget","Dur\u00e9e de lecture estim\u00e9e":"1 minute"},"schema":{"@context":"https:\/\/schema.org","@graph":[{"@type":"Article","@id":"https:\/\/batijournal.com\/index.php\/philippe-barbat-est-le-nouveau-directeur-general-des-patrimoines\/100919\/#article","isPartOf":{"@id":"https:\/\/batijournal.com\/index.php\/philippe-barbat-est-le-nouveau-directeur-general-des-patrimoines\/100919\/"},"author":{"name":"St\u00e9phane Miget","@id":"https:\/\/batijournal.com\/#\/schema\/person\/1dc96ec6957aa1ccb25ebe78bb19f100"},"headline":"Philippe Barbat est le nouveau directeur g\u00e9n\u00e9ral des patrimoines","datePublished":"2018-11-20T17:25:18+00:00","dateModified":"2019-07-15T09:14:48+00:00","mainEntityOfPage":{"@id":"https:\/\/batijournal.com\/index.php\/philippe-barbat-est-le-nouveau-directeur-general-des-patrimoines\/100919\/"},"wordCount":220,"image":{"@id":"https:\/\/batijournal.com\/index.php\/philippe-barbat-est-le-nouveau-directeur-general-des-patrimoines\/100919\/#primaryimage"},"thumbnailUrl":"https:\/\/batijournal.com\/wp-content\/uploads\/2016\/09\/patrimoine-2017.jpg","keywords":["patrimoine"],"articleSection":["Actualit\u00e9s","Architecture &amp; Conception","zz_Atrium Patrimoine"],"inLanguage":"fr-FR"},{"@type":"WebPage","@id":"https:\/\/batijournal.com\/index.php\/philippe-barbat-est-le-nouveau-directeur-general-des-patrimoines\/100919\/","url":"https:\/\/batijournal.com\/index.php\/philippe-barbat-est-le-nouveau-directeur-general-des-patrimoines\/100919\/","name":"Philippe Barbat est le nouveau directeur g\u00e9n\u00e9ral des patrimoines","isPartOf":{"@id":"https:\/\/batijournal.com\/#website"},"primaryImageOfPage":{"@id":"https:\/\/batijournal.com\/index.php\/philippe-barbat-est-le-nouveau-directeur-general-des-patrimoines\/100919\/#primaryimage"},"image":{"@id":"https:\/\/batijournal.com\/index.php\/philippe-barbat-est-le-nouveau-directeur-general-des-patrimoines\/100919\/#primaryimage"},"thumbnailUrl":"https:\/\/batijournal.com\/wp-content\/uploads\/2016\/09\/patrimoine-2017.jpg","datePublished":"2018-11-20T17:25:18+00:00","dateModified":"2019-07-15T09:14:48+00:00","author":{"@id":"https:\/\/batijournal.com\/#\/schema\/person\/1dc96ec6957aa1ccb25ebe78bb19f100"},"description":"Philippe Barbat a \u00e9t\u00e9 nomm\u00e9 directeur g\u00e9n\u00e9ral des patrimoines du minist\u00e8re de la Culture en Conseil des ministres du 14 novembre 2018","breadcrumb":{"@id":"https:\/\/batijournal.com\/index.php\/philippe-barbat-est-le-nouveau-directeur-general-des-patrimoines\/100919\/#breadcrumb"},"inLanguage":"fr-FR","potentialAction":[{"@type":"ReadAction","target":["https:\/\/batijournal.com\/index.php\/philippe-barbat-est-le-nouveau-directeur-general-des-patrimoines\/100919\/"]}]},{"@type":"ImageObject","inLanguage":"fr-FR","@id":"https:\/\/batijournal.com\/index.php\/philippe-barbat-est-le-nouveau-directeur-general-des-patrimoines\/100919\/#primaryimage","url":"https:\/\/batijournal.com\/wp-content\/uploads\/2016\/09\/patrimoine-2017.jpg","contentUrl":"https:\/\/batijournal.com\/wp-content\/uploads\/2016\/09\/patrimoine-2017.jpg","width":1000,"height":691,"caption":"chiffres-de-la-culture-2018"},{"@type":"BreadcrumbList","@id":"https:\/\/batijournal.com\/index.php\/philippe-barbat-est-le-nouveau-directeur-general-des-patrimoines\/100919\/#breadcrumb","itemListElement":[{"@type":"ListItem","position":1,"name":"Accueil","item":"https:\/\/batijournal.com\/"},{"@type":"ListItem","position":2,"name":"Actualit\u00e9s","item":"https:\/\/batijournal.com\/index.php\/category\/actualites\/"},{"@type":"ListItem","position":3,"name":"Philippe Barbat est le nouveau directeur g\u00e9n\u00e9ral des patrimoines"}]},{"@type":"WebSite","@id":"https:\/\/batijournal.com\/#website","url":"https:\/\/batijournal.com\/","name":"Batijournal","description":"L&#039;actualit\u00e9 du b\u00e2timent","potentialAction":[{"@type":"SearchAction","target":{"@type":"EntryPoint","urlTemplate":"https:\/\/batijournal.com\/?s={search_term_string}"},"query-input":{"@type":"PropertyValueSpecification","valueRequired":true,"valueName":"search_term_string"}}],"inLanguage":"fr-FR"},{"@type":"Person","@id":"https:\/\/batijournal.com\/#\/schema\/person\/1dc96ec6957aa1ccb25ebe78bb19f100","name":"St\u00e9phane Miget","image":{"@type":"ImageObject","inLanguage":"fr-FR","@id":"https:\/\/secure.gravatar.com\/avatar\/89915563d925342126b8ef0281b93d9d7fc337043e8df017f780908eb9644451?s=96&d=mm&r=g","url":"https:\/\/secure.gravatar.com\/avatar\/89915563d925342126b8ef0281b93d9d7fc337043e8df017f780908eb9644451?s=96&d=mm&r=g","contentUrl":"https:\/\/secure.gravatar.com\/avatar\/89915563d925342126b8ef0281b93d9d7fc337043e8df017f780908eb9644451?s=96&d=mm&r=g","caption":"St\u00e9phane Miget"},"url":"https:\/\/batijournal.com\/index.php\/author\/stephane\/"}]}},"_links":{"self":[{"href":"https:\/\/batijournal.com\/index.php\/wp-json\/wp\/v2\/posts\/100919","targetHints":{"allow":["GET"]}}],"collection":[{"href":"https:\/\/batijournal.com\/index.php\/wp-json\/wp\/v2\/posts"}],"about":[{"href":"https:\/\/batijournal.com\/index.php\/wp-json\/wp\/v2\/types\/post"}],"author":[{"embeddable":true,"href":"https:\/\/batijournal.com\/index.php\/wp-json\/wp\/v2\/users\/17"}],"replies":[{"embeddable":true,"href":"https:\/\/batijournal.com\/index.php\/wp-json\/wp\/v2\/comments?post=100919"}],"version-history":[{"count":0,"href":"https:\/\/batijournal.com\/index.php\/wp-json\/wp\/v2\/posts\/100919\/revisions"}],"wp:featuredmedia":[{"embeddable":true,"href":"https:\/\/batijournal.com\/index.php\/wp-json\/wp\/v2\/media\/93814"}],"wp:attachment":[{"href":"https:\/\/batijournal.com\/index.php\/wp-json\/wp\/v2\/media?parent=100919"}],"wp:term":[{"taxonomy":"category","embeddable":true,"href":"https:\/\/batijournal.com\/index.php\/wp-json\/wp\/v2\/categories?post=100919"},{"taxonomy":"post_tag","embeddable":true,"href":"https:\/\/batijournal.com\/index.php\/wp-json\/wp\/v2\/tags?post=100919"}],"curies":[{"name":"wp","href":"https:\/\/api.w.org\/{rel}","templated":true}]}}