{"id":100961,"date":"2018-11-28T11:06:27","date_gmt":"2018-11-28T10:06:27","guid":{"rendered":"https:\/\/batijournal.com\/?p=100961"},"modified":"2019-07-15T11:14:47","modified_gmt":"2019-07-15T09:14:47","slug":"labbaye-de-maubuisson-au-croisement-entre-la-production-artistique-et-lentrepreneuriat-culturel","status":"publish","type":"post","link":"https:\/\/batijournal.com\/index.php\/labbaye-de-maubuisson-au-croisement-entre-la-production-artistique-et-lentrepreneuriat-culturel\/100961\/","title":{"rendered":"L\u2019abbaye de Maubuisson, au croisement entre la production artistique et l\u2019entrepreneuriat culturel"},"content":{"rendered":"<p>D\u00e9di\u00e9e \u00e0 l\u2019art contemporain, l\u2019abbaye de Maubuisson produit depuis 2004 de grandes expositions monographiques en prise directe avec le lieu. Les artistes invit\u00e9s sont choisis pour leur capacit\u00e9 \u00e0 interroger un espace beaucoup plus complexe que sa seule identit\u00e9 patrimoniale. L\u2019abbaye d\u00e9veloppe son projet de production et de m\u00e9diation autour des trois axes qui structurent son identit\u00e9 : cr\u00e9ation contemporaine, patrimoine et environnement naturel.<\/p>\n<p>Maubuisson est une ancienne abbaye cistercienne de femmes, fond\u00e9e en 1236 par la reine Blanche de Castille. Dans un parc de 10 hectares, les b\u00e2timents subsistants du XIIIe si\u00e8cle sont class\u00e9s \u00ab\u00a0Monuments historiques\u00a0\u00bb.<\/p>\n<p>Aujourd&rsquo;hui s&rsquo;ouvre une nouvelle \u00e9tape pour le site. R\u00e9interrogeant la vocation de l\u2019abbaye, le Conseil d\u00e9partemental du Val d\u2019Oise veut \u00e9crire un nouveau chapitre de l\u2019histoire de ce lieu en confortant l\u2019existant et en ajoutant au volet culturel une dimension \u00e9conomique et entrepreneuriale, plus proche de ses objectifs de d\u00e9veloppement. Maubuisson va devenir un site patrimonial unique o\u00f9 vont se c\u00f4toyer artistes, cr\u00e9ateurs de talents et entreprises \u00e9mergentes en lien avec la CACP (Communaut\u00e9 d\u2019agglom\u00e9ration de Cergy-Pontoise) et les diff\u00e9rents partenaires acad\u00e9miques et universitaires du territoire (ENSAPC, ESSEC, Universit\u00e9 de Cergy- Pontoise, Institut de la Cr\u00e9ation-Paris-Seine\u2026). Maubuisson sera un lieu d\u2019accueil tant pour des artistes que de jeunes entreprises innovantes, un site incubateur sp\u00e9cialis\u00e9,au croisement entre la production artistique et l\u2019entrepreneuriat culturel.<\/p>\n<p>L\u2019abbaye se d\u00e9finit ainsi comme un lieu unique, propre \u00e0 susciter des d\u00e9marches d\u2019appropriation et une transformation des lieux, renouvel\u00e9e \u00e0 chaque exposition. Elle est un lieu historique et esth\u00e9tique, fort d\u2019un pass\u00e9 religieux de plus de 500 ans.<br \/>\nRiche de ses manques (amputations des 3\/4 des b\u00e2timents \u00e0 la fin du XVIIIe si\u00e8cle), de ses mutations urbaines et architecturales (restauration dans les ann\u00e9es 80) et de ses diverses transformations, c\u2019est un site complexe qui s\u2019est transform\u00e9 \u00e0 travers les si\u00e8cles et les d\u00e9cennies et qui se tourne aujourd\u2019hui vers l\u2019avenir.<\/p>\n<p>D\u00e9but 2019, un incubateur pour des start-up innovantes sp\u00e9cialis\u00e9es en art, culture et patrimoine ; un espace co-working; un espace d\u2019exp\u00e9rimentation pour les artistes de 85 m\u00b2 ; un fonds documentaire ax\u00e9 \u00ab\u00a0art et entrepreneuriat\u00a0\u00bb ; des ateliers et des r\u00e9sidences pour artistes se d\u00e9ploieront au 1er \u00e9tage de l\u2019abbaye (700 m\u00b2).<\/p>\n<p>Photo : abbaye de Maubuisson, c\u00f4t\u00e9 salle du chapitre<\/p>\n<p><em> \u00a9 photo Catherine Brossais &#8211; Conseil d\u00e9partemental du Val d&rsquo;Oise, 2015<\/em><\/p>\n<p>&nbsp;<\/p>\n","protected":false},"excerpt":{"rendered":"<p>D\u00e9di\u00e9e \u00e0 l\u2019art contemporain, l\u2019abbaye de Maubuisson produit depuis 2004 de grandes expositions monographiques en prise directe avec le lieu. Les artistes invit\u00e9s sont choisis pour leur capacit\u00e9 \u00e0 interroger un espace beaucoup plus complexe que sa seule identit\u00e9 patrimoniale. L\u2019abbaye d\u00e9veloppe son projet de production et de m\u00e9diation autour des trois axes qui structurent [&hellip;]<\/p>\n","protected":false},"author":17,"featured_media":100962,"comment_status":"closed","ping_status":"closed","sticky":false,"template":"","format":"standard","meta":{"_et_pb_use_builder":"","_et_pb_old_content":"","_et_gb_content_width":"","footnotes":""},"categories":[10530,6340],"tags":[],"class_list":["post-100961","post","type-post","status-publish","format-standard","has-post-thumbnail","hentry","category-actualites","category-architecture-conception"],"yoast_head":"<!-- This site is optimized with the Yoast SEO plugin v27.4 - https:\/\/yoast.com\/product\/yoast-seo-wordpress\/ -->\n<title>L\u2019abbaye de Maubuisson, au croisement entre la production artistique et l\u2019entrepreneuriat culturel<\/title>\n<meta name=\"description\" content=\"D\u00e9di\u00e9e \u00e0 l\u2019art contemporain, l\u2019abbaye de Maubuisson produit depuis 2004 de grandes expositions monographiques en prise directe avec le lieu\" \/>\n<meta name=\"robots\" content=\"index, follow, max-snippet:-1, max-image-preview:large, max-video-preview:-1\" \/>\n<link rel=\"canonical\" href=\"https:\/\/batijournal.com\/index.php\/labbaye-de-maubuisson-au-croisement-entre-la-production-artistique-et-lentrepreneuriat-culturel\/100961\/\" \/>\n<meta property=\"og:locale\" content=\"fr_FR\" \/>\n<meta property=\"og:type\" content=\"article\" \/>\n<meta property=\"og:title\" content=\"L\u2019abbaye de Maubuisson, au croisement entre la production artistique et l\u2019entrepreneuriat culturel\" \/>\n<meta property=\"og:description\" content=\"D\u00e9di\u00e9e \u00e0 l\u2019art contemporain, l\u2019abbaye de Maubuisson produit depuis 2004 de grandes expositions monographiques en prise directe avec le lieu\" \/>\n<meta property=\"og:url\" content=\"https:\/\/batijournal.com\/index.php\/labbaye-de-maubuisson-au-croisement-entre-la-production-artistique-et-lentrepreneuriat-culturel\/100961\/\" \/>\n<meta property=\"og:site_name\" content=\"Batijournal\" \/>\n<meta property=\"article:published_time\" content=\"2018-11-28T10:06:27+00:00\" \/>\n<meta property=\"article:modified_time\" content=\"2019-07-15T09:14:47+00:00\" \/>\n<meta property=\"og:image\" content=\"https:\/\/batijournal.com\/wp-content\/uploads\/2018\/11\/maubuisson-salle-chapitre.jpg\" \/>\n\t<meta property=\"og:image:width\" content=\"660\" \/>\n\t<meta property=\"og:image:height\" content=\"440\" \/>\n\t<meta property=\"og:image:type\" content=\"image\/jpeg\" \/>\n<meta name=\"author\" content=\"St\u00e9phane Miget\" \/>\n<meta name=\"twitter:card\" content=\"summary_large_image\" \/>\n<meta name=\"twitter:creator\" content=\"@bati_journal\" \/>\n<meta name=\"twitter:site\" content=\"@bati_journal\" \/>\n<meta name=\"twitter:label1\" content=\"\u00c9crit par\" \/>\n\t<meta name=\"twitter:data1\" content=\"St\u00e9phane Miget\" \/>\n\t<meta name=\"twitter:label2\" content=\"Dur\u00e9e de lecture estim\u00e9e\" \/>\n\t<meta name=\"twitter:data2\" content=\"2 minutes\" \/>\n<script type=\"application\/ld+json\" class=\"yoast-schema-graph\">{\"@context\":\"https:\\\/\\\/schema.org\",\"@graph\":[{\"@type\":\"Article\",\"@id\":\"https:\\\/\\\/batijournal.com\\\/index.php\\\/labbaye-de-maubuisson-au-croisement-entre-la-production-artistique-et-lentrepreneuriat-culturel\\\/100961\\\/#article\",\"isPartOf\":{\"@id\":\"https:\\\/\\\/batijournal.com\\\/index.php\\\/labbaye-de-maubuisson-au-croisement-entre-la-production-artistique-et-lentrepreneuriat-culturel\\\/100961\\\/\"},\"author\":{\"name\":\"St\u00e9phane Miget\",\"@id\":\"https:\\\/\\\/batijournal.com\\\/#\\\/schema\\\/person\\\/1dc96ec6957aa1ccb25ebe78bb19f100\"},\"headline\":\"L\u2019abbaye de Maubuisson, au croisement entre la production artistique et l\u2019entrepreneuriat culturel\",\"datePublished\":\"2018-11-28T10:06:27+00:00\",\"dateModified\":\"2019-07-15T09:14:47+00:00\",\"mainEntityOfPage\":{\"@id\":\"https:\\\/\\\/batijournal.com\\\/index.php\\\/labbaye-de-maubuisson-au-croisement-entre-la-production-artistique-et-lentrepreneuriat-culturel\\\/100961\\\/\"},\"wordCount\":435,\"image\":{\"@id\":\"https:\\\/\\\/batijournal.com\\\/index.php\\\/labbaye-de-maubuisson-au-croisement-entre-la-production-artistique-et-lentrepreneuriat-culturel\\\/100961\\\/#primaryimage\"},\"thumbnailUrl\":\"https:\\\/\\\/batijournal.com\\\/wp-content\\\/uploads\\\/2018\\\/11\\\/maubuisson-salle-chapitre.jpg\",\"articleSection\":[\"Actualit\u00e9s\",\"Architecture &amp; Conception\"],\"inLanguage\":\"fr-FR\"},{\"@type\":\"WebPage\",\"@id\":\"https:\\\/\\\/batijournal.com\\\/index.php\\\/labbaye-de-maubuisson-au-croisement-entre-la-production-artistique-et-lentrepreneuriat-culturel\\\/100961\\\/\",\"url\":\"https:\\\/\\\/batijournal.com\\\/index.php\\\/labbaye-de-maubuisson-au-croisement-entre-la-production-artistique-et-lentrepreneuriat-culturel\\\/100961\\\/\",\"name\":\"L\u2019abbaye de Maubuisson, au croisement entre la production artistique et l\u2019entrepreneuriat culturel\",\"isPartOf\":{\"@id\":\"https:\\\/\\\/batijournal.com\\\/#website\"},\"primaryImageOfPage\":{\"@id\":\"https:\\\/\\\/batijournal.com\\\/index.php\\\/labbaye-de-maubuisson-au-croisement-entre-la-production-artistique-et-lentrepreneuriat-culturel\\\/100961\\\/#primaryimage\"},\"image\":{\"@id\":\"https:\\\/\\\/batijournal.com\\\/index.php\\\/labbaye-de-maubuisson-au-croisement-entre-la-production-artistique-et-lentrepreneuriat-culturel\\\/100961\\\/#primaryimage\"},\"thumbnailUrl\":\"https:\\\/\\\/batijournal.com\\\/wp-content\\\/uploads\\\/2018\\\/11\\\/maubuisson-salle-chapitre.jpg\",\"datePublished\":\"2018-11-28T10:06:27+00:00\",\"dateModified\":\"2019-07-15T09:14:47+00:00\",\"author\":{\"@id\":\"https:\\\/\\\/batijournal.com\\\/#\\\/schema\\\/person\\\/1dc96ec6957aa1ccb25ebe78bb19f100\"},\"description\":\"D\u00e9di\u00e9e \u00e0 l\u2019art contemporain, l\u2019abbaye de Maubuisson produit depuis 2004 de grandes expositions monographiques en prise directe avec le lieu\",\"breadcrumb\":{\"@id\":\"https:\\\/\\\/batijournal.com\\\/index.php\\\/labbaye-de-maubuisson-au-croisement-entre-la-production-artistique-et-lentrepreneuriat-culturel\\\/100961\\\/#breadcrumb\"},\"inLanguage\":\"fr-FR\",\"potentialAction\":[{\"@type\":\"ReadAction\",\"target\":[\"https:\\\/\\\/batijournal.com\\\/index.php\\\/labbaye-de-maubuisson-au-croisement-entre-la-production-artistique-et-lentrepreneuriat-culturel\\\/100961\\\/\"]}]},{\"@type\":\"ImageObject\",\"inLanguage\":\"fr-FR\",\"@id\":\"https:\\\/\\\/batijournal.com\\\/index.php\\\/labbaye-de-maubuisson-au-croisement-entre-la-production-artistique-et-lentrepreneuriat-culturel\\\/100961\\\/#primaryimage\",\"url\":\"https:\\\/\\\/batijournal.com\\\/wp-content\\\/uploads\\\/2018\\\/11\\\/maubuisson-salle-chapitre.jpg\",\"contentUrl\":\"https:\\\/\\\/batijournal.com\\\/wp-content\\\/uploads\\\/2018\\\/11\\\/maubuisson-salle-chapitre.jpg\",\"width\":660,\"height\":440},{\"@type\":\"BreadcrumbList\",\"@id\":\"https:\\\/\\\/batijournal.com\\\/index.php\\\/labbaye-de-maubuisson-au-croisement-entre-la-production-artistique-et-lentrepreneuriat-culturel\\\/100961\\\/#breadcrumb\",\"itemListElement\":[{\"@type\":\"ListItem\",\"position\":1,\"name\":\"Accueil\",\"item\":\"https:\\\/\\\/batijournal.com\\\/\"},{\"@type\":\"ListItem\",\"position\":2,\"name\":\"Actualit\u00e9s\",\"item\":\"https:\\\/\\\/batijournal.com\\\/index.php\\\/category\\\/actualites\\\/\"},{\"@type\":\"ListItem\",\"position\":3,\"name\":\"L\u2019abbaye de Maubuisson, au croisement entre la production artistique et l\u2019entrepreneuriat culturel\"}]},{\"@type\":\"WebSite\",\"@id\":\"https:\\\/\\\/batijournal.com\\\/#website\",\"url\":\"https:\\\/\\\/batijournal.com\\\/\",\"name\":\"Batijournal\",\"description\":\"L&#039;actualit\u00e9 du b\u00e2timent\",\"potentialAction\":[{\"@type\":\"SearchAction\",\"target\":{\"@type\":\"EntryPoint\",\"urlTemplate\":\"https:\\\/\\\/batijournal.com\\\/?s={search_term_string}\"},\"query-input\":{\"@type\":\"PropertyValueSpecification\",\"valueRequired\":true,\"valueName\":\"search_term_string\"}}],\"inLanguage\":\"fr-FR\"},{\"@type\":\"Person\",\"@id\":\"https:\\\/\\\/batijournal.com\\\/#\\\/schema\\\/person\\\/1dc96ec6957aa1ccb25ebe78bb19f100\",\"name\":\"St\u00e9phane Miget\",\"image\":{\"@type\":\"ImageObject\",\"inLanguage\":\"fr-FR\",\"@id\":\"https:\\\/\\\/secure.gravatar.com\\\/avatar\\\/89915563d925342126b8ef0281b93d9d7fc337043e8df017f780908eb9644451?s=96&d=mm&r=g\",\"url\":\"https:\\\/\\\/secure.gravatar.com\\\/avatar\\\/89915563d925342126b8ef0281b93d9d7fc337043e8df017f780908eb9644451?s=96&d=mm&r=g\",\"contentUrl\":\"https:\\\/\\\/secure.gravatar.com\\\/avatar\\\/89915563d925342126b8ef0281b93d9d7fc337043e8df017f780908eb9644451?s=96&d=mm&r=g\",\"caption\":\"St\u00e9phane Miget\"},\"url\":\"https:\\\/\\\/batijournal.com\\\/index.php\\\/author\\\/stephane\\\/\"}]}<\/script>\n<!-- \/ Yoast SEO plugin. -->","yoast_head_json":{"title":"L\u2019abbaye de Maubuisson, au croisement entre la production artistique et l\u2019entrepreneuriat culturel","description":"D\u00e9di\u00e9e \u00e0 l\u2019art contemporain, l\u2019abbaye de Maubuisson produit depuis 2004 de grandes expositions monographiques en prise directe avec le lieu","robots":{"index":"index","follow":"follow","max-snippet":"max-snippet:-1","max-image-preview":"max-image-preview:large","max-video-preview":"max-video-preview:-1"},"canonical":"https:\/\/batijournal.com\/index.php\/labbaye-de-maubuisson-au-croisement-entre-la-production-artistique-et-lentrepreneuriat-culturel\/100961\/","og_locale":"fr_FR","og_type":"article","og_title":"L\u2019abbaye de Maubuisson, au croisement entre la production artistique et l\u2019entrepreneuriat culturel","og_description":"D\u00e9di\u00e9e \u00e0 l\u2019art contemporain, l\u2019abbaye de Maubuisson produit depuis 2004 de grandes expositions monographiques en prise directe avec le lieu","og_url":"https:\/\/batijournal.com\/index.php\/labbaye-de-maubuisson-au-croisement-entre-la-production-artistique-et-lentrepreneuriat-culturel\/100961\/","og_site_name":"Batijournal","article_published_time":"2018-11-28T10:06:27+00:00","article_modified_time":"2019-07-15T09:14:47+00:00","og_image":[{"width":660,"height":440,"url":"https:\/\/batijournal.com\/wp-content\/uploads\/2018\/11\/maubuisson-salle-chapitre.jpg","type":"image\/jpeg"}],"author":"St\u00e9phane Miget","twitter_card":"summary_large_image","twitter_creator":"@bati_journal","twitter_site":"@bati_journal","twitter_misc":{"\u00c9crit par":"St\u00e9phane Miget","Dur\u00e9e de lecture estim\u00e9e":"2 minutes"},"schema":{"@context":"https:\/\/schema.org","@graph":[{"@type":"Article","@id":"https:\/\/batijournal.com\/index.php\/labbaye-de-maubuisson-au-croisement-entre-la-production-artistique-et-lentrepreneuriat-culturel\/100961\/#article","isPartOf":{"@id":"https:\/\/batijournal.com\/index.php\/labbaye-de-maubuisson-au-croisement-entre-la-production-artistique-et-lentrepreneuriat-culturel\/100961\/"},"author":{"name":"St\u00e9phane Miget","@id":"https:\/\/batijournal.com\/#\/schema\/person\/1dc96ec6957aa1ccb25ebe78bb19f100"},"headline":"L\u2019abbaye de Maubuisson, au croisement entre la production artistique et l\u2019entrepreneuriat culturel","datePublished":"2018-11-28T10:06:27+00:00","dateModified":"2019-07-15T09:14:47+00:00","mainEntityOfPage":{"@id":"https:\/\/batijournal.com\/index.php\/labbaye-de-maubuisson-au-croisement-entre-la-production-artistique-et-lentrepreneuriat-culturel\/100961\/"},"wordCount":435,"image":{"@id":"https:\/\/batijournal.com\/index.php\/labbaye-de-maubuisson-au-croisement-entre-la-production-artistique-et-lentrepreneuriat-culturel\/100961\/#primaryimage"},"thumbnailUrl":"https:\/\/batijournal.com\/wp-content\/uploads\/2018\/11\/maubuisson-salle-chapitre.jpg","articleSection":["Actualit\u00e9s","Architecture &amp; Conception"],"inLanguage":"fr-FR"},{"@type":"WebPage","@id":"https:\/\/batijournal.com\/index.php\/labbaye-de-maubuisson-au-croisement-entre-la-production-artistique-et-lentrepreneuriat-culturel\/100961\/","url":"https:\/\/batijournal.com\/index.php\/labbaye-de-maubuisson-au-croisement-entre-la-production-artistique-et-lentrepreneuriat-culturel\/100961\/","name":"L\u2019abbaye de Maubuisson, au croisement entre la production artistique et l\u2019entrepreneuriat culturel","isPartOf":{"@id":"https:\/\/batijournal.com\/#website"},"primaryImageOfPage":{"@id":"https:\/\/batijournal.com\/index.php\/labbaye-de-maubuisson-au-croisement-entre-la-production-artistique-et-lentrepreneuriat-culturel\/100961\/#primaryimage"},"image":{"@id":"https:\/\/batijournal.com\/index.php\/labbaye-de-maubuisson-au-croisement-entre-la-production-artistique-et-lentrepreneuriat-culturel\/100961\/#primaryimage"},"thumbnailUrl":"https:\/\/batijournal.com\/wp-content\/uploads\/2018\/11\/maubuisson-salle-chapitre.jpg","datePublished":"2018-11-28T10:06:27+00:00","dateModified":"2019-07-15T09:14:47+00:00","author":{"@id":"https:\/\/batijournal.com\/#\/schema\/person\/1dc96ec6957aa1ccb25ebe78bb19f100"},"description":"D\u00e9di\u00e9e \u00e0 l\u2019art contemporain, l\u2019abbaye de Maubuisson produit depuis 2004 de grandes expositions monographiques en prise directe avec le lieu","breadcrumb":{"@id":"https:\/\/batijournal.com\/index.php\/labbaye-de-maubuisson-au-croisement-entre-la-production-artistique-et-lentrepreneuriat-culturel\/100961\/#breadcrumb"},"inLanguage":"fr-FR","potentialAction":[{"@type":"ReadAction","target":["https:\/\/batijournal.com\/index.php\/labbaye-de-maubuisson-au-croisement-entre-la-production-artistique-et-lentrepreneuriat-culturel\/100961\/"]}]},{"@type":"ImageObject","inLanguage":"fr-FR","@id":"https:\/\/batijournal.com\/index.php\/labbaye-de-maubuisson-au-croisement-entre-la-production-artistique-et-lentrepreneuriat-culturel\/100961\/#primaryimage","url":"https:\/\/batijournal.com\/wp-content\/uploads\/2018\/11\/maubuisson-salle-chapitre.jpg","contentUrl":"https:\/\/batijournal.com\/wp-content\/uploads\/2018\/11\/maubuisson-salle-chapitre.jpg","width":660,"height":440},{"@type":"BreadcrumbList","@id":"https:\/\/batijournal.com\/index.php\/labbaye-de-maubuisson-au-croisement-entre-la-production-artistique-et-lentrepreneuriat-culturel\/100961\/#breadcrumb","itemListElement":[{"@type":"ListItem","position":1,"name":"Accueil","item":"https:\/\/batijournal.com\/"},{"@type":"ListItem","position":2,"name":"Actualit\u00e9s","item":"https:\/\/batijournal.com\/index.php\/category\/actualites\/"},{"@type":"ListItem","position":3,"name":"L\u2019abbaye de Maubuisson, au croisement entre la production artistique et l\u2019entrepreneuriat culturel"}]},{"@type":"WebSite","@id":"https:\/\/batijournal.com\/#website","url":"https:\/\/batijournal.com\/","name":"Batijournal","description":"L&#039;actualit\u00e9 du b\u00e2timent","potentialAction":[{"@type":"SearchAction","target":{"@type":"EntryPoint","urlTemplate":"https:\/\/batijournal.com\/?s={search_term_string}"},"query-input":{"@type":"PropertyValueSpecification","valueRequired":true,"valueName":"search_term_string"}}],"inLanguage":"fr-FR"},{"@type":"Person","@id":"https:\/\/batijournal.com\/#\/schema\/person\/1dc96ec6957aa1ccb25ebe78bb19f100","name":"St\u00e9phane Miget","image":{"@type":"ImageObject","inLanguage":"fr-FR","@id":"https:\/\/secure.gravatar.com\/avatar\/89915563d925342126b8ef0281b93d9d7fc337043e8df017f780908eb9644451?s=96&d=mm&r=g","url":"https:\/\/secure.gravatar.com\/avatar\/89915563d925342126b8ef0281b93d9d7fc337043e8df017f780908eb9644451?s=96&d=mm&r=g","contentUrl":"https:\/\/secure.gravatar.com\/avatar\/89915563d925342126b8ef0281b93d9d7fc337043e8df017f780908eb9644451?s=96&d=mm&r=g","caption":"St\u00e9phane Miget"},"url":"https:\/\/batijournal.com\/index.php\/author\/stephane\/"}]}},"_links":{"self":[{"href":"https:\/\/batijournal.com\/index.php\/wp-json\/wp\/v2\/posts\/100961","targetHints":{"allow":["GET"]}}],"collection":[{"href":"https:\/\/batijournal.com\/index.php\/wp-json\/wp\/v2\/posts"}],"about":[{"href":"https:\/\/batijournal.com\/index.php\/wp-json\/wp\/v2\/types\/post"}],"author":[{"embeddable":true,"href":"https:\/\/batijournal.com\/index.php\/wp-json\/wp\/v2\/users\/17"}],"replies":[{"embeddable":true,"href":"https:\/\/batijournal.com\/index.php\/wp-json\/wp\/v2\/comments?post=100961"}],"version-history":[{"count":0,"href":"https:\/\/batijournal.com\/index.php\/wp-json\/wp\/v2\/posts\/100961\/revisions"}],"wp:featuredmedia":[{"embeddable":true,"href":"https:\/\/batijournal.com\/index.php\/wp-json\/wp\/v2\/media\/100962"}],"wp:attachment":[{"href":"https:\/\/batijournal.com\/index.php\/wp-json\/wp\/v2\/media?parent=100961"}],"wp:term":[{"taxonomy":"category","embeddable":true,"href":"https:\/\/batijournal.com\/index.php\/wp-json\/wp\/v2\/categories?post=100961"},{"taxonomy":"post_tag","embeddable":true,"href":"https:\/\/batijournal.com\/index.php\/wp-json\/wp\/v2\/tags?post=100961"}],"curies":[{"name":"wp","href":"https:\/\/api.w.org\/{rel}","templated":true}]}}