{"id":100963,"date":"2018-11-28T11:18:59","date_gmt":"2018-11-28T10:18:59","guid":{"rendered":"https:\/\/batijournal.com\/?p=100963"},"modified":"2019-07-15T11:14:47","modified_gmt":"2019-07-15T09:14:47","slug":"inrap-traces-de-chasseurs-collecteurs-paleolithiques","status":"publish","type":"post","link":"https:\/\/batijournal.com\/index.php\/inrap-traces-de-chasseurs-collecteurs-paleolithiques\/100963\/","title":{"rendered":"Traces de chasseurs-collecteurs pal\u00e9olithiques sous la ville d\u2019Angoul\u00eame"},"content":{"rendered":"<p><strong>Le quartier de la gare d\u2019Angoul\u00eame fait actuellement l\u2019objet d\u2019un ambitieux projet de r\u00e9am\u00e9nagement port\u00e9 par la Communaut\u00e9 d\u2019agglom\u00e9ration du Grand Angoul\u00eame et l\u2019\u00c9tablissement public foncier de Nouvelle-Aquitaine. La DRAC Nouvelle-Aquitaine a prescrit, dans ce cadre, une fouille pr\u00e9ventive sur l\u2019\u00eelot Renaudin qui s\u2019inscrit dans un secteur peu document\u00e9 d\u2019un point de vue arch\u00e9ologique.<\/strong><\/p>\n<p>Sur 2 000 m\u00b2, l\u2019emprise de la fouille renferme, au sein d\u2019un pal\u00e9o-chenal bord\u00e9 de tufs, trois occupations pr\u00e9historiques : une premi\u00e8re attribuable \u00e0 l\u2019Azilien r\u00e9cent (11500 avant notre \u00e8re), une seconde correspondant au Laborien (9900 avant notre \u00e8re), enfin des indices d\u2019occupations m\u00e9solithiques (8900 avant notre \u00e8re). Ces implantations pr\u00e9historiques sont les t\u00e9moins de la transition entre la fin du Pal\u00e9olithique sup\u00e9rieur et le M\u00e9solithique, entre un climat froid et un climat temp\u00e9r\u00e9. Le gisement, implant\u00e9 en fond de vall\u00e9e, est dans un \u00e9tat de conservation remarquable malgr\u00e9 des ph\u00e9nom\u00e8nes \u00e9rosifs ayant entra\u00een\u00e9 une dispersion verticale d\u2019artefacts, et un colluvionnement de certains horizons, notamment azilien. La position du site dans un environnement singulier a favoris\u00e9 la fossilisation des vestiges pr\u00e9historiques sous une \u00e9paisse couche de tufs. Ainsi, les deux niveaux, azilien puis laborien, sont bien cal\u00e9s stratigraphiquement. Depuis sept mois, une \u00e9quipe de dix arch\u00e9ologues \u0153uvre sur ce chantier et a tamis\u00e9 manuellement 1 500 m3 de s\u00e9diment. Quelque 200 000 pi\u00e8ces, dont plus de 400 armatures de jet, \u00e0 la typologie vari\u00e9e, ont \u00e9t\u00e9 pr\u00e9lev\u00e9es.<\/p>\n<p>Il y a 14 000 ans : l\u2019azilien r\u00e9cent<br \/>\nL&rsquo;Azilien est g\u00e9n\u00e9ralement associ\u00e9 au r\u00e9chauffement climatique faisant suite \u00e0 la derni\u00e8re glaciation. Il se caract\u00e9rise par une transformation de la faune et de la flore, faisant \u00e9voluer les comportements humains. Le niveau d\u2019occupation d\u00e9couvert s\u2019\u00e9tend sur toute l\u2019emprise, sur une \u00e9paisseur de 40 \u00e0 80 cm. Sur le terrain, des am\u00e9nagements bien conserv\u00e9s ont \u00e9t\u00e9 exhum\u00e9s : quatre structures de combustion (foyers), des concentrations de galets chauff\u00e9s, des restes osseux et un poste de taille du silex. Il semble que l\u2019objectif premier des tailleurs a \u00e9t\u00e9 de produire des \u00e9clats allong\u00e9s (laminaires) pour fabriquer des pointes de projectile. Ces \u00ab pointes \u00e0 dos courbe \u00bb, petites lames transform\u00e9es en armatures sur le site, pr\u00e9sentent pour la majorit\u00e9 d\u2019entre elles des traces d\u2019impact et de fractures t\u00e9moignant de leur utilisation. Parall\u00e8lement, la faune est relativement bien conserv\u00e9e, notamment des bois et m\u00e9tapodes de cervid\u00e9s. L\u2019occupation azilienne laisse entrevoir l\u2019implantation d\u2019un \u00ab site de chasse \u00bb, de traitement et consommation des carcasses, l\u2019outillage domestique d\u00e9couvert en t\u00e9moigne (grattoirs, pi\u00e8ces retouch\u00e9es, etc.).<\/p>\n<p>Il y a 12 000 ans : le laborien<br \/>\nLes pr\u00e9historiens \u00e9voquent souvent cette p\u00e9riode, du point de vue climatique, en tant que \u00ab dernier coup de froid \u00bb. Des sources venant du plateau d\u2019Angoul\u00eame sont \u00e0 l\u2019origine de la formation d\u2019un barrage de tuf, de 3 m\u00e8tres d\u2019\u00e9paisseur, qui a pi\u00e9g\u00e9 \u00ab en place \u00bb le niveau laborien. Cette culture, post\u00e9rieure \u00e0 l\u2019Azilien et couvrant la partie m\u00e9ridionale de la France, appartient \u00e0 une p\u00e9riode chronologique charni\u00e8re, vers 9500 avant notre \u00e8re, pour laquelle les t\u00e9moignages sont \u00e0 ce jour t\u00e9nus en Charente. La fouille du niveau laborien scell\u00e9 par les tufs r\u00e9v\u00e8le des structures de combustion, des postes de taille du silex et quantit\u00e9 d\u2019informations nouvelles sur ces chasseurs-collecteurs de la fin du Pal\u00e9olithique sup\u00e9rieur. La fouille de l\u2019\u00eelot a d\u2019ores et d\u00e9j\u00e0 mis en \u00e9vidence une zone d\u2019activit\u00e9 gr\u00e2ce \u00e0 la d\u00e9couverte de grandes lames de silex amass\u00e9es aux abords de vestiges osseux de cheval (correspondant probablement \u00e0 une activit\u00e9 de boucherie). L\u2019industrie lithique est recouverte d\u2019une l\u00e9g\u00e8re patine blanch\u00e2tre qui atteste l\u2019homog\u00e9n\u00e9it\u00e9 de l\u2019assemblage. Elle se compose essentiellement d\u2019armatures de projectiles r\u00e9alis\u00e9es \u00e0 partir de petites lames r\u00e9guli\u00e8res et \u00e9troites : les \u00ab pointes des Blanch\u00e8res \u00bb et les \u00ab pointes de Malaurie \u00bb, caract\u00e9ristiques de cette culture. Une datation radiocarbone permet aujourd\u2019hui de pr\u00e9ciser la chronologie de cette implantation : 9940+\/- 40 avant notre \u00e8re. Les donn\u00e9es pal\u00e9oenvironnementales, quant \u00e0 elles, mettent en lumi\u00e8re la transition d\u2019un climat froid vers un climat temp\u00e9r\u00e9, qui offre l\u2019occasion d\u2019appr\u00e9hender de mani\u00e8re concomitante les bouleversements climatiques et les transformations\/innovations technologiques de ces soci\u00e9t\u00e9s de la fin du Pal\u00e9olithique.<\/p>\n<p>Am\u00e9nagement : \u00c9tablissement public foncier de Nouvelle-Aquitaine dans le cadre d\u2019une convention op\u00e9rationnelle avec la Communaut\u00e9 d\u2019agglom\u00e9ration du Grand Angoul\u00eame<br \/>\nContr\u00f4le scientifique : DRAC Nouvelle-Aquitaine, Service r\u00e9gional de l\u2019arch\u00e9ologie (SRA)<br \/>\nRecherche arch\u00e9ologique : Inrap<br \/>\nResponsable scientifique : Miguel Biard, Inrap<br \/>\nAvec la collaboration de Gr\u00e9gory Dandurand, g\u00e9omorphologue,Inrap<\/p>\n<p>Photo : Vue z\u00e9nithale de la fouille des niveaux Laborien (dans les sables noirs) et Azilien (dans les sables noirs). \u00a9 Denis Gliksman, Inrap<\/p>\n<p>&nbsp;<\/p>\n","protected":false},"excerpt":{"rendered":"<p>Le quartier de la gare d\u2019Angoul\u00eame fait actuellement l\u2019objet d\u2019un ambitieux projet de r\u00e9am\u00e9nagement port\u00e9 par la Communaut\u00e9 d\u2019agglom\u00e9ration du Grand Angoul\u00eame et l\u2019\u00c9tablissement public foncier de Nouvelle-Aquitaine. La DRAC Nouvelle-Aquitaine a prescrit, dans ce cadre, une fouille pr\u00e9ventive sur l\u2019\u00eelot Renaudin qui s\u2019inscrit dans un secteur peu document\u00e9 d\u2019un point de vue arch\u00e9ologique. Sur [&hellip;]<\/p>\n","protected":false},"author":17,"featured_media":100965,"comment_status":"closed","ping_status":"closed","sticky":false,"template":"","format":"standard","meta":{"_et_pb_use_builder":"","_et_pb_old_content":"","_et_gb_content_width":"","footnotes":""},"categories":[10530,6340,10785],"tags":[6454],"class_list":["post-100963","post","type-post","status-publish","format-standard","has-post-thumbnail","hentry","category-actualites","category-architecture-conception","category-atrium","tag-inrap"],"yoast_head":"<!-- This site is optimized with the Yoast SEO plugin v27.4 - https:\/\/yoast.com\/product\/yoast-seo-wordpress\/ -->\n<title>Inrap : d\u00e9couverte de traces de chasseurs-collecteurs paleolithiques<\/title>\n<meta name=\"description\" content=\"L&#039;Inrap a d\u00e9couvert trois occupations pr\u00e9historiques, dat\u00e9es du Pal\u00e9olithique final au M\u00e9solithique lors de fouilles \u00e0 Angoul\u00e8me\" \/>\n<meta name=\"robots\" content=\"index, follow, max-snippet:-1, max-image-preview:large, max-video-preview:-1\" \/>\n<link rel=\"canonical\" href=\"https:\/\/batijournal.com\/index.php\/inrap-traces-de-chasseurs-collecteurs-paleolithiques\/100963\/\" \/>\n<meta property=\"og:locale\" content=\"fr_FR\" \/>\n<meta property=\"og:type\" content=\"article\" \/>\n<meta property=\"og:title\" content=\"Inrap : d\u00e9couverte de traces de chasseurs-collecteurs paleolithiques\" \/>\n<meta property=\"og:description\" content=\"L&#039;Inrap a d\u00e9couvert trois occupations pr\u00e9historiques, dat\u00e9es du Pal\u00e9olithique final au M\u00e9solithique lors de fouilles \u00e0 Angoul\u00e8me\" \/>\n<meta property=\"og:url\" content=\"https:\/\/batijournal.com\/index.php\/inrap-traces-de-chasseurs-collecteurs-paleolithiques\/100963\/\" \/>\n<meta property=\"og:site_name\" content=\"Batijournal\" \/>\n<meta property=\"article:published_time\" content=\"2018-11-28T10:18:59+00:00\" \/>\n<meta property=\"article:modified_time\" content=\"2019-07-15T09:14:47+00:00\" \/>\n<meta property=\"og:image\" content=\"https:\/\/batijournal.com\/wp-content\/uploads\/2018\/11\/fouilles-inrap-angouleme-paleolithique.jpg\" \/>\n\t<meta property=\"og:image:width\" content=\"1920\" \/>\n\t<meta property=\"og:image:height\" content=\"1279\" \/>\n\t<meta property=\"og:image:type\" content=\"image\/jpeg\" \/>\n<meta name=\"author\" content=\"St\u00e9phane Miget\" \/>\n<meta name=\"twitter:card\" content=\"summary_large_image\" \/>\n<meta name=\"twitter:creator\" content=\"@bati_journal\" \/>\n<meta name=\"twitter:site\" content=\"@bati_journal\" \/>\n<meta name=\"twitter:label1\" content=\"\u00c9crit par\" \/>\n\t<meta name=\"twitter:data1\" content=\"St\u00e9phane Miget\" \/>\n\t<meta name=\"twitter:label2\" content=\"Dur\u00e9e de lecture estim\u00e9e\" \/>\n\t<meta name=\"twitter:data2\" content=\"4 minutes\" \/>\n<script type=\"application\/ld+json\" class=\"yoast-schema-graph\">{\"@context\":\"https:\\\/\\\/schema.org\",\"@graph\":[{\"@type\":\"Article\",\"@id\":\"https:\\\/\\\/batijournal.com\\\/index.php\\\/inrap-traces-de-chasseurs-collecteurs-paleolithiques\\\/100963\\\/#article\",\"isPartOf\":{\"@id\":\"https:\\\/\\\/batijournal.com\\\/index.php\\\/inrap-traces-de-chasseurs-collecteurs-paleolithiques\\\/100963\\\/\"},\"author\":{\"name\":\"St\u00e9phane Miget\",\"@id\":\"https:\\\/\\\/batijournal.com\\\/#\\\/schema\\\/person\\\/1dc96ec6957aa1ccb25ebe78bb19f100\"},\"headline\":\"Traces de chasseurs-collecteurs pal\u00e9olithiques sous la ville d\u2019Angoul\u00eame\",\"datePublished\":\"2018-11-28T10:18:59+00:00\",\"dateModified\":\"2019-07-15T09:14:47+00:00\",\"mainEntityOfPage\":{\"@id\":\"https:\\\/\\\/batijournal.com\\\/index.php\\\/inrap-traces-de-chasseurs-collecteurs-paleolithiques\\\/100963\\\/\"},\"wordCount\":859,\"image\":{\"@id\":\"https:\\\/\\\/batijournal.com\\\/index.php\\\/inrap-traces-de-chasseurs-collecteurs-paleolithiques\\\/100963\\\/#primaryimage\"},\"thumbnailUrl\":\"https:\\\/\\\/batijournal.com\\\/wp-content\\\/uploads\\\/2018\\\/11\\\/fouilles-inrap-angouleme-paleolithique.jpg\",\"keywords\":[\"inrap\"],\"articleSection\":[\"Actualit\u00e9s\",\"Architecture &amp; Conception\",\"zz_Atrium Patrimoine\"],\"inLanguage\":\"fr-FR\"},{\"@type\":\"WebPage\",\"@id\":\"https:\\\/\\\/batijournal.com\\\/index.php\\\/inrap-traces-de-chasseurs-collecteurs-paleolithiques\\\/100963\\\/\",\"url\":\"https:\\\/\\\/batijournal.com\\\/index.php\\\/inrap-traces-de-chasseurs-collecteurs-paleolithiques\\\/100963\\\/\",\"name\":\"Inrap : d\u00e9couverte de traces de chasseurs-collecteurs paleolithiques\",\"isPartOf\":{\"@id\":\"https:\\\/\\\/batijournal.com\\\/#website\"},\"primaryImageOfPage\":{\"@id\":\"https:\\\/\\\/batijournal.com\\\/index.php\\\/inrap-traces-de-chasseurs-collecteurs-paleolithiques\\\/100963\\\/#primaryimage\"},\"image\":{\"@id\":\"https:\\\/\\\/batijournal.com\\\/index.php\\\/inrap-traces-de-chasseurs-collecteurs-paleolithiques\\\/100963\\\/#primaryimage\"},\"thumbnailUrl\":\"https:\\\/\\\/batijournal.com\\\/wp-content\\\/uploads\\\/2018\\\/11\\\/fouilles-inrap-angouleme-paleolithique.jpg\",\"datePublished\":\"2018-11-28T10:18:59+00:00\",\"dateModified\":\"2019-07-15T09:14:47+00:00\",\"author\":{\"@id\":\"https:\\\/\\\/batijournal.com\\\/#\\\/schema\\\/person\\\/1dc96ec6957aa1ccb25ebe78bb19f100\"},\"description\":\"L'Inrap a d\u00e9couvert trois occupations pr\u00e9historiques, dat\u00e9es du Pal\u00e9olithique final au M\u00e9solithique lors de fouilles \u00e0 Angoul\u00e8me\",\"breadcrumb\":{\"@id\":\"https:\\\/\\\/batijournal.com\\\/index.php\\\/inrap-traces-de-chasseurs-collecteurs-paleolithiques\\\/100963\\\/#breadcrumb\"},\"inLanguage\":\"fr-FR\",\"potentialAction\":[{\"@type\":\"ReadAction\",\"target\":[\"https:\\\/\\\/batijournal.com\\\/index.php\\\/inrap-traces-de-chasseurs-collecteurs-paleolithiques\\\/100963\\\/\"]}]},{\"@type\":\"ImageObject\",\"inLanguage\":\"fr-FR\",\"@id\":\"https:\\\/\\\/batijournal.com\\\/index.php\\\/inrap-traces-de-chasseurs-collecteurs-paleolithiques\\\/100963\\\/#primaryimage\",\"url\":\"https:\\\/\\\/batijournal.com\\\/wp-content\\\/uploads\\\/2018\\\/11\\\/fouilles-inrap-angouleme-paleolithique.jpg\",\"contentUrl\":\"https:\\\/\\\/batijournal.com\\\/wp-content\\\/uploads\\\/2018\\\/11\\\/fouilles-inrap-angouleme-paleolithique.jpg\",\"width\":1920,\"height\":1279,\"caption\":\"inrap\"},{\"@type\":\"BreadcrumbList\",\"@id\":\"https:\\\/\\\/batijournal.com\\\/index.php\\\/inrap-traces-de-chasseurs-collecteurs-paleolithiques\\\/100963\\\/#breadcrumb\",\"itemListElement\":[{\"@type\":\"ListItem\",\"position\":1,\"name\":\"Accueil\",\"item\":\"https:\\\/\\\/batijournal.com\\\/\"},{\"@type\":\"ListItem\",\"position\":2,\"name\":\"Actualit\u00e9s\",\"item\":\"https:\\\/\\\/batijournal.com\\\/index.php\\\/category\\\/actualites\\\/\"},{\"@type\":\"ListItem\",\"position\":3,\"name\":\"Traces de chasseurs-collecteurs pal\u00e9olithiques sous la ville d\u2019Angoul\u00eame\"}]},{\"@type\":\"WebSite\",\"@id\":\"https:\\\/\\\/batijournal.com\\\/#website\",\"url\":\"https:\\\/\\\/batijournal.com\\\/\",\"name\":\"Batijournal\",\"description\":\"L&#039;actualit\u00e9 du b\u00e2timent\",\"potentialAction\":[{\"@type\":\"SearchAction\",\"target\":{\"@type\":\"EntryPoint\",\"urlTemplate\":\"https:\\\/\\\/batijournal.com\\\/?s={search_term_string}\"},\"query-input\":{\"@type\":\"PropertyValueSpecification\",\"valueRequired\":true,\"valueName\":\"search_term_string\"}}],\"inLanguage\":\"fr-FR\"},{\"@type\":\"Person\",\"@id\":\"https:\\\/\\\/batijournal.com\\\/#\\\/schema\\\/person\\\/1dc96ec6957aa1ccb25ebe78bb19f100\",\"name\":\"St\u00e9phane Miget\",\"image\":{\"@type\":\"ImageObject\",\"inLanguage\":\"fr-FR\",\"@id\":\"https:\\\/\\\/secure.gravatar.com\\\/avatar\\\/89915563d925342126b8ef0281b93d9d7fc337043e8df017f780908eb9644451?s=96&d=mm&r=g\",\"url\":\"https:\\\/\\\/secure.gravatar.com\\\/avatar\\\/89915563d925342126b8ef0281b93d9d7fc337043e8df017f780908eb9644451?s=96&d=mm&r=g\",\"contentUrl\":\"https:\\\/\\\/secure.gravatar.com\\\/avatar\\\/89915563d925342126b8ef0281b93d9d7fc337043e8df017f780908eb9644451?s=96&d=mm&r=g\",\"caption\":\"St\u00e9phane Miget\"},\"url\":\"https:\\\/\\\/batijournal.com\\\/index.php\\\/author\\\/stephane\\\/\"}]}<\/script>\n<!-- \/ Yoast SEO plugin. -->","yoast_head_json":{"title":"Inrap : d\u00e9couverte de traces de chasseurs-collecteurs paleolithiques","description":"L'Inrap a d\u00e9couvert trois occupations pr\u00e9historiques, dat\u00e9es du Pal\u00e9olithique final au M\u00e9solithique lors de fouilles \u00e0 Angoul\u00e8me","robots":{"index":"index","follow":"follow","max-snippet":"max-snippet:-1","max-image-preview":"max-image-preview:large","max-video-preview":"max-video-preview:-1"},"canonical":"https:\/\/batijournal.com\/index.php\/inrap-traces-de-chasseurs-collecteurs-paleolithiques\/100963\/","og_locale":"fr_FR","og_type":"article","og_title":"Inrap : d\u00e9couverte de traces de chasseurs-collecteurs paleolithiques","og_description":"L'Inrap a d\u00e9couvert trois occupations pr\u00e9historiques, dat\u00e9es du Pal\u00e9olithique final au M\u00e9solithique lors de fouilles \u00e0 Angoul\u00e8me","og_url":"https:\/\/batijournal.com\/index.php\/inrap-traces-de-chasseurs-collecteurs-paleolithiques\/100963\/","og_site_name":"Batijournal","article_published_time":"2018-11-28T10:18:59+00:00","article_modified_time":"2019-07-15T09:14:47+00:00","og_image":[{"width":1920,"height":1279,"url":"https:\/\/batijournal.com\/wp-content\/uploads\/2018\/11\/fouilles-inrap-angouleme-paleolithique.jpg","type":"image\/jpeg"}],"author":"St\u00e9phane Miget","twitter_card":"summary_large_image","twitter_creator":"@bati_journal","twitter_site":"@bati_journal","twitter_misc":{"\u00c9crit par":"St\u00e9phane Miget","Dur\u00e9e de lecture estim\u00e9e":"4 minutes"},"schema":{"@context":"https:\/\/schema.org","@graph":[{"@type":"Article","@id":"https:\/\/batijournal.com\/index.php\/inrap-traces-de-chasseurs-collecteurs-paleolithiques\/100963\/#article","isPartOf":{"@id":"https:\/\/batijournal.com\/index.php\/inrap-traces-de-chasseurs-collecteurs-paleolithiques\/100963\/"},"author":{"name":"St\u00e9phane Miget","@id":"https:\/\/batijournal.com\/#\/schema\/person\/1dc96ec6957aa1ccb25ebe78bb19f100"},"headline":"Traces de chasseurs-collecteurs pal\u00e9olithiques sous la ville d\u2019Angoul\u00eame","datePublished":"2018-11-28T10:18:59+00:00","dateModified":"2019-07-15T09:14:47+00:00","mainEntityOfPage":{"@id":"https:\/\/batijournal.com\/index.php\/inrap-traces-de-chasseurs-collecteurs-paleolithiques\/100963\/"},"wordCount":859,"image":{"@id":"https:\/\/batijournal.com\/index.php\/inrap-traces-de-chasseurs-collecteurs-paleolithiques\/100963\/#primaryimage"},"thumbnailUrl":"https:\/\/batijournal.com\/wp-content\/uploads\/2018\/11\/fouilles-inrap-angouleme-paleolithique.jpg","keywords":["inrap"],"articleSection":["Actualit\u00e9s","Architecture &amp; Conception","zz_Atrium Patrimoine"],"inLanguage":"fr-FR"},{"@type":"WebPage","@id":"https:\/\/batijournal.com\/index.php\/inrap-traces-de-chasseurs-collecteurs-paleolithiques\/100963\/","url":"https:\/\/batijournal.com\/index.php\/inrap-traces-de-chasseurs-collecteurs-paleolithiques\/100963\/","name":"Inrap : d\u00e9couverte de traces de chasseurs-collecteurs paleolithiques","isPartOf":{"@id":"https:\/\/batijournal.com\/#website"},"primaryImageOfPage":{"@id":"https:\/\/batijournal.com\/index.php\/inrap-traces-de-chasseurs-collecteurs-paleolithiques\/100963\/#primaryimage"},"image":{"@id":"https:\/\/batijournal.com\/index.php\/inrap-traces-de-chasseurs-collecteurs-paleolithiques\/100963\/#primaryimage"},"thumbnailUrl":"https:\/\/batijournal.com\/wp-content\/uploads\/2018\/11\/fouilles-inrap-angouleme-paleolithique.jpg","datePublished":"2018-11-28T10:18:59+00:00","dateModified":"2019-07-15T09:14:47+00:00","author":{"@id":"https:\/\/batijournal.com\/#\/schema\/person\/1dc96ec6957aa1ccb25ebe78bb19f100"},"description":"L'Inrap a d\u00e9couvert trois occupations pr\u00e9historiques, dat\u00e9es du Pal\u00e9olithique final au M\u00e9solithique lors de fouilles \u00e0 Angoul\u00e8me","breadcrumb":{"@id":"https:\/\/batijournal.com\/index.php\/inrap-traces-de-chasseurs-collecteurs-paleolithiques\/100963\/#breadcrumb"},"inLanguage":"fr-FR","potentialAction":[{"@type":"ReadAction","target":["https:\/\/batijournal.com\/index.php\/inrap-traces-de-chasseurs-collecteurs-paleolithiques\/100963\/"]}]},{"@type":"ImageObject","inLanguage":"fr-FR","@id":"https:\/\/batijournal.com\/index.php\/inrap-traces-de-chasseurs-collecteurs-paleolithiques\/100963\/#primaryimage","url":"https:\/\/batijournal.com\/wp-content\/uploads\/2018\/11\/fouilles-inrap-angouleme-paleolithique.jpg","contentUrl":"https:\/\/batijournal.com\/wp-content\/uploads\/2018\/11\/fouilles-inrap-angouleme-paleolithique.jpg","width":1920,"height":1279,"caption":"inrap"},{"@type":"BreadcrumbList","@id":"https:\/\/batijournal.com\/index.php\/inrap-traces-de-chasseurs-collecteurs-paleolithiques\/100963\/#breadcrumb","itemListElement":[{"@type":"ListItem","position":1,"name":"Accueil","item":"https:\/\/batijournal.com\/"},{"@type":"ListItem","position":2,"name":"Actualit\u00e9s","item":"https:\/\/batijournal.com\/index.php\/category\/actualites\/"},{"@type":"ListItem","position":3,"name":"Traces de chasseurs-collecteurs pal\u00e9olithiques sous la ville d\u2019Angoul\u00eame"}]},{"@type":"WebSite","@id":"https:\/\/batijournal.com\/#website","url":"https:\/\/batijournal.com\/","name":"Batijournal","description":"L&#039;actualit\u00e9 du b\u00e2timent","potentialAction":[{"@type":"SearchAction","target":{"@type":"EntryPoint","urlTemplate":"https:\/\/batijournal.com\/?s={search_term_string}"},"query-input":{"@type":"PropertyValueSpecification","valueRequired":true,"valueName":"search_term_string"}}],"inLanguage":"fr-FR"},{"@type":"Person","@id":"https:\/\/batijournal.com\/#\/schema\/person\/1dc96ec6957aa1ccb25ebe78bb19f100","name":"St\u00e9phane Miget","image":{"@type":"ImageObject","inLanguage":"fr-FR","@id":"https:\/\/secure.gravatar.com\/avatar\/89915563d925342126b8ef0281b93d9d7fc337043e8df017f780908eb9644451?s=96&d=mm&r=g","url":"https:\/\/secure.gravatar.com\/avatar\/89915563d925342126b8ef0281b93d9d7fc337043e8df017f780908eb9644451?s=96&d=mm&r=g","contentUrl":"https:\/\/secure.gravatar.com\/avatar\/89915563d925342126b8ef0281b93d9d7fc337043e8df017f780908eb9644451?s=96&d=mm&r=g","caption":"St\u00e9phane Miget"},"url":"https:\/\/batijournal.com\/index.php\/author\/stephane\/"}]}},"_links":{"self":[{"href":"https:\/\/batijournal.com\/index.php\/wp-json\/wp\/v2\/posts\/100963","targetHints":{"allow":["GET"]}}],"collection":[{"href":"https:\/\/batijournal.com\/index.php\/wp-json\/wp\/v2\/posts"}],"about":[{"href":"https:\/\/batijournal.com\/index.php\/wp-json\/wp\/v2\/types\/post"}],"author":[{"embeddable":true,"href":"https:\/\/batijournal.com\/index.php\/wp-json\/wp\/v2\/users\/17"}],"replies":[{"embeddable":true,"href":"https:\/\/batijournal.com\/index.php\/wp-json\/wp\/v2\/comments?post=100963"}],"version-history":[{"count":0,"href":"https:\/\/batijournal.com\/index.php\/wp-json\/wp\/v2\/posts\/100963\/revisions"}],"wp:featuredmedia":[{"embeddable":true,"href":"https:\/\/batijournal.com\/index.php\/wp-json\/wp\/v2\/media\/100965"}],"wp:attachment":[{"href":"https:\/\/batijournal.com\/index.php\/wp-json\/wp\/v2\/media?parent=100963"}],"wp:term":[{"taxonomy":"category","embeddable":true,"href":"https:\/\/batijournal.com\/index.php\/wp-json\/wp\/v2\/categories?post=100963"},{"taxonomy":"post_tag","embeddable":true,"href":"https:\/\/batijournal.com\/index.php\/wp-json\/wp\/v2\/tags?post=100963"}],"curies":[{"name":"wp","href":"https:\/\/api.w.org\/{rel}","templated":true}]}}