{"id":100972,"date":"2018-11-28T16:38:57","date_gmt":"2018-11-28T15:38:57","guid":{"rendered":"https:\/\/batijournal.com\/?p=100972"},"modified":"2019-07-15T11:26:48","modified_gmt":"2019-07-15T09:26:48","slug":"le-premier-immeuble-dote-dune-facade-depolluante-dalsace","status":"publish","type":"post","link":"https:\/\/batijournal.com\/index.php\/le-premier-immeuble-dote-dune-facade-depolluante-dalsace\/100972\/","title":{"rendered":"Le premier immeuble dot\u00e9 d\u2019une fa\u00e7ade d\u00e9polluante d&rsquo;Alsace"},"content":{"rendered":"<p>La future r\u00e9sidence Heart D\u00e9co \u00e0 Saint-Louis, en Alsace, figure parmi les toutes premi\u00e8res r\u00e9sidences en France, \u00e0 \u00eatre dot\u00e9e d\u2019une fa\u00e7ade aux propri\u00e9t\u00e9s d\u00e9polluantes, autonettoyantes et bact\u00e9ricides, capable d\u2019absorber l\u2019\u00e9quivalent des rejets en CO2 de 20 voitures \u00e0 l\u2019ann\u00e9e. R\u00e9alis\u00e9e par le cabinet d\u2019architecte DRLW, elle comptera 51 logements et un espace de bureaux. Sensible \u00e0 la qualit\u00e9 de l\u2019air et pr\u00e9curseur en la mati\u00e8re, Trianon R\u00e9sidences s\u2019est rapproch\u00e9 de Ciments Calcia. Certains de ses mat\u00e9riaux, sont issus d\u2019une technologie photocatalytique TX Active. Ils diminuent de mani\u00e8re significative la pr\u00e9sence d\u2019agents polluants organiques et inorganiques, pr\u00e9servant ainsi la qualit\u00e9 de l\u2019air sans nuire \u00e0 l\u2019esth\u00e9tique du programme immobilier. Le photocatalyseur, utilise la lumi\u00e8re artificielle ou naturelle pour activer un processus d\u2019oxydation fort qui transforme les substances organiques et inorganiques en compos\u00e9s anodins. TX Active est l\u2019acc\u00e9l\u00e9rateur des processus naturels d\u2019oxydation, il acc\u00e9l\u00e8re la d\u00e9composition des polluants et emp\u00eache leur formation sur les rev\u00eatements.<\/p>\n<p>C\u00e9dric Simonin, PDG de Trianon R\u00e9sidences, et Jean-Marie Zoell\u00e9, Maire de Saint-Louis, ont conjointement pos\u00e9 la premi\u00e8re pierre, le 28 novembre 2018, de ce programme immobilier in\u00e9dit en Alsace.<\/p>\n<p>&nbsp;<\/p>\n","protected":false},"excerpt":{"rendered":"<p>La future r\u00e9sidence Heart D\u00e9co \u00e0 Saint-Louis, en Alsace, figure parmi les toutes premi\u00e8res r\u00e9sidences en France, \u00e0 \u00eatre dot\u00e9e d\u2019une fa\u00e7ade aux propri\u00e9t\u00e9s d\u00e9polluantes, autonettoyantes et bact\u00e9ricides, capable d\u2019absorber l\u2019\u00e9quivalent des rejets en CO2 de 20 voitures \u00e0 l\u2019ann\u00e9e. R\u00e9alis\u00e9e par le cabinet d\u2019architecte DRLW, elle comptera 51 logements et un espace de bureaux. [&hellip;]<\/p>\n","protected":false},"author":17,"featured_media":100973,"comment_status":"closed","ping_status":"closed","sticky":false,"template":"","format":"standard","meta":{"_et_pb_use_builder":"","_et_pb_old_content":"","_et_gb_content_width":"","footnotes":""},"categories":[10530,6340,10771,10775],"tags":[126,12650],"class_list":["post-100972","post","type-post","status-publish","format-standard","has-post-thumbnail","hentry","category-actualites","category-architecture-conception","category-5facades","category-actualites-5facades","tag-facade","tag-facade-depolluante"],"yoast_head":"<!-- This site is optimized with the Yoast SEO plugin v27.4 - https:\/\/yoast.com\/product\/yoast-seo-wordpress\/ -->\n<title>Le premier immeuble dot\u00e9 d\u2019une fa\u00e7ade d\u00e9polluante d&#039;Alsace<\/title>\n<meta name=\"description\" content=\"La future r\u00e9sidence Heart D\u00e9co \u00e0 Saint-Louis figure parmi les toutes premi\u00e8res r\u00e9sidences en France, \u00e0 \u00eatre dot\u00e9e d\u2019une fa\u00e7ade aux propri\u00e9t\u00e9s d\u00e9polluantes\" \/>\n<meta name=\"robots\" content=\"index, follow, max-snippet:-1, max-image-preview:large, max-video-preview:-1\" \/>\n<link rel=\"canonical\" href=\"https:\/\/batijournal.com\/index.php\/le-premier-immeuble-dote-dune-facade-depolluante-dalsace\/100972\/\" \/>\n<meta property=\"og:locale\" content=\"fr_FR\" \/>\n<meta property=\"og:type\" content=\"article\" \/>\n<meta property=\"og:title\" content=\"Le premier immeuble dot\u00e9 d\u2019une fa\u00e7ade d\u00e9polluante d&#039;Alsace\" \/>\n<meta property=\"og:description\" content=\"La future r\u00e9sidence Heart D\u00e9co \u00e0 Saint-Louis figure parmi les toutes premi\u00e8res r\u00e9sidences en France, \u00e0 \u00eatre dot\u00e9e d\u2019une fa\u00e7ade aux propri\u00e9t\u00e9s d\u00e9polluantes\" \/>\n<meta property=\"og:url\" content=\"https:\/\/batijournal.com\/index.php\/le-premier-immeuble-dote-dune-facade-depolluante-dalsace\/100972\/\" \/>\n<meta property=\"og:site_name\" content=\"Batijournal\" \/>\n<meta property=\"article:published_time\" content=\"2018-11-28T15:38:57+00:00\" \/>\n<meta property=\"article:modified_time\" content=\"2019-07-15T09:26:48+00:00\" \/>\n<meta property=\"og:image\" content=\"https:\/\/batijournal.com\/wp-content\/uploads\/2018\/11\/HeartDeco_facade-depolluante-alsace-saint-louis-calcia.jpg\" \/>\n\t<meta property=\"og:image:width\" content=\"1200\" \/>\n\t<meta property=\"og:image:height\" content=\"746\" \/>\n\t<meta property=\"og:image:type\" content=\"image\/jpeg\" \/>\n<meta name=\"author\" content=\"St\u00e9phane Miget\" \/>\n<meta name=\"twitter:card\" content=\"summary_large_image\" \/>\n<meta name=\"twitter:creator\" content=\"@bati_journal\" \/>\n<meta name=\"twitter:site\" content=\"@bati_journal\" \/>\n<meta name=\"twitter:label1\" content=\"\u00c9crit par\" \/>\n\t<meta name=\"twitter:data1\" content=\"St\u00e9phane Miget\" \/>\n\t<meta name=\"twitter:label2\" content=\"Dur\u00e9e de lecture estim\u00e9e\" \/>\n\t<meta name=\"twitter:data2\" content=\"1 minute\" \/>\n<script type=\"application\/ld+json\" class=\"yoast-schema-graph\">{\"@context\":\"https:\\\/\\\/schema.org\",\"@graph\":[{\"@type\":\"Article\",\"@id\":\"https:\\\/\\\/batijournal.com\\\/index.php\\\/le-premier-immeuble-dote-dune-facade-depolluante-dalsace\\\/100972\\\/#article\",\"isPartOf\":{\"@id\":\"https:\\\/\\\/batijournal.com\\\/index.php\\\/le-premier-immeuble-dote-dune-facade-depolluante-dalsace\\\/100972\\\/\"},\"author\":{\"name\":\"St\u00e9phane Miget\",\"@id\":\"https:\\\/\\\/batijournal.com\\\/#\\\/schema\\\/person\\\/1dc96ec6957aa1ccb25ebe78bb19f100\"},\"headline\":\"Le premier immeuble dot\u00e9 d\u2019une fa\u00e7ade d\u00e9polluante d&rsquo;Alsace\",\"datePublished\":\"2018-11-28T15:38:57+00:00\",\"dateModified\":\"2019-07-15T09:26:48+00:00\",\"mainEntityOfPage\":{\"@id\":\"https:\\\/\\\/batijournal.com\\\/index.php\\\/le-premier-immeuble-dote-dune-facade-depolluante-dalsace\\\/100972\\\/\"},\"wordCount\":235,\"image\":{\"@id\":\"https:\\\/\\\/batijournal.com\\\/index.php\\\/le-premier-immeuble-dote-dune-facade-depolluante-dalsace\\\/100972\\\/#primaryimage\"},\"thumbnailUrl\":\"https:\\\/\\\/batijournal.com\\\/wp-content\\\/uploads\\\/2018\\\/11\\\/HeartDeco_facade-depolluante-alsace-saint-louis-calcia.jpg\",\"keywords\":[\"fa\u00e7ade\",\"fa\u00e7ade d\u00e9polluante\"],\"articleSection\":[\"Actualit\u00e9s\",\"Architecture &amp; Conception\",\"zz_5fa\u00e7ades\",\"zz_Actualit\u00e9s - 5fa\u00e7ades\"],\"inLanguage\":\"fr-FR\"},{\"@type\":\"WebPage\",\"@id\":\"https:\\\/\\\/batijournal.com\\\/index.php\\\/le-premier-immeuble-dote-dune-facade-depolluante-dalsace\\\/100972\\\/\",\"url\":\"https:\\\/\\\/batijournal.com\\\/index.php\\\/le-premier-immeuble-dote-dune-facade-depolluante-dalsace\\\/100972\\\/\",\"name\":\"Le premier immeuble dot\u00e9 d\u2019une fa\u00e7ade d\u00e9polluante d'Alsace\",\"isPartOf\":{\"@id\":\"https:\\\/\\\/batijournal.com\\\/#website\"},\"primaryImageOfPage\":{\"@id\":\"https:\\\/\\\/batijournal.com\\\/index.php\\\/le-premier-immeuble-dote-dune-facade-depolluante-dalsace\\\/100972\\\/#primaryimage\"},\"image\":{\"@id\":\"https:\\\/\\\/batijournal.com\\\/index.php\\\/le-premier-immeuble-dote-dune-facade-depolluante-dalsace\\\/100972\\\/#primaryimage\"},\"thumbnailUrl\":\"https:\\\/\\\/batijournal.com\\\/wp-content\\\/uploads\\\/2018\\\/11\\\/HeartDeco_facade-depolluante-alsace-saint-louis-calcia.jpg\",\"datePublished\":\"2018-11-28T15:38:57+00:00\",\"dateModified\":\"2019-07-15T09:26:48+00:00\",\"author\":{\"@id\":\"https:\\\/\\\/batijournal.com\\\/#\\\/schema\\\/person\\\/1dc96ec6957aa1ccb25ebe78bb19f100\"},\"description\":\"La future r\u00e9sidence Heart D\u00e9co \u00e0 Saint-Louis figure parmi les toutes premi\u00e8res r\u00e9sidences en France, \u00e0 \u00eatre dot\u00e9e d\u2019une fa\u00e7ade aux propri\u00e9t\u00e9s d\u00e9polluantes\",\"breadcrumb\":{\"@id\":\"https:\\\/\\\/batijournal.com\\\/index.php\\\/le-premier-immeuble-dote-dune-facade-depolluante-dalsace\\\/100972\\\/#breadcrumb\"},\"inLanguage\":\"fr-FR\",\"potentialAction\":[{\"@type\":\"ReadAction\",\"target\":[\"https:\\\/\\\/batijournal.com\\\/index.php\\\/le-premier-immeuble-dote-dune-facade-depolluante-dalsace\\\/100972\\\/\"]}]},{\"@type\":\"ImageObject\",\"inLanguage\":\"fr-FR\",\"@id\":\"https:\\\/\\\/batijournal.com\\\/index.php\\\/le-premier-immeuble-dote-dune-facade-depolluante-dalsace\\\/100972\\\/#primaryimage\",\"url\":\"https:\\\/\\\/batijournal.com\\\/wp-content\\\/uploads\\\/2018\\\/11\\\/HeartDeco_facade-depolluante-alsace-saint-louis-calcia.jpg\",\"contentUrl\":\"https:\\\/\\\/batijournal.com\\\/wp-content\\\/uploads\\\/2018\\\/11\\\/HeartDeco_facade-depolluante-alsace-saint-louis-calcia.jpg\",\"width\":1200,\"height\":746},{\"@type\":\"BreadcrumbList\",\"@id\":\"https:\\\/\\\/batijournal.com\\\/index.php\\\/le-premier-immeuble-dote-dune-facade-depolluante-dalsace\\\/100972\\\/#breadcrumb\",\"itemListElement\":[{\"@type\":\"ListItem\",\"position\":1,\"name\":\"Accueil\",\"item\":\"https:\\\/\\\/batijournal.com\\\/\"},{\"@type\":\"ListItem\",\"position\":2,\"name\":\"Actualit\u00e9s\",\"item\":\"https:\\\/\\\/batijournal.com\\\/index.php\\\/category\\\/actualites\\\/\"},{\"@type\":\"ListItem\",\"position\":3,\"name\":\"Le premier immeuble dot\u00e9 d\u2019une fa\u00e7ade d\u00e9polluante d&rsquo;Alsace\"}]},{\"@type\":\"WebSite\",\"@id\":\"https:\\\/\\\/batijournal.com\\\/#website\",\"url\":\"https:\\\/\\\/batijournal.com\\\/\",\"name\":\"Batijournal\",\"description\":\"L&#039;actualit\u00e9 du b\u00e2timent\",\"potentialAction\":[{\"@type\":\"SearchAction\",\"target\":{\"@type\":\"EntryPoint\",\"urlTemplate\":\"https:\\\/\\\/batijournal.com\\\/?s={search_term_string}\"},\"query-input\":{\"@type\":\"PropertyValueSpecification\",\"valueRequired\":true,\"valueName\":\"search_term_string\"}}],\"inLanguage\":\"fr-FR\"},{\"@type\":\"Person\",\"@id\":\"https:\\\/\\\/batijournal.com\\\/#\\\/schema\\\/person\\\/1dc96ec6957aa1ccb25ebe78bb19f100\",\"name\":\"St\u00e9phane Miget\",\"image\":{\"@type\":\"ImageObject\",\"inLanguage\":\"fr-FR\",\"@id\":\"https:\\\/\\\/secure.gravatar.com\\\/avatar\\\/89915563d925342126b8ef0281b93d9d7fc337043e8df017f780908eb9644451?s=96&d=mm&r=g\",\"url\":\"https:\\\/\\\/secure.gravatar.com\\\/avatar\\\/89915563d925342126b8ef0281b93d9d7fc337043e8df017f780908eb9644451?s=96&d=mm&r=g\",\"contentUrl\":\"https:\\\/\\\/secure.gravatar.com\\\/avatar\\\/89915563d925342126b8ef0281b93d9d7fc337043e8df017f780908eb9644451?s=96&d=mm&r=g\",\"caption\":\"St\u00e9phane Miget\"},\"url\":\"https:\\\/\\\/batijournal.com\\\/index.php\\\/author\\\/stephane\\\/\"}]}<\/script>\n<!-- \/ Yoast SEO plugin. -->","yoast_head_json":{"title":"Le premier immeuble dot\u00e9 d\u2019une fa\u00e7ade d\u00e9polluante d'Alsace","description":"La future r\u00e9sidence Heart D\u00e9co \u00e0 Saint-Louis figure parmi les toutes premi\u00e8res r\u00e9sidences en France, \u00e0 \u00eatre dot\u00e9e d\u2019une fa\u00e7ade aux propri\u00e9t\u00e9s d\u00e9polluantes","robots":{"index":"index","follow":"follow","max-snippet":"max-snippet:-1","max-image-preview":"max-image-preview:large","max-video-preview":"max-video-preview:-1"},"canonical":"https:\/\/batijournal.com\/index.php\/le-premier-immeuble-dote-dune-facade-depolluante-dalsace\/100972\/","og_locale":"fr_FR","og_type":"article","og_title":"Le premier immeuble dot\u00e9 d\u2019une fa\u00e7ade d\u00e9polluante d'Alsace","og_description":"La future r\u00e9sidence Heart D\u00e9co \u00e0 Saint-Louis figure parmi les toutes premi\u00e8res r\u00e9sidences en France, \u00e0 \u00eatre dot\u00e9e d\u2019une fa\u00e7ade aux propri\u00e9t\u00e9s d\u00e9polluantes","og_url":"https:\/\/batijournal.com\/index.php\/le-premier-immeuble-dote-dune-facade-depolluante-dalsace\/100972\/","og_site_name":"Batijournal","article_published_time":"2018-11-28T15:38:57+00:00","article_modified_time":"2019-07-15T09:26:48+00:00","og_image":[{"width":1200,"height":746,"url":"https:\/\/batijournal.com\/wp-content\/uploads\/2018\/11\/HeartDeco_facade-depolluante-alsace-saint-louis-calcia.jpg","type":"image\/jpeg"}],"author":"St\u00e9phane Miget","twitter_card":"summary_large_image","twitter_creator":"@bati_journal","twitter_site":"@bati_journal","twitter_misc":{"\u00c9crit par":"St\u00e9phane Miget","Dur\u00e9e de lecture estim\u00e9e":"1 minute"},"schema":{"@context":"https:\/\/schema.org","@graph":[{"@type":"Article","@id":"https:\/\/batijournal.com\/index.php\/le-premier-immeuble-dote-dune-facade-depolluante-dalsace\/100972\/#article","isPartOf":{"@id":"https:\/\/batijournal.com\/index.php\/le-premier-immeuble-dote-dune-facade-depolluante-dalsace\/100972\/"},"author":{"name":"St\u00e9phane Miget","@id":"https:\/\/batijournal.com\/#\/schema\/person\/1dc96ec6957aa1ccb25ebe78bb19f100"},"headline":"Le premier immeuble dot\u00e9 d\u2019une fa\u00e7ade d\u00e9polluante d&rsquo;Alsace","datePublished":"2018-11-28T15:38:57+00:00","dateModified":"2019-07-15T09:26:48+00:00","mainEntityOfPage":{"@id":"https:\/\/batijournal.com\/index.php\/le-premier-immeuble-dote-dune-facade-depolluante-dalsace\/100972\/"},"wordCount":235,"image":{"@id":"https:\/\/batijournal.com\/index.php\/le-premier-immeuble-dote-dune-facade-depolluante-dalsace\/100972\/#primaryimage"},"thumbnailUrl":"https:\/\/batijournal.com\/wp-content\/uploads\/2018\/11\/HeartDeco_facade-depolluante-alsace-saint-louis-calcia.jpg","keywords":["fa\u00e7ade","fa\u00e7ade d\u00e9polluante"],"articleSection":["Actualit\u00e9s","Architecture &amp; Conception","zz_5fa\u00e7ades","zz_Actualit\u00e9s - 5fa\u00e7ades"],"inLanguage":"fr-FR"},{"@type":"WebPage","@id":"https:\/\/batijournal.com\/index.php\/le-premier-immeuble-dote-dune-facade-depolluante-dalsace\/100972\/","url":"https:\/\/batijournal.com\/index.php\/le-premier-immeuble-dote-dune-facade-depolluante-dalsace\/100972\/","name":"Le premier immeuble dot\u00e9 d\u2019une fa\u00e7ade d\u00e9polluante d'Alsace","isPartOf":{"@id":"https:\/\/batijournal.com\/#website"},"primaryImageOfPage":{"@id":"https:\/\/batijournal.com\/index.php\/le-premier-immeuble-dote-dune-facade-depolluante-dalsace\/100972\/#primaryimage"},"image":{"@id":"https:\/\/batijournal.com\/index.php\/le-premier-immeuble-dote-dune-facade-depolluante-dalsace\/100972\/#primaryimage"},"thumbnailUrl":"https:\/\/batijournal.com\/wp-content\/uploads\/2018\/11\/HeartDeco_facade-depolluante-alsace-saint-louis-calcia.jpg","datePublished":"2018-11-28T15:38:57+00:00","dateModified":"2019-07-15T09:26:48+00:00","author":{"@id":"https:\/\/batijournal.com\/#\/schema\/person\/1dc96ec6957aa1ccb25ebe78bb19f100"},"description":"La future r\u00e9sidence Heart D\u00e9co \u00e0 Saint-Louis figure parmi les toutes premi\u00e8res r\u00e9sidences en France, \u00e0 \u00eatre dot\u00e9e d\u2019une fa\u00e7ade aux propri\u00e9t\u00e9s d\u00e9polluantes","breadcrumb":{"@id":"https:\/\/batijournal.com\/index.php\/le-premier-immeuble-dote-dune-facade-depolluante-dalsace\/100972\/#breadcrumb"},"inLanguage":"fr-FR","potentialAction":[{"@type":"ReadAction","target":["https:\/\/batijournal.com\/index.php\/le-premier-immeuble-dote-dune-facade-depolluante-dalsace\/100972\/"]}]},{"@type":"ImageObject","inLanguage":"fr-FR","@id":"https:\/\/batijournal.com\/index.php\/le-premier-immeuble-dote-dune-facade-depolluante-dalsace\/100972\/#primaryimage","url":"https:\/\/batijournal.com\/wp-content\/uploads\/2018\/11\/HeartDeco_facade-depolluante-alsace-saint-louis-calcia.jpg","contentUrl":"https:\/\/batijournal.com\/wp-content\/uploads\/2018\/11\/HeartDeco_facade-depolluante-alsace-saint-louis-calcia.jpg","width":1200,"height":746},{"@type":"BreadcrumbList","@id":"https:\/\/batijournal.com\/index.php\/le-premier-immeuble-dote-dune-facade-depolluante-dalsace\/100972\/#breadcrumb","itemListElement":[{"@type":"ListItem","position":1,"name":"Accueil","item":"https:\/\/batijournal.com\/"},{"@type":"ListItem","position":2,"name":"Actualit\u00e9s","item":"https:\/\/batijournal.com\/index.php\/category\/actualites\/"},{"@type":"ListItem","position":3,"name":"Le premier immeuble dot\u00e9 d\u2019une fa\u00e7ade d\u00e9polluante d&rsquo;Alsace"}]},{"@type":"WebSite","@id":"https:\/\/batijournal.com\/#website","url":"https:\/\/batijournal.com\/","name":"Batijournal","description":"L&#039;actualit\u00e9 du b\u00e2timent","potentialAction":[{"@type":"SearchAction","target":{"@type":"EntryPoint","urlTemplate":"https:\/\/batijournal.com\/?s={search_term_string}"},"query-input":{"@type":"PropertyValueSpecification","valueRequired":true,"valueName":"search_term_string"}}],"inLanguage":"fr-FR"},{"@type":"Person","@id":"https:\/\/batijournal.com\/#\/schema\/person\/1dc96ec6957aa1ccb25ebe78bb19f100","name":"St\u00e9phane Miget","image":{"@type":"ImageObject","inLanguage":"fr-FR","@id":"https:\/\/secure.gravatar.com\/avatar\/89915563d925342126b8ef0281b93d9d7fc337043e8df017f780908eb9644451?s=96&d=mm&r=g","url":"https:\/\/secure.gravatar.com\/avatar\/89915563d925342126b8ef0281b93d9d7fc337043e8df017f780908eb9644451?s=96&d=mm&r=g","contentUrl":"https:\/\/secure.gravatar.com\/avatar\/89915563d925342126b8ef0281b93d9d7fc337043e8df017f780908eb9644451?s=96&d=mm&r=g","caption":"St\u00e9phane Miget"},"url":"https:\/\/batijournal.com\/index.php\/author\/stephane\/"}]}},"_links":{"self":[{"href":"https:\/\/batijournal.com\/index.php\/wp-json\/wp\/v2\/posts\/100972","targetHints":{"allow":["GET"]}}],"collection":[{"href":"https:\/\/batijournal.com\/index.php\/wp-json\/wp\/v2\/posts"}],"about":[{"href":"https:\/\/batijournal.com\/index.php\/wp-json\/wp\/v2\/types\/post"}],"author":[{"embeddable":true,"href":"https:\/\/batijournal.com\/index.php\/wp-json\/wp\/v2\/users\/17"}],"replies":[{"embeddable":true,"href":"https:\/\/batijournal.com\/index.php\/wp-json\/wp\/v2\/comments?post=100972"}],"version-history":[{"count":0,"href":"https:\/\/batijournal.com\/index.php\/wp-json\/wp\/v2\/posts\/100972\/revisions"}],"wp:featuredmedia":[{"embeddable":true,"href":"https:\/\/batijournal.com\/index.php\/wp-json\/wp\/v2\/media\/100973"}],"wp:attachment":[{"href":"https:\/\/batijournal.com\/index.php\/wp-json\/wp\/v2\/media?parent=100972"}],"wp:term":[{"taxonomy":"category","embeddable":true,"href":"https:\/\/batijournal.com\/index.php\/wp-json\/wp\/v2\/categories?post=100972"},{"taxonomy":"post_tag","embeddable":true,"href":"https:\/\/batijournal.com\/index.php\/wp-json\/wp\/v2\/tags?post=100972"}],"curies":[{"name":"wp","href":"https:\/\/api.w.org\/{rel}","templated":true}]}}