{"id":101009,"date":"2018-12-04T13:36:58","date_gmt":"2018-12-04T12:36:58","guid":{"rendered":"https:\/\/batijournal.com\/?p=101009"},"modified":"2019-07-15T12:03:41","modified_gmt":"2019-07-15T10:03:41","slug":"lunicem-salue-le-moratoire-sur-la-hausse-des-taxes-sur-les-carburants","status":"publish","type":"post","link":"https:\/\/batijournal.com\/index.php\/lunicem-salue-le-moratoire-sur-la-hausse-des-taxes-sur-les-carburants\/101009\/","title":{"rendered":"L\u2019UNICEM salue le moratoire sur la hausse des taxes sur les carburants"},"content":{"rendered":"<p class=\"x_MsoNormal\">L\u2019UNICEM, qui depuis plusieurs semaines a alert\u00e9 sur les impacts de la hausse de 300% de la TICPE sur les entreprises des industries extractives et de mat\u00e9riaux de construction, se r\u00e9jouit du moratoire sur la hausse des taxes annonc\u00e9 ce midi par le Premier ministre Edouard Philippe.\u00a0Suite aux d\u00e9clarations gouvernementales, Nicolas Vuillier, pr\u00e9sident de l\u2019UNICEM, esp\u00e8re que \u00ab\u00a0<i>d\u00e9sormais nos organisations professionnelles seront sollicit\u00e9es par le gouvernement avant toutes prises de d\u00e9cision brutale impactant durablement nos activit\u00e9s<\/i> \u00bb.\u00a0Dans cette p\u00e9riode troubl\u00e9e, l\u2019UNICEM r\u00e9pond positivement\u00a0\u00e0 l\u2019invitation du gouvernement pour \u00e9changer avec lui sur les conditions n\u00e9cessaires \u00e0 la mise en place de cette politique publique majeure qu\u2019est la transition \u00e9nerg\u00e9tique.<\/p>\n<p>Le SNROC (Syndicat national des industries de roches ornementales et de la construction) \u00a0alertait, il y a quelques jours sur les dangers de \u00a0la hausse \u00ab\u00a0aberrante\u00a0\u00bb des taxes (plus de 50 centimes par litre) provoqu\u00e9e par l\u2019interdiction brutale du Gazole Non Routier au 1er janvier 2019. Cette mesure aurait entrain\u00e9 une augmentation des co\u00fbts des produits fran\u00e7ais, de l\u2019ordre de 6 % en moyenne, et par cons\u00e9quence dop\u00e9 les produits \u00e9trangers qui couvrent d\u00e9j\u00e0 quasiment la moiti\u00e9 du march\u00e9 national et dont certains.<\/p>\n<p>L\u2019UNICEM souhaite, aujourd&rsquo;hui, que cette main tendue du gouvernement trouve un \u00e9cho favorable aupr\u00e8s des acteurs des blocages actuels qui p\u00e9nalisent l\u2019activit\u00e9 \u00e9conomique de nos entreprises et des territoires.<\/p>\n<p>Face aux diff\u00e9rents mouvements de contestation, le gouvernement a d\u00e9cid\u00e9 d&rsquo;abandonner son projet d&rsquo;interdiction du GNG au 1er janvier 2019.<\/p>\n<p>&nbsp;<\/p>\n","protected":false},"excerpt":{"rendered":"<p>L\u2019UNICEM, qui depuis plusieurs semaines a alert\u00e9 sur les impacts de la hausse de 300% de la TICPE sur les entreprises des industries extractives et de mat\u00e9riaux de construction, se r\u00e9jouit du moratoire sur la hausse des taxes annonc\u00e9 ce midi par le Premier ministre Edouard Philippe.\u00a0Suite aux d\u00e9clarations gouvernementales, Nicolas Vuillier, pr\u00e9sident de l\u2019UNICEM, [&hellip;]<\/p>\n","protected":false},"author":17,"featured_media":91618,"comment_status":"closed","ping_status":"closed","sticky":false,"template":"","format":"standard","meta":{"_et_pb_use_builder":"","_et_pb_old_content":"","_et_gb_content_width":"","footnotes":""},"categories":[10530,6345],"tags":[12634,4840,6669],"class_list":["post-101009","post","type-post","status-publish","format-standard","has-post-thumbnail","hentry","category-actualites","category-economie-marches","tag-carburant","tag-granulats","tag-unicem"],"yoast_head":"<!-- This site is optimized with the Yoast SEO plugin v27.4 - https:\/\/yoast.com\/product\/yoast-seo-wordpress\/ -->\n<title>L\u2019UNICEM salue le moratoire sur la hausse des taxes sur les carburants<\/title>\n<meta name=\"description\" content=\"L\u2019UNICEM a alert\u00e9 sur les impacts de la hausse de 300% de la TICPE sur les entreprises des industries extractives et de mat\u00e9riaux de construction\" \/>\n<meta name=\"robots\" content=\"index, follow, max-snippet:-1, max-image-preview:large, max-video-preview:-1\" \/>\n<link rel=\"canonical\" href=\"https:\/\/batijournal.com\/index.php\/lunicem-salue-le-moratoire-sur-la-hausse-des-taxes-sur-les-carburants\/101009\/\" \/>\n<meta property=\"og:locale\" content=\"fr_FR\" \/>\n<meta property=\"og:type\" content=\"article\" \/>\n<meta property=\"og:title\" content=\"L\u2019UNICEM salue le moratoire sur la hausse des taxes sur les carburants\" \/>\n<meta property=\"og:description\" content=\"L\u2019UNICEM a alert\u00e9 sur les impacts de la hausse de 300% de la TICPE sur les entreprises des industries extractives et de mat\u00e9riaux de construction\" \/>\n<meta property=\"og:url\" content=\"https:\/\/batijournal.com\/index.php\/lunicem-salue-le-moratoire-sur-la-hausse-des-taxes-sur-les-carburants\/101009\/\" \/>\n<meta property=\"og:site_name\" content=\"Batijournal\" \/>\n<meta property=\"article:published_time\" content=\"2018-12-04T12:36:58+00:00\" \/>\n<meta property=\"article:modified_time\" content=\"2019-07-15T10:03:41+00:00\" \/>\n<meta property=\"og:image\" content=\"https:\/\/batijournal.com\/wp-content\/uploads\/2016\/02\/granulats-2.jpg\" \/>\n\t<meta property=\"og:image:width\" content=\"1000\" \/>\n\t<meta property=\"og:image:height\" content=\"588\" \/>\n\t<meta property=\"og:image:type\" content=\"image\/jpeg\" \/>\n<meta name=\"author\" content=\"St\u00e9phane Miget\" \/>\n<meta name=\"twitter:card\" content=\"summary_large_image\" \/>\n<meta name=\"twitter:creator\" content=\"@bati_journal\" \/>\n<meta name=\"twitter:site\" content=\"@bati_journal\" \/>\n<meta name=\"twitter:label1\" content=\"\u00c9crit par\" \/>\n\t<meta name=\"twitter:data1\" content=\"St\u00e9phane Miget\" \/>\n\t<meta name=\"twitter:label2\" content=\"Dur\u00e9e de lecture estim\u00e9e\" \/>\n\t<meta name=\"twitter:data2\" content=\"1 minute\" \/>\n<script type=\"application\/ld+json\" class=\"yoast-schema-graph\">{\"@context\":\"https:\\\/\\\/schema.org\",\"@graph\":[{\"@type\":\"Article\",\"@id\":\"https:\\\/\\\/batijournal.com\\\/index.php\\\/lunicem-salue-le-moratoire-sur-la-hausse-des-taxes-sur-les-carburants\\\/101009\\\/#article\",\"isPartOf\":{\"@id\":\"https:\\\/\\\/batijournal.com\\\/index.php\\\/lunicem-salue-le-moratoire-sur-la-hausse-des-taxes-sur-les-carburants\\\/101009\\\/\"},\"author\":{\"name\":\"St\u00e9phane Miget\",\"@id\":\"https:\\\/\\\/batijournal.com\\\/#\\\/schema\\\/person\\\/1dc96ec6957aa1ccb25ebe78bb19f100\"},\"headline\":\"L\u2019UNICEM salue le moratoire sur la hausse des taxes sur les carburants\",\"datePublished\":\"2018-12-04T12:36:58+00:00\",\"dateModified\":\"2019-07-15T10:03:41+00:00\",\"mainEntityOfPage\":{\"@id\":\"https:\\\/\\\/batijournal.com\\\/index.php\\\/lunicem-salue-le-moratoire-sur-la-hausse-des-taxes-sur-les-carburants\\\/101009\\\/\"},\"wordCount\":283,\"image\":{\"@id\":\"https:\\\/\\\/batijournal.com\\\/index.php\\\/lunicem-salue-le-moratoire-sur-la-hausse-des-taxes-sur-les-carburants\\\/101009\\\/#primaryimage\"},\"thumbnailUrl\":\"https:\\\/\\\/batijournal.com\\\/wp-content\\\/uploads\\\/2016\\\/02\\\/granulats-2.jpg\",\"keywords\":[\"carburant\",\"granulats\",\"unicem\"],\"articleSection\":[\"Actualit\u00e9s\",\"\u00c9conomie &amp; March\u00e9s\"],\"inLanguage\":\"fr-FR\"},{\"@type\":\"WebPage\",\"@id\":\"https:\\\/\\\/batijournal.com\\\/index.php\\\/lunicem-salue-le-moratoire-sur-la-hausse-des-taxes-sur-les-carburants\\\/101009\\\/\",\"url\":\"https:\\\/\\\/batijournal.com\\\/index.php\\\/lunicem-salue-le-moratoire-sur-la-hausse-des-taxes-sur-les-carburants\\\/101009\\\/\",\"name\":\"L\u2019UNICEM salue le moratoire sur la hausse des taxes sur les carburants\",\"isPartOf\":{\"@id\":\"https:\\\/\\\/batijournal.com\\\/#website\"},\"primaryImageOfPage\":{\"@id\":\"https:\\\/\\\/batijournal.com\\\/index.php\\\/lunicem-salue-le-moratoire-sur-la-hausse-des-taxes-sur-les-carburants\\\/101009\\\/#primaryimage\"},\"image\":{\"@id\":\"https:\\\/\\\/batijournal.com\\\/index.php\\\/lunicem-salue-le-moratoire-sur-la-hausse-des-taxes-sur-les-carburants\\\/101009\\\/#primaryimage\"},\"thumbnailUrl\":\"https:\\\/\\\/batijournal.com\\\/wp-content\\\/uploads\\\/2016\\\/02\\\/granulats-2.jpg\",\"datePublished\":\"2018-12-04T12:36:58+00:00\",\"dateModified\":\"2019-07-15T10:03:41+00:00\",\"author\":{\"@id\":\"https:\\\/\\\/batijournal.com\\\/#\\\/schema\\\/person\\\/1dc96ec6957aa1ccb25ebe78bb19f100\"},\"description\":\"L\u2019UNICEM a alert\u00e9 sur les impacts de la hausse de 300% de la TICPE sur les entreprises des industries extractives et de mat\u00e9riaux de construction\",\"breadcrumb\":{\"@id\":\"https:\\\/\\\/batijournal.com\\\/index.php\\\/lunicem-salue-le-moratoire-sur-la-hausse-des-taxes-sur-les-carburants\\\/101009\\\/#breadcrumb\"},\"inLanguage\":\"fr-FR\",\"potentialAction\":[{\"@type\":\"ReadAction\",\"target\":[\"https:\\\/\\\/batijournal.com\\\/index.php\\\/lunicem-salue-le-moratoire-sur-la-hausse-des-taxes-sur-les-carburants\\\/101009\\\/\"]}]},{\"@type\":\"ImageObject\",\"inLanguage\":\"fr-FR\",\"@id\":\"https:\\\/\\\/batijournal.com\\\/index.php\\\/lunicem-salue-le-moratoire-sur-la-hausse-des-taxes-sur-les-carburants\\\/101009\\\/#primaryimage\",\"url\":\"https:\\\/\\\/batijournal.com\\\/wp-content\\\/uploads\\\/2016\\\/02\\\/granulats-2.jpg\",\"contentUrl\":\"https:\\\/\\\/batijournal.com\\\/wp-content\\\/uploads\\\/2016\\\/02\\\/granulats-2.jpg\",\"width\":1000,\"height\":588,\"caption\":\"granulats-unicem-chiffres\"},{\"@type\":\"BreadcrumbList\",\"@id\":\"https:\\\/\\\/batijournal.com\\\/index.php\\\/lunicem-salue-le-moratoire-sur-la-hausse-des-taxes-sur-les-carburants\\\/101009\\\/#breadcrumb\",\"itemListElement\":[{\"@type\":\"ListItem\",\"position\":1,\"name\":\"Accueil\",\"item\":\"https:\\\/\\\/batijournal.com\\\/\"},{\"@type\":\"ListItem\",\"position\":2,\"name\":\"Actualit\u00e9s\",\"item\":\"https:\\\/\\\/batijournal.com\\\/index.php\\\/category\\\/actualites\\\/\"},{\"@type\":\"ListItem\",\"position\":3,\"name\":\"L\u2019UNICEM salue le moratoire sur la hausse des taxes sur les carburants\"}]},{\"@type\":\"WebSite\",\"@id\":\"https:\\\/\\\/batijournal.com\\\/#website\",\"url\":\"https:\\\/\\\/batijournal.com\\\/\",\"name\":\"Batijournal\",\"description\":\"L&#039;actualit\u00e9 du b\u00e2timent\",\"potentialAction\":[{\"@type\":\"SearchAction\",\"target\":{\"@type\":\"EntryPoint\",\"urlTemplate\":\"https:\\\/\\\/batijournal.com\\\/?s={search_term_string}\"},\"query-input\":{\"@type\":\"PropertyValueSpecification\",\"valueRequired\":true,\"valueName\":\"search_term_string\"}}],\"inLanguage\":\"fr-FR\"},{\"@type\":\"Person\",\"@id\":\"https:\\\/\\\/batijournal.com\\\/#\\\/schema\\\/person\\\/1dc96ec6957aa1ccb25ebe78bb19f100\",\"name\":\"St\u00e9phane Miget\",\"image\":{\"@type\":\"ImageObject\",\"inLanguage\":\"fr-FR\",\"@id\":\"https:\\\/\\\/secure.gravatar.com\\\/avatar\\\/89915563d925342126b8ef0281b93d9d7fc337043e8df017f780908eb9644451?s=96&d=mm&r=g\",\"url\":\"https:\\\/\\\/secure.gravatar.com\\\/avatar\\\/89915563d925342126b8ef0281b93d9d7fc337043e8df017f780908eb9644451?s=96&d=mm&r=g\",\"contentUrl\":\"https:\\\/\\\/secure.gravatar.com\\\/avatar\\\/89915563d925342126b8ef0281b93d9d7fc337043e8df017f780908eb9644451?s=96&d=mm&r=g\",\"caption\":\"St\u00e9phane Miget\"},\"url\":\"https:\\\/\\\/batijournal.com\\\/index.php\\\/author\\\/stephane\\\/\"}]}<\/script>\n<!-- \/ Yoast SEO plugin. -->","yoast_head_json":{"title":"L\u2019UNICEM salue le moratoire sur la hausse des taxes sur les carburants","description":"L\u2019UNICEM a alert\u00e9 sur les impacts de la hausse de 300% de la TICPE sur les entreprises des industries extractives et de mat\u00e9riaux de construction","robots":{"index":"index","follow":"follow","max-snippet":"max-snippet:-1","max-image-preview":"max-image-preview:large","max-video-preview":"max-video-preview:-1"},"canonical":"https:\/\/batijournal.com\/index.php\/lunicem-salue-le-moratoire-sur-la-hausse-des-taxes-sur-les-carburants\/101009\/","og_locale":"fr_FR","og_type":"article","og_title":"L\u2019UNICEM salue le moratoire sur la hausse des taxes sur les carburants","og_description":"L\u2019UNICEM a alert\u00e9 sur les impacts de la hausse de 300% de la TICPE sur les entreprises des industries extractives et de mat\u00e9riaux de construction","og_url":"https:\/\/batijournal.com\/index.php\/lunicem-salue-le-moratoire-sur-la-hausse-des-taxes-sur-les-carburants\/101009\/","og_site_name":"Batijournal","article_published_time":"2018-12-04T12:36:58+00:00","article_modified_time":"2019-07-15T10:03:41+00:00","og_image":[{"width":1000,"height":588,"url":"https:\/\/batijournal.com\/wp-content\/uploads\/2016\/02\/granulats-2.jpg","type":"image\/jpeg"}],"author":"St\u00e9phane Miget","twitter_card":"summary_large_image","twitter_creator":"@bati_journal","twitter_site":"@bati_journal","twitter_misc":{"\u00c9crit par":"St\u00e9phane Miget","Dur\u00e9e de lecture estim\u00e9e":"1 minute"},"schema":{"@context":"https:\/\/schema.org","@graph":[{"@type":"Article","@id":"https:\/\/batijournal.com\/index.php\/lunicem-salue-le-moratoire-sur-la-hausse-des-taxes-sur-les-carburants\/101009\/#article","isPartOf":{"@id":"https:\/\/batijournal.com\/index.php\/lunicem-salue-le-moratoire-sur-la-hausse-des-taxes-sur-les-carburants\/101009\/"},"author":{"name":"St\u00e9phane Miget","@id":"https:\/\/batijournal.com\/#\/schema\/person\/1dc96ec6957aa1ccb25ebe78bb19f100"},"headline":"L\u2019UNICEM salue le moratoire sur la hausse des taxes sur les carburants","datePublished":"2018-12-04T12:36:58+00:00","dateModified":"2019-07-15T10:03:41+00:00","mainEntityOfPage":{"@id":"https:\/\/batijournal.com\/index.php\/lunicem-salue-le-moratoire-sur-la-hausse-des-taxes-sur-les-carburants\/101009\/"},"wordCount":283,"image":{"@id":"https:\/\/batijournal.com\/index.php\/lunicem-salue-le-moratoire-sur-la-hausse-des-taxes-sur-les-carburants\/101009\/#primaryimage"},"thumbnailUrl":"https:\/\/batijournal.com\/wp-content\/uploads\/2016\/02\/granulats-2.jpg","keywords":["carburant","granulats","unicem"],"articleSection":["Actualit\u00e9s","\u00c9conomie &amp; March\u00e9s"],"inLanguage":"fr-FR"},{"@type":"WebPage","@id":"https:\/\/batijournal.com\/index.php\/lunicem-salue-le-moratoire-sur-la-hausse-des-taxes-sur-les-carburants\/101009\/","url":"https:\/\/batijournal.com\/index.php\/lunicem-salue-le-moratoire-sur-la-hausse-des-taxes-sur-les-carburants\/101009\/","name":"L\u2019UNICEM salue le moratoire sur la hausse des taxes sur les carburants","isPartOf":{"@id":"https:\/\/batijournal.com\/#website"},"primaryImageOfPage":{"@id":"https:\/\/batijournal.com\/index.php\/lunicem-salue-le-moratoire-sur-la-hausse-des-taxes-sur-les-carburants\/101009\/#primaryimage"},"image":{"@id":"https:\/\/batijournal.com\/index.php\/lunicem-salue-le-moratoire-sur-la-hausse-des-taxes-sur-les-carburants\/101009\/#primaryimage"},"thumbnailUrl":"https:\/\/batijournal.com\/wp-content\/uploads\/2016\/02\/granulats-2.jpg","datePublished":"2018-12-04T12:36:58+00:00","dateModified":"2019-07-15T10:03:41+00:00","author":{"@id":"https:\/\/batijournal.com\/#\/schema\/person\/1dc96ec6957aa1ccb25ebe78bb19f100"},"description":"L\u2019UNICEM a alert\u00e9 sur les impacts de la hausse de 300% de la TICPE sur les entreprises des industries extractives et de mat\u00e9riaux de construction","breadcrumb":{"@id":"https:\/\/batijournal.com\/index.php\/lunicem-salue-le-moratoire-sur-la-hausse-des-taxes-sur-les-carburants\/101009\/#breadcrumb"},"inLanguage":"fr-FR","potentialAction":[{"@type":"ReadAction","target":["https:\/\/batijournal.com\/index.php\/lunicem-salue-le-moratoire-sur-la-hausse-des-taxes-sur-les-carburants\/101009\/"]}]},{"@type":"ImageObject","inLanguage":"fr-FR","@id":"https:\/\/batijournal.com\/index.php\/lunicem-salue-le-moratoire-sur-la-hausse-des-taxes-sur-les-carburants\/101009\/#primaryimage","url":"https:\/\/batijournal.com\/wp-content\/uploads\/2016\/02\/granulats-2.jpg","contentUrl":"https:\/\/batijournal.com\/wp-content\/uploads\/2016\/02\/granulats-2.jpg","width":1000,"height":588,"caption":"granulats-unicem-chiffres"},{"@type":"BreadcrumbList","@id":"https:\/\/batijournal.com\/index.php\/lunicem-salue-le-moratoire-sur-la-hausse-des-taxes-sur-les-carburants\/101009\/#breadcrumb","itemListElement":[{"@type":"ListItem","position":1,"name":"Accueil","item":"https:\/\/batijournal.com\/"},{"@type":"ListItem","position":2,"name":"Actualit\u00e9s","item":"https:\/\/batijournal.com\/index.php\/category\/actualites\/"},{"@type":"ListItem","position":3,"name":"L\u2019UNICEM salue le moratoire sur la hausse des taxes sur les carburants"}]},{"@type":"WebSite","@id":"https:\/\/batijournal.com\/#website","url":"https:\/\/batijournal.com\/","name":"Batijournal","description":"L&#039;actualit\u00e9 du b\u00e2timent","potentialAction":[{"@type":"SearchAction","target":{"@type":"EntryPoint","urlTemplate":"https:\/\/batijournal.com\/?s={search_term_string}"},"query-input":{"@type":"PropertyValueSpecification","valueRequired":true,"valueName":"search_term_string"}}],"inLanguage":"fr-FR"},{"@type":"Person","@id":"https:\/\/batijournal.com\/#\/schema\/person\/1dc96ec6957aa1ccb25ebe78bb19f100","name":"St\u00e9phane Miget","image":{"@type":"ImageObject","inLanguage":"fr-FR","@id":"https:\/\/secure.gravatar.com\/avatar\/89915563d925342126b8ef0281b93d9d7fc337043e8df017f780908eb9644451?s=96&d=mm&r=g","url":"https:\/\/secure.gravatar.com\/avatar\/89915563d925342126b8ef0281b93d9d7fc337043e8df017f780908eb9644451?s=96&d=mm&r=g","contentUrl":"https:\/\/secure.gravatar.com\/avatar\/89915563d925342126b8ef0281b93d9d7fc337043e8df017f780908eb9644451?s=96&d=mm&r=g","caption":"St\u00e9phane Miget"},"url":"https:\/\/batijournal.com\/index.php\/author\/stephane\/"}]}},"_links":{"self":[{"href":"https:\/\/batijournal.com\/index.php\/wp-json\/wp\/v2\/posts\/101009","targetHints":{"allow":["GET"]}}],"collection":[{"href":"https:\/\/batijournal.com\/index.php\/wp-json\/wp\/v2\/posts"}],"about":[{"href":"https:\/\/batijournal.com\/index.php\/wp-json\/wp\/v2\/types\/post"}],"author":[{"embeddable":true,"href":"https:\/\/batijournal.com\/index.php\/wp-json\/wp\/v2\/users\/17"}],"replies":[{"embeddable":true,"href":"https:\/\/batijournal.com\/index.php\/wp-json\/wp\/v2\/comments?post=101009"}],"version-history":[{"count":0,"href":"https:\/\/batijournal.com\/index.php\/wp-json\/wp\/v2\/posts\/101009\/revisions"}],"wp:featuredmedia":[{"embeddable":true,"href":"https:\/\/batijournal.com\/index.php\/wp-json\/wp\/v2\/media\/91618"}],"wp:attachment":[{"href":"https:\/\/batijournal.com\/index.php\/wp-json\/wp\/v2\/media?parent=101009"}],"wp:term":[{"taxonomy":"category","embeddable":true,"href":"https:\/\/batijournal.com\/index.php\/wp-json\/wp\/v2\/categories?post=101009"},{"taxonomy":"post_tag","embeddable":true,"href":"https:\/\/batijournal.com\/index.php\/wp-json\/wp\/v2\/tags?post=101009"}],"curies":[{"name":"wp","href":"https:\/\/api.w.org\/{rel}","templated":true}]}}