{"id":101014,"date":"2018-12-05T08:23:22","date_gmt":"2018-12-05T07:23:22","guid":{"rendered":"https:\/\/batijournal.com\/?p=101014"},"modified":"2020-07-17T15:21:55","modified_gmt":"2020-07-17T13:21:55","slug":"une-verriere-et-un-mecenat-exclusif-des-fondations-velux-pour-lhotel-de-la-marine","status":"publish","type":"post","link":"https:\/\/batijournal.com\/index.php\/une-verriere-et-un-mecenat-exclusif-des-fondations-velux-pour-lhotel-de-la-marine\/101014\/","title":{"rendered":"Une verri\u00e8re et un m\u00e9c\u00e9nat exclusif des fondations Velux pour l\u2019H\u00f4tel de la Marine"},"content":{"rendered":"<p>Les fondations Velux et le Centre des monuments nationaux ont sign\u00e9 une convention de m\u00e9c\u00e9nat pour le financement de la cr\u00e9ation d\u2019une verri\u00e8re, con\u00e7ue par l\u2019architecte Hugh Dutton, au-dessus de la cour de l\u2019Intendant de l\u2019H\u00f4tel de la Marine, place de la Concorde \u00e0 Paris. L\u2019H\u00f4tel de la Marine deviendra \u00e0 la fois un lieu de visite, avec plusieurs circuits de visite et une programmation compl\u00e8te, et un lieu de vie avec une librairie, des boutiques, un restaurant, un caf\u00e9 et un salon de th\u00e9. Dans la cour de l\u2019Intendant, un espace d\u2019accueil, de pr\u00e9sentation et d\u2019orientation des visiteurs servira de transition entre l\u2019espace public de la cour d\u2019honneur et ses services, et les espaces d\u2019apparat et leur offre culturelle. Afin d\u2019abriter ce lieu central, la verri\u00e8re couvrira la cour entre le 2e et le 3e \u00e9tage. Ce dernier ayant \u00e9t\u00e9 ajout\u00e9 au XIXe si\u00e8cle, cette verri\u00e8re permettra d\u2019\u00e9voquer le volume initial de la cour. Gr\u00e2ce \u00e0 une conception unique de r\u00e9flexion de la lumi\u00e8re naturelle, \u00e0 la mani\u00e8re d\u2019un lustre ou d\u2019un diamant, la verri\u00e8re permettra d\u2019illuminer l\u2019espace et de mettre en valeur l\u2019oeuvre architecturale d\u2019Ange-Jacques Gabriel. Les travaux seront sous la ma\u00eetrise d\u2019ouvrage du Centre des monuments nationaux, ils auront lieu au premier semestre 2019. Le co\u00fbt total de ce chantier est estim\u00e9 \u00e0 3,2 millions d\u2019euros. Les fondations Velux interviendront en tant que m\u00e9c\u00e8ne exclusif \u00e0 hauteur de 800 000 \u20ac pour la cr\u00e9ation de la verri\u00e8re.<\/p>\n<p>Photo : Verri\u00e8re de la cour de l\u2019Intendant \u00a9 Christophe Bottineau &#8211; Hugh Dutton Associ\u00e9s &#8211; Centre des monuments nationaux<\/p>\n","protected":false},"excerpt":{"rendered":"<p>Les fondations Velux et le Centre des monuments nationaux ont sign\u00e9 une convention de m\u00e9c\u00e9nat pour le financement de la cr\u00e9ation d\u2019une verri\u00e8re, con\u00e7ue par l\u2019architecte Hugh Dutton, au-dessus de la cour de l\u2019Intendant de l\u2019H\u00f4tel de la Marine, place de la Concorde \u00e0 Paris. L\u2019H\u00f4tel de la Marine deviendra \u00e0 la fois un lieu [&hellip;]<\/p>\n","protected":false},"author":17,"featured_media":101015,"comment_status":"closed","ping_status":"closed","sticky":false,"template":"","format":"standard","meta":{"_et_pb_use_builder":"","_et_pb_old_content":"","_et_gb_content_width":"","footnotes":""},"categories":[10530,6340,10771,10775,10785],"tags":[6376,455],"class_list":["post-101014","post","type-post","status-publish","format-standard","has-post-thumbnail","hentry","category-actualites","category-architecture-conception","category-5facades","category-actualites-5facades","category-atrium","tag-monument-historique","tag-velux"],"yoast_head":"<!-- This site is optimized with the Yoast SEO plugin v27.4 - https:\/\/yoast.com\/product\/yoast-seo-wordpress\/ -->\n<title>Une verri\u00e8re et un m\u00e9c\u00e9nat exclusif des fondations Velux pour l\u2019H\u00f4tel de la Marine<\/title>\n<meta name=\"description\" content=\"Les fondations Velux et le CMN ont sign\u00e9 une convention de m\u00e9c\u00e9nat pour la cr\u00e9ation d\u2019une verri\u00e8re dans l\u2019H\u00f4tel de la Marine, architecte Hugh Dutton\" \/>\n<meta name=\"robots\" content=\"index, follow, max-snippet:-1, max-image-preview:large, max-video-preview:-1\" \/>\n<link rel=\"canonical\" href=\"https:\/\/batijournal.com\/index.php\/une-verriere-et-un-mecenat-exclusif-des-fondations-velux-pour-lhotel-de-la-marine\/101014\/\" \/>\n<meta property=\"og:locale\" content=\"fr_FR\" \/>\n<meta property=\"og:type\" content=\"article\" \/>\n<meta property=\"og:title\" content=\"Une verri\u00e8re et un m\u00e9c\u00e9nat exclusif des fondations Velux pour l\u2019H\u00f4tel de la Marine\" \/>\n<meta property=\"og:description\" content=\"Les fondations Velux et le CMN ont sign\u00e9 une convention de m\u00e9c\u00e9nat pour la cr\u00e9ation d\u2019une verri\u00e8re dans l\u2019H\u00f4tel de la Marine, architecte Hugh Dutton\" \/>\n<meta property=\"og:url\" content=\"https:\/\/batijournal.com\/index.php\/une-verriere-et-un-mecenat-exclusif-des-fondations-velux-pour-lhotel-de-la-marine\/101014\/\" \/>\n<meta property=\"og:site_name\" content=\"Batijournal\" \/>\n<meta property=\"article:published_time\" content=\"2018-12-05T07:23:22+00:00\" \/>\n<meta property=\"article:modified_time\" content=\"2020-07-17T13:21:55+00:00\" \/>\n<meta property=\"og:image\" content=\"https:\/\/batijournal.com\/wp-content\/uploads\/2018\/12\/Verriere-cour-de-l-Intendant-Hotel-de-la-Marine.jpg\" \/>\n\t<meta property=\"og:image:width\" content=\"800\" \/>\n\t<meta property=\"og:image:height\" content=\"720\" \/>\n\t<meta property=\"og:image:type\" content=\"image\/jpeg\" \/>\n<meta name=\"author\" content=\"St\u00e9phane Miget\" \/>\n<meta name=\"twitter:card\" content=\"summary_large_image\" \/>\n<meta name=\"twitter:creator\" content=\"@bati_journal\" \/>\n<meta name=\"twitter:site\" content=\"@bati_journal\" \/>\n<meta name=\"twitter:label1\" content=\"\u00c9crit par\" \/>\n\t<meta name=\"twitter:data1\" content=\"St\u00e9phane Miget\" \/>\n\t<meta name=\"twitter:label2\" content=\"Dur\u00e9e de lecture estim\u00e9e\" \/>\n\t<meta name=\"twitter:data2\" content=\"1 minute\" \/>\n<script type=\"application\/ld+json\" class=\"yoast-schema-graph\">{\"@context\":\"https:\\\/\\\/schema.org\",\"@graph\":[{\"@type\":\"Article\",\"@id\":\"https:\\\/\\\/batijournal.com\\\/index.php\\\/une-verriere-et-un-mecenat-exclusif-des-fondations-velux-pour-lhotel-de-la-marine\\\/101014\\\/#article\",\"isPartOf\":{\"@id\":\"https:\\\/\\\/batijournal.com\\\/index.php\\\/une-verriere-et-un-mecenat-exclusif-des-fondations-velux-pour-lhotel-de-la-marine\\\/101014\\\/\"},\"author\":{\"name\":\"St\u00e9phane Miget\",\"@id\":\"https:\\\/\\\/batijournal.com\\\/#\\\/schema\\\/person\\\/1dc96ec6957aa1ccb25ebe78bb19f100\"},\"headline\":\"Une verri\u00e8re et un m\u00e9c\u00e9nat exclusif des fondations Velux pour l\u2019H\u00f4tel de la Marine\",\"datePublished\":\"2018-12-05T07:23:22+00:00\",\"dateModified\":\"2020-07-17T13:21:55+00:00\",\"mainEntityOfPage\":{\"@id\":\"https:\\\/\\\/batijournal.com\\\/index.php\\\/une-verriere-et-un-mecenat-exclusif-des-fondations-velux-pour-lhotel-de-la-marine\\\/101014\\\/\"},\"wordCount\":313,\"image\":{\"@id\":\"https:\\\/\\\/batijournal.com\\\/index.php\\\/une-verriere-et-un-mecenat-exclusif-des-fondations-velux-pour-lhotel-de-la-marine\\\/101014\\\/#primaryimage\"},\"thumbnailUrl\":\"https:\\\/\\\/batijournal.com\\\/wp-content\\\/uploads\\\/2018\\\/12\\\/Verriere-cour-de-l-Intendant-Hotel-de-la-Marine.jpg\",\"keywords\":[\"monument historique\",\"Velux\"],\"articleSection\":[\"Actualit\u00e9s\",\"Architecture &amp; Conception\",\"zz_5fa\u00e7ades\",\"zz_Actualit\u00e9s - 5fa\u00e7ades\",\"zz_Atrium Patrimoine\"],\"inLanguage\":\"fr-FR\"},{\"@type\":\"WebPage\",\"@id\":\"https:\\\/\\\/batijournal.com\\\/index.php\\\/une-verriere-et-un-mecenat-exclusif-des-fondations-velux-pour-lhotel-de-la-marine\\\/101014\\\/\",\"url\":\"https:\\\/\\\/batijournal.com\\\/index.php\\\/une-verriere-et-un-mecenat-exclusif-des-fondations-velux-pour-lhotel-de-la-marine\\\/101014\\\/\",\"name\":\"Une verri\u00e8re et un m\u00e9c\u00e9nat exclusif des fondations Velux pour l\u2019H\u00f4tel de la Marine\",\"isPartOf\":{\"@id\":\"https:\\\/\\\/batijournal.com\\\/#website\"},\"primaryImageOfPage\":{\"@id\":\"https:\\\/\\\/batijournal.com\\\/index.php\\\/une-verriere-et-un-mecenat-exclusif-des-fondations-velux-pour-lhotel-de-la-marine\\\/101014\\\/#primaryimage\"},\"image\":{\"@id\":\"https:\\\/\\\/batijournal.com\\\/index.php\\\/une-verriere-et-un-mecenat-exclusif-des-fondations-velux-pour-lhotel-de-la-marine\\\/101014\\\/#primaryimage\"},\"thumbnailUrl\":\"https:\\\/\\\/batijournal.com\\\/wp-content\\\/uploads\\\/2018\\\/12\\\/Verriere-cour-de-l-Intendant-Hotel-de-la-Marine.jpg\",\"datePublished\":\"2018-12-05T07:23:22+00:00\",\"dateModified\":\"2020-07-17T13:21:55+00:00\",\"author\":{\"@id\":\"https:\\\/\\\/batijournal.com\\\/#\\\/schema\\\/person\\\/1dc96ec6957aa1ccb25ebe78bb19f100\"},\"description\":\"Les fondations Velux et le CMN ont sign\u00e9 une convention de m\u00e9c\u00e9nat pour la cr\u00e9ation d\u2019une verri\u00e8re dans l\u2019H\u00f4tel de la Marine, architecte Hugh Dutton\",\"breadcrumb\":{\"@id\":\"https:\\\/\\\/batijournal.com\\\/index.php\\\/une-verriere-et-un-mecenat-exclusif-des-fondations-velux-pour-lhotel-de-la-marine\\\/101014\\\/#breadcrumb\"},\"inLanguage\":\"fr-FR\",\"potentialAction\":[{\"@type\":\"ReadAction\",\"target\":[\"https:\\\/\\\/batijournal.com\\\/index.php\\\/une-verriere-et-un-mecenat-exclusif-des-fondations-velux-pour-lhotel-de-la-marine\\\/101014\\\/\"]}]},{\"@type\":\"ImageObject\",\"inLanguage\":\"fr-FR\",\"@id\":\"https:\\\/\\\/batijournal.com\\\/index.php\\\/une-verriere-et-un-mecenat-exclusif-des-fondations-velux-pour-lhotel-de-la-marine\\\/101014\\\/#primaryimage\",\"url\":\"https:\\\/\\\/batijournal.com\\\/wp-content\\\/uploads\\\/2018\\\/12\\\/Verriere-cour-de-l-Intendant-Hotel-de-la-Marine.jpg\",\"contentUrl\":\"https:\\\/\\\/batijournal.com\\\/wp-content\\\/uploads\\\/2018\\\/12\\\/Verriere-cour-de-l-Intendant-Hotel-de-la-Marine.jpg\",\"width\":800,\"height\":720},{\"@type\":\"BreadcrumbList\",\"@id\":\"https:\\\/\\\/batijournal.com\\\/index.php\\\/une-verriere-et-un-mecenat-exclusif-des-fondations-velux-pour-lhotel-de-la-marine\\\/101014\\\/#breadcrumb\",\"itemListElement\":[{\"@type\":\"ListItem\",\"position\":1,\"name\":\"Accueil\",\"item\":\"https:\\\/\\\/batijournal.com\\\/\"},{\"@type\":\"ListItem\",\"position\":2,\"name\":\"Actualit\u00e9s\",\"item\":\"https:\\\/\\\/batijournal.com\\\/index.php\\\/category\\\/actualites\\\/\"},{\"@type\":\"ListItem\",\"position\":3,\"name\":\"Une verri\u00e8re et un m\u00e9c\u00e9nat exclusif des fondations Velux pour l\u2019H\u00f4tel de la Marine\"}]},{\"@type\":\"WebSite\",\"@id\":\"https:\\\/\\\/batijournal.com\\\/#website\",\"url\":\"https:\\\/\\\/batijournal.com\\\/\",\"name\":\"Batijournal\",\"description\":\"L&#039;actualit\u00e9 du b\u00e2timent\",\"potentialAction\":[{\"@type\":\"SearchAction\",\"target\":{\"@type\":\"EntryPoint\",\"urlTemplate\":\"https:\\\/\\\/batijournal.com\\\/?s={search_term_string}\"},\"query-input\":{\"@type\":\"PropertyValueSpecification\",\"valueRequired\":true,\"valueName\":\"search_term_string\"}}],\"inLanguage\":\"fr-FR\"},{\"@type\":\"Person\",\"@id\":\"https:\\\/\\\/batijournal.com\\\/#\\\/schema\\\/person\\\/1dc96ec6957aa1ccb25ebe78bb19f100\",\"name\":\"St\u00e9phane Miget\",\"image\":{\"@type\":\"ImageObject\",\"inLanguage\":\"fr-FR\",\"@id\":\"https:\\\/\\\/secure.gravatar.com\\\/avatar\\\/89915563d925342126b8ef0281b93d9d7fc337043e8df017f780908eb9644451?s=96&d=mm&r=g\",\"url\":\"https:\\\/\\\/secure.gravatar.com\\\/avatar\\\/89915563d925342126b8ef0281b93d9d7fc337043e8df017f780908eb9644451?s=96&d=mm&r=g\",\"contentUrl\":\"https:\\\/\\\/secure.gravatar.com\\\/avatar\\\/89915563d925342126b8ef0281b93d9d7fc337043e8df017f780908eb9644451?s=96&d=mm&r=g\",\"caption\":\"St\u00e9phane Miget\"},\"url\":\"https:\\\/\\\/batijournal.com\\\/index.php\\\/author\\\/stephane\\\/\"}]}<\/script>\n<!-- \/ Yoast SEO plugin. -->","yoast_head_json":{"title":"Une verri\u00e8re et un m\u00e9c\u00e9nat exclusif des fondations Velux pour l\u2019H\u00f4tel de la Marine","description":"Les fondations Velux et le CMN ont sign\u00e9 une convention de m\u00e9c\u00e9nat pour la cr\u00e9ation d\u2019une verri\u00e8re dans l\u2019H\u00f4tel de la Marine, architecte Hugh Dutton","robots":{"index":"index","follow":"follow","max-snippet":"max-snippet:-1","max-image-preview":"max-image-preview:large","max-video-preview":"max-video-preview:-1"},"canonical":"https:\/\/batijournal.com\/index.php\/une-verriere-et-un-mecenat-exclusif-des-fondations-velux-pour-lhotel-de-la-marine\/101014\/","og_locale":"fr_FR","og_type":"article","og_title":"Une verri\u00e8re et un m\u00e9c\u00e9nat exclusif des fondations Velux pour l\u2019H\u00f4tel de la Marine","og_description":"Les fondations Velux et le CMN ont sign\u00e9 une convention de m\u00e9c\u00e9nat pour la cr\u00e9ation d\u2019une verri\u00e8re dans l\u2019H\u00f4tel de la Marine, architecte Hugh Dutton","og_url":"https:\/\/batijournal.com\/index.php\/une-verriere-et-un-mecenat-exclusif-des-fondations-velux-pour-lhotel-de-la-marine\/101014\/","og_site_name":"Batijournal","article_published_time":"2018-12-05T07:23:22+00:00","article_modified_time":"2020-07-17T13:21:55+00:00","og_image":[{"width":800,"height":720,"url":"https:\/\/batijournal.com\/wp-content\/uploads\/2018\/12\/Verriere-cour-de-l-Intendant-Hotel-de-la-Marine.jpg","type":"image\/jpeg"}],"author":"St\u00e9phane Miget","twitter_card":"summary_large_image","twitter_creator":"@bati_journal","twitter_site":"@bati_journal","twitter_misc":{"\u00c9crit par":"St\u00e9phane Miget","Dur\u00e9e de lecture estim\u00e9e":"1 minute"},"schema":{"@context":"https:\/\/schema.org","@graph":[{"@type":"Article","@id":"https:\/\/batijournal.com\/index.php\/une-verriere-et-un-mecenat-exclusif-des-fondations-velux-pour-lhotel-de-la-marine\/101014\/#article","isPartOf":{"@id":"https:\/\/batijournal.com\/index.php\/une-verriere-et-un-mecenat-exclusif-des-fondations-velux-pour-lhotel-de-la-marine\/101014\/"},"author":{"name":"St\u00e9phane Miget","@id":"https:\/\/batijournal.com\/#\/schema\/person\/1dc96ec6957aa1ccb25ebe78bb19f100"},"headline":"Une verri\u00e8re et un m\u00e9c\u00e9nat exclusif des fondations Velux pour l\u2019H\u00f4tel de la Marine","datePublished":"2018-12-05T07:23:22+00:00","dateModified":"2020-07-17T13:21:55+00:00","mainEntityOfPage":{"@id":"https:\/\/batijournal.com\/index.php\/une-verriere-et-un-mecenat-exclusif-des-fondations-velux-pour-lhotel-de-la-marine\/101014\/"},"wordCount":313,"image":{"@id":"https:\/\/batijournal.com\/index.php\/une-verriere-et-un-mecenat-exclusif-des-fondations-velux-pour-lhotel-de-la-marine\/101014\/#primaryimage"},"thumbnailUrl":"https:\/\/batijournal.com\/wp-content\/uploads\/2018\/12\/Verriere-cour-de-l-Intendant-Hotel-de-la-Marine.jpg","keywords":["monument historique","Velux"],"articleSection":["Actualit\u00e9s","Architecture &amp; Conception","zz_5fa\u00e7ades","zz_Actualit\u00e9s - 5fa\u00e7ades","zz_Atrium Patrimoine"],"inLanguage":"fr-FR"},{"@type":"WebPage","@id":"https:\/\/batijournal.com\/index.php\/une-verriere-et-un-mecenat-exclusif-des-fondations-velux-pour-lhotel-de-la-marine\/101014\/","url":"https:\/\/batijournal.com\/index.php\/une-verriere-et-un-mecenat-exclusif-des-fondations-velux-pour-lhotel-de-la-marine\/101014\/","name":"Une verri\u00e8re et un m\u00e9c\u00e9nat exclusif des fondations Velux pour l\u2019H\u00f4tel de la Marine","isPartOf":{"@id":"https:\/\/batijournal.com\/#website"},"primaryImageOfPage":{"@id":"https:\/\/batijournal.com\/index.php\/une-verriere-et-un-mecenat-exclusif-des-fondations-velux-pour-lhotel-de-la-marine\/101014\/#primaryimage"},"image":{"@id":"https:\/\/batijournal.com\/index.php\/une-verriere-et-un-mecenat-exclusif-des-fondations-velux-pour-lhotel-de-la-marine\/101014\/#primaryimage"},"thumbnailUrl":"https:\/\/batijournal.com\/wp-content\/uploads\/2018\/12\/Verriere-cour-de-l-Intendant-Hotel-de-la-Marine.jpg","datePublished":"2018-12-05T07:23:22+00:00","dateModified":"2020-07-17T13:21:55+00:00","author":{"@id":"https:\/\/batijournal.com\/#\/schema\/person\/1dc96ec6957aa1ccb25ebe78bb19f100"},"description":"Les fondations Velux et le CMN ont sign\u00e9 une convention de m\u00e9c\u00e9nat pour la cr\u00e9ation d\u2019une verri\u00e8re dans l\u2019H\u00f4tel de la Marine, architecte Hugh Dutton","breadcrumb":{"@id":"https:\/\/batijournal.com\/index.php\/une-verriere-et-un-mecenat-exclusif-des-fondations-velux-pour-lhotel-de-la-marine\/101014\/#breadcrumb"},"inLanguage":"fr-FR","potentialAction":[{"@type":"ReadAction","target":["https:\/\/batijournal.com\/index.php\/une-verriere-et-un-mecenat-exclusif-des-fondations-velux-pour-lhotel-de-la-marine\/101014\/"]}]},{"@type":"ImageObject","inLanguage":"fr-FR","@id":"https:\/\/batijournal.com\/index.php\/une-verriere-et-un-mecenat-exclusif-des-fondations-velux-pour-lhotel-de-la-marine\/101014\/#primaryimage","url":"https:\/\/batijournal.com\/wp-content\/uploads\/2018\/12\/Verriere-cour-de-l-Intendant-Hotel-de-la-Marine.jpg","contentUrl":"https:\/\/batijournal.com\/wp-content\/uploads\/2018\/12\/Verriere-cour-de-l-Intendant-Hotel-de-la-Marine.jpg","width":800,"height":720},{"@type":"BreadcrumbList","@id":"https:\/\/batijournal.com\/index.php\/une-verriere-et-un-mecenat-exclusif-des-fondations-velux-pour-lhotel-de-la-marine\/101014\/#breadcrumb","itemListElement":[{"@type":"ListItem","position":1,"name":"Accueil","item":"https:\/\/batijournal.com\/"},{"@type":"ListItem","position":2,"name":"Actualit\u00e9s","item":"https:\/\/batijournal.com\/index.php\/category\/actualites\/"},{"@type":"ListItem","position":3,"name":"Une verri\u00e8re et un m\u00e9c\u00e9nat exclusif des fondations Velux pour l\u2019H\u00f4tel de la Marine"}]},{"@type":"WebSite","@id":"https:\/\/batijournal.com\/#website","url":"https:\/\/batijournal.com\/","name":"Batijournal","description":"L&#039;actualit\u00e9 du b\u00e2timent","potentialAction":[{"@type":"SearchAction","target":{"@type":"EntryPoint","urlTemplate":"https:\/\/batijournal.com\/?s={search_term_string}"},"query-input":{"@type":"PropertyValueSpecification","valueRequired":true,"valueName":"search_term_string"}}],"inLanguage":"fr-FR"},{"@type":"Person","@id":"https:\/\/batijournal.com\/#\/schema\/person\/1dc96ec6957aa1ccb25ebe78bb19f100","name":"St\u00e9phane Miget","image":{"@type":"ImageObject","inLanguage":"fr-FR","@id":"https:\/\/secure.gravatar.com\/avatar\/89915563d925342126b8ef0281b93d9d7fc337043e8df017f780908eb9644451?s=96&d=mm&r=g","url":"https:\/\/secure.gravatar.com\/avatar\/89915563d925342126b8ef0281b93d9d7fc337043e8df017f780908eb9644451?s=96&d=mm&r=g","contentUrl":"https:\/\/secure.gravatar.com\/avatar\/89915563d925342126b8ef0281b93d9d7fc337043e8df017f780908eb9644451?s=96&d=mm&r=g","caption":"St\u00e9phane Miget"},"url":"https:\/\/batijournal.com\/index.php\/author\/stephane\/"}]}},"_links":{"self":[{"href":"https:\/\/batijournal.com\/index.php\/wp-json\/wp\/v2\/posts\/101014","targetHints":{"allow":["GET"]}}],"collection":[{"href":"https:\/\/batijournal.com\/index.php\/wp-json\/wp\/v2\/posts"}],"about":[{"href":"https:\/\/batijournal.com\/index.php\/wp-json\/wp\/v2\/types\/post"}],"author":[{"embeddable":true,"href":"https:\/\/batijournal.com\/index.php\/wp-json\/wp\/v2\/users\/17"}],"replies":[{"embeddable":true,"href":"https:\/\/batijournal.com\/index.php\/wp-json\/wp\/v2\/comments?post=101014"}],"version-history":[{"count":0,"href":"https:\/\/batijournal.com\/index.php\/wp-json\/wp\/v2\/posts\/101014\/revisions"}],"wp:featuredmedia":[{"embeddable":true,"href":"https:\/\/batijournal.com\/index.php\/wp-json\/wp\/v2\/media\/101015"}],"wp:attachment":[{"href":"https:\/\/batijournal.com\/index.php\/wp-json\/wp\/v2\/media?parent=101014"}],"wp:term":[{"taxonomy":"category","embeddable":true,"href":"https:\/\/batijournal.com\/index.php\/wp-json\/wp\/v2\/categories?post=101014"},{"taxonomy":"post_tag","embeddable":true,"href":"https:\/\/batijournal.com\/index.php\/wp-json\/wp\/v2\/tags?post=101014"}],"curies":[{"name":"wp","href":"https:\/\/api.w.org\/{rel}","templated":true}]}}