{"id":101026,"date":"2018-12-06T11:05:41","date_gmt":"2018-12-06T10:05:41","guid":{"rendered":"https:\/\/batijournal.com\/?p=101026"},"modified":"2019-07-15T12:23:32","modified_gmt":"2019-07-15T10:23:32","slug":"25-millions-deuros-de-mecenat-pour-lattenuation-du-changement-climatique","status":"publish","type":"post","link":"https:\/\/batijournal.com\/index.php\/25-millions-deuros-de-mecenat-pour-lattenuation-du-changement-climatique\/101026\/","title":{"rendered":"2,5 millions d\u2019euros de m\u00e9c\u00e9nat pour l\u2019att\u00e9nuation du changement climatique"},"content":{"rendered":"<p align=\"LEFT\"><span style=\"color: #000000\"><span style=\"font-family: Calibri, sans-serif\"><span style=\"font-size: large\">Henri de Cerval, pr\u00e9sident du Fonds de dotation Plantons pour l\u2019avenir a r\u00e9uni plus de 50 dirigeants d\u2019entreprises le 29 novembre \u00e0 l\u2019Acad\u00e9mie d\u2019Agriculture pour pr\u00e9senter cette initiative nationale unique dans le domaine du m\u00e9c\u00e9nat. Les objectifs, les chiffres cl\u00e9s et les actions concr\u00e8tes men\u00e9es au quotidien par un r\u00e9seau de professionnels tr\u00e8s dynamique, ont \u00e9t\u00e9 pr\u00e9sent\u00e9s par C\u00e9cile Goube, Directrice du Fonds qui a remerci\u00e9 les m\u00e9c\u00e8nes actuels pour leur soutien et a soulign\u00e9 l\u2019importance de convaincre de nouvelles entreprises \u00e0 rejoindre ce grand projet collectif en faveur du reboisement des for\u00eats fran\u00e7aises. <\/span><\/span><\/span><\/p>\n<p align=\"JUSTIFY\"><span style=\"color: #000000\"><span style=\"font-family: Calibri, sans-serif\"><span style=\"font-size: large\">Nestl\u00e9, Cr\u00e9dit Agricole, Uniper, Archimbaud, Fibre Excellence et Alliance For\u00eats Bois, en tant que grands parrains du Fonds, ont profit\u00e9 de cette soir\u00e9e pour r\u00e9affirmer leur engagement dans le renouvellement de la ressource foresti\u00e8re fran\u00e7aise. Une occasion \u00e9galement de venir accompagn\u00e9s pour motiver leurs partenaires privil\u00e9gi\u00e9s \u00e0 rejoindre cette initiative d\u2019int\u00e9r\u00eat g\u00e9n\u00e9ral unique en France.<\/span><\/span><\/span><\/p>\n<p align=\"JUSTIFY\"><span style=\"color: #000000\"><span style=\"font-size: large\"><span style=\"font-family: Calibri, sans-serif\">Jean-Fran\u00e7ois Dh\u00f4te, Directeur de Recherches \u00e0 l\u2019INRA a rappel\u00e9 le r\u00f4le de la for\u00eat et du bois dans l\u2019att\u00e9nuation du changement climatique. \u00ab&nbsp;Les for\u00eats et la fili\u00e8re for\u00eat bois sont consid\u00e9r\u00e9es comme un secteur d\u2019activit\u00e9 strat\u00e9gique pour l\u2019att\u00e9nuation du changement climatique, combinant un effet de stockage dans les \u00e9cosyst\u00e8mes forestiers, dans les produits bois et un effet de substitution du bois \u00e0 des mat\u00e9riaux et \u00e9nergies fossiles plus largement \u00e9metteurs de CO<\/span><sub><span style=\"font-family: Calibri, sans-serif\">2<\/span><\/sub><span style=\"font-family: Calibri, sans-serif\">.&nbsp;\u00bb<\/span><\/span><\/span><\/p>\n<p align=\"JUSTIFY\"><span style=\"color: #000000\"><span style=\"font-family: Calibri, sans-serif\"><span style=\"font-size: large\">Plantons pour l\u2019avenir est un Fonds de dotation ambitieux et innovant port\u00e9 par les professionnels de la fili\u00e8re, qui gr\u00e2ce au m\u00e9c\u00e9nat d\u2019entreprise, soutien le reboisement de for\u00eats fran\u00e7aises d\u00e9tenues par des propri\u00e9taires forestiers engag\u00e9s dans une gestion durable de leur for\u00eat. Depuis sa cr\u00e9ation en 2014, ce sont 1,15 millions d\u2019arbres plant\u00e9s, r\u00e9partis sur 159 projets en France, gr\u00e2ce aux dons de plus de 70 entreprises m\u00e9c\u00e8nes. Ce Fonds de dotation apporte une r\u00e9ponse concr\u00e8te aux enjeux du reboisement en France en soutenant des propri\u00e9taires pour leurs op\u00e9rations de reboisement, et en \u0153uvrant pour une prise de conscience sur le r\u00f4le primordial de la for\u00eat.<\/span><\/span><\/span><\/p>\n<p><a href=\"http:\/\/www.plantonspourlavenir.fr\">D\u00e9couvrir le fonds de dotation<\/a><\/p>\n<p>&nbsp;<\/p>\n","protected":false},"excerpt":{"rendered":"<p>Henri de Cerval, pr\u00e9sident du Fonds de dotation Plantons pour l\u2019avenir a r\u00e9uni plus de 50 dirigeants d\u2019entreprises le 29 novembre \u00e0 l\u2019Acad\u00e9mie d\u2019Agriculture pour pr\u00e9senter cette initiative nationale unique dans le domaine du m\u00e9c\u00e9nat. Les objectifs, les chiffres cl\u00e9s et les actions concr\u00e8tes men\u00e9es au quotidien par un r\u00e9seau de professionnels tr\u00e8s dynamique, ont [&hellip;]<\/p>\n","protected":false},"author":17,"featured_media":101028,"comment_status":"closed","ping_status":"closed","sticky":false,"template":"","format":"standard","meta":{"_et_pb_use_builder":"","_et_pb_old_content":"","_et_gb_content_width":"","footnotes":""},"categories":[10530,11953,6351,10764],"tags":[772,1508,12525],"class_list":["post-101026","post","type-post","status-publish","format-standard","has-post-thumbnail","hentry","category-actualites","category-actualites-generalistes","category-energie-environnement","category-woodsurfer","tag-foret","tag-mecenat","tag-plantons-pour-lavenir"],"yoast_head":"<!-- This site is optimized with the Yoast SEO plugin v27.4 - https:\/\/yoast.com\/product\/yoast-seo-wordpress\/ -->\n<title>Plantons pour l&#039;avenir r\u00e9unit 25 millions d&#039;euros de m\u00e9cenat<\/title>\n<meta name=\"description\" content=\"Henri de Cerval, Pr\u00e9sident du Fonds de dotation Plantons pour l\u2019avenir a r\u00e9uni plus de 50 dirigeants d\u2019entreprises le 29 novembre \u00e0 l\u2019Acad\u00e9mie d\u2019Agriculture pour pr\u00e9senter cette initiative nationale unique dans le domaine du m\u00e9c\u00e9nat.\" \/>\n<meta name=\"robots\" content=\"index, follow, max-snippet:-1, max-image-preview:large, max-video-preview:-1\" \/>\n<link rel=\"canonical\" href=\"https:\/\/batijournal.com\/index.php\/25-millions-deuros-de-mecenat-pour-lattenuation-du-changement-climatique\/101026\/\" \/>\n<meta property=\"og:locale\" content=\"fr_FR\" \/>\n<meta property=\"og:type\" content=\"article\" \/>\n<meta property=\"og:title\" content=\"Plantons pour l&#039;avenir r\u00e9unit 25 millions d&#039;euros de m\u00e9cenat\" \/>\n<meta property=\"og:description\" content=\"Henri de Cerval, Pr\u00e9sident du Fonds de dotation Plantons pour l\u2019avenir a r\u00e9uni plus de 50 dirigeants d\u2019entreprises le 29 novembre \u00e0 l\u2019Acad\u00e9mie d\u2019Agriculture pour pr\u00e9senter cette initiative nationale unique dans le domaine du m\u00e9c\u00e9nat.\" \/>\n<meta property=\"og:url\" content=\"https:\/\/batijournal.com\/index.php\/25-millions-deuros-de-mecenat-pour-lattenuation-du-changement-climatique\/101026\/\" \/>\n<meta property=\"og:site_name\" content=\"Batijournal\" \/>\n<meta property=\"article:published_time\" content=\"2018-12-06T10:05:41+00:00\" \/>\n<meta property=\"article:modified_time\" content=\"2019-07-15T10:23:32+00:00\" \/>\n<meta property=\"og:image\" content=\"https:\/\/batijournal.com\/wp-content\/uploads\/2018\/12\/inra.jpg\" \/>\n\t<meta property=\"og:image:width\" content=\"1200\" \/>\n\t<meta property=\"og:image:height\" content=\"676\" \/>\n\t<meta property=\"og:image:type\" content=\"image\/jpeg\" \/>\n<meta name=\"author\" content=\"St\u00e9phane Miget\" \/>\n<meta name=\"twitter:card\" content=\"summary_large_image\" \/>\n<meta name=\"twitter:creator\" content=\"@bati_journal\" \/>\n<meta name=\"twitter:site\" content=\"@bati_journal\" \/>\n<meta name=\"twitter:label1\" content=\"\u00c9crit par\" \/>\n\t<meta name=\"twitter:data1\" content=\"St\u00e9phane Miget\" \/>\n\t<meta name=\"twitter:label2\" content=\"Dur\u00e9e de lecture estim\u00e9e\" \/>\n\t<meta name=\"twitter:data2\" content=\"2 minutes\" \/>\n<script type=\"application\/ld+json\" class=\"yoast-schema-graph\">{\"@context\":\"https:\\\/\\\/schema.org\",\"@graph\":[{\"@type\":\"Article\",\"@id\":\"https:\\\/\\\/batijournal.com\\\/index.php\\\/25-millions-deuros-de-mecenat-pour-lattenuation-du-changement-climatique\\\/101026\\\/#article\",\"isPartOf\":{\"@id\":\"https:\\\/\\\/batijournal.com\\\/index.php\\\/25-millions-deuros-de-mecenat-pour-lattenuation-du-changement-climatique\\\/101026\\\/\"},\"author\":{\"name\":\"St\u00e9phane Miget\",\"@id\":\"https:\\\/\\\/batijournal.com\\\/#\\\/schema\\\/person\\\/1dc96ec6957aa1ccb25ebe78bb19f100\"},\"headline\":\"2,5 millions d\u2019euros de m\u00e9c\u00e9nat pour l\u2019att\u00e9nuation du changement climatique\",\"datePublished\":\"2018-12-06T10:05:41+00:00\",\"dateModified\":\"2019-07-15T10:23:32+00:00\",\"mainEntityOfPage\":{\"@id\":\"https:\\\/\\\/batijournal.com\\\/index.php\\\/25-millions-deuros-de-mecenat-pour-lattenuation-du-changement-climatique\\\/101026\\\/\"},\"wordCount\":419,\"image\":{\"@id\":\"https:\\\/\\\/batijournal.com\\\/index.php\\\/25-millions-deuros-de-mecenat-pour-lattenuation-du-changement-climatique\\\/101026\\\/#primaryimage\"},\"thumbnailUrl\":\"https:\\\/\\\/batijournal.com\\\/wp-content\\\/uploads\\\/2018\\\/12\\\/inra.jpg\",\"keywords\":[\"for\u00eat\",\"mecenat\",\"plantons pour l'avenir\"],\"articleSection\":[\"Actualit\u00e9s\",\"Actualit\u00e9s g\u00e9n\u00e9ralistes\",\"\u00c9nergie &amp; Environnement\",\"zz_Woodsurfer\"],\"inLanguage\":\"fr-FR\"},{\"@type\":\"WebPage\",\"@id\":\"https:\\\/\\\/batijournal.com\\\/index.php\\\/25-millions-deuros-de-mecenat-pour-lattenuation-du-changement-climatique\\\/101026\\\/\",\"url\":\"https:\\\/\\\/batijournal.com\\\/index.php\\\/25-millions-deuros-de-mecenat-pour-lattenuation-du-changement-climatique\\\/101026\\\/\",\"name\":\"Plantons pour l'avenir r\u00e9unit 25 millions d'euros de m\u00e9cenat\",\"isPartOf\":{\"@id\":\"https:\\\/\\\/batijournal.com\\\/#website\"},\"primaryImageOfPage\":{\"@id\":\"https:\\\/\\\/batijournal.com\\\/index.php\\\/25-millions-deuros-de-mecenat-pour-lattenuation-du-changement-climatique\\\/101026\\\/#primaryimage\"},\"image\":{\"@id\":\"https:\\\/\\\/batijournal.com\\\/index.php\\\/25-millions-deuros-de-mecenat-pour-lattenuation-du-changement-climatique\\\/101026\\\/#primaryimage\"},\"thumbnailUrl\":\"https:\\\/\\\/batijournal.com\\\/wp-content\\\/uploads\\\/2018\\\/12\\\/inra.jpg\",\"datePublished\":\"2018-12-06T10:05:41+00:00\",\"dateModified\":\"2019-07-15T10:23:32+00:00\",\"author\":{\"@id\":\"https:\\\/\\\/batijournal.com\\\/#\\\/schema\\\/person\\\/1dc96ec6957aa1ccb25ebe78bb19f100\"},\"description\":\"Henri de Cerval, Pr\u00e9sident du Fonds de dotation Plantons pour l\u2019avenir a r\u00e9uni plus de 50 dirigeants d\u2019entreprises le 29 novembre \u00e0 l\u2019Acad\u00e9mie d\u2019Agriculture pour pr\u00e9senter cette initiative nationale unique dans le domaine du m\u00e9c\u00e9nat.\",\"breadcrumb\":{\"@id\":\"https:\\\/\\\/batijournal.com\\\/index.php\\\/25-millions-deuros-de-mecenat-pour-lattenuation-du-changement-climatique\\\/101026\\\/#breadcrumb\"},\"inLanguage\":\"fr-FR\",\"potentialAction\":[{\"@type\":\"ReadAction\",\"target\":[\"https:\\\/\\\/batijournal.com\\\/index.php\\\/25-millions-deuros-de-mecenat-pour-lattenuation-du-changement-climatique\\\/101026\\\/\"]}]},{\"@type\":\"ImageObject\",\"inLanguage\":\"fr-FR\",\"@id\":\"https:\\\/\\\/batijournal.com\\\/index.php\\\/25-millions-deuros-de-mecenat-pour-lattenuation-du-changement-climatique\\\/101026\\\/#primaryimage\",\"url\":\"https:\\\/\\\/batijournal.com\\\/wp-content\\\/uploads\\\/2018\\\/12\\\/inra.jpg\",\"contentUrl\":\"https:\\\/\\\/batijournal.com\\\/wp-content\\\/uploads\\\/2018\\\/12\\\/inra.jpg\",\"width\":1200,\"height\":676},{\"@type\":\"BreadcrumbList\",\"@id\":\"https:\\\/\\\/batijournal.com\\\/index.php\\\/25-millions-deuros-de-mecenat-pour-lattenuation-du-changement-climatique\\\/101026\\\/#breadcrumb\",\"itemListElement\":[{\"@type\":\"ListItem\",\"position\":1,\"name\":\"Accueil\",\"item\":\"https:\\\/\\\/batijournal.com\\\/\"},{\"@type\":\"ListItem\",\"position\":2,\"name\":\"Actualit\u00e9s\",\"item\":\"https:\\\/\\\/batijournal.com\\\/index.php\\\/category\\\/actualites\\\/\"},{\"@type\":\"ListItem\",\"position\":3,\"name\":\"2,5 millions d\u2019euros de m\u00e9c\u00e9nat pour l\u2019att\u00e9nuation du changement climatique\"}]},{\"@type\":\"WebSite\",\"@id\":\"https:\\\/\\\/batijournal.com\\\/#website\",\"url\":\"https:\\\/\\\/batijournal.com\\\/\",\"name\":\"Batijournal\",\"description\":\"L&#039;actualit\u00e9 du b\u00e2timent\",\"potentialAction\":[{\"@type\":\"SearchAction\",\"target\":{\"@type\":\"EntryPoint\",\"urlTemplate\":\"https:\\\/\\\/batijournal.com\\\/?s={search_term_string}\"},\"query-input\":{\"@type\":\"PropertyValueSpecification\",\"valueRequired\":true,\"valueName\":\"search_term_string\"}}],\"inLanguage\":\"fr-FR\"},{\"@type\":\"Person\",\"@id\":\"https:\\\/\\\/batijournal.com\\\/#\\\/schema\\\/person\\\/1dc96ec6957aa1ccb25ebe78bb19f100\",\"name\":\"St\u00e9phane Miget\",\"image\":{\"@type\":\"ImageObject\",\"inLanguage\":\"fr-FR\",\"@id\":\"https:\\\/\\\/secure.gravatar.com\\\/avatar\\\/89915563d925342126b8ef0281b93d9d7fc337043e8df017f780908eb9644451?s=96&d=mm&r=g\",\"url\":\"https:\\\/\\\/secure.gravatar.com\\\/avatar\\\/89915563d925342126b8ef0281b93d9d7fc337043e8df017f780908eb9644451?s=96&d=mm&r=g\",\"contentUrl\":\"https:\\\/\\\/secure.gravatar.com\\\/avatar\\\/89915563d925342126b8ef0281b93d9d7fc337043e8df017f780908eb9644451?s=96&d=mm&r=g\",\"caption\":\"St\u00e9phane Miget\"},\"url\":\"https:\\\/\\\/batijournal.com\\\/index.php\\\/author\\\/stephane\\\/\"}]}<\/script>\n<!-- \/ Yoast SEO plugin. -->","yoast_head_json":{"title":"Plantons pour l'avenir r\u00e9unit 25 millions d'euros de m\u00e9cenat","description":"Henri de Cerval, Pr\u00e9sident du Fonds de dotation Plantons pour l\u2019avenir a r\u00e9uni plus de 50 dirigeants d\u2019entreprises le 29 novembre \u00e0 l\u2019Acad\u00e9mie d\u2019Agriculture pour pr\u00e9senter cette initiative nationale unique dans le domaine du m\u00e9c\u00e9nat.","robots":{"index":"index","follow":"follow","max-snippet":"max-snippet:-1","max-image-preview":"max-image-preview:large","max-video-preview":"max-video-preview:-1"},"canonical":"https:\/\/batijournal.com\/index.php\/25-millions-deuros-de-mecenat-pour-lattenuation-du-changement-climatique\/101026\/","og_locale":"fr_FR","og_type":"article","og_title":"Plantons pour l'avenir r\u00e9unit 25 millions d'euros de m\u00e9cenat","og_description":"Henri de Cerval, Pr\u00e9sident du Fonds de dotation Plantons pour l\u2019avenir a r\u00e9uni plus de 50 dirigeants d\u2019entreprises le 29 novembre \u00e0 l\u2019Acad\u00e9mie d\u2019Agriculture pour pr\u00e9senter cette initiative nationale unique dans le domaine du m\u00e9c\u00e9nat.","og_url":"https:\/\/batijournal.com\/index.php\/25-millions-deuros-de-mecenat-pour-lattenuation-du-changement-climatique\/101026\/","og_site_name":"Batijournal","article_published_time":"2018-12-06T10:05:41+00:00","article_modified_time":"2019-07-15T10:23:32+00:00","og_image":[{"width":1200,"height":676,"url":"https:\/\/batijournal.com\/wp-content\/uploads\/2018\/12\/inra.jpg","type":"image\/jpeg"}],"author":"St\u00e9phane Miget","twitter_card":"summary_large_image","twitter_creator":"@bati_journal","twitter_site":"@bati_journal","twitter_misc":{"\u00c9crit par":"St\u00e9phane Miget","Dur\u00e9e de lecture estim\u00e9e":"2 minutes"},"schema":{"@context":"https:\/\/schema.org","@graph":[{"@type":"Article","@id":"https:\/\/batijournal.com\/index.php\/25-millions-deuros-de-mecenat-pour-lattenuation-du-changement-climatique\/101026\/#article","isPartOf":{"@id":"https:\/\/batijournal.com\/index.php\/25-millions-deuros-de-mecenat-pour-lattenuation-du-changement-climatique\/101026\/"},"author":{"name":"St\u00e9phane Miget","@id":"https:\/\/batijournal.com\/#\/schema\/person\/1dc96ec6957aa1ccb25ebe78bb19f100"},"headline":"2,5 millions d\u2019euros de m\u00e9c\u00e9nat pour l\u2019att\u00e9nuation du changement climatique","datePublished":"2018-12-06T10:05:41+00:00","dateModified":"2019-07-15T10:23:32+00:00","mainEntityOfPage":{"@id":"https:\/\/batijournal.com\/index.php\/25-millions-deuros-de-mecenat-pour-lattenuation-du-changement-climatique\/101026\/"},"wordCount":419,"image":{"@id":"https:\/\/batijournal.com\/index.php\/25-millions-deuros-de-mecenat-pour-lattenuation-du-changement-climatique\/101026\/#primaryimage"},"thumbnailUrl":"https:\/\/batijournal.com\/wp-content\/uploads\/2018\/12\/inra.jpg","keywords":["for\u00eat","mecenat","plantons pour l'avenir"],"articleSection":["Actualit\u00e9s","Actualit\u00e9s g\u00e9n\u00e9ralistes","\u00c9nergie &amp; Environnement","zz_Woodsurfer"],"inLanguage":"fr-FR"},{"@type":"WebPage","@id":"https:\/\/batijournal.com\/index.php\/25-millions-deuros-de-mecenat-pour-lattenuation-du-changement-climatique\/101026\/","url":"https:\/\/batijournal.com\/index.php\/25-millions-deuros-de-mecenat-pour-lattenuation-du-changement-climatique\/101026\/","name":"Plantons pour l'avenir r\u00e9unit 25 millions d'euros de m\u00e9cenat","isPartOf":{"@id":"https:\/\/batijournal.com\/#website"},"primaryImageOfPage":{"@id":"https:\/\/batijournal.com\/index.php\/25-millions-deuros-de-mecenat-pour-lattenuation-du-changement-climatique\/101026\/#primaryimage"},"image":{"@id":"https:\/\/batijournal.com\/index.php\/25-millions-deuros-de-mecenat-pour-lattenuation-du-changement-climatique\/101026\/#primaryimage"},"thumbnailUrl":"https:\/\/batijournal.com\/wp-content\/uploads\/2018\/12\/inra.jpg","datePublished":"2018-12-06T10:05:41+00:00","dateModified":"2019-07-15T10:23:32+00:00","author":{"@id":"https:\/\/batijournal.com\/#\/schema\/person\/1dc96ec6957aa1ccb25ebe78bb19f100"},"description":"Henri de Cerval, Pr\u00e9sident du Fonds de dotation Plantons pour l\u2019avenir a r\u00e9uni plus de 50 dirigeants d\u2019entreprises le 29 novembre \u00e0 l\u2019Acad\u00e9mie d\u2019Agriculture pour pr\u00e9senter cette initiative nationale unique dans le domaine du m\u00e9c\u00e9nat.","breadcrumb":{"@id":"https:\/\/batijournal.com\/index.php\/25-millions-deuros-de-mecenat-pour-lattenuation-du-changement-climatique\/101026\/#breadcrumb"},"inLanguage":"fr-FR","potentialAction":[{"@type":"ReadAction","target":["https:\/\/batijournal.com\/index.php\/25-millions-deuros-de-mecenat-pour-lattenuation-du-changement-climatique\/101026\/"]}]},{"@type":"ImageObject","inLanguage":"fr-FR","@id":"https:\/\/batijournal.com\/index.php\/25-millions-deuros-de-mecenat-pour-lattenuation-du-changement-climatique\/101026\/#primaryimage","url":"https:\/\/batijournal.com\/wp-content\/uploads\/2018\/12\/inra.jpg","contentUrl":"https:\/\/batijournal.com\/wp-content\/uploads\/2018\/12\/inra.jpg","width":1200,"height":676},{"@type":"BreadcrumbList","@id":"https:\/\/batijournal.com\/index.php\/25-millions-deuros-de-mecenat-pour-lattenuation-du-changement-climatique\/101026\/#breadcrumb","itemListElement":[{"@type":"ListItem","position":1,"name":"Accueil","item":"https:\/\/batijournal.com\/"},{"@type":"ListItem","position":2,"name":"Actualit\u00e9s","item":"https:\/\/batijournal.com\/index.php\/category\/actualites\/"},{"@type":"ListItem","position":3,"name":"2,5 millions d\u2019euros de m\u00e9c\u00e9nat pour l\u2019att\u00e9nuation du changement climatique"}]},{"@type":"WebSite","@id":"https:\/\/batijournal.com\/#website","url":"https:\/\/batijournal.com\/","name":"Batijournal","description":"L&#039;actualit\u00e9 du b\u00e2timent","potentialAction":[{"@type":"SearchAction","target":{"@type":"EntryPoint","urlTemplate":"https:\/\/batijournal.com\/?s={search_term_string}"},"query-input":{"@type":"PropertyValueSpecification","valueRequired":true,"valueName":"search_term_string"}}],"inLanguage":"fr-FR"},{"@type":"Person","@id":"https:\/\/batijournal.com\/#\/schema\/person\/1dc96ec6957aa1ccb25ebe78bb19f100","name":"St\u00e9phane Miget","image":{"@type":"ImageObject","inLanguage":"fr-FR","@id":"https:\/\/secure.gravatar.com\/avatar\/89915563d925342126b8ef0281b93d9d7fc337043e8df017f780908eb9644451?s=96&d=mm&r=g","url":"https:\/\/secure.gravatar.com\/avatar\/89915563d925342126b8ef0281b93d9d7fc337043e8df017f780908eb9644451?s=96&d=mm&r=g","contentUrl":"https:\/\/secure.gravatar.com\/avatar\/89915563d925342126b8ef0281b93d9d7fc337043e8df017f780908eb9644451?s=96&d=mm&r=g","caption":"St\u00e9phane Miget"},"url":"https:\/\/batijournal.com\/index.php\/author\/stephane\/"}]}},"_links":{"self":[{"href":"https:\/\/batijournal.com\/index.php\/wp-json\/wp\/v2\/posts\/101026","targetHints":{"allow":["GET"]}}],"collection":[{"href":"https:\/\/batijournal.com\/index.php\/wp-json\/wp\/v2\/posts"}],"about":[{"href":"https:\/\/batijournal.com\/index.php\/wp-json\/wp\/v2\/types\/post"}],"author":[{"embeddable":true,"href":"https:\/\/batijournal.com\/index.php\/wp-json\/wp\/v2\/users\/17"}],"replies":[{"embeddable":true,"href":"https:\/\/batijournal.com\/index.php\/wp-json\/wp\/v2\/comments?post=101026"}],"version-history":[{"count":0,"href":"https:\/\/batijournal.com\/index.php\/wp-json\/wp\/v2\/posts\/101026\/revisions"}],"wp:featuredmedia":[{"embeddable":true,"href":"https:\/\/batijournal.com\/index.php\/wp-json\/wp\/v2\/media\/101028"}],"wp:attachment":[{"href":"https:\/\/batijournal.com\/index.php\/wp-json\/wp\/v2\/media?parent=101026"}],"wp:term":[{"taxonomy":"category","embeddable":true,"href":"https:\/\/batijournal.com\/index.php\/wp-json\/wp\/v2\/categories?post=101026"},{"taxonomy":"post_tag","embeddable":true,"href":"https:\/\/batijournal.com\/index.php\/wp-json\/wp\/v2\/tags?post=101026"}],"curies":[{"name":"wp","href":"https:\/\/api.w.org\/{rel}","templated":true}]}}