{"id":101030,"date":"2018-12-06T13:12:51","date_gmt":"2018-12-06T12:12:51","guid":{"rendered":"https:\/\/batijournal.com\/?p=101030"},"modified":"2019-07-15T11:21:34","modified_gmt":"2019-07-15T09:21:34","slug":"new-living-wood-explore-les-espaces-de-travail","status":"publish","type":"post","link":"https:\/\/batijournal.com\/index.php\/new-living-wood-explore-les-espaces-de-travail\/101030\/","title":{"rendered":"New Living Wood explore les espaces de travail"},"content":{"rendered":"<p align=\"LEFT\"><span style=\"color: #000000;\"><span style=\"font-family: Calibri-Italic, cursive;\"><span style=\"font-size: medium;\"><span style=\"font-family: Arial, sans-serif;\">\u00c0<\/span> partir du 11 d\u00e9cembre prochain, \u00e0 la Galerie Le French Design by VIA, de jeunes designers exposeront leurs projets autour du th\u00e8me \u00ab\u00a0L&rsquo;agencement id\u00e9al des espaces de travail de demain\u00a0\u00bb &#8211; R\u00e9flexion sur les attributs et les caract\u00e9ristiques du mat\u00e9riau bois au sein de l&rsquo;espace de travail. Cet \u00e9v\u00e9nement s&rsquo;inscrit dans le concours New Living Wood, initi\u00e9 en 2016 par les organisations professionnelles de l&rsquo;aval de la fili\u00e8re for\u00eat-bois, soutenu par le Codifab et organis\u00e9 par le VIA. Ce concours a pour objectif d&rsquo;imaginer les espaces de travail de demain autour du bien-\u00eatre, de la sant\u00e9 et de la performance des collaborateurs. <\/span><\/span><\/span><\/p>\n<p align=\"LEFT\"><span style=\"color: #000000;\"><span style=\"font-family: Calibri-Italic, cursive;\"><span style=\"font-size: medium;\">Lors de l&rsquo;\u00e9dition pr\u00e9c\u00e9dente, en 2017, les designers devaient cr\u00e9er \u00ab\u00a0la 5e pi\u00e8ce \u00e0 vivre en bois\u00a0\u00bb. Un d\u00e9fi relev\u00e9 avec succ\u00e8s par 15 groupes de travail aux propositions plus innovantes les unes que les autres, parmi lesquels trois laur\u00e9ats ont \u00e9t\u00e9 d\u00e9sign\u00e9s. Cette ann\u00e9e, ce sont 16 projets qui seront pr\u00e9sent\u00e9s et r\u00e9compens\u00e9s lors d&rsquo;une soir\u00e9e inaugurale, puis expos\u00e9s durant quatre jours. <\/span><\/span><\/span><\/p>\n<p align=\"LEFT\"><span style=\"color: #000000;\"><span style=\"font-family: Calibri-Italic, cursive;\"><span style=\"font-size: medium;\">New Living Wood<\/span><\/span><\/span><\/p>\n<p align=\"LEFT\"><span style=\"color: #000000;\"><span style=\"font-family: Calibri-Italic, cursive;\"><span style=\"font-size: medium;\">du 11 au 14 d\u00e9cembre 2018<\/span><\/span><\/span><\/p>\n<p align=\"LEFT\"><span style=\"color: #000000;\"><span style=\"font-family: Calibri-Italic, cursive;\"><span style=\"font-size: medium;\">Galerie Le French Design by VIA <\/span><\/span><\/span><\/p>\n<p align=\"LEFT\"><span style=\"color: #000000;\"><span style=\"font-family: Calibri-Italic, cursive;\"><span style=\"font-size: medium;\">120 avenue Ledru-Rollin, Paris 11e <\/span><\/span><\/span><\/p>\n","protected":false},"excerpt":{"rendered":"<p>\u00c0 partir du 11 d\u00e9cembre prochain, \u00e0 la Galerie Le French Design by VIA, de jeunes designers exposeront leurs projets autour du th\u00e8me \u00ab\u00a0L&rsquo;agencement id\u00e9al des espaces de travail de demain\u00a0\u00bb &#8211; R\u00e9flexion sur les attributs et les caract\u00e9ristiques du mat\u00e9riau bois au sein de l&rsquo;espace de travail. Cet \u00e9v\u00e9nement s&rsquo;inscrit dans le concours New [&hellip;]<\/p>\n","protected":false},"author":17,"featured_media":101031,"comment_status":"closed","ping_status":"closed","sticky":false,"template":"","format":"standard","meta":{"_et_pb_use_builder":"","_et_pb_old_content":"","_et_gb_content_width":"","footnotes":""},"categories":[10530,6340,10764],"tags":[11005,12663],"class_list":["post-101030","post","type-post","status-publish","format-standard","has-post-thumbnail","hentry","category-actualites","category-architecture-conception","category-woodsurfer","tag-concours","tag-via"],"yoast_head":"<!-- This site is optimized with the Yoast SEO plugin v27.4 - https:\/\/yoast.com\/product\/yoast-seo-wordpress\/ -->\n<title>L&#039;exposition New Living Wood explore les espaces de travail<\/title>\n<meta name=\"description\" content=\"D\u00e8s le 11\/12, \u00e0 la Galerie Le French Design by VIA, de jeunes designers exposeront leurs projets \u00ab\u00a0L&#039;agencement id\u00e9al des espaces de travail de demain\u00a0\u00bb\" \/>\n<meta name=\"robots\" content=\"index, follow, max-snippet:-1, max-image-preview:large, max-video-preview:-1\" \/>\n<link rel=\"canonical\" href=\"https:\/\/batijournal.com\/index.php\/new-living-wood-explore-les-espaces-de-travail\/101030\/\" \/>\n<meta property=\"og:locale\" content=\"fr_FR\" \/>\n<meta property=\"og:type\" content=\"article\" \/>\n<meta property=\"og:title\" content=\"L&#039;exposition New Living Wood explore les espaces de travail\" \/>\n<meta property=\"og:description\" content=\"D\u00e8s le 11\/12, \u00e0 la Galerie Le French Design by VIA, de jeunes designers exposeront leurs projets \u00ab\u00a0L&#039;agencement id\u00e9al des espaces de travail de demain\u00a0\u00bb\" \/>\n<meta property=\"og:url\" content=\"https:\/\/batijournal.com\/index.php\/new-living-wood-explore-les-espaces-de-travail\/101030\/\" \/>\n<meta property=\"og:site_name\" content=\"Batijournal\" \/>\n<meta property=\"article:published_time\" content=\"2018-12-06T12:12:51+00:00\" \/>\n<meta property=\"article:modified_time\" content=\"2019-07-15T09:21:34+00:00\" \/>\n<meta property=\"og:image\" content=\"https:\/\/batijournal.com\/wp-content\/uploads\/2018\/12\/image-invitation-digitale.jpg\" \/>\n\t<meta property=\"og:image:width\" content=\"2200\" \/>\n\t<meta property=\"og:image:height\" content=\"3095\" \/>\n\t<meta property=\"og:image:type\" content=\"image\/jpeg\" \/>\n<meta name=\"author\" content=\"St\u00e9phane Miget\" \/>\n<meta name=\"twitter:card\" content=\"summary_large_image\" \/>\n<meta name=\"twitter:creator\" content=\"@bati_journal\" \/>\n<meta name=\"twitter:site\" content=\"@bati_journal\" \/>\n<meta name=\"twitter:label1\" content=\"\u00c9crit par\" \/>\n\t<meta name=\"twitter:data1\" content=\"St\u00e9phane Miget\" \/>\n\t<meta name=\"twitter:label2\" content=\"Dur\u00e9e de lecture estim\u00e9e\" \/>\n\t<meta name=\"twitter:data2\" content=\"1 minute\" \/>\n<script type=\"application\/ld+json\" class=\"yoast-schema-graph\">{\"@context\":\"https:\\\/\\\/schema.org\",\"@graph\":[{\"@type\":\"Article\",\"@id\":\"https:\\\/\\\/batijournal.com\\\/index.php\\\/new-living-wood-explore-les-espaces-de-travail\\\/101030\\\/#article\",\"isPartOf\":{\"@id\":\"https:\\\/\\\/batijournal.com\\\/index.php\\\/new-living-wood-explore-les-espaces-de-travail\\\/101030\\\/\"},\"author\":{\"name\":\"St\u00e9phane Miget\",\"@id\":\"https:\\\/\\\/batijournal.com\\\/#\\\/schema\\\/person\\\/1dc96ec6957aa1ccb25ebe78bb19f100\"},\"headline\":\"New Living Wood explore les espaces de travail\",\"datePublished\":\"2018-12-06T12:12:51+00:00\",\"dateModified\":\"2019-07-15T09:21:34+00:00\",\"mainEntityOfPage\":{\"@id\":\"https:\\\/\\\/batijournal.com\\\/index.php\\\/new-living-wood-explore-les-espaces-de-travail\\\/101030\\\/\"},\"wordCount\":216,\"image\":{\"@id\":\"https:\\\/\\\/batijournal.com\\\/index.php\\\/new-living-wood-explore-les-espaces-de-travail\\\/101030\\\/#primaryimage\"},\"thumbnailUrl\":\"https:\\\/\\\/batijournal.com\\\/wp-content\\\/uploads\\\/2018\\\/12\\\/image-invitation-digitale.jpg\",\"keywords\":[\"concours\",\"VIA\"],\"articleSection\":[\"Actualit\u00e9s\",\"Architecture &amp; Conception\",\"zz_Woodsurfer\"],\"inLanguage\":\"fr-FR\"},{\"@type\":\"WebPage\",\"@id\":\"https:\\\/\\\/batijournal.com\\\/index.php\\\/new-living-wood-explore-les-espaces-de-travail\\\/101030\\\/\",\"url\":\"https:\\\/\\\/batijournal.com\\\/index.php\\\/new-living-wood-explore-les-espaces-de-travail\\\/101030\\\/\",\"name\":\"L'exposition New Living Wood explore les espaces de travail\",\"isPartOf\":{\"@id\":\"https:\\\/\\\/batijournal.com\\\/#website\"},\"primaryImageOfPage\":{\"@id\":\"https:\\\/\\\/batijournal.com\\\/index.php\\\/new-living-wood-explore-les-espaces-de-travail\\\/101030\\\/#primaryimage\"},\"image\":{\"@id\":\"https:\\\/\\\/batijournal.com\\\/index.php\\\/new-living-wood-explore-les-espaces-de-travail\\\/101030\\\/#primaryimage\"},\"thumbnailUrl\":\"https:\\\/\\\/batijournal.com\\\/wp-content\\\/uploads\\\/2018\\\/12\\\/image-invitation-digitale.jpg\",\"datePublished\":\"2018-12-06T12:12:51+00:00\",\"dateModified\":\"2019-07-15T09:21:34+00:00\",\"author\":{\"@id\":\"https:\\\/\\\/batijournal.com\\\/#\\\/schema\\\/person\\\/1dc96ec6957aa1ccb25ebe78bb19f100\"},\"description\":\"D\u00e8s le 11\\\/12, \u00e0 la Galerie Le French Design by VIA, de jeunes designers exposeront leurs projets \u00ab\u00a0L'agencement id\u00e9al des espaces de travail de demain\u00a0\u00bb\",\"breadcrumb\":{\"@id\":\"https:\\\/\\\/batijournal.com\\\/index.php\\\/new-living-wood-explore-les-espaces-de-travail\\\/101030\\\/#breadcrumb\"},\"inLanguage\":\"fr-FR\",\"potentialAction\":[{\"@type\":\"ReadAction\",\"target\":[\"https:\\\/\\\/batijournal.com\\\/index.php\\\/new-living-wood-explore-les-espaces-de-travail\\\/101030\\\/\"]}]},{\"@type\":\"ImageObject\",\"inLanguage\":\"fr-FR\",\"@id\":\"https:\\\/\\\/batijournal.com\\\/index.php\\\/new-living-wood-explore-les-espaces-de-travail\\\/101030\\\/#primaryimage\",\"url\":\"https:\\\/\\\/batijournal.com\\\/wp-content\\\/uploads\\\/2018\\\/12\\\/image-invitation-digitale.jpg\",\"contentUrl\":\"https:\\\/\\\/batijournal.com\\\/wp-content\\\/uploads\\\/2018\\\/12\\\/image-invitation-digitale.jpg\",\"width\":2200,\"height\":3095},{\"@type\":\"BreadcrumbList\",\"@id\":\"https:\\\/\\\/batijournal.com\\\/index.php\\\/new-living-wood-explore-les-espaces-de-travail\\\/101030\\\/#breadcrumb\",\"itemListElement\":[{\"@type\":\"ListItem\",\"position\":1,\"name\":\"Accueil\",\"item\":\"https:\\\/\\\/batijournal.com\\\/\"},{\"@type\":\"ListItem\",\"position\":2,\"name\":\"Actualit\u00e9s\",\"item\":\"https:\\\/\\\/batijournal.com\\\/index.php\\\/category\\\/actualites\\\/\"},{\"@type\":\"ListItem\",\"position\":3,\"name\":\"New Living Wood explore les espaces de travail\"}]},{\"@type\":\"WebSite\",\"@id\":\"https:\\\/\\\/batijournal.com\\\/#website\",\"url\":\"https:\\\/\\\/batijournal.com\\\/\",\"name\":\"Batijournal\",\"description\":\"L&#039;actualit\u00e9 du b\u00e2timent\",\"potentialAction\":[{\"@type\":\"SearchAction\",\"target\":{\"@type\":\"EntryPoint\",\"urlTemplate\":\"https:\\\/\\\/batijournal.com\\\/?s={search_term_string}\"},\"query-input\":{\"@type\":\"PropertyValueSpecification\",\"valueRequired\":true,\"valueName\":\"search_term_string\"}}],\"inLanguage\":\"fr-FR\"},{\"@type\":\"Person\",\"@id\":\"https:\\\/\\\/batijournal.com\\\/#\\\/schema\\\/person\\\/1dc96ec6957aa1ccb25ebe78bb19f100\",\"name\":\"St\u00e9phane Miget\",\"image\":{\"@type\":\"ImageObject\",\"inLanguage\":\"fr-FR\",\"@id\":\"https:\\\/\\\/secure.gravatar.com\\\/avatar\\\/89915563d925342126b8ef0281b93d9d7fc337043e8df017f780908eb9644451?s=96&d=mm&r=g\",\"url\":\"https:\\\/\\\/secure.gravatar.com\\\/avatar\\\/89915563d925342126b8ef0281b93d9d7fc337043e8df017f780908eb9644451?s=96&d=mm&r=g\",\"contentUrl\":\"https:\\\/\\\/secure.gravatar.com\\\/avatar\\\/89915563d925342126b8ef0281b93d9d7fc337043e8df017f780908eb9644451?s=96&d=mm&r=g\",\"caption\":\"St\u00e9phane Miget\"},\"url\":\"https:\\\/\\\/batijournal.com\\\/index.php\\\/author\\\/stephane\\\/\"}]}<\/script>\n<!-- \/ Yoast SEO plugin. -->","yoast_head_json":{"title":"L'exposition New Living Wood explore les espaces de travail","description":"D\u00e8s le 11\/12, \u00e0 la Galerie Le French Design by VIA, de jeunes designers exposeront leurs projets \u00ab\u00a0L'agencement id\u00e9al des espaces de travail de demain\u00a0\u00bb","robots":{"index":"index","follow":"follow","max-snippet":"max-snippet:-1","max-image-preview":"max-image-preview:large","max-video-preview":"max-video-preview:-1"},"canonical":"https:\/\/batijournal.com\/index.php\/new-living-wood-explore-les-espaces-de-travail\/101030\/","og_locale":"fr_FR","og_type":"article","og_title":"L'exposition New Living Wood explore les espaces de travail","og_description":"D\u00e8s le 11\/12, \u00e0 la Galerie Le French Design by VIA, de jeunes designers exposeront leurs projets \u00ab\u00a0L'agencement id\u00e9al des espaces de travail de demain\u00a0\u00bb","og_url":"https:\/\/batijournal.com\/index.php\/new-living-wood-explore-les-espaces-de-travail\/101030\/","og_site_name":"Batijournal","article_published_time":"2018-12-06T12:12:51+00:00","article_modified_time":"2019-07-15T09:21:34+00:00","og_image":[{"width":2200,"height":3095,"url":"https:\/\/batijournal.com\/wp-content\/uploads\/2018\/12\/image-invitation-digitale.jpg","type":"image\/jpeg"}],"author":"St\u00e9phane Miget","twitter_card":"summary_large_image","twitter_creator":"@bati_journal","twitter_site":"@bati_journal","twitter_misc":{"\u00c9crit par":"St\u00e9phane Miget","Dur\u00e9e de lecture estim\u00e9e":"1 minute"},"schema":{"@context":"https:\/\/schema.org","@graph":[{"@type":"Article","@id":"https:\/\/batijournal.com\/index.php\/new-living-wood-explore-les-espaces-de-travail\/101030\/#article","isPartOf":{"@id":"https:\/\/batijournal.com\/index.php\/new-living-wood-explore-les-espaces-de-travail\/101030\/"},"author":{"name":"St\u00e9phane Miget","@id":"https:\/\/batijournal.com\/#\/schema\/person\/1dc96ec6957aa1ccb25ebe78bb19f100"},"headline":"New Living Wood explore les espaces de travail","datePublished":"2018-12-06T12:12:51+00:00","dateModified":"2019-07-15T09:21:34+00:00","mainEntityOfPage":{"@id":"https:\/\/batijournal.com\/index.php\/new-living-wood-explore-les-espaces-de-travail\/101030\/"},"wordCount":216,"image":{"@id":"https:\/\/batijournal.com\/index.php\/new-living-wood-explore-les-espaces-de-travail\/101030\/#primaryimage"},"thumbnailUrl":"https:\/\/batijournal.com\/wp-content\/uploads\/2018\/12\/image-invitation-digitale.jpg","keywords":["concours","VIA"],"articleSection":["Actualit\u00e9s","Architecture &amp; Conception","zz_Woodsurfer"],"inLanguage":"fr-FR"},{"@type":"WebPage","@id":"https:\/\/batijournal.com\/index.php\/new-living-wood-explore-les-espaces-de-travail\/101030\/","url":"https:\/\/batijournal.com\/index.php\/new-living-wood-explore-les-espaces-de-travail\/101030\/","name":"L'exposition New Living Wood explore les espaces de travail","isPartOf":{"@id":"https:\/\/batijournal.com\/#website"},"primaryImageOfPage":{"@id":"https:\/\/batijournal.com\/index.php\/new-living-wood-explore-les-espaces-de-travail\/101030\/#primaryimage"},"image":{"@id":"https:\/\/batijournal.com\/index.php\/new-living-wood-explore-les-espaces-de-travail\/101030\/#primaryimage"},"thumbnailUrl":"https:\/\/batijournal.com\/wp-content\/uploads\/2018\/12\/image-invitation-digitale.jpg","datePublished":"2018-12-06T12:12:51+00:00","dateModified":"2019-07-15T09:21:34+00:00","author":{"@id":"https:\/\/batijournal.com\/#\/schema\/person\/1dc96ec6957aa1ccb25ebe78bb19f100"},"description":"D\u00e8s le 11\/12, \u00e0 la Galerie Le French Design by VIA, de jeunes designers exposeront leurs projets \u00ab\u00a0L'agencement id\u00e9al des espaces de travail de demain\u00a0\u00bb","breadcrumb":{"@id":"https:\/\/batijournal.com\/index.php\/new-living-wood-explore-les-espaces-de-travail\/101030\/#breadcrumb"},"inLanguage":"fr-FR","potentialAction":[{"@type":"ReadAction","target":["https:\/\/batijournal.com\/index.php\/new-living-wood-explore-les-espaces-de-travail\/101030\/"]}]},{"@type":"ImageObject","inLanguage":"fr-FR","@id":"https:\/\/batijournal.com\/index.php\/new-living-wood-explore-les-espaces-de-travail\/101030\/#primaryimage","url":"https:\/\/batijournal.com\/wp-content\/uploads\/2018\/12\/image-invitation-digitale.jpg","contentUrl":"https:\/\/batijournal.com\/wp-content\/uploads\/2018\/12\/image-invitation-digitale.jpg","width":2200,"height":3095},{"@type":"BreadcrumbList","@id":"https:\/\/batijournal.com\/index.php\/new-living-wood-explore-les-espaces-de-travail\/101030\/#breadcrumb","itemListElement":[{"@type":"ListItem","position":1,"name":"Accueil","item":"https:\/\/batijournal.com\/"},{"@type":"ListItem","position":2,"name":"Actualit\u00e9s","item":"https:\/\/batijournal.com\/index.php\/category\/actualites\/"},{"@type":"ListItem","position":3,"name":"New Living Wood explore les espaces de travail"}]},{"@type":"WebSite","@id":"https:\/\/batijournal.com\/#website","url":"https:\/\/batijournal.com\/","name":"Batijournal","description":"L&#039;actualit\u00e9 du b\u00e2timent","potentialAction":[{"@type":"SearchAction","target":{"@type":"EntryPoint","urlTemplate":"https:\/\/batijournal.com\/?s={search_term_string}"},"query-input":{"@type":"PropertyValueSpecification","valueRequired":true,"valueName":"search_term_string"}}],"inLanguage":"fr-FR"},{"@type":"Person","@id":"https:\/\/batijournal.com\/#\/schema\/person\/1dc96ec6957aa1ccb25ebe78bb19f100","name":"St\u00e9phane Miget","image":{"@type":"ImageObject","inLanguage":"fr-FR","@id":"https:\/\/secure.gravatar.com\/avatar\/89915563d925342126b8ef0281b93d9d7fc337043e8df017f780908eb9644451?s=96&d=mm&r=g","url":"https:\/\/secure.gravatar.com\/avatar\/89915563d925342126b8ef0281b93d9d7fc337043e8df017f780908eb9644451?s=96&d=mm&r=g","contentUrl":"https:\/\/secure.gravatar.com\/avatar\/89915563d925342126b8ef0281b93d9d7fc337043e8df017f780908eb9644451?s=96&d=mm&r=g","caption":"St\u00e9phane Miget"},"url":"https:\/\/batijournal.com\/index.php\/author\/stephane\/"}]}},"_links":{"self":[{"href":"https:\/\/batijournal.com\/index.php\/wp-json\/wp\/v2\/posts\/101030","targetHints":{"allow":["GET"]}}],"collection":[{"href":"https:\/\/batijournal.com\/index.php\/wp-json\/wp\/v2\/posts"}],"about":[{"href":"https:\/\/batijournal.com\/index.php\/wp-json\/wp\/v2\/types\/post"}],"author":[{"embeddable":true,"href":"https:\/\/batijournal.com\/index.php\/wp-json\/wp\/v2\/users\/17"}],"replies":[{"embeddable":true,"href":"https:\/\/batijournal.com\/index.php\/wp-json\/wp\/v2\/comments?post=101030"}],"version-history":[{"count":0,"href":"https:\/\/batijournal.com\/index.php\/wp-json\/wp\/v2\/posts\/101030\/revisions"}],"wp:featuredmedia":[{"embeddable":true,"href":"https:\/\/batijournal.com\/index.php\/wp-json\/wp\/v2\/media\/101031"}],"wp:attachment":[{"href":"https:\/\/batijournal.com\/index.php\/wp-json\/wp\/v2\/media?parent=101030"}],"wp:term":[{"taxonomy":"category","embeddable":true,"href":"https:\/\/batijournal.com\/index.php\/wp-json\/wp\/v2\/categories?post=101030"},{"taxonomy":"post_tag","embeddable":true,"href":"https:\/\/batijournal.com\/index.php\/wp-json\/wp\/v2\/tags?post=101030"}],"curies":[{"name":"wp","href":"https:\/\/api.w.org\/{rel}","templated":true}]}}