{"id":101059,"date":"2018-12-11T08:36:24","date_gmt":"2018-12-11T07:36:24","guid":{"rendered":"https:\/\/batijournal.com\/?p=101059"},"modified":"2019-07-15T12:10:38","modified_gmt":"2019-07-15T10:10:38","slug":"forum-energaia-2019","status":"publish","type":"post","link":"https:\/\/batijournal.com\/index.php\/forum-energaia-2019\/101059\/","title":{"rendered":"Forum Energa\u00efa 2019"},"content":{"rendered":"\n<p>La douzi\u00e8me \u00e9dition du Forum Energa\u00efa s&rsquo;ouvre les 11 et 12 d\u00e9cembre 2018 \u00e0 Montpellier. Durant deux jours, les participants au Forum assistent \u00e0 des \u00e9v\u00e9nements sp\u00e9cialis\u00e9s, des conf\u00e9rences, tables rondes qui leur permettront de r\u00e9pondre \u00e0 toutes les probl\u00e9matiques des \u00e9nergies renouvelables et de la transition \u00e9nerg\u00e9tique. Cet \u00e9v\u00e9nement unique en France, r\u00e9unit cette ann\u00e9e plus de 150 exposants et accueille 5500 visiteurs. Pas moins de 53 ateliers, tables rondes, conf\u00e9rences sont programm\u00e9s pour aborder de nombreux sujets tr\u00e8s concrets. <\/p>\n\n\n\n<figure class=\"wp-block-embed-wordpress wp-block-embed is-type-wp-embed is-provider-energaia-le-forum-des-energies-montpellier-parc-des-expositions\"><div class=\"wp-block-embed__wrapper\">\n<blockquote class=\"wp-embedded-content\" data-secret=\"MJ6CNwxmu9\"><a href=\"https:\/\/www.energaia.fr\/\">Accueil<\/a><\/blockquote><iframe loading=\"lazy\" class=\"wp-embedded-content\" sandbox=\"allow-scripts\" security=\"restricted\" style=\"position: absolute; clip: rect(1px, 1px, 1px, 1px);\" title=\"\u00ab\u00a0Accueil\u00a0\u00bb &#8212; EnerGa\u00efa, le Forum des Energies renouvelables\" src=\"https:\/\/www.energaia.fr\/embed\/#?secret=4djXlX1Z1t#?secret=MJ6CNwxmu9\" data-secret=\"MJ6CNwxmu9\" width=\"600\" height=\"338\" frameborder=\"0\" marginwidth=\"0\" marginheight=\"0\" scrolling=\"no\"><\/iframe>\n<\/div><\/figure>\n","protected":false},"excerpt":{"rendered":"<p>La douzi\u00e8me \u00e9dition du Forum Energa\u00efa s&rsquo;ouvre les 11 et 12 d\u00e9cembre 2018 \u00e0 Montpellier. Durant deux jours, les participants au Forum assistent \u00e0 des \u00e9v\u00e9nements sp\u00e9cialis\u00e9s, des conf\u00e9rences, tables rondes qui leur permettront de r\u00e9pondre \u00e0 toutes les probl\u00e9matiques des \u00e9nergies renouvelables et de la transition \u00e9nerg\u00e9tique. Cet \u00e9v\u00e9nement unique en France, r\u00e9unit cette [&hellip;]<\/p>\n","protected":false},"author":17,"featured_media":101061,"comment_status":"closed","ping_status":"closed","sticky":false,"template":"","format":"standard","meta":{"_et_pb_use_builder":"","_et_pb_old_content":"","_et_gb_content_width":"","footnotes":""},"categories":[10530,6340,6351,10778],"tags":[2736],"class_list":["post-101059","post","type-post","status-publish","format-standard","has-post-thumbnail","hentry","category-actualites","category-architecture-conception","category-energie-environnement","category-planete","tag-energaia"],"yoast_head":"<!-- This site is optimized with the Yoast SEO plugin v27.4 - https:\/\/yoast.com\/product\/yoast-seo-wordpress\/ -->\n<title>Forum Energa\u00efa : 12e \u00e9dition les 11 et 12 d\u00e9cembre 2018 \u00e0 Montpellier<\/title>\n<meta name=\"description\" content=\"La 12e \u00e9dition du Forum Energa\u00efa s&#039;ouvre les 11 et 12 d\u00e9cembre \u00e0 Montpellier autour du sujet des \u00e9nergies renouvelables et de la transition \u00e9nerg\u00e9tique.\" \/>\n<meta name=\"robots\" content=\"index, follow, max-snippet:-1, max-image-preview:large, max-video-preview:-1\" \/>\n<link rel=\"canonical\" href=\"https:\/\/batijournal.com\/index.php\/forum-energaia-2019\/101059\/\" \/>\n<meta property=\"og:locale\" content=\"fr_FR\" \/>\n<meta property=\"og:type\" content=\"article\" \/>\n<meta property=\"og:title\" content=\"Forum Energa\u00efa : 12e \u00e9dition les 11 et 12 d\u00e9cembre 2018 \u00e0 Montpellier\" \/>\n<meta property=\"og:description\" content=\"La 12e \u00e9dition du Forum Energa\u00efa s&#039;ouvre les 11 et 12 d\u00e9cembre \u00e0 Montpellier autour du sujet des \u00e9nergies renouvelables et de la transition \u00e9nerg\u00e9tique.\" \/>\n<meta property=\"og:url\" content=\"https:\/\/batijournal.com\/index.php\/forum-energaia-2019\/101059\/\" \/>\n<meta property=\"og:site_name\" content=\"Batijournal\" \/>\n<meta property=\"article:published_time\" content=\"2018-12-11T07:36:24+00:00\" \/>\n<meta property=\"article:modified_time\" content=\"2019-07-15T10:10:38+00:00\" \/>\n<meta property=\"og:image\" content=\"https:\/\/batijournal.com\/wp-content\/uploads\/2018\/12\/energaia-2019.png\" \/>\n\t<meta property=\"og:image:width\" content=\"459\" \/>\n\t<meta property=\"og:image:height\" content=\"222\" \/>\n\t<meta property=\"og:image:type\" content=\"image\/png\" \/>\n<meta name=\"author\" content=\"St\u00e9phane Miget\" \/>\n<meta name=\"twitter:card\" content=\"summary_large_image\" \/>\n<meta name=\"twitter:creator\" content=\"@bati_journal\" \/>\n<meta name=\"twitter:site\" content=\"@bati_journal\" \/>\n<meta name=\"twitter:label1\" content=\"\u00c9crit par\" \/>\n\t<meta name=\"twitter:data1\" content=\"St\u00e9phane Miget\" \/>\n<script type=\"application\/ld+json\" class=\"yoast-schema-graph\">{\"@context\":\"https:\\\/\\\/schema.org\",\"@graph\":[{\"@type\":\"Article\",\"@id\":\"https:\\\/\\\/batijournal.com\\\/index.php\\\/forum-energaia-2019\\\/101059\\\/#article\",\"isPartOf\":{\"@id\":\"https:\\\/\\\/batijournal.com\\\/index.php\\\/forum-energaia-2019\\\/101059\\\/\"},\"author\":{\"name\":\"St\u00e9phane Miget\",\"@id\":\"https:\\\/\\\/batijournal.com\\\/#\\\/schema\\\/person\\\/1dc96ec6957aa1ccb25ebe78bb19f100\"},\"headline\":\"Forum Energa\u00efa 2019\",\"datePublished\":\"2018-12-11T07:36:24+00:00\",\"dateModified\":\"2019-07-15T10:10:38+00:00\",\"mainEntityOfPage\":{\"@id\":\"https:\\\/\\\/batijournal.com\\\/index.php\\\/forum-energaia-2019\\\/101059\\\/\"},\"wordCount\":95,\"image\":{\"@id\":\"https:\\\/\\\/batijournal.com\\\/index.php\\\/forum-energaia-2019\\\/101059\\\/#primaryimage\"},\"thumbnailUrl\":\"https:\\\/\\\/batijournal.com\\\/wp-content\\\/uploads\\\/2018\\\/12\\\/energaia-2019.png\",\"keywords\":[\"EnerGa\u00efa\"],\"articleSection\":[\"Actualit\u00e9s\",\"Architecture &amp; Conception\",\"\u00c9nergie &amp; Environnement\",\"zz_Plan\u00e8te B\u00e2timent\"],\"inLanguage\":\"fr-FR\"},{\"@type\":\"WebPage\",\"@id\":\"https:\\\/\\\/batijournal.com\\\/index.php\\\/forum-energaia-2019\\\/101059\\\/\",\"url\":\"https:\\\/\\\/batijournal.com\\\/index.php\\\/forum-energaia-2019\\\/101059\\\/\",\"name\":\"Forum Energa\u00efa : 12e \u00e9dition les 11 et 12 d\u00e9cembre 2018 \u00e0 Montpellier\",\"isPartOf\":{\"@id\":\"https:\\\/\\\/batijournal.com\\\/#website\"},\"primaryImageOfPage\":{\"@id\":\"https:\\\/\\\/batijournal.com\\\/index.php\\\/forum-energaia-2019\\\/101059\\\/#primaryimage\"},\"image\":{\"@id\":\"https:\\\/\\\/batijournal.com\\\/index.php\\\/forum-energaia-2019\\\/101059\\\/#primaryimage\"},\"thumbnailUrl\":\"https:\\\/\\\/batijournal.com\\\/wp-content\\\/uploads\\\/2018\\\/12\\\/energaia-2019.png\",\"datePublished\":\"2018-12-11T07:36:24+00:00\",\"dateModified\":\"2019-07-15T10:10:38+00:00\",\"author\":{\"@id\":\"https:\\\/\\\/batijournal.com\\\/#\\\/schema\\\/person\\\/1dc96ec6957aa1ccb25ebe78bb19f100\"},\"description\":\"La 12e \u00e9dition du Forum Energa\u00efa s'ouvre les 11 et 12 d\u00e9cembre \u00e0 Montpellier autour du sujet des \u00e9nergies renouvelables et de la transition \u00e9nerg\u00e9tique.\",\"breadcrumb\":{\"@id\":\"https:\\\/\\\/batijournal.com\\\/index.php\\\/forum-energaia-2019\\\/101059\\\/#breadcrumb\"},\"inLanguage\":\"fr-FR\",\"potentialAction\":[{\"@type\":\"ReadAction\",\"target\":[\"https:\\\/\\\/batijournal.com\\\/index.php\\\/forum-energaia-2019\\\/101059\\\/\"]}]},{\"@type\":\"ImageObject\",\"inLanguage\":\"fr-FR\",\"@id\":\"https:\\\/\\\/batijournal.com\\\/index.php\\\/forum-energaia-2019\\\/101059\\\/#primaryimage\",\"url\":\"https:\\\/\\\/batijournal.com\\\/wp-content\\\/uploads\\\/2018\\\/12\\\/energaia-2019.png\",\"contentUrl\":\"https:\\\/\\\/batijournal.com\\\/wp-content\\\/uploads\\\/2018\\\/12\\\/energaia-2019.png\",\"width\":459,\"height\":222,\"caption\":\"forum energaia 2019\"},{\"@type\":\"BreadcrumbList\",\"@id\":\"https:\\\/\\\/batijournal.com\\\/index.php\\\/forum-energaia-2019\\\/101059\\\/#breadcrumb\",\"itemListElement\":[{\"@type\":\"ListItem\",\"position\":1,\"name\":\"Accueil\",\"item\":\"https:\\\/\\\/batijournal.com\\\/\"},{\"@type\":\"ListItem\",\"position\":2,\"name\":\"Actualit\u00e9s\",\"item\":\"https:\\\/\\\/batijournal.com\\\/index.php\\\/category\\\/actualites\\\/\"},{\"@type\":\"ListItem\",\"position\":3,\"name\":\"Forum Energa\u00efa 2019\"}]},{\"@type\":\"WebSite\",\"@id\":\"https:\\\/\\\/batijournal.com\\\/#website\",\"url\":\"https:\\\/\\\/batijournal.com\\\/\",\"name\":\"Batijournal\",\"description\":\"L&#039;actualit\u00e9 du b\u00e2timent\",\"potentialAction\":[{\"@type\":\"SearchAction\",\"target\":{\"@type\":\"EntryPoint\",\"urlTemplate\":\"https:\\\/\\\/batijournal.com\\\/?s={search_term_string}\"},\"query-input\":{\"@type\":\"PropertyValueSpecification\",\"valueRequired\":true,\"valueName\":\"search_term_string\"}}],\"inLanguage\":\"fr-FR\"},{\"@type\":\"Person\",\"@id\":\"https:\\\/\\\/batijournal.com\\\/#\\\/schema\\\/person\\\/1dc96ec6957aa1ccb25ebe78bb19f100\",\"name\":\"St\u00e9phane Miget\",\"image\":{\"@type\":\"ImageObject\",\"inLanguage\":\"fr-FR\",\"@id\":\"https:\\\/\\\/secure.gravatar.com\\\/avatar\\\/89915563d925342126b8ef0281b93d9d7fc337043e8df017f780908eb9644451?s=96&d=mm&r=g\",\"url\":\"https:\\\/\\\/secure.gravatar.com\\\/avatar\\\/89915563d925342126b8ef0281b93d9d7fc337043e8df017f780908eb9644451?s=96&d=mm&r=g\",\"contentUrl\":\"https:\\\/\\\/secure.gravatar.com\\\/avatar\\\/89915563d925342126b8ef0281b93d9d7fc337043e8df017f780908eb9644451?s=96&d=mm&r=g\",\"caption\":\"St\u00e9phane Miget\"},\"url\":\"https:\\\/\\\/batijournal.com\\\/index.php\\\/author\\\/stephane\\\/\"}]}<\/script>\n<!-- \/ Yoast SEO plugin. -->","yoast_head_json":{"title":"Forum Energa\u00efa : 12e \u00e9dition les 11 et 12 d\u00e9cembre 2018 \u00e0 Montpellier","description":"La 12e \u00e9dition du Forum Energa\u00efa s'ouvre les 11 et 12 d\u00e9cembre \u00e0 Montpellier autour du sujet des \u00e9nergies renouvelables et de la transition \u00e9nerg\u00e9tique.","robots":{"index":"index","follow":"follow","max-snippet":"max-snippet:-1","max-image-preview":"max-image-preview:large","max-video-preview":"max-video-preview:-1"},"canonical":"https:\/\/batijournal.com\/index.php\/forum-energaia-2019\/101059\/","og_locale":"fr_FR","og_type":"article","og_title":"Forum Energa\u00efa : 12e \u00e9dition les 11 et 12 d\u00e9cembre 2018 \u00e0 Montpellier","og_description":"La 12e \u00e9dition du Forum Energa\u00efa s'ouvre les 11 et 12 d\u00e9cembre \u00e0 Montpellier autour du sujet des \u00e9nergies renouvelables et de la transition \u00e9nerg\u00e9tique.","og_url":"https:\/\/batijournal.com\/index.php\/forum-energaia-2019\/101059\/","og_site_name":"Batijournal","article_published_time":"2018-12-11T07:36:24+00:00","article_modified_time":"2019-07-15T10:10:38+00:00","og_image":[{"width":459,"height":222,"url":"https:\/\/batijournal.com\/wp-content\/uploads\/2018\/12\/energaia-2019.png","type":"image\/png"}],"author":"St\u00e9phane Miget","twitter_card":"summary_large_image","twitter_creator":"@bati_journal","twitter_site":"@bati_journal","twitter_misc":{"\u00c9crit par":"St\u00e9phane Miget"},"schema":{"@context":"https:\/\/schema.org","@graph":[{"@type":"Article","@id":"https:\/\/batijournal.com\/index.php\/forum-energaia-2019\/101059\/#article","isPartOf":{"@id":"https:\/\/batijournal.com\/index.php\/forum-energaia-2019\/101059\/"},"author":{"name":"St\u00e9phane Miget","@id":"https:\/\/batijournal.com\/#\/schema\/person\/1dc96ec6957aa1ccb25ebe78bb19f100"},"headline":"Forum Energa\u00efa 2019","datePublished":"2018-12-11T07:36:24+00:00","dateModified":"2019-07-15T10:10:38+00:00","mainEntityOfPage":{"@id":"https:\/\/batijournal.com\/index.php\/forum-energaia-2019\/101059\/"},"wordCount":95,"image":{"@id":"https:\/\/batijournal.com\/index.php\/forum-energaia-2019\/101059\/#primaryimage"},"thumbnailUrl":"https:\/\/batijournal.com\/wp-content\/uploads\/2018\/12\/energaia-2019.png","keywords":["EnerGa\u00efa"],"articleSection":["Actualit\u00e9s","Architecture &amp; Conception","\u00c9nergie &amp; Environnement","zz_Plan\u00e8te B\u00e2timent"],"inLanguage":"fr-FR"},{"@type":"WebPage","@id":"https:\/\/batijournal.com\/index.php\/forum-energaia-2019\/101059\/","url":"https:\/\/batijournal.com\/index.php\/forum-energaia-2019\/101059\/","name":"Forum Energa\u00efa : 12e \u00e9dition les 11 et 12 d\u00e9cembre 2018 \u00e0 Montpellier","isPartOf":{"@id":"https:\/\/batijournal.com\/#website"},"primaryImageOfPage":{"@id":"https:\/\/batijournal.com\/index.php\/forum-energaia-2019\/101059\/#primaryimage"},"image":{"@id":"https:\/\/batijournal.com\/index.php\/forum-energaia-2019\/101059\/#primaryimage"},"thumbnailUrl":"https:\/\/batijournal.com\/wp-content\/uploads\/2018\/12\/energaia-2019.png","datePublished":"2018-12-11T07:36:24+00:00","dateModified":"2019-07-15T10:10:38+00:00","author":{"@id":"https:\/\/batijournal.com\/#\/schema\/person\/1dc96ec6957aa1ccb25ebe78bb19f100"},"description":"La 12e \u00e9dition du Forum Energa\u00efa s'ouvre les 11 et 12 d\u00e9cembre \u00e0 Montpellier autour du sujet des \u00e9nergies renouvelables et de la transition \u00e9nerg\u00e9tique.","breadcrumb":{"@id":"https:\/\/batijournal.com\/index.php\/forum-energaia-2019\/101059\/#breadcrumb"},"inLanguage":"fr-FR","potentialAction":[{"@type":"ReadAction","target":["https:\/\/batijournal.com\/index.php\/forum-energaia-2019\/101059\/"]}]},{"@type":"ImageObject","inLanguage":"fr-FR","@id":"https:\/\/batijournal.com\/index.php\/forum-energaia-2019\/101059\/#primaryimage","url":"https:\/\/batijournal.com\/wp-content\/uploads\/2018\/12\/energaia-2019.png","contentUrl":"https:\/\/batijournal.com\/wp-content\/uploads\/2018\/12\/energaia-2019.png","width":459,"height":222,"caption":"forum energaia 2019"},{"@type":"BreadcrumbList","@id":"https:\/\/batijournal.com\/index.php\/forum-energaia-2019\/101059\/#breadcrumb","itemListElement":[{"@type":"ListItem","position":1,"name":"Accueil","item":"https:\/\/batijournal.com\/"},{"@type":"ListItem","position":2,"name":"Actualit\u00e9s","item":"https:\/\/batijournal.com\/index.php\/category\/actualites\/"},{"@type":"ListItem","position":3,"name":"Forum Energa\u00efa 2019"}]},{"@type":"WebSite","@id":"https:\/\/batijournal.com\/#website","url":"https:\/\/batijournal.com\/","name":"Batijournal","description":"L&#039;actualit\u00e9 du b\u00e2timent","potentialAction":[{"@type":"SearchAction","target":{"@type":"EntryPoint","urlTemplate":"https:\/\/batijournal.com\/?s={search_term_string}"},"query-input":{"@type":"PropertyValueSpecification","valueRequired":true,"valueName":"search_term_string"}}],"inLanguage":"fr-FR"},{"@type":"Person","@id":"https:\/\/batijournal.com\/#\/schema\/person\/1dc96ec6957aa1ccb25ebe78bb19f100","name":"St\u00e9phane Miget","image":{"@type":"ImageObject","inLanguage":"fr-FR","@id":"https:\/\/secure.gravatar.com\/avatar\/89915563d925342126b8ef0281b93d9d7fc337043e8df017f780908eb9644451?s=96&d=mm&r=g","url":"https:\/\/secure.gravatar.com\/avatar\/89915563d925342126b8ef0281b93d9d7fc337043e8df017f780908eb9644451?s=96&d=mm&r=g","contentUrl":"https:\/\/secure.gravatar.com\/avatar\/89915563d925342126b8ef0281b93d9d7fc337043e8df017f780908eb9644451?s=96&d=mm&r=g","caption":"St\u00e9phane Miget"},"url":"https:\/\/batijournal.com\/index.php\/author\/stephane\/"}]}},"_links":{"self":[{"href":"https:\/\/batijournal.com\/index.php\/wp-json\/wp\/v2\/posts\/101059","targetHints":{"allow":["GET"]}}],"collection":[{"href":"https:\/\/batijournal.com\/index.php\/wp-json\/wp\/v2\/posts"}],"about":[{"href":"https:\/\/batijournal.com\/index.php\/wp-json\/wp\/v2\/types\/post"}],"author":[{"embeddable":true,"href":"https:\/\/batijournal.com\/index.php\/wp-json\/wp\/v2\/users\/17"}],"replies":[{"embeddable":true,"href":"https:\/\/batijournal.com\/index.php\/wp-json\/wp\/v2\/comments?post=101059"}],"version-history":[{"count":0,"href":"https:\/\/batijournal.com\/index.php\/wp-json\/wp\/v2\/posts\/101059\/revisions"}],"wp:featuredmedia":[{"embeddable":true,"href":"https:\/\/batijournal.com\/index.php\/wp-json\/wp\/v2\/media\/101061"}],"wp:attachment":[{"href":"https:\/\/batijournal.com\/index.php\/wp-json\/wp\/v2\/media?parent=101059"}],"wp:term":[{"taxonomy":"category","embeddable":true,"href":"https:\/\/batijournal.com\/index.php\/wp-json\/wp\/v2\/categories?post=101059"},{"taxonomy":"post_tag","embeddable":true,"href":"https:\/\/batijournal.com\/index.php\/wp-json\/wp\/v2\/tags?post=101059"}],"curies":[{"name":"wp","href":"https:\/\/api.w.org\/{rel}","templated":true}]}}