{"id":101081,"date":"2018-12-12T09:39:21","date_gmt":"2018-12-12T08:39:21","guid":{"rendered":"https:\/\/batijournal.com\/?p=101081"},"modified":"2019-07-15T11:14:45","modified_gmt":"2019-07-15T09:14:45","slug":"un-centre-de-ressources-pour-la-rehabilitation-responsable-du-bati-ancien","status":"publish","type":"post","link":"https:\/\/batijournal.com\/index.php\/un-centre-de-ressources-pour-la-rehabilitation-responsable-du-bati-ancien\/101081\/","title":{"rendered":"Un Centre de ressources pour la r\u00e9habilitation responsable du b\u00e2ti ancien"},"content":{"rendered":"\n<p>Le Centre de Ressources pour la R\u00e9habilitation Responsable du B\u00e2ti Ancien (CREBA) est en ligne. Il a pour objectif d&rsquo;aider tous les professionnels du b\u00e2timent \u00e0 mener des r\u00e9habilitations de qualit\u00e9 du b\u00e2ti ancien (construit avant 1948) \u00e0 la crois\u00e9e des enjeux \u00e9nerg\u00e9tiques, techniques et patrimoniaux. Cette plateforme en ligne &#8211; imagin\u00e9e et con\u00e7ue par cinq partenaires institutionnels aux profils et comp\u00e9tences compl\u00e9mentaires &#8211; est destin\u00e9e aux professionnels du b\u00e2timent (ma\u00eetres d\u2019\u0153uvres, architectes, bureaux d\u2019\u00e9tudes, artisans, prescripteurs, techniciens, experts, chercheurs\u2026) et \u00e0 tous les porteurs de projets de r\u00e9habilitation d\u2019un b\u00e2ti ancien. La sp\u00e9cificit\u00e9 du portail CREBA ? Proposer une approche globale de la r\u00e9habilitation du b\u00e2ti ancien et f\u00e9d\u00e9rer les diff\u00e9rents corps de m\u00e9tiers concern\u00e9s.<\/p>\n\n\n\n<p>Le CREBA est soutenu par le programme PACTE, il est pilot\u00e9 par le Cerema aux c\u00f4t\u00e9s de 4 partenaires : l\u2019\u00e9cole des Arts et M\u00e9tiers Paris Tech, le Laboratoire de Recherche en Architecture de l\u2019Ecole Nationale Sup\u00e9rieure d\u2019Architecture de Toulouse, les associations Maisons Paysannes de France et Sites &amp; Cit\u00e9s remarquables de France.<\/p>\n\n\n\n<p><a href=\"http:\/\/www.rehabilitation-bati-ancien.fr\">www.rehabilitation-bati-ancien.fr<\/a><\/p>\n","protected":false},"excerpt":{"rendered":"<p>Le Centre de Ressources pour la R\u00e9habilitation Responsable du B\u00e2ti Ancien (CREBA) est en ligne. Il a pour objectif d&rsquo;aider tous les professionnels du b\u00e2timent \u00e0 mener des r\u00e9habilitations de qualit\u00e9 du b\u00e2ti ancien (construit avant 1948) \u00e0 la crois\u00e9e des enjeux \u00e9nerg\u00e9tiques, techniques et patrimoniaux. Cette plateforme en ligne &#8211; imagin\u00e9e et con\u00e7ue par [&hellip;]<\/p>\n","protected":false},"author":17,"featured_media":101082,"comment_status":"closed","ping_status":"closed","sticky":false,"template":"","format":"standard","meta":{"_et_pb_use_builder":"","_et_pb_old_content":"","_et_gb_content_width":"","footnotes":""},"categories":[10530,6340,10785],"tags":[12671,89],"class_list":["post-101081","post","type-post","status-publish","format-standard","has-post-thumbnail","hentry","category-actualites","category-architecture-conception","category-atrium","tag-creba","tag-rehabilitation"],"yoast_head":"<!-- This site is optimized with the Yoast SEO plugin v27.4 - https:\/\/yoast.com\/product\/yoast-seo-wordpress\/ -->\n<title>Un Centre de ressources pour la r\u00e9habilitation responsable du b\u00e2ti ancien<\/title>\n<meta name=\"description\" content=\"Le Centre de Ressources pour la R\u00e9habilitation Responsable du B\u00e2ti Ancien (CREBA) est en ligne.\" \/>\n<meta name=\"robots\" content=\"index, follow, max-snippet:-1, max-image-preview:large, max-video-preview:-1\" \/>\n<link rel=\"canonical\" href=\"https:\/\/batijournal.com\/index.php\/un-centre-de-ressources-pour-la-rehabilitation-responsable-du-bati-ancien\/101081\/\" \/>\n<meta property=\"og:locale\" content=\"fr_FR\" \/>\n<meta property=\"og:type\" content=\"article\" \/>\n<meta property=\"og:title\" content=\"Un Centre de ressources pour la r\u00e9habilitation responsable du b\u00e2ti ancien\" \/>\n<meta property=\"og:description\" content=\"Le Centre de Ressources pour la R\u00e9habilitation Responsable du B\u00e2ti Ancien (CREBA) est en ligne.\" \/>\n<meta property=\"og:url\" content=\"https:\/\/batijournal.com\/index.php\/un-centre-de-ressources-pour-la-rehabilitation-responsable-du-bati-ancien\/101081\/\" \/>\n<meta property=\"og:site_name\" content=\"Batijournal\" \/>\n<meta property=\"article:published_time\" content=\"2018-12-12T08:39:21+00:00\" \/>\n<meta property=\"article:modified_time\" content=\"2019-07-15T09:14:45+00:00\" \/>\n<meta property=\"og:image\" content=\"https:\/\/batijournal.com\/wp-content\/uploads\/2018\/12\/Centre-de-Ressources-pour-la-Rehabilitation-Responsable-du-Bati-Ancien-CREBA.png\" \/>\n\t<meta property=\"og:image:width\" content=\"1300\" \/>\n\t<meta property=\"og:image:height\" content=\"760\" \/>\n\t<meta property=\"og:image:type\" content=\"image\/png\" \/>\n<meta name=\"author\" content=\"St\u00e9phane Miget\" \/>\n<meta name=\"twitter:card\" content=\"summary_large_image\" \/>\n<meta name=\"twitter:creator\" content=\"@bati_journal\" \/>\n<meta name=\"twitter:site\" content=\"@bati_journal\" \/>\n<meta name=\"twitter:label1\" content=\"\u00c9crit par\" \/>\n\t<meta name=\"twitter:data1\" content=\"St\u00e9phane Miget\" \/>\n\t<meta name=\"twitter:label2\" content=\"Dur\u00e9e de lecture estim\u00e9e\" \/>\n\t<meta name=\"twitter:data2\" content=\"1 minute\" \/>\n<script type=\"application\/ld+json\" class=\"yoast-schema-graph\">{\"@context\":\"https:\\\/\\\/schema.org\",\"@graph\":[{\"@type\":\"Article\",\"@id\":\"https:\\\/\\\/batijournal.com\\\/index.php\\\/un-centre-de-ressources-pour-la-rehabilitation-responsable-du-bati-ancien\\\/101081\\\/#article\",\"isPartOf\":{\"@id\":\"https:\\\/\\\/batijournal.com\\\/index.php\\\/un-centre-de-ressources-pour-la-rehabilitation-responsable-du-bati-ancien\\\/101081\\\/\"},\"author\":{\"name\":\"St\u00e9phane Miget\",\"@id\":\"https:\\\/\\\/batijournal.com\\\/#\\\/schema\\\/person\\\/1dc96ec6957aa1ccb25ebe78bb19f100\"},\"headline\":\"Un Centre de ressources pour la r\u00e9habilitation responsable du b\u00e2ti ancien\",\"datePublished\":\"2018-12-12T08:39:21+00:00\",\"dateModified\":\"2019-07-15T09:14:45+00:00\",\"mainEntityOfPage\":{\"@id\":\"https:\\\/\\\/batijournal.com\\\/index.php\\\/un-centre-de-ressources-pour-la-rehabilitation-responsable-du-bati-ancien\\\/101081\\\/\"},\"wordCount\":214,\"image\":{\"@id\":\"https:\\\/\\\/batijournal.com\\\/index.php\\\/un-centre-de-ressources-pour-la-rehabilitation-responsable-du-bati-ancien\\\/101081\\\/#primaryimage\"},\"thumbnailUrl\":\"https:\\\/\\\/batijournal.com\\\/wp-content\\\/uploads\\\/2018\\\/12\\\/Centre-de-Ressources-pour-la-Rehabilitation-Responsable-du-Bati-Ancien-CREBA.png\",\"keywords\":[\"CREBA\",\"r\u00e9habilitation\"],\"articleSection\":[\"Actualit\u00e9s\",\"Architecture &amp; Conception\",\"zz_Atrium Patrimoine\"],\"inLanguage\":\"fr-FR\"},{\"@type\":\"WebPage\",\"@id\":\"https:\\\/\\\/batijournal.com\\\/index.php\\\/un-centre-de-ressources-pour-la-rehabilitation-responsable-du-bati-ancien\\\/101081\\\/\",\"url\":\"https:\\\/\\\/batijournal.com\\\/index.php\\\/un-centre-de-ressources-pour-la-rehabilitation-responsable-du-bati-ancien\\\/101081\\\/\",\"name\":\"Un Centre de ressources pour la r\u00e9habilitation responsable du b\u00e2ti ancien\",\"isPartOf\":{\"@id\":\"https:\\\/\\\/batijournal.com\\\/#website\"},\"primaryImageOfPage\":{\"@id\":\"https:\\\/\\\/batijournal.com\\\/index.php\\\/un-centre-de-ressources-pour-la-rehabilitation-responsable-du-bati-ancien\\\/101081\\\/#primaryimage\"},\"image\":{\"@id\":\"https:\\\/\\\/batijournal.com\\\/index.php\\\/un-centre-de-ressources-pour-la-rehabilitation-responsable-du-bati-ancien\\\/101081\\\/#primaryimage\"},\"thumbnailUrl\":\"https:\\\/\\\/batijournal.com\\\/wp-content\\\/uploads\\\/2018\\\/12\\\/Centre-de-Ressources-pour-la-Rehabilitation-Responsable-du-Bati-Ancien-CREBA.png\",\"datePublished\":\"2018-12-12T08:39:21+00:00\",\"dateModified\":\"2019-07-15T09:14:45+00:00\",\"author\":{\"@id\":\"https:\\\/\\\/batijournal.com\\\/#\\\/schema\\\/person\\\/1dc96ec6957aa1ccb25ebe78bb19f100\"},\"description\":\"Le Centre de Ressources pour la R\u00e9habilitation Responsable du B\u00e2ti Ancien (CREBA) est en ligne.\",\"breadcrumb\":{\"@id\":\"https:\\\/\\\/batijournal.com\\\/index.php\\\/un-centre-de-ressources-pour-la-rehabilitation-responsable-du-bati-ancien\\\/101081\\\/#breadcrumb\"},\"inLanguage\":\"fr-FR\",\"potentialAction\":[{\"@type\":\"ReadAction\",\"target\":[\"https:\\\/\\\/batijournal.com\\\/index.php\\\/un-centre-de-ressources-pour-la-rehabilitation-responsable-du-bati-ancien\\\/101081\\\/\"]}]},{\"@type\":\"ImageObject\",\"inLanguage\":\"fr-FR\",\"@id\":\"https:\\\/\\\/batijournal.com\\\/index.php\\\/un-centre-de-ressources-pour-la-rehabilitation-responsable-du-bati-ancien\\\/101081\\\/#primaryimage\",\"url\":\"https:\\\/\\\/batijournal.com\\\/wp-content\\\/uploads\\\/2018\\\/12\\\/Centre-de-Ressources-pour-la-Rehabilitation-Responsable-du-Bati-Ancien-CREBA.png\",\"contentUrl\":\"https:\\\/\\\/batijournal.com\\\/wp-content\\\/uploads\\\/2018\\\/12\\\/Centre-de-Ressources-pour-la-Rehabilitation-Responsable-du-Bati-Ancien-CREBA.png\",\"width\":1300,\"height\":760},{\"@type\":\"BreadcrumbList\",\"@id\":\"https:\\\/\\\/batijournal.com\\\/index.php\\\/un-centre-de-ressources-pour-la-rehabilitation-responsable-du-bati-ancien\\\/101081\\\/#breadcrumb\",\"itemListElement\":[{\"@type\":\"ListItem\",\"position\":1,\"name\":\"Accueil\",\"item\":\"https:\\\/\\\/batijournal.com\\\/\"},{\"@type\":\"ListItem\",\"position\":2,\"name\":\"Actualit\u00e9s\",\"item\":\"https:\\\/\\\/batijournal.com\\\/index.php\\\/category\\\/actualites\\\/\"},{\"@type\":\"ListItem\",\"position\":3,\"name\":\"Un Centre de ressources pour la r\u00e9habilitation responsable du b\u00e2ti ancien\"}]},{\"@type\":\"WebSite\",\"@id\":\"https:\\\/\\\/batijournal.com\\\/#website\",\"url\":\"https:\\\/\\\/batijournal.com\\\/\",\"name\":\"Batijournal\",\"description\":\"L&#039;actualit\u00e9 du b\u00e2timent\",\"potentialAction\":[{\"@type\":\"SearchAction\",\"target\":{\"@type\":\"EntryPoint\",\"urlTemplate\":\"https:\\\/\\\/batijournal.com\\\/?s={search_term_string}\"},\"query-input\":{\"@type\":\"PropertyValueSpecification\",\"valueRequired\":true,\"valueName\":\"search_term_string\"}}],\"inLanguage\":\"fr-FR\"},{\"@type\":\"Person\",\"@id\":\"https:\\\/\\\/batijournal.com\\\/#\\\/schema\\\/person\\\/1dc96ec6957aa1ccb25ebe78bb19f100\",\"name\":\"St\u00e9phane Miget\",\"image\":{\"@type\":\"ImageObject\",\"inLanguage\":\"fr-FR\",\"@id\":\"https:\\\/\\\/secure.gravatar.com\\\/avatar\\\/89915563d925342126b8ef0281b93d9d7fc337043e8df017f780908eb9644451?s=96&d=mm&r=g\",\"url\":\"https:\\\/\\\/secure.gravatar.com\\\/avatar\\\/89915563d925342126b8ef0281b93d9d7fc337043e8df017f780908eb9644451?s=96&d=mm&r=g\",\"contentUrl\":\"https:\\\/\\\/secure.gravatar.com\\\/avatar\\\/89915563d925342126b8ef0281b93d9d7fc337043e8df017f780908eb9644451?s=96&d=mm&r=g\",\"caption\":\"St\u00e9phane Miget\"},\"url\":\"https:\\\/\\\/batijournal.com\\\/index.php\\\/author\\\/stephane\\\/\"}]}<\/script>\n<!-- \/ Yoast SEO plugin. -->","yoast_head_json":{"title":"Un Centre de ressources pour la r\u00e9habilitation responsable du b\u00e2ti ancien","description":"Le Centre de Ressources pour la R\u00e9habilitation Responsable du B\u00e2ti Ancien (CREBA) est en ligne.","robots":{"index":"index","follow":"follow","max-snippet":"max-snippet:-1","max-image-preview":"max-image-preview:large","max-video-preview":"max-video-preview:-1"},"canonical":"https:\/\/batijournal.com\/index.php\/un-centre-de-ressources-pour-la-rehabilitation-responsable-du-bati-ancien\/101081\/","og_locale":"fr_FR","og_type":"article","og_title":"Un Centre de ressources pour la r\u00e9habilitation responsable du b\u00e2ti ancien","og_description":"Le Centre de Ressources pour la R\u00e9habilitation Responsable du B\u00e2ti Ancien (CREBA) est en ligne.","og_url":"https:\/\/batijournal.com\/index.php\/un-centre-de-ressources-pour-la-rehabilitation-responsable-du-bati-ancien\/101081\/","og_site_name":"Batijournal","article_published_time":"2018-12-12T08:39:21+00:00","article_modified_time":"2019-07-15T09:14:45+00:00","og_image":[{"width":1300,"height":760,"url":"https:\/\/batijournal.com\/wp-content\/uploads\/2018\/12\/Centre-de-Ressources-pour-la-Rehabilitation-Responsable-du-Bati-Ancien-CREBA.png","type":"image\/png"}],"author":"St\u00e9phane Miget","twitter_card":"summary_large_image","twitter_creator":"@bati_journal","twitter_site":"@bati_journal","twitter_misc":{"\u00c9crit par":"St\u00e9phane Miget","Dur\u00e9e de lecture estim\u00e9e":"1 minute"},"schema":{"@context":"https:\/\/schema.org","@graph":[{"@type":"Article","@id":"https:\/\/batijournal.com\/index.php\/un-centre-de-ressources-pour-la-rehabilitation-responsable-du-bati-ancien\/101081\/#article","isPartOf":{"@id":"https:\/\/batijournal.com\/index.php\/un-centre-de-ressources-pour-la-rehabilitation-responsable-du-bati-ancien\/101081\/"},"author":{"name":"St\u00e9phane Miget","@id":"https:\/\/batijournal.com\/#\/schema\/person\/1dc96ec6957aa1ccb25ebe78bb19f100"},"headline":"Un Centre de ressources pour la r\u00e9habilitation responsable du b\u00e2ti ancien","datePublished":"2018-12-12T08:39:21+00:00","dateModified":"2019-07-15T09:14:45+00:00","mainEntityOfPage":{"@id":"https:\/\/batijournal.com\/index.php\/un-centre-de-ressources-pour-la-rehabilitation-responsable-du-bati-ancien\/101081\/"},"wordCount":214,"image":{"@id":"https:\/\/batijournal.com\/index.php\/un-centre-de-ressources-pour-la-rehabilitation-responsable-du-bati-ancien\/101081\/#primaryimage"},"thumbnailUrl":"https:\/\/batijournal.com\/wp-content\/uploads\/2018\/12\/Centre-de-Ressources-pour-la-Rehabilitation-Responsable-du-Bati-Ancien-CREBA.png","keywords":["CREBA","r\u00e9habilitation"],"articleSection":["Actualit\u00e9s","Architecture &amp; Conception","zz_Atrium Patrimoine"],"inLanguage":"fr-FR"},{"@type":"WebPage","@id":"https:\/\/batijournal.com\/index.php\/un-centre-de-ressources-pour-la-rehabilitation-responsable-du-bati-ancien\/101081\/","url":"https:\/\/batijournal.com\/index.php\/un-centre-de-ressources-pour-la-rehabilitation-responsable-du-bati-ancien\/101081\/","name":"Un Centre de ressources pour la r\u00e9habilitation responsable du b\u00e2ti ancien","isPartOf":{"@id":"https:\/\/batijournal.com\/#website"},"primaryImageOfPage":{"@id":"https:\/\/batijournal.com\/index.php\/un-centre-de-ressources-pour-la-rehabilitation-responsable-du-bati-ancien\/101081\/#primaryimage"},"image":{"@id":"https:\/\/batijournal.com\/index.php\/un-centre-de-ressources-pour-la-rehabilitation-responsable-du-bati-ancien\/101081\/#primaryimage"},"thumbnailUrl":"https:\/\/batijournal.com\/wp-content\/uploads\/2018\/12\/Centre-de-Ressources-pour-la-Rehabilitation-Responsable-du-Bati-Ancien-CREBA.png","datePublished":"2018-12-12T08:39:21+00:00","dateModified":"2019-07-15T09:14:45+00:00","author":{"@id":"https:\/\/batijournal.com\/#\/schema\/person\/1dc96ec6957aa1ccb25ebe78bb19f100"},"description":"Le Centre de Ressources pour la R\u00e9habilitation Responsable du B\u00e2ti Ancien (CREBA) est en ligne.","breadcrumb":{"@id":"https:\/\/batijournal.com\/index.php\/un-centre-de-ressources-pour-la-rehabilitation-responsable-du-bati-ancien\/101081\/#breadcrumb"},"inLanguage":"fr-FR","potentialAction":[{"@type":"ReadAction","target":["https:\/\/batijournal.com\/index.php\/un-centre-de-ressources-pour-la-rehabilitation-responsable-du-bati-ancien\/101081\/"]}]},{"@type":"ImageObject","inLanguage":"fr-FR","@id":"https:\/\/batijournal.com\/index.php\/un-centre-de-ressources-pour-la-rehabilitation-responsable-du-bati-ancien\/101081\/#primaryimage","url":"https:\/\/batijournal.com\/wp-content\/uploads\/2018\/12\/Centre-de-Ressources-pour-la-Rehabilitation-Responsable-du-Bati-Ancien-CREBA.png","contentUrl":"https:\/\/batijournal.com\/wp-content\/uploads\/2018\/12\/Centre-de-Ressources-pour-la-Rehabilitation-Responsable-du-Bati-Ancien-CREBA.png","width":1300,"height":760},{"@type":"BreadcrumbList","@id":"https:\/\/batijournal.com\/index.php\/un-centre-de-ressources-pour-la-rehabilitation-responsable-du-bati-ancien\/101081\/#breadcrumb","itemListElement":[{"@type":"ListItem","position":1,"name":"Accueil","item":"https:\/\/batijournal.com\/"},{"@type":"ListItem","position":2,"name":"Actualit\u00e9s","item":"https:\/\/batijournal.com\/index.php\/category\/actualites\/"},{"@type":"ListItem","position":3,"name":"Un Centre de ressources pour la r\u00e9habilitation responsable du b\u00e2ti ancien"}]},{"@type":"WebSite","@id":"https:\/\/batijournal.com\/#website","url":"https:\/\/batijournal.com\/","name":"Batijournal","description":"L&#039;actualit\u00e9 du b\u00e2timent","potentialAction":[{"@type":"SearchAction","target":{"@type":"EntryPoint","urlTemplate":"https:\/\/batijournal.com\/?s={search_term_string}"},"query-input":{"@type":"PropertyValueSpecification","valueRequired":true,"valueName":"search_term_string"}}],"inLanguage":"fr-FR"},{"@type":"Person","@id":"https:\/\/batijournal.com\/#\/schema\/person\/1dc96ec6957aa1ccb25ebe78bb19f100","name":"St\u00e9phane Miget","image":{"@type":"ImageObject","inLanguage":"fr-FR","@id":"https:\/\/secure.gravatar.com\/avatar\/89915563d925342126b8ef0281b93d9d7fc337043e8df017f780908eb9644451?s=96&d=mm&r=g","url":"https:\/\/secure.gravatar.com\/avatar\/89915563d925342126b8ef0281b93d9d7fc337043e8df017f780908eb9644451?s=96&d=mm&r=g","contentUrl":"https:\/\/secure.gravatar.com\/avatar\/89915563d925342126b8ef0281b93d9d7fc337043e8df017f780908eb9644451?s=96&d=mm&r=g","caption":"St\u00e9phane Miget"},"url":"https:\/\/batijournal.com\/index.php\/author\/stephane\/"}]}},"_links":{"self":[{"href":"https:\/\/batijournal.com\/index.php\/wp-json\/wp\/v2\/posts\/101081","targetHints":{"allow":["GET"]}}],"collection":[{"href":"https:\/\/batijournal.com\/index.php\/wp-json\/wp\/v2\/posts"}],"about":[{"href":"https:\/\/batijournal.com\/index.php\/wp-json\/wp\/v2\/types\/post"}],"author":[{"embeddable":true,"href":"https:\/\/batijournal.com\/index.php\/wp-json\/wp\/v2\/users\/17"}],"replies":[{"embeddable":true,"href":"https:\/\/batijournal.com\/index.php\/wp-json\/wp\/v2\/comments?post=101081"}],"version-history":[{"count":0,"href":"https:\/\/batijournal.com\/index.php\/wp-json\/wp\/v2\/posts\/101081\/revisions"}],"wp:featuredmedia":[{"embeddable":true,"href":"https:\/\/batijournal.com\/index.php\/wp-json\/wp\/v2\/media\/101082"}],"wp:attachment":[{"href":"https:\/\/batijournal.com\/index.php\/wp-json\/wp\/v2\/media?parent=101081"}],"wp:term":[{"taxonomy":"category","embeddable":true,"href":"https:\/\/batijournal.com\/index.php\/wp-json\/wp\/v2\/categories?post=101081"},{"taxonomy":"post_tag","embeddable":true,"href":"https:\/\/batijournal.com\/index.php\/wp-json\/wp\/v2\/tags?post=101081"}],"curies":[{"name":"wp","href":"https:\/\/api.w.org\/{rel}","templated":true}]}}