{"id":101083,"date":"2018-12-12T09:47:31","date_gmt":"2018-12-12T08:47:31","guid":{"rendered":"https:\/\/batijournal.com\/?p=101083"},"modified":"2019-07-15T11:14:45","modified_gmt":"2019-07-15T09:14:45","slug":"le-centre-des-monuments-nationaux-poursuit-le-remeublement-de-la-villa-cavrois","status":"publish","type":"post","link":"https:\/\/batijournal.com\/index.php\/le-centre-des-monuments-nationaux-poursuit-le-remeublement-de-la-villa-cavrois\/101083\/","title":{"rendered":"Le Centre des monuments nationaux poursuit le remeublement de la villa Cavrois"},"content":{"rendered":"\n<p>Depuis 2009, le Centre des monuments nationaux \u0153uvre \u00e0 la remise en valeur de la villa Cavrois, chef d\u2019\u0153uvre moderniste de Robert Mallet-Stevens, en achevant la restauration de ce monument majeur du XXe si\u00e8cle qui a permis de l\u2019ouvrir au public le 13 juin 2015. Soucieux de remeubler la villa avec son mobilier d\u2019origine, le CMN vient d\u2019acqu\u00e9rir, par la voie de la pr\u00e9emption en vente publique chez Ader et Nordmann, plusieurs meubles et objets con\u00e7us par Robert Mallet-Stevens pour la villa Cavrois. Ainsi, une enfilade provenant de la chambre des parents, neuf chaises de la salle \u00e0 manger, une paire de fauteuils \u00e0 oreilles du hall-salon, un tabouret de la salle de bains des parents, une chaise de bureau et une lampe rejoindront prochainement la demeure construite \u00e0 Croix en 1932. Cet achat a \u00e9t\u00e9 rendu possible gr\u00e2ce au fonds du patrimoine, au fonds des monuments historiques et aux amis de la villa Cavrois. Ces meubles seront pr\u00e9sent\u00e9s dans les espaces pour lesquels ils ont \u00e9t\u00e9 con\u00e7us.<\/p>\n\n\n\n<p>Photo : Didier Plowy &#8211; CMN<\/p>\n","protected":false},"excerpt":{"rendered":"<p>Depuis 2009, le Centre des monuments nationaux \u0153uvre \u00e0 la remise en valeur de la villa Cavrois, chef d\u2019\u0153uvre moderniste de Robert Mallet-Stevens, en achevant la restauration de ce monument majeur du XXe si\u00e8cle qui a permis de l\u2019ouvrir au public le 13 juin 2015. Soucieux de remeubler la villa avec son mobilier d\u2019origine, le [&hellip;]<\/p>\n","protected":false},"author":17,"featured_media":101084,"comment_status":"closed","ping_status":"closed","sticky":false,"template":"","format":"standard","meta":{"_et_pb_use_builder":"","_et_pb_old_content":"","_et_gb_content_width":"","footnotes":""},"categories":[10530,6340,10785],"tags":[8113,8651],"class_list":["post-101083","post","type-post","status-publish","format-standard","has-post-thumbnail","hentry","category-actualites","category-architecture-conception","category-atrium","tag-centre-des-monuments-nationaux","tag-cmn"],"yoast_head":"<!-- This site is optimized with the Yoast SEO plugin v27.4 - https:\/\/yoast.com\/product\/yoast-seo-wordpress\/ -->\n<title>Le Centre des monuments nationaux poursuit le remeublement de la villa Cavrois<\/title>\n<meta name=\"description\" content=\"Soucieux de remeubler la villa Cavrois avec son mobilier d\u2019origine, le CMN vient d\u2019acqu\u00e9rir plusieurs meubles et objets con\u00e7us par Robert Mallet-Stevens\" \/>\n<meta name=\"robots\" content=\"index, follow, max-snippet:-1, max-image-preview:large, max-video-preview:-1\" \/>\n<link rel=\"canonical\" href=\"https:\/\/batijournal.com\/index.php\/le-centre-des-monuments-nationaux-poursuit-le-remeublement-de-la-villa-cavrois\/101083\/\" \/>\n<meta property=\"og:locale\" content=\"fr_FR\" \/>\n<meta property=\"og:type\" content=\"article\" \/>\n<meta property=\"og:title\" content=\"Le Centre des monuments nationaux poursuit le remeublement de la villa Cavrois\" \/>\n<meta property=\"og:description\" content=\"Soucieux de remeubler la villa Cavrois avec son mobilier d\u2019origine, le CMN vient d\u2019acqu\u00e9rir plusieurs meubles et objets con\u00e7us par Robert Mallet-Stevens\" \/>\n<meta property=\"og:url\" content=\"https:\/\/batijournal.com\/index.php\/le-centre-des-monuments-nationaux-poursuit-le-remeublement-de-la-villa-cavrois\/101083\/\" \/>\n<meta property=\"og:site_name\" content=\"Batijournal\" \/>\n<meta property=\"article:published_time\" content=\"2018-12-12T08:47:31+00:00\" \/>\n<meta property=\"article:modified_time\" content=\"2019-07-15T09:14:45+00:00\" \/>\n<meta property=\"og:image\" content=\"https:\/\/batijournal.com\/wp-content\/uploads\/2018\/12\/villa-Cavrois.png\" \/>\n\t<meta property=\"og:image:width\" content=\"809\" \/>\n\t<meta property=\"og:image:height\" content=\"539\" \/>\n\t<meta property=\"og:image:type\" content=\"image\/png\" \/>\n<meta name=\"author\" content=\"St\u00e9phane Miget\" \/>\n<meta name=\"twitter:card\" content=\"summary_large_image\" \/>\n<meta name=\"twitter:creator\" content=\"@bati_journal\" \/>\n<meta name=\"twitter:site\" content=\"@bati_journal\" \/>\n<meta name=\"twitter:label1\" content=\"\u00c9crit par\" \/>\n\t<meta name=\"twitter:data1\" content=\"St\u00e9phane Miget\" \/>\n\t<meta name=\"twitter:label2\" content=\"Dur\u00e9e de lecture estim\u00e9e\" \/>\n\t<meta name=\"twitter:data2\" content=\"1 minute\" \/>\n<script type=\"application\/ld+json\" class=\"yoast-schema-graph\">{\"@context\":\"https:\\\/\\\/schema.org\",\"@graph\":[{\"@type\":\"Article\",\"@id\":\"https:\\\/\\\/batijournal.com\\\/index.php\\\/le-centre-des-monuments-nationaux-poursuit-le-remeublement-de-la-villa-cavrois\\\/101083\\\/#article\",\"isPartOf\":{\"@id\":\"https:\\\/\\\/batijournal.com\\\/index.php\\\/le-centre-des-monuments-nationaux-poursuit-le-remeublement-de-la-villa-cavrois\\\/101083\\\/\"},\"author\":{\"name\":\"St\u00e9phane Miget\",\"@id\":\"https:\\\/\\\/batijournal.com\\\/#\\\/schema\\\/person\\\/1dc96ec6957aa1ccb25ebe78bb19f100\"},\"headline\":\"Le Centre des monuments nationaux poursuit le remeublement de la villa Cavrois\",\"datePublished\":\"2018-12-12T08:47:31+00:00\",\"dateModified\":\"2019-07-15T09:14:45+00:00\",\"mainEntityOfPage\":{\"@id\":\"https:\\\/\\\/batijournal.com\\\/index.php\\\/le-centre-des-monuments-nationaux-poursuit-le-remeublement-de-la-villa-cavrois\\\/101083\\\/\"},\"wordCount\":189,\"image\":{\"@id\":\"https:\\\/\\\/batijournal.com\\\/index.php\\\/le-centre-des-monuments-nationaux-poursuit-le-remeublement-de-la-villa-cavrois\\\/101083\\\/#primaryimage\"},\"thumbnailUrl\":\"https:\\\/\\\/batijournal.com\\\/wp-content\\\/uploads\\\/2018\\\/12\\\/villa-Cavrois.png\",\"keywords\":[\"centre des monuments nationaux\",\"cmn\"],\"articleSection\":[\"Actualit\u00e9s\",\"Architecture &amp; Conception\",\"zz_Atrium Patrimoine\"],\"inLanguage\":\"fr-FR\"},{\"@type\":\"WebPage\",\"@id\":\"https:\\\/\\\/batijournal.com\\\/index.php\\\/le-centre-des-monuments-nationaux-poursuit-le-remeublement-de-la-villa-cavrois\\\/101083\\\/\",\"url\":\"https:\\\/\\\/batijournal.com\\\/index.php\\\/le-centre-des-monuments-nationaux-poursuit-le-remeublement-de-la-villa-cavrois\\\/101083\\\/\",\"name\":\"Le Centre des monuments nationaux poursuit le remeublement de la villa Cavrois\",\"isPartOf\":{\"@id\":\"https:\\\/\\\/batijournal.com\\\/#website\"},\"primaryImageOfPage\":{\"@id\":\"https:\\\/\\\/batijournal.com\\\/index.php\\\/le-centre-des-monuments-nationaux-poursuit-le-remeublement-de-la-villa-cavrois\\\/101083\\\/#primaryimage\"},\"image\":{\"@id\":\"https:\\\/\\\/batijournal.com\\\/index.php\\\/le-centre-des-monuments-nationaux-poursuit-le-remeublement-de-la-villa-cavrois\\\/101083\\\/#primaryimage\"},\"thumbnailUrl\":\"https:\\\/\\\/batijournal.com\\\/wp-content\\\/uploads\\\/2018\\\/12\\\/villa-Cavrois.png\",\"datePublished\":\"2018-12-12T08:47:31+00:00\",\"dateModified\":\"2019-07-15T09:14:45+00:00\",\"author\":{\"@id\":\"https:\\\/\\\/batijournal.com\\\/#\\\/schema\\\/person\\\/1dc96ec6957aa1ccb25ebe78bb19f100\"},\"description\":\"Soucieux de remeubler la villa Cavrois avec son mobilier d\u2019origine, le CMN vient d\u2019acqu\u00e9rir plusieurs meubles et objets con\u00e7us par Robert Mallet-Stevens\",\"breadcrumb\":{\"@id\":\"https:\\\/\\\/batijournal.com\\\/index.php\\\/le-centre-des-monuments-nationaux-poursuit-le-remeublement-de-la-villa-cavrois\\\/101083\\\/#breadcrumb\"},\"inLanguage\":\"fr-FR\",\"potentialAction\":[{\"@type\":\"ReadAction\",\"target\":[\"https:\\\/\\\/batijournal.com\\\/index.php\\\/le-centre-des-monuments-nationaux-poursuit-le-remeublement-de-la-villa-cavrois\\\/101083\\\/\"]}]},{\"@type\":\"ImageObject\",\"inLanguage\":\"fr-FR\",\"@id\":\"https:\\\/\\\/batijournal.com\\\/index.php\\\/le-centre-des-monuments-nationaux-poursuit-le-remeublement-de-la-villa-cavrois\\\/101083\\\/#primaryimage\",\"url\":\"https:\\\/\\\/batijournal.com\\\/wp-content\\\/uploads\\\/2018\\\/12\\\/villa-Cavrois.png\",\"contentUrl\":\"https:\\\/\\\/batijournal.com\\\/wp-content\\\/uploads\\\/2018\\\/12\\\/villa-Cavrois.png\",\"width\":809,\"height\":539},{\"@type\":\"BreadcrumbList\",\"@id\":\"https:\\\/\\\/batijournal.com\\\/index.php\\\/le-centre-des-monuments-nationaux-poursuit-le-remeublement-de-la-villa-cavrois\\\/101083\\\/#breadcrumb\",\"itemListElement\":[{\"@type\":\"ListItem\",\"position\":1,\"name\":\"Accueil\",\"item\":\"https:\\\/\\\/batijournal.com\\\/\"},{\"@type\":\"ListItem\",\"position\":2,\"name\":\"Actualit\u00e9s\",\"item\":\"https:\\\/\\\/batijournal.com\\\/index.php\\\/category\\\/actualites\\\/\"},{\"@type\":\"ListItem\",\"position\":3,\"name\":\"Le Centre des monuments nationaux poursuit le remeublement de la villa Cavrois\"}]},{\"@type\":\"WebSite\",\"@id\":\"https:\\\/\\\/batijournal.com\\\/#website\",\"url\":\"https:\\\/\\\/batijournal.com\\\/\",\"name\":\"Batijournal\",\"description\":\"L&#039;actualit\u00e9 du b\u00e2timent\",\"potentialAction\":[{\"@type\":\"SearchAction\",\"target\":{\"@type\":\"EntryPoint\",\"urlTemplate\":\"https:\\\/\\\/batijournal.com\\\/?s={search_term_string}\"},\"query-input\":{\"@type\":\"PropertyValueSpecification\",\"valueRequired\":true,\"valueName\":\"search_term_string\"}}],\"inLanguage\":\"fr-FR\"},{\"@type\":\"Person\",\"@id\":\"https:\\\/\\\/batijournal.com\\\/#\\\/schema\\\/person\\\/1dc96ec6957aa1ccb25ebe78bb19f100\",\"name\":\"St\u00e9phane Miget\",\"image\":{\"@type\":\"ImageObject\",\"inLanguage\":\"fr-FR\",\"@id\":\"https:\\\/\\\/secure.gravatar.com\\\/avatar\\\/89915563d925342126b8ef0281b93d9d7fc337043e8df017f780908eb9644451?s=96&d=mm&r=g\",\"url\":\"https:\\\/\\\/secure.gravatar.com\\\/avatar\\\/89915563d925342126b8ef0281b93d9d7fc337043e8df017f780908eb9644451?s=96&d=mm&r=g\",\"contentUrl\":\"https:\\\/\\\/secure.gravatar.com\\\/avatar\\\/89915563d925342126b8ef0281b93d9d7fc337043e8df017f780908eb9644451?s=96&d=mm&r=g\",\"caption\":\"St\u00e9phane Miget\"},\"url\":\"https:\\\/\\\/batijournal.com\\\/index.php\\\/author\\\/stephane\\\/\"}]}<\/script>\n<!-- \/ Yoast SEO plugin. -->","yoast_head_json":{"title":"Le Centre des monuments nationaux poursuit le remeublement de la villa Cavrois","description":"Soucieux de remeubler la villa Cavrois avec son mobilier d\u2019origine, le CMN vient d\u2019acqu\u00e9rir plusieurs meubles et objets con\u00e7us par Robert Mallet-Stevens","robots":{"index":"index","follow":"follow","max-snippet":"max-snippet:-1","max-image-preview":"max-image-preview:large","max-video-preview":"max-video-preview:-1"},"canonical":"https:\/\/batijournal.com\/index.php\/le-centre-des-monuments-nationaux-poursuit-le-remeublement-de-la-villa-cavrois\/101083\/","og_locale":"fr_FR","og_type":"article","og_title":"Le Centre des monuments nationaux poursuit le remeublement de la villa Cavrois","og_description":"Soucieux de remeubler la villa Cavrois avec son mobilier d\u2019origine, le CMN vient d\u2019acqu\u00e9rir plusieurs meubles et objets con\u00e7us par Robert Mallet-Stevens","og_url":"https:\/\/batijournal.com\/index.php\/le-centre-des-monuments-nationaux-poursuit-le-remeublement-de-la-villa-cavrois\/101083\/","og_site_name":"Batijournal","article_published_time":"2018-12-12T08:47:31+00:00","article_modified_time":"2019-07-15T09:14:45+00:00","og_image":[{"width":809,"height":539,"url":"https:\/\/batijournal.com\/wp-content\/uploads\/2018\/12\/villa-Cavrois.png","type":"image\/png"}],"author":"St\u00e9phane Miget","twitter_card":"summary_large_image","twitter_creator":"@bati_journal","twitter_site":"@bati_journal","twitter_misc":{"\u00c9crit par":"St\u00e9phane Miget","Dur\u00e9e de lecture estim\u00e9e":"1 minute"},"schema":{"@context":"https:\/\/schema.org","@graph":[{"@type":"Article","@id":"https:\/\/batijournal.com\/index.php\/le-centre-des-monuments-nationaux-poursuit-le-remeublement-de-la-villa-cavrois\/101083\/#article","isPartOf":{"@id":"https:\/\/batijournal.com\/index.php\/le-centre-des-monuments-nationaux-poursuit-le-remeublement-de-la-villa-cavrois\/101083\/"},"author":{"name":"St\u00e9phane Miget","@id":"https:\/\/batijournal.com\/#\/schema\/person\/1dc96ec6957aa1ccb25ebe78bb19f100"},"headline":"Le Centre des monuments nationaux poursuit le remeublement de la villa Cavrois","datePublished":"2018-12-12T08:47:31+00:00","dateModified":"2019-07-15T09:14:45+00:00","mainEntityOfPage":{"@id":"https:\/\/batijournal.com\/index.php\/le-centre-des-monuments-nationaux-poursuit-le-remeublement-de-la-villa-cavrois\/101083\/"},"wordCount":189,"image":{"@id":"https:\/\/batijournal.com\/index.php\/le-centre-des-monuments-nationaux-poursuit-le-remeublement-de-la-villa-cavrois\/101083\/#primaryimage"},"thumbnailUrl":"https:\/\/batijournal.com\/wp-content\/uploads\/2018\/12\/villa-Cavrois.png","keywords":["centre des monuments nationaux","cmn"],"articleSection":["Actualit\u00e9s","Architecture &amp; Conception","zz_Atrium Patrimoine"],"inLanguage":"fr-FR"},{"@type":"WebPage","@id":"https:\/\/batijournal.com\/index.php\/le-centre-des-monuments-nationaux-poursuit-le-remeublement-de-la-villa-cavrois\/101083\/","url":"https:\/\/batijournal.com\/index.php\/le-centre-des-monuments-nationaux-poursuit-le-remeublement-de-la-villa-cavrois\/101083\/","name":"Le Centre des monuments nationaux poursuit le remeublement de la villa Cavrois","isPartOf":{"@id":"https:\/\/batijournal.com\/#website"},"primaryImageOfPage":{"@id":"https:\/\/batijournal.com\/index.php\/le-centre-des-monuments-nationaux-poursuit-le-remeublement-de-la-villa-cavrois\/101083\/#primaryimage"},"image":{"@id":"https:\/\/batijournal.com\/index.php\/le-centre-des-monuments-nationaux-poursuit-le-remeublement-de-la-villa-cavrois\/101083\/#primaryimage"},"thumbnailUrl":"https:\/\/batijournal.com\/wp-content\/uploads\/2018\/12\/villa-Cavrois.png","datePublished":"2018-12-12T08:47:31+00:00","dateModified":"2019-07-15T09:14:45+00:00","author":{"@id":"https:\/\/batijournal.com\/#\/schema\/person\/1dc96ec6957aa1ccb25ebe78bb19f100"},"description":"Soucieux de remeubler la villa Cavrois avec son mobilier d\u2019origine, le CMN vient d\u2019acqu\u00e9rir plusieurs meubles et objets con\u00e7us par Robert Mallet-Stevens","breadcrumb":{"@id":"https:\/\/batijournal.com\/index.php\/le-centre-des-monuments-nationaux-poursuit-le-remeublement-de-la-villa-cavrois\/101083\/#breadcrumb"},"inLanguage":"fr-FR","potentialAction":[{"@type":"ReadAction","target":["https:\/\/batijournal.com\/index.php\/le-centre-des-monuments-nationaux-poursuit-le-remeublement-de-la-villa-cavrois\/101083\/"]}]},{"@type":"ImageObject","inLanguage":"fr-FR","@id":"https:\/\/batijournal.com\/index.php\/le-centre-des-monuments-nationaux-poursuit-le-remeublement-de-la-villa-cavrois\/101083\/#primaryimage","url":"https:\/\/batijournal.com\/wp-content\/uploads\/2018\/12\/villa-Cavrois.png","contentUrl":"https:\/\/batijournal.com\/wp-content\/uploads\/2018\/12\/villa-Cavrois.png","width":809,"height":539},{"@type":"BreadcrumbList","@id":"https:\/\/batijournal.com\/index.php\/le-centre-des-monuments-nationaux-poursuit-le-remeublement-de-la-villa-cavrois\/101083\/#breadcrumb","itemListElement":[{"@type":"ListItem","position":1,"name":"Accueil","item":"https:\/\/batijournal.com\/"},{"@type":"ListItem","position":2,"name":"Actualit\u00e9s","item":"https:\/\/batijournal.com\/index.php\/category\/actualites\/"},{"@type":"ListItem","position":3,"name":"Le Centre des monuments nationaux poursuit le remeublement de la villa Cavrois"}]},{"@type":"WebSite","@id":"https:\/\/batijournal.com\/#website","url":"https:\/\/batijournal.com\/","name":"Batijournal","description":"L&#039;actualit\u00e9 du b\u00e2timent","potentialAction":[{"@type":"SearchAction","target":{"@type":"EntryPoint","urlTemplate":"https:\/\/batijournal.com\/?s={search_term_string}"},"query-input":{"@type":"PropertyValueSpecification","valueRequired":true,"valueName":"search_term_string"}}],"inLanguage":"fr-FR"},{"@type":"Person","@id":"https:\/\/batijournal.com\/#\/schema\/person\/1dc96ec6957aa1ccb25ebe78bb19f100","name":"St\u00e9phane Miget","image":{"@type":"ImageObject","inLanguage":"fr-FR","@id":"https:\/\/secure.gravatar.com\/avatar\/89915563d925342126b8ef0281b93d9d7fc337043e8df017f780908eb9644451?s=96&d=mm&r=g","url":"https:\/\/secure.gravatar.com\/avatar\/89915563d925342126b8ef0281b93d9d7fc337043e8df017f780908eb9644451?s=96&d=mm&r=g","contentUrl":"https:\/\/secure.gravatar.com\/avatar\/89915563d925342126b8ef0281b93d9d7fc337043e8df017f780908eb9644451?s=96&d=mm&r=g","caption":"St\u00e9phane Miget"},"url":"https:\/\/batijournal.com\/index.php\/author\/stephane\/"}]}},"_links":{"self":[{"href":"https:\/\/batijournal.com\/index.php\/wp-json\/wp\/v2\/posts\/101083","targetHints":{"allow":["GET"]}}],"collection":[{"href":"https:\/\/batijournal.com\/index.php\/wp-json\/wp\/v2\/posts"}],"about":[{"href":"https:\/\/batijournal.com\/index.php\/wp-json\/wp\/v2\/types\/post"}],"author":[{"embeddable":true,"href":"https:\/\/batijournal.com\/index.php\/wp-json\/wp\/v2\/users\/17"}],"replies":[{"embeddable":true,"href":"https:\/\/batijournal.com\/index.php\/wp-json\/wp\/v2\/comments?post=101083"}],"version-history":[{"count":0,"href":"https:\/\/batijournal.com\/index.php\/wp-json\/wp\/v2\/posts\/101083\/revisions"}],"wp:featuredmedia":[{"embeddable":true,"href":"https:\/\/batijournal.com\/index.php\/wp-json\/wp\/v2\/media\/101084"}],"wp:attachment":[{"href":"https:\/\/batijournal.com\/index.php\/wp-json\/wp\/v2\/media?parent=101083"}],"wp:term":[{"taxonomy":"category","embeddable":true,"href":"https:\/\/batijournal.com\/index.php\/wp-json\/wp\/v2\/categories?post=101083"},{"taxonomy":"post_tag","embeddable":true,"href":"https:\/\/batijournal.com\/index.php\/wp-json\/wp\/v2\/tags?post=101083"}],"curies":[{"name":"wp","href":"https:\/\/api.w.org\/{rel}","templated":true}]}}