{"id":101115,"date":"2018-12-18T09:05:44","date_gmt":"2018-12-18T08:05:44","guid":{"rendered":"https:\/\/batijournal.com\/?p=101115"},"modified":"2019-07-15T12:03:41","modified_gmt":"2019-07-15T10:03:41","slug":"les-tarifs-reglementes-du-du-gaz-figes-jusqua-la-fin-du-mois-de-juin","status":"publish","type":"post","link":"https:\/\/batijournal.com\/index.php\/les-tarifs-reglementes-du-du-gaz-figes-jusqua-la-fin-du-mois-de-juin\/101115\/","title":{"rendered":"Les tarifs r\u00e9glement\u00e9s du du gaz fig\u00e9s jusqu\u2019\u00e0 la fin du mois de juin"},"content":{"rendered":"<p>A la suite du discours du Premier ministre le 4 d\u00e9cembre 2018, annon\u00e7ant que les tarifs du gaz n\u2019augmenteraient pas au cours de l\u2019hiver 2018-2019, le minist\u00e8re de la Transition \u00e9cologique et solidaire a pris les mesures pour que les tarifs r\u00e9glement\u00e9s d\u2019Engie n\u2019augmentent pas jusqu\u2019\u00e0 la fin du mois de juin 2019. Pour assurer la stabilit\u00e9 de ses co\u00fbts d\u2019approvisionnement au-del\u00e0 du mois de janvier, le gouvernement a demand\u00e9 \u00e0 ENGIE de proc\u00e9der, d\u2019ici \u00e0 la fin du mois de d\u00e9cembre 2018, \u00e0 une op\u00e9ration de couverture portant sur les volumes de ventes aux tarifs r\u00e9glement\u00e9s des mois de f\u00e9vrier \u00e0 juin 2019. Cette op\u00e9ration conduira \u00e0 la suspension, pour ces 5 mois, de la formule d\u2019\u00e9volution des tarifs r\u00e9glement\u00e9s d\u2019ENGIE actuellement utilis\u00e9e. Le Minist\u00e8re de la Transition \u00e9cologique et solidaire pourra demander \u00e0 ENGIE d\u2019interrompre ses op\u00e9rations dans le cas o\u00f9 les conditions de march\u00e9 seraient d\u00e9favorables. Un arr\u00eat\u00e9, pris apr\u00e8s avis du Conseil sup\u00e9rieur de l\u2019\u00e9nergie et de la Commission de r\u00e9gulation de l\u2019\u00e9nergie (CRE), permettra de modifier, sur les mois de f\u00e9vrier \u00e0 juin, la formule d\u2019\u00e9volution des tarifs r\u00e9glement\u00e9s de gaz d\u2019ENGIE afin de refl\u00e9ter ses co\u00fbts d\u2019approvisionnement en tenant compte de cette op\u00e9ration de couverture exceptionnelle.<\/p>\n","protected":false},"excerpt":{"rendered":"<p>A la suite du discours du Premier ministre le 4 d\u00e9cembre 2018, annon\u00e7ant que les tarifs du gaz n\u2019augmenteraient pas au cours de l\u2019hiver 2018-2019, le minist\u00e8re de la Transition \u00e9cologique et solidaire a pris les mesures pour que les tarifs r\u00e9glement\u00e9s d\u2019Engie n\u2019augmentent pas jusqu\u2019\u00e0 la fin du mois de juin 2019. Pour assurer [&hellip;]<\/p>\n","protected":false},"author":17,"featured_media":101116,"comment_status":"closed","ping_status":"closed","sticky":false,"template":"","format":"standard","meta":{"_et_pb_use_builder":"","_et_pb_old_content":"","_et_gb_content_width":"","footnotes":""},"categories":[10530,6345,10778],"tags":[591],"class_list":["post-101115","post","type-post","status-publish","format-standard","has-post-thumbnail","hentry","category-actualites","category-economie-marches","category-planete","tag-gaz"],"yoast_head":"<!-- This site is optimized with the Yoast SEO plugin v27.4 - https:\/\/yoast.com\/product\/yoast-seo-wordpress\/ -->\n<title>Les tarifs r\u00e9glement\u00e9s du du gaz fig\u00e9s jusqu\u2019\u00e0 la fin du mois de juin<\/title>\n<meta name=\"description\" content=\"le minist\u00e8re de la Transition \u00e9cologique a pris les mesures pour que les tarifs r\u00e9glement\u00e9s du gaz d\u2019Engie n\u2019augmentent pas jusqu\u2019\u00e0 fin juin 2019\" \/>\n<meta name=\"robots\" content=\"index, follow, max-snippet:-1, max-image-preview:large, max-video-preview:-1\" \/>\n<link rel=\"canonical\" href=\"https:\/\/batijournal.com\/index.php\/les-tarifs-reglementes-du-du-gaz-figes-jusqua-la-fin-du-mois-de-juin\/101115\/\" \/>\n<meta property=\"og:locale\" content=\"fr_FR\" \/>\n<meta property=\"og:type\" content=\"article\" \/>\n<meta property=\"og:title\" content=\"Les tarifs r\u00e9glement\u00e9s du du gaz fig\u00e9s jusqu\u2019\u00e0 la fin du mois de juin\" \/>\n<meta property=\"og:description\" content=\"le minist\u00e8re de la Transition \u00e9cologique a pris les mesures pour que les tarifs r\u00e9glement\u00e9s du gaz d\u2019Engie n\u2019augmentent pas jusqu\u2019\u00e0 fin juin 2019\" \/>\n<meta property=\"og:url\" content=\"https:\/\/batijournal.com\/index.php\/les-tarifs-reglementes-du-du-gaz-figes-jusqua-la-fin-du-mois-de-juin\/101115\/\" \/>\n<meta property=\"og:site_name\" content=\"Batijournal\" \/>\n<meta property=\"article:published_time\" content=\"2018-12-18T08:05:44+00:00\" \/>\n<meta property=\"article:modified_time\" content=\"2019-07-15T10:03:41+00:00\" \/>\n<meta property=\"og:image\" content=\"https:\/\/batijournal.com\/wp-content\/uploads\/2018\/12\/flamme-gaz.jpg\" \/>\n\t<meta property=\"og:image:width\" content=\"665\" \/>\n\t<meta property=\"og:image:height\" content=\"300\" \/>\n\t<meta property=\"og:image:type\" content=\"image\/jpeg\" \/>\n<meta name=\"author\" content=\"St\u00e9phane Miget\" \/>\n<meta name=\"twitter:card\" content=\"summary_large_image\" \/>\n<meta name=\"twitter:creator\" content=\"@bati_journal\" \/>\n<meta name=\"twitter:site\" content=\"@bati_journal\" \/>\n<meta name=\"twitter:label1\" content=\"\u00c9crit par\" \/>\n\t<meta name=\"twitter:data1\" content=\"St\u00e9phane Miget\" \/>\n\t<meta name=\"twitter:label2\" content=\"Dur\u00e9e de lecture estim\u00e9e\" \/>\n\t<meta name=\"twitter:data2\" content=\"1 minute\" \/>\n<script type=\"application\/ld+json\" class=\"yoast-schema-graph\">{\"@context\":\"https:\\\/\\\/schema.org\",\"@graph\":[{\"@type\":\"Article\",\"@id\":\"https:\\\/\\\/batijournal.com\\\/index.php\\\/les-tarifs-reglementes-du-du-gaz-figes-jusqua-la-fin-du-mois-de-juin\\\/101115\\\/#article\",\"isPartOf\":{\"@id\":\"https:\\\/\\\/batijournal.com\\\/index.php\\\/les-tarifs-reglementes-du-du-gaz-figes-jusqua-la-fin-du-mois-de-juin\\\/101115\\\/\"},\"author\":{\"name\":\"St\u00e9phane Miget\",\"@id\":\"https:\\\/\\\/batijournal.com\\\/#\\\/schema\\\/person\\\/1dc96ec6957aa1ccb25ebe78bb19f100\"},\"headline\":\"Les tarifs r\u00e9glement\u00e9s du du gaz fig\u00e9s jusqu\u2019\u00e0 la fin du mois de juin\",\"datePublished\":\"2018-12-18T08:05:44+00:00\",\"dateModified\":\"2019-07-15T10:03:41+00:00\",\"mainEntityOfPage\":{\"@id\":\"https:\\\/\\\/batijournal.com\\\/index.php\\\/les-tarifs-reglementes-du-du-gaz-figes-jusqua-la-fin-du-mois-de-juin\\\/101115\\\/\"},\"wordCount\":249,\"image\":{\"@id\":\"https:\\\/\\\/batijournal.com\\\/index.php\\\/les-tarifs-reglementes-du-du-gaz-figes-jusqua-la-fin-du-mois-de-juin\\\/101115\\\/#primaryimage\"},\"thumbnailUrl\":\"https:\\\/\\\/batijournal.com\\\/wp-content\\\/uploads\\\/2018\\\/12\\\/flamme-gaz.jpg\",\"keywords\":[\"gaz\"],\"articleSection\":[\"Actualit\u00e9s\",\"\u00c9conomie &amp; March\u00e9s\",\"zz_Plan\u00e8te B\u00e2timent\"],\"inLanguage\":\"fr-FR\"},{\"@type\":\"WebPage\",\"@id\":\"https:\\\/\\\/batijournal.com\\\/index.php\\\/les-tarifs-reglementes-du-du-gaz-figes-jusqua-la-fin-du-mois-de-juin\\\/101115\\\/\",\"url\":\"https:\\\/\\\/batijournal.com\\\/index.php\\\/les-tarifs-reglementes-du-du-gaz-figes-jusqua-la-fin-du-mois-de-juin\\\/101115\\\/\",\"name\":\"Les tarifs r\u00e9glement\u00e9s du du gaz fig\u00e9s jusqu\u2019\u00e0 la fin du mois de juin\",\"isPartOf\":{\"@id\":\"https:\\\/\\\/batijournal.com\\\/#website\"},\"primaryImageOfPage\":{\"@id\":\"https:\\\/\\\/batijournal.com\\\/index.php\\\/les-tarifs-reglementes-du-du-gaz-figes-jusqua-la-fin-du-mois-de-juin\\\/101115\\\/#primaryimage\"},\"image\":{\"@id\":\"https:\\\/\\\/batijournal.com\\\/index.php\\\/les-tarifs-reglementes-du-du-gaz-figes-jusqua-la-fin-du-mois-de-juin\\\/101115\\\/#primaryimage\"},\"thumbnailUrl\":\"https:\\\/\\\/batijournal.com\\\/wp-content\\\/uploads\\\/2018\\\/12\\\/flamme-gaz.jpg\",\"datePublished\":\"2018-12-18T08:05:44+00:00\",\"dateModified\":\"2019-07-15T10:03:41+00:00\",\"author\":{\"@id\":\"https:\\\/\\\/batijournal.com\\\/#\\\/schema\\\/person\\\/1dc96ec6957aa1ccb25ebe78bb19f100\"},\"description\":\"le minist\u00e8re de la Transition \u00e9cologique a pris les mesures pour que les tarifs r\u00e9glement\u00e9s du gaz d\u2019Engie n\u2019augmentent pas jusqu\u2019\u00e0 fin juin 2019\",\"breadcrumb\":{\"@id\":\"https:\\\/\\\/batijournal.com\\\/index.php\\\/les-tarifs-reglementes-du-du-gaz-figes-jusqua-la-fin-du-mois-de-juin\\\/101115\\\/#breadcrumb\"},\"inLanguage\":\"fr-FR\",\"potentialAction\":[{\"@type\":\"ReadAction\",\"target\":[\"https:\\\/\\\/batijournal.com\\\/index.php\\\/les-tarifs-reglementes-du-du-gaz-figes-jusqua-la-fin-du-mois-de-juin\\\/101115\\\/\"]}]},{\"@type\":\"ImageObject\",\"inLanguage\":\"fr-FR\",\"@id\":\"https:\\\/\\\/batijournal.com\\\/index.php\\\/les-tarifs-reglementes-du-du-gaz-figes-jusqua-la-fin-du-mois-de-juin\\\/101115\\\/#primaryimage\",\"url\":\"https:\\\/\\\/batijournal.com\\\/wp-content\\\/uploads\\\/2018\\\/12\\\/flamme-gaz.jpg\",\"contentUrl\":\"https:\\\/\\\/batijournal.com\\\/wp-content\\\/uploads\\\/2018\\\/12\\\/flamme-gaz.jpg\",\"width\":665,\"height\":300},{\"@type\":\"BreadcrumbList\",\"@id\":\"https:\\\/\\\/batijournal.com\\\/index.php\\\/les-tarifs-reglementes-du-du-gaz-figes-jusqua-la-fin-du-mois-de-juin\\\/101115\\\/#breadcrumb\",\"itemListElement\":[{\"@type\":\"ListItem\",\"position\":1,\"name\":\"Accueil\",\"item\":\"https:\\\/\\\/batijournal.com\\\/\"},{\"@type\":\"ListItem\",\"position\":2,\"name\":\"Actualit\u00e9s\",\"item\":\"https:\\\/\\\/batijournal.com\\\/index.php\\\/category\\\/actualites\\\/\"},{\"@type\":\"ListItem\",\"position\":3,\"name\":\"Les tarifs r\u00e9glement\u00e9s du du gaz fig\u00e9s jusqu\u2019\u00e0 la fin du mois de juin\"}]},{\"@type\":\"WebSite\",\"@id\":\"https:\\\/\\\/batijournal.com\\\/#website\",\"url\":\"https:\\\/\\\/batijournal.com\\\/\",\"name\":\"Batijournal\",\"description\":\"L&#039;actualit\u00e9 du b\u00e2timent\",\"potentialAction\":[{\"@type\":\"SearchAction\",\"target\":{\"@type\":\"EntryPoint\",\"urlTemplate\":\"https:\\\/\\\/batijournal.com\\\/?s={search_term_string}\"},\"query-input\":{\"@type\":\"PropertyValueSpecification\",\"valueRequired\":true,\"valueName\":\"search_term_string\"}}],\"inLanguage\":\"fr-FR\"},{\"@type\":\"Person\",\"@id\":\"https:\\\/\\\/batijournal.com\\\/#\\\/schema\\\/person\\\/1dc96ec6957aa1ccb25ebe78bb19f100\",\"name\":\"St\u00e9phane Miget\",\"image\":{\"@type\":\"ImageObject\",\"inLanguage\":\"fr-FR\",\"@id\":\"https:\\\/\\\/secure.gravatar.com\\\/avatar\\\/89915563d925342126b8ef0281b93d9d7fc337043e8df017f780908eb9644451?s=96&d=mm&r=g\",\"url\":\"https:\\\/\\\/secure.gravatar.com\\\/avatar\\\/89915563d925342126b8ef0281b93d9d7fc337043e8df017f780908eb9644451?s=96&d=mm&r=g\",\"contentUrl\":\"https:\\\/\\\/secure.gravatar.com\\\/avatar\\\/89915563d925342126b8ef0281b93d9d7fc337043e8df017f780908eb9644451?s=96&d=mm&r=g\",\"caption\":\"St\u00e9phane Miget\"},\"url\":\"https:\\\/\\\/batijournal.com\\\/index.php\\\/author\\\/stephane\\\/\"}]}<\/script>\n<!-- \/ Yoast SEO plugin. -->","yoast_head_json":{"title":"Les tarifs r\u00e9glement\u00e9s du du gaz fig\u00e9s jusqu\u2019\u00e0 la fin du mois de juin","description":"le minist\u00e8re de la Transition \u00e9cologique a pris les mesures pour que les tarifs r\u00e9glement\u00e9s du gaz d\u2019Engie n\u2019augmentent pas jusqu\u2019\u00e0 fin juin 2019","robots":{"index":"index","follow":"follow","max-snippet":"max-snippet:-1","max-image-preview":"max-image-preview:large","max-video-preview":"max-video-preview:-1"},"canonical":"https:\/\/batijournal.com\/index.php\/les-tarifs-reglementes-du-du-gaz-figes-jusqua-la-fin-du-mois-de-juin\/101115\/","og_locale":"fr_FR","og_type":"article","og_title":"Les tarifs r\u00e9glement\u00e9s du du gaz fig\u00e9s jusqu\u2019\u00e0 la fin du mois de juin","og_description":"le minist\u00e8re de la Transition \u00e9cologique a pris les mesures pour que les tarifs r\u00e9glement\u00e9s du gaz d\u2019Engie n\u2019augmentent pas jusqu\u2019\u00e0 fin juin 2019","og_url":"https:\/\/batijournal.com\/index.php\/les-tarifs-reglementes-du-du-gaz-figes-jusqua-la-fin-du-mois-de-juin\/101115\/","og_site_name":"Batijournal","article_published_time":"2018-12-18T08:05:44+00:00","article_modified_time":"2019-07-15T10:03:41+00:00","og_image":[{"width":665,"height":300,"url":"https:\/\/batijournal.com\/wp-content\/uploads\/2018\/12\/flamme-gaz.jpg","type":"image\/jpeg"}],"author":"St\u00e9phane Miget","twitter_card":"summary_large_image","twitter_creator":"@bati_journal","twitter_site":"@bati_journal","twitter_misc":{"\u00c9crit par":"St\u00e9phane Miget","Dur\u00e9e de lecture estim\u00e9e":"1 minute"},"schema":{"@context":"https:\/\/schema.org","@graph":[{"@type":"Article","@id":"https:\/\/batijournal.com\/index.php\/les-tarifs-reglementes-du-du-gaz-figes-jusqua-la-fin-du-mois-de-juin\/101115\/#article","isPartOf":{"@id":"https:\/\/batijournal.com\/index.php\/les-tarifs-reglementes-du-du-gaz-figes-jusqua-la-fin-du-mois-de-juin\/101115\/"},"author":{"name":"St\u00e9phane Miget","@id":"https:\/\/batijournal.com\/#\/schema\/person\/1dc96ec6957aa1ccb25ebe78bb19f100"},"headline":"Les tarifs r\u00e9glement\u00e9s du du gaz fig\u00e9s jusqu\u2019\u00e0 la fin du mois de juin","datePublished":"2018-12-18T08:05:44+00:00","dateModified":"2019-07-15T10:03:41+00:00","mainEntityOfPage":{"@id":"https:\/\/batijournal.com\/index.php\/les-tarifs-reglementes-du-du-gaz-figes-jusqua-la-fin-du-mois-de-juin\/101115\/"},"wordCount":249,"image":{"@id":"https:\/\/batijournal.com\/index.php\/les-tarifs-reglementes-du-du-gaz-figes-jusqua-la-fin-du-mois-de-juin\/101115\/#primaryimage"},"thumbnailUrl":"https:\/\/batijournal.com\/wp-content\/uploads\/2018\/12\/flamme-gaz.jpg","keywords":["gaz"],"articleSection":["Actualit\u00e9s","\u00c9conomie &amp; March\u00e9s","zz_Plan\u00e8te B\u00e2timent"],"inLanguage":"fr-FR"},{"@type":"WebPage","@id":"https:\/\/batijournal.com\/index.php\/les-tarifs-reglementes-du-du-gaz-figes-jusqua-la-fin-du-mois-de-juin\/101115\/","url":"https:\/\/batijournal.com\/index.php\/les-tarifs-reglementes-du-du-gaz-figes-jusqua-la-fin-du-mois-de-juin\/101115\/","name":"Les tarifs r\u00e9glement\u00e9s du du gaz fig\u00e9s jusqu\u2019\u00e0 la fin du mois de juin","isPartOf":{"@id":"https:\/\/batijournal.com\/#website"},"primaryImageOfPage":{"@id":"https:\/\/batijournal.com\/index.php\/les-tarifs-reglementes-du-du-gaz-figes-jusqua-la-fin-du-mois-de-juin\/101115\/#primaryimage"},"image":{"@id":"https:\/\/batijournal.com\/index.php\/les-tarifs-reglementes-du-du-gaz-figes-jusqua-la-fin-du-mois-de-juin\/101115\/#primaryimage"},"thumbnailUrl":"https:\/\/batijournal.com\/wp-content\/uploads\/2018\/12\/flamme-gaz.jpg","datePublished":"2018-12-18T08:05:44+00:00","dateModified":"2019-07-15T10:03:41+00:00","author":{"@id":"https:\/\/batijournal.com\/#\/schema\/person\/1dc96ec6957aa1ccb25ebe78bb19f100"},"description":"le minist\u00e8re de la Transition \u00e9cologique a pris les mesures pour que les tarifs r\u00e9glement\u00e9s du gaz d\u2019Engie n\u2019augmentent pas jusqu\u2019\u00e0 fin juin 2019","breadcrumb":{"@id":"https:\/\/batijournal.com\/index.php\/les-tarifs-reglementes-du-du-gaz-figes-jusqua-la-fin-du-mois-de-juin\/101115\/#breadcrumb"},"inLanguage":"fr-FR","potentialAction":[{"@type":"ReadAction","target":["https:\/\/batijournal.com\/index.php\/les-tarifs-reglementes-du-du-gaz-figes-jusqua-la-fin-du-mois-de-juin\/101115\/"]}]},{"@type":"ImageObject","inLanguage":"fr-FR","@id":"https:\/\/batijournal.com\/index.php\/les-tarifs-reglementes-du-du-gaz-figes-jusqua-la-fin-du-mois-de-juin\/101115\/#primaryimage","url":"https:\/\/batijournal.com\/wp-content\/uploads\/2018\/12\/flamme-gaz.jpg","contentUrl":"https:\/\/batijournal.com\/wp-content\/uploads\/2018\/12\/flamme-gaz.jpg","width":665,"height":300},{"@type":"BreadcrumbList","@id":"https:\/\/batijournal.com\/index.php\/les-tarifs-reglementes-du-du-gaz-figes-jusqua-la-fin-du-mois-de-juin\/101115\/#breadcrumb","itemListElement":[{"@type":"ListItem","position":1,"name":"Accueil","item":"https:\/\/batijournal.com\/"},{"@type":"ListItem","position":2,"name":"Actualit\u00e9s","item":"https:\/\/batijournal.com\/index.php\/category\/actualites\/"},{"@type":"ListItem","position":3,"name":"Les tarifs r\u00e9glement\u00e9s du du gaz fig\u00e9s jusqu\u2019\u00e0 la fin du mois de juin"}]},{"@type":"WebSite","@id":"https:\/\/batijournal.com\/#website","url":"https:\/\/batijournal.com\/","name":"Batijournal","description":"L&#039;actualit\u00e9 du b\u00e2timent","potentialAction":[{"@type":"SearchAction","target":{"@type":"EntryPoint","urlTemplate":"https:\/\/batijournal.com\/?s={search_term_string}"},"query-input":{"@type":"PropertyValueSpecification","valueRequired":true,"valueName":"search_term_string"}}],"inLanguage":"fr-FR"},{"@type":"Person","@id":"https:\/\/batijournal.com\/#\/schema\/person\/1dc96ec6957aa1ccb25ebe78bb19f100","name":"St\u00e9phane Miget","image":{"@type":"ImageObject","inLanguage":"fr-FR","@id":"https:\/\/secure.gravatar.com\/avatar\/89915563d925342126b8ef0281b93d9d7fc337043e8df017f780908eb9644451?s=96&d=mm&r=g","url":"https:\/\/secure.gravatar.com\/avatar\/89915563d925342126b8ef0281b93d9d7fc337043e8df017f780908eb9644451?s=96&d=mm&r=g","contentUrl":"https:\/\/secure.gravatar.com\/avatar\/89915563d925342126b8ef0281b93d9d7fc337043e8df017f780908eb9644451?s=96&d=mm&r=g","caption":"St\u00e9phane Miget"},"url":"https:\/\/batijournal.com\/index.php\/author\/stephane\/"}]}},"_links":{"self":[{"href":"https:\/\/batijournal.com\/index.php\/wp-json\/wp\/v2\/posts\/101115","targetHints":{"allow":["GET"]}}],"collection":[{"href":"https:\/\/batijournal.com\/index.php\/wp-json\/wp\/v2\/posts"}],"about":[{"href":"https:\/\/batijournal.com\/index.php\/wp-json\/wp\/v2\/types\/post"}],"author":[{"embeddable":true,"href":"https:\/\/batijournal.com\/index.php\/wp-json\/wp\/v2\/users\/17"}],"replies":[{"embeddable":true,"href":"https:\/\/batijournal.com\/index.php\/wp-json\/wp\/v2\/comments?post=101115"}],"version-history":[{"count":0,"href":"https:\/\/batijournal.com\/index.php\/wp-json\/wp\/v2\/posts\/101115\/revisions"}],"wp:featuredmedia":[{"embeddable":true,"href":"https:\/\/batijournal.com\/index.php\/wp-json\/wp\/v2\/media\/101116"}],"wp:attachment":[{"href":"https:\/\/batijournal.com\/index.php\/wp-json\/wp\/v2\/media?parent=101115"}],"wp:term":[{"taxonomy":"category","embeddable":true,"href":"https:\/\/batijournal.com\/index.php\/wp-json\/wp\/v2\/categories?post=101115"},{"taxonomy":"post_tag","embeddable":true,"href":"https:\/\/batijournal.com\/index.php\/wp-json\/wp\/v2\/tags?post=101115"}],"curies":[{"name":"wp","href":"https:\/\/api.w.org\/{rel}","templated":true}]}}