{"id":101122,"date":"2018-12-18T09:55:41","date_gmt":"2018-12-18T08:55:41","guid":{"rendered":"https:\/\/batijournal.com\/?p=101122"},"modified":"2019-07-15T12:19:47","modified_gmt":"2019-07-15T10:19:47","slug":"les-fenetres-de-nouveau-eligibles-au-cite","status":"publish","type":"post","link":"https:\/\/batijournal.com\/index.php\/les-fenetres-de-nouveau-eligibles-au-cite\/101122\/","title":{"rendered":"Les fen\u00eatres de nouveau \u00e9ligibles au CITE"},"content":{"rendered":"<p>Fran\u00e7ois de Rugy, le ministre de la Transition \u00e9cologique, a annonc\u00e9 sur Europe 1, que le gouvernement allait r\u00e9int\u00e9grer le changements des fen\u00eatres au cr\u00e9dit d&rsquo;imp\u00f4t transition \u00e9nerg\u00e9tique (CITE). L&rsquo;aide sera octroy\u00e9e pour le passage du simple au double vitrage\u00a0et plafonn\u00e9e \u00e0 100 \u20ac par fen\u00eatre. Les diff\u00e9rents organismes du BTP qui r\u00e9clamaient le retour des fen\u00eatres dans le cadre du CITE depuis plusieurs mois, vont finalement avoir gain de cause.<\/p>\n","protected":false},"excerpt":{"rendered":"<p>Fran\u00e7ois de Rugy, le ministre de la Transition \u00e9cologique, a annonc\u00e9 sur Europe 1, que le gouvernement allait r\u00e9int\u00e9grer le changements des fen\u00eatres au cr\u00e9dit d&rsquo;imp\u00f4t transition \u00e9nerg\u00e9tique (CITE). L&rsquo;aide sera octroy\u00e9e pour le passage du simple au double vitrage\u00a0et plafonn\u00e9e \u00e0 100 \u20ac par fen\u00eatre. Les diff\u00e9rents organismes du BTP qui r\u00e9clamaient le retour [&hellip;]<\/p>\n","protected":false},"author":17,"featured_media":96326,"comment_status":"closed","ping_status":"closed","sticky":false,"template":"","format":"standard","meta":{"_et_pb_use_builder":"","_et_pb_old_content":"","_et_gb_content_width":"","footnotes":""},"categories":[10530,6351,10778],"tags":[428,466],"class_list":["post-101122","post","type-post","status-publish","format-standard","has-post-thumbnail","hentry","category-actualites","category-energie-environnement","category-planete","tag-credit-dimpot","tag-fenetres"],"yoast_head":"<!-- This site is optimized with the Yoast SEO plugin v27.4 - https:\/\/yoast.com\/product\/yoast-seo-wordpress\/ -->\n<title>CITE : le ministre annonce la r\u00e9int\u00e9gration des fen\u00eatres au cr\u00e9dit.<\/title>\n<meta name=\"description\" content=\"Fran\u00e7ois de Rugy, le ministre de la Transition \u00e9cologique, a annonc\u00e9 sur Europe 1, lat r\u00e9int\u00e9greration du CITE (cr\u00e9dit d&#039;imp\u00f4t transition \u00e9nerg\u00e9tique)\" \/>\n<meta name=\"robots\" content=\"index, follow, max-snippet:-1, max-image-preview:large, max-video-preview:-1\" \/>\n<link rel=\"canonical\" href=\"https:\/\/batijournal.com\/index.php\/les-fenetres-de-nouveau-eligibles-au-cite\/101122\/\" \/>\n<meta property=\"og:locale\" content=\"fr_FR\" \/>\n<meta property=\"og:type\" content=\"article\" \/>\n<meta property=\"og:title\" content=\"CITE : le ministre annonce la r\u00e9int\u00e9gration des fen\u00eatres au cr\u00e9dit.\" \/>\n<meta property=\"og:description\" content=\"Fran\u00e7ois de Rugy, le ministre de la Transition \u00e9cologique, a annonc\u00e9 sur Europe 1, lat r\u00e9int\u00e9greration du CITE (cr\u00e9dit d&#039;imp\u00f4t transition \u00e9nerg\u00e9tique)\" \/>\n<meta property=\"og:url\" content=\"https:\/\/batijournal.com\/index.php\/les-fenetres-de-nouveau-eligibles-au-cite\/101122\/\" \/>\n<meta property=\"og:site_name\" content=\"Batijournal\" \/>\n<meta property=\"article:published_time\" content=\"2018-12-18T08:55:41+00:00\" \/>\n<meta property=\"article:modified_time\" content=\"2019-07-15T10:19:47+00:00\" \/>\n<meta property=\"og:image\" content=\"https:\/\/batijournal.com\/wp-content\/uploads\/2017\/06\/fenetre-menuiseries.jpg\" \/>\n\t<meta property=\"og:image:width\" content=\"976\" \/>\n\t<meta property=\"og:image:height\" content=\"663\" \/>\n\t<meta property=\"og:image:type\" content=\"image\/jpeg\" \/>\n<meta name=\"author\" content=\"St\u00e9phane Miget\" \/>\n<meta name=\"twitter:card\" content=\"summary_large_image\" \/>\n<meta name=\"twitter:creator\" content=\"@bati_journal\" \/>\n<meta name=\"twitter:site\" content=\"@bati_journal\" \/>\n<meta name=\"twitter:label1\" content=\"\u00c9crit par\" \/>\n\t<meta name=\"twitter:data1\" content=\"St\u00e9phane Miget\" \/>\n<script type=\"application\/ld+json\" class=\"yoast-schema-graph\">{\"@context\":\"https:\\\/\\\/schema.org\",\"@graph\":[{\"@type\":\"Article\",\"@id\":\"https:\\\/\\\/batijournal.com\\\/index.php\\\/les-fenetres-de-nouveau-eligibles-au-cite\\\/101122\\\/#article\",\"isPartOf\":{\"@id\":\"https:\\\/\\\/batijournal.com\\\/index.php\\\/les-fenetres-de-nouveau-eligibles-au-cite\\\/101122\\\/\"},\"author\":{\"name\":\"St\u00e9phane Miget\",\"@id\":\"https:\\\/\\\/batijournal.com\\\/#\\\/schema\\\/person\\\/1dc96ec6957aa1ccb25ebe78bb19f100\"},\"headline\":\"Les fen\u00eatres de nouveau \u00e9ligibles au CITE\",\"datePublished\":\"2018-12-18T08:55:41+00:00\",\"dateModified\":\"2019-07-15T10:19:47+00:00\",\"mainEntityOfPage\":{\"@id\":\"https:\\\/\\\/batijournal.com\\\/index.php\\\/les-fenetres-de-nouveau-eligibles-au-cite\\\/101122\\\/\"},\"wordCount\":91,\"image\":{\"@id\":\"https:\\\/\\\/batijournal.com\\\/index.php\\\/les-fenetres-de-nouveau-eligibles-au-cite\\\/101122\\\/#primaryimage\"},\"thumbnailUrl\":\"https:\\\/\\\/batijournal.com\\\/wp-content\\\/uploads\\\/2017\\\/06\\\/fenetre-menuiseries.jpg\",\"keywords\":[\"cr\u00e9dit d'imp\u00f4t\",\"fen\u00eatres\"],\"articleSection\":[\"Actualit\u00e9s\",\"\u00c9nergie &amp; Environnement\",\"zz_Plan\u00e8te B\u00e2timent\"],\"inLanguage\":\"fr-FR\"},{\"@type\":\"WebPage\",\"@id\":\"https:\\\/\\\/batijournal.com\\\/index.php\\\/les-fenetres-de-nouveau-eligibles-au-cite\\\/101122\\\/\",\"url\":\"https:\\\/\\\/batijournal.com\\\/index.php\\\/les-fenetres-de-nouveau-eligibles-au-cite\\\/101122\\\/\",\"name\":\"CITE : le ministre annonce la r\u00e9int\u00e9gration des fen\u00eatres au cr\u00e9dit.\",\"isPartOf\":{\"@id\":\"https:\\\/\\\/batijournal.com\\\/#website\"},\"primaryImageOfPage\":{\"@id\":\"https:\\\/\\\/batijournal.com\\\/index.php\\\/les-fenetres-de-nouveau-eligibles-au-cite\\\/101122\\\/#primaryimage\"},\"image\":{\"@id\":\"https:\\\/\\\/batijournal.com\\\/index.php\\\/les-fenetres-de-nouveau-eligibles-au-cite\\\/101122\\\/#primaryimage\"},\"thumbnailUrl\":\"https:\\\/\\\/batijournal.com\\\/wp-content\\\/uploads\\\/2017\\\/06\\\/fenetre-menuiseries.jpg\",\"datePublished\":\"2018-12-18T08:55:41+00:00\",\"dateModified\":\"2019-07-15T10:19:47+00:00\",\"author\":{\"@id\":\"https:\\\/\\\/batijournal.com\\\/#\\\/schema\\\/person\\\/1dc96ec6957aa1ccb25ebe78bb19f100\"},\"description\":\"Fran\u00e7ois de Rugy, le ministre de la Transition \u00e9cologique, a annonc\u00e9 sur Europe 1, lat r\u00e9int\u00e9greration du CITE (cr\u00e9dit d'imp\u00f4t transition \u00e9nerg\u00e9tique)\",\"breadcrumb\":{\"@id\":\"https:\\\/\\\/batijournal.com\\\/index.php\\\/les-fenetres-de-nouveau-eligibles-au-cite\\\/101122\\\/#breadcrumb\"},\"inLanguage\":\"fr-FR\",\"potentialAction\":[{\"@type\":\"ReadAction\",\"target\":[\"https:\\\/\\\/batijournal.com\\\/index.php\\\/les-fenetres-de-nouveau-eligibles-au-cite\\\/101122\\\/\"]}]},{\"@type\":\"ImageObject\",\"inLanguage\":\"fr-FR\",\"@id\":\"https:\\\/\\\/batijournal.com\\\/index.php\\\/les-fenetres-de-nouveau-eligibles-au-cite\\\/101122\\\/#primaryimage\",\"url\":\"https:\\\/\\\/batijournal.com\\\/wp-content\\\/uploads\\\/2017\\\/06\\\/fenetre-menuiseries.jpg\",\"contentUrl\":\"https:\\\/\\\/batijournal.com\\\/wp-content\\\/uploads\\\/2017\\\/06\\\/fenetre-menuiseries.jpg\",\"width\":976,\"height\":663,\"caption\":\"fenetre-CITE\"},{\"@type\":\"BreadcrumbList\",\"@id\":\"https:\\\/\\\/batijournal.com\\\/index.php\\\/les-fenetres-de-nouveau-eligibles-au-cite\\\/101122\\\/#breadcrumb\",\"itemListElement\":[{\"@type\":\"ListItem\",\"position\":1,\"name\":\"Accueil\",\"item\":\"https:\\\/\\\/batijournal.com\\\/\"},{\"@type\":\"ListItem\",\"position\":2,\"name\":\"Actualit\u00e9s\",\"item\":\"https:\\\/\\\/batijournal.com\\\/index.php\\\/category\\\/actualites\\\/\"},{\"@type\":\"ListItem\",\"position\":3,\"name\":\"Les fen\u00eatres de nouveau \u00e9ligibles au CITE\"}]},{\"@type\":\"WebSite\",\"@id\":\"https:\\\/\\\/batijournal.com\\\/#website\",\"url\":\"https:\\\/\\\/batijournal.com\\\/\",\"name\":\"Batijournal\",\"description\":\"L&#039;actualit\u00e9 du b\u00e2timent\",\"potentialAction\":[{\"@type\":\"SearchAction\",\"target\":{\"@type\":\"EntryPoint\",\"urlTemplate\":\"https:\\\/\\\/batijournal.com\\\/?s={search_term_string}\"},\"query-input\":{\"@type\":\"PropertyValueSpecification\",\"valueRequired\":true,\"valueName\":\"search_term_string\"}}],\"inLanguage\":\"fr-FR\"},{\"@type\":\"Person\",\"@id\":\"https:\\\/\\\/batijournal.com\\\/#\\\/schema\\\/person\\\/1dc96ec6957aa1ccb25ebe78bb19f100\",\"name\":\"St\u00e9phane Miget\",\"image\":{\"@type\":\"ImageObject\",\"inLanguage\":\"fr-FR\",\"@id\":\"https:\\\/\\\/secure.gravatar.com\\\/avatar\\\/89915563d925342126b8ef0281b93d9d7fc337043e8df017f780908eb9644451?s=96&d=mm&r=g\",\"url\":\"https:\\\/\\\/secure.gravatar.com\\\/avatar\\\/89915563d925342126b8ef0281b93d9d7fc337043e8df017f780908eb9644451?s=96&d=mm&r=g\",\"contentUrl\":\"https:\\\/\\\/secure.gravatar.com\\\/avatar\\\/89915563d925342126b8ef0281b93d9d7fc337043e8df017f780908eb9644451?s=96&d=mm&r=g\",\"caption\":\"St\u00e9phane Miget\"},\"url\":\"https:\\\/\\\/batijournal.com\\\/index.php\\\/author\\\/stephane\\\/\"}]}<\/script>\n<!-- \/ Yoast SEO plugin. -->","yoast_head_json":{"title":"CITE : le ministre annonce la r\u00e9int\u00e9gration des fen\u00eatres au cr\u00e9dit.","description":"Fran\u00e7ois de Rugy, le ministre de la Transition \u00e9cologique, a annonc\u00e9 sur Europe 1, lat r\u00e9int\u00e9greration du CITE (cr\u00e9dit d'imp\u00f4t transition \u00e9nerg\u00e9tique)","robots":{"index":"index","follow":"follow","max-snippet":"max-snippet:-1","max-image-preview":"max-image-preview:large","max-video-preview":"max-video-preview:-1"},"canonical":"https:\/\/batijournal.com\/index.php\/les-fenetres-de-nouveau-eligibles-au-cite\/101122\/","og_locale":"fr_FR","og_type":"article","og_title":"CITE : le ministre annonce la r\u00e9int\u00e9gration des fen\u00eatres au cr\u00e9dit.","og_description":"Fran\u00e7ois de Rugy, le ministre de la Transition \u00e9cologique, a annonc\u00e9 sur Europe 1, lat r\u00e9int\u00e9greration du CITE (cr\u00e9dit d'imp\u00f4t transition \u00e9nerg\u00e9tique)","og_url":"https:\/\/batijournal.com\/index.php\/les-fenetres-de-nouveau-eligibles-au-cite\/101122\/","og_site_name":"Batijournal","article_published_time":"2018-12-18T08:55:41+00:00","article_modified_time":"2019-07-15T10:19:47+00:00","og_image":[{"width":976,"height":663,"url":"https:\/\/batijournal.com\/wp-content\/uploads\/2017\/06\/fenetre-menuiseries.jpg","type":"image\/jpeg"}],"author":"St\u00e9phane Miget","twitter_card":"summary_large_image","twitter_creator":"@bati_journal","twitter_site":"@bati_journal","twitter_misc":{"\u00c9crit par":"St\u00e9phane Miget"},"schema":{"@context":"https:\/\/schema.org","@graph":[{"@type":"Article","@id":"https:\/\/batijournal.com\/index.php\/les-fenetres-de-nouveau-eligibles-au-cite\/101122\/#article","isPartOf":{"@id":"https:\/\/batijournal.com\/index.php\/les-fenetres-de-nouveau-eligibles-au-cite\/101122\/"},"author":{"name":"St\u00e9phane Miget","@id":"https:\/\/batijournal.com\/#\/schema\/person\/1dc96ec6957aa1ccb25ebe78bb19f100"},"headline":"Les fen\u00eatres de nouveau \u00e9ligibles au CITE","datePublished":"2018-12-18T08:55:41+00:00","dateModified":"2019-07-15T10:19:47+00:00","mainEntityOfPage":{"@id":"https:\/\/batijournal.com\/index.php\/les-fenetres-de-nouveau-eligibles-au-cite\/101122\/"},"wordCount":91,"image":{"@id":"https:\/\/batijournal.com\/index.php\/les-fenetres-de-nouveau-eligibles-au-cite\/101122\/#primaryimage"},"thumbnailUrl":"https:\/\/batijournal.com\/wp-content\/uploads\/2017\/06\/fenetre-menuiseries.jpg","keywords":["cr\u00e9dit d'imp\u00f4t","fen\u00eatres"],"articleSection":["Actualit\u00e9s","\u00c9nergie &amp; Environnement","zz_Plan\u00e8te B\u00e2timent"],"inLanguage":"fr-FR"},{"@type":"WebPage","@id":"https:\/\/batijournal.com\/index.php\/les-fenetres-de-nouveau-eligibles-au-cite\/101122\/","url":"https:\/\/batijournal.com\/index.php\/les-fenetres-de-nouveau-eligibles-au-cite\/101122\/","name":"CITE : le ministre annonce la r\u00e9int\u00e9gration des fen\u00eatres au cr\u00e9dit.","isPartOf":{"@id":"https:\/\/batijournal.com\/#website"},"primaryImageOfPage":{"@id":"https:\/\/batijournal.com\/index.php\/les-fenetres-de-nouveau-eligibles-au-cite\/101122\/#primaryimage"},"image":{"@id":"https:\/\/batijournal.com\/index.php\/les-fenetres-de-nouveau-eligibles-au-cite\/101122\/#primaryimage"},"thumbnailUrl":"https:\/\/batijournal.com\/wp-content\/uploads\/2017\/06\/fenetre-menuiseries.jpg","datePublished":"2018-12-18T08:55:41+00:00","dateModified":"2019-07-15T10:19:47+00:00","author":{"@id":"https:\/\/batijournal.com\/#\/schema\/person\/1dc96ec6957aa1ccb25ebe78bb19f100"},"description":"Fran\u00e7ois de Rugy, le ministre de la Transition \u00e9cologique, a annonc\u00e9 sur Europe 1, lat r\u00e9int\u00e9greration du CITE (cr\u00e9dit d'imp\u00f4t transition \u00e9nerg\u00e9tique)","breadcrumb":{"@id":"https:\/\/batijournal.com\/index.php\/les-fenetres-de-nouveau-eligibles-au-cite\/101122\/#breadcrumb"},"inLanguage":"fr-FR","potentialAction":[{"@type":"ReadAction","target":["https:\/\/batijournal.com\/index.php\/les-fenetres-de-nouveau-eligibles-au-cite\/101122\/"]}]},{"@type":"ImageObject","inLanguage":"fr-FR","@id":"https:\/\/batijournal.com\/index.php\/les-fenetres-de-nouveau-eligibles-au-cite\/101122\/#primaryimage","url":"https:\/\/batijournal.com\/wp-content\/uploads\/2017\/06\/fenetre-menuiseries.jpg","contentUrl":"https:\/\/batijournal.com\/wp-content\/uploads\/2017\/06\/fenetre-menuiseries.jpg","width":976,"height":663,"caption":"fenetre-CITE"},{"@type":"BreadcrumbList","@id":"https:\/\/batijournal.com\/index.php\/les-fenetres-de-nouveau-eligibles-au-cite\/101122\/#breadcrumb","itemListElement":[{"@type":"ListItem","position":1,"name":"Accueil","item":"https:\/\/batijournal.com\/"},{"@type":"ListItem","position":2,"name":"Actualit\u00e9s","item":"https:\/\/batijournal.com\/index.php\/category\/actualites\/"},{"@type":"ListItem","position":3,"name":"Les fen\u00eatres de nouveau \u00e9ligibles au CITE"}]},{"@type":"WebSite","@id":"https:\/\/batijournal.com\/#website","url":"https:\/\/batijournal.com\/","name":"Batijournal","description":"L&#039;actualit\u00e9 du b\u00e2timent","potentialAction":[{"@type":"SearchAction","target":{"@type":"EntryPoint","urlTemplate":"https:\/\/batijournal.com\/?s={search_term_string}"},"query-input":{"@type":"PropertyValueSpecification","valueRequired":true,"valueName":"search_term_string"}}],"inLanguage":"fr-FR"},{"@type":"Person","@id":"https:\/\/batijournal.com\/#\/schema\/person\/1dc96ec6957aa1ccb25ebe78bb19f100","name":"St\u00e9phane Miget","image":{"@type":"ImageObject","inLanguage":"fr-FR","@id":"https:\/\/secure.gravatar.com\/avatar\/89915563d925342126b8ef0281b93d9d7fc337043e8df017f780908eb9644451?s=96&d=mm&r=g","url":"https:\/\/secure.gravatar.com\/avatar\/89915563d925342126b8ef0281b93d9d7fc337043e8df017f780908eb9644451?s=96&d=mm&r=g","contentUrl":"https:\/\/secure.gravatar.com\/avatar\/89915563d925342126b8ef0281b93d9d7fc337043e8df017f780908eb9644451?s=96&d=mm&r=g","caption":"St\u00e9phane Miget"},"url":"https:\/\/batijournal.com\/index.php\/author\/stephane\/"}]}},"_links":{"self":[{"href":"https:\/\/batijournal.com\/index.php\/wp-json\/wp\/v2\/posts\/101122","targetHints":{"allow":["GET"]}}],"collection":[{"href":"https:\/\/batijournal.com\/index.php\/wp-json\/wp\/v2\/posts"}],"about":[{"href":"https:\/\/batijournal.com\/index.php\/wp-json\/wp\/v2\/types\/post"}],"author":[{"embeddable":true,"href":"https:\/\/batijournal.com\/index.php\/wp-json\/wp\/v2\/users\/17"}],"replies":[{"embeddable":true,"href":"https:\/\/batijournal.com\/index.php\/wp-json\/wp\/v2\/comments?post=101122"}],"version-history":[{"count":0,"href":"https:\/\/batijournal.com\/index.php\/wp-json\/wp\/v2\/posts\/101122\/revisions"}],"wp:featuredmedia":[{"embeddable":true,"href":"https:\/\/batijournal.com\/index.php\/wp-json\/wp\/v2\/media\/96326"}],"wp:attachment":[{"href":"https:\/\/batijournal.com\/index.php\/wp-json\/wp\/v2\/media?parent=101122"}],"wp:term":[{"taxonomy":"category","embeddable":true,"href":"https:\/\/batijournal.com\/index.php\/wp-json\/wp\/v2\/categories?post=101122"},{"taxonomy":"post_tag","embeddable":true,"href":"https:\/\/batijournal.com\/index.php\/wp-json\/wp\/v2\/tags?post=101122"}],"curies":[{"name":"wp","href":"https:\/\/api.w.org\/{rel}","templated":true}]}}