{"id":101124,"date":"2018-12-19T08:10:12","date_gmt":"2018-12-19T07:10:12","guid":{"rendered":"https:\/\/batijournal.com\/?p=101124"},"modified":"2019-07-15T11:14:45","modified_gmt":"2019-07-15T09:14:45","slug":"appel-a-projets-pour-la-rehabilitation-et-loccupation-dune-ancienne-halle-industrielle","status":"publish","type":"post","link":"https:\/\/batijournal.com\/index.php\/appel-a-projets-pour-la-rehabilitation-et-loccupation-dune-ancienne-halle-industrielle\/101124\/","title":{"rendered":"Appel \u00e0 projets pour la r\u00e9habilitation et l\u2019occupation d\u2019une ancienne halle industrielle"},"content":{"rendered":"<p>Soreli, Soci\u00e9t\u00e9 Anonyme d\u2019Economie Mixte (SAEM) de R\u00e9novation et de Restauration de Lille, am\u00e9nageur d\u00e9sign\u00e9 par la M\u00e9tropole Europ\u00e9enne de Lille et la Ville de Lille pour la r\u00e9g\u00e9n\u00e9ration de la friche industrielle Fives-Cail, lance un appel \u00e0 projets pour la r\u00e9habilitation et l\u2019occupation d\u2019une ancienne halle industrielle, situ\u00e9e en plein c\u0153ur du projet en cours de concr\u00e9tisation : la Halle G1. 3000 m2 pr\u00e9visionnels de surface plancher, 96 m de long, 12 m de large et 19 m de haut pr\u00eats \u00e0 accueillir un programme tertiaire, d\u2019activit\u00e9s de production, de commerces ou de services o\u00f9 co-cr\u00e9ation et collaboration sont de mise.Cet appel \u00e0 projet s\u2019adresse aux op\u00e9rateurs immobiliers, pour r\u00e9habiliter la halle, et aux porteurs de projets, int\u00e9ress\u00e9s pour y prendre leur quartier. L\u2019ensemble des travaux de r\u00e9habilitation de la structure m\u00e9tallique de la halle (notamment d\u00e9samiantage, d\u00e9plombage et mise en peinture des poteaux) permettra de l\u2019assainir et de proposer au futur constructeur un lieu cl\u00e9 en main pour le d\u00e9veloppement d\u2019une ou plusieurs activit\u00e9s \u00e9conomiques. Manifestations d\u2019int\u00e9r\u00eat et candidatures possibles du 20 d\u00e9cembre 2018 au 28 f\u00e9vrier 2019.<\/p>\n","protected":false},"excerpt":{"rendered":"<p>Soreli, Soci\u00e9t\u00e9 Anonyme d\u2019Economie Mixte (SAEM) de R\u00e9novation et de Restauration de Lille, am\u00e9nageur d\u00e9sign\u00e9 par la M\u00e9tropole Europ\u00e9enne de Lille et la Ville de Lille pour la r\u00e9g\u00e9n\u00e9ration de la friche industrielle Fives-Cail, lance un appel \u00e0 projets pour la r\u00e9habilitation et l\u2019occupation d\u2019une ancienne halle industrielle, situ\u00e9e en plein c\u0153ur du projet en [&hellip;]<\/p>\n","protected":false},"author":17,"featured_media":101125,"comment_status":"closed","ping_status":"closed","sticky":false,"template":"","format":"standard","meta":{"_et_pb_use_builder":"","_et_pb_old_content":"","_et_gb_content_width":"","footnotes":""},"categories":[10530,6340,10785],"tags":[12677,89],"class_list":["post-101124","post","type-post","status-publish","format-standard","has-post-thumbnail","hentry","category-actualites","category-architecture-conception","category-atrium","tag-friche-industrielle","tag-rehabilitation"],"yoast_head":"<!-- This site is optimized with the Yoast SEO plugin v27.4 - https:\/\/yoast.com\/product\/yoast-seo-wordpress\/ -->\n<title>Appel \u00e0 projets pour la r\u00e9habilitation et l\u2019occupation d\u2019une ancienne halle industrielle<\/title>\n<meta name=\"description\" content=\"Soreli lance un appel \u00e0 projets pour la r\u00e9habilitation et l\u2019occupation de l&#039;ancienne halle industrielle G1 de la friche industrielle Fives-Cail \u00e0 Lille\" \/>\n<meta name=\"robots\" content=\"index, follow, max-snippet:-1, max-image-preview:large, max-video-preview:-1\" \/>\n<link rel=\"canonical\" href=\"https:\/\/batijournal.com\/index.php\/appel-a-projets-pour-la-rehabilitation-et-loccupation-dune-ancienne-halle-industrielle\/101124\/\" \/>\n<meta property=\"og:locale\" content=\"fr_FR\" \/>\n<meta property=\"og:type\" content=\"article\" \/>\n<meta property=\"og:title\" content=\"Appel \u00e0 projets pour la r\u00e9habilitation et l\u2019occupation d\u2019une ancienne halle industrielle\" \/>\n<meta property=\"og:description\" content=\"Soreli lance un appel \u00e0 projets pour la r\u00e9habilitation et l\u2019occupation de l&#039;ancienne halle industrielle G1 de la friche industrielle Fives-Cail \u00e0 Lille\" \/>\n<meta property=\"og:url\" content=\"https:\/\/batijournal.com\/index.php\/appel-a-projets-pour-la-rehabilitation-et-loccupation-dune-ancienne-halle-industrielle\/101124\/\" \/>\n<meta property=\"og:site_name\" content=\"Batijournal\" \/>\n<meta property=\"article:published_time\" content=\"2018-12-19T07:10:12+00:00\" \/>\n<meta property=\"article:modified_time\" content=\"2019-07-15T09:14:45+00:00\" \/>\n<meta property=\"og:image\" content=\"https:\/\/batijournal.com\/wp-content\/uploads\/2018\/12\/Halle-G1-friche-industrielle-Fives-Cail-Lille.png\" \/>\n\t<meta property=\"og:image:width\" content=\"594\" \/>\n\t<meta property=\"og:image:height\" content=\"591\" \/>\n\t<meta property=\"og:image:type\" content=\"image\/png\" \/>\n<meta name=\"author\" content=\"St\u00e9phane Miget\" \/>\n<meta name=\"twitter:card\" content=\"summary_large_image\" \/>\n<meta name=\"twitter:creator\" content=\"@bati_journal\" \/>\n<meta name=\"twitter:site\" content=\"@bati_journal\" \/>\n<meta name=\"twitter:label1\" content=\"\u00c9crit par\" \/>\n\t<meta name=\"twitter:data1\" content=\"St\u00e9phane Miget\" \/>\n\t<meta name=\"twitter:label2\" content=\"Dur\u00e9e de lecture estim\u00e9e\" \/>\n\t<meta name=\"twitter:data2\" content=\"1 minute\" \/>\n<script type=\"application\/ld+json\" class=\"yoast-schema-graph\">{\"@context\":\"https:\\\/\\\/schema.org\",\"@graph\":[{\"@type\":\"Article\",\"@id\":\"https:\\\/\\\/batijournal.com\\\/index.php\\\/appel-a-projets-pour-la-rehabilitation-et-loccupation-dune-ancienne-halle-industrielle\\\/101124\\\/#article\",\"isPartOf\":{\"@id\":\"https:\\\/\\\/batijournal.com\\\/index.php\\\/appel-a-projets-pour-la-rehabilitation-et-loccupation-dune-ancienne-halle-industrielle\\\/101124\\\/\"},\"author\":{\"name\":\"St\u00e9phane Miget\",\"@id\":\"https:\\\/\\\/batijournal.com\\\/#\\\/schema\\\/person\\\/1dc96ec6957aa1ccb25ebe78bb19f100\"},\"headline\":\"Appel \u00e0 projets pour la r\u00e9habilitation et l\u2019occupation d\u2019une ancienne halle industrielle\",\"datePublished\":\"2018-12-19T07:10:12+00:00\",\"dateModified\":\"2019-07-15T09:14:45+00:00\",\"mainEntityOfPage\":{\"@id\":\"https:\\\/\\\/batijournal.com\\\/index.php\\\/appel-a-projets-pour-la-rehabilitation-et-loccupation-dune-ancienne-halle-industrielle\\\/101124\\\/\"},\"wordCount\":223,\"image\":{\"@id\":\"https:\\\/\\\/batijournal.com\\\/index.php\\\/appel-a-projets-pour-la-rehabilitation-et-loccupation-dune-ancienne-halle-industrielle\\\/101124\\\/#primaryimage\"},\"thumbnailUrl\":\"https:\\\/\\\/batijournal.com\\\/wp-content\\\/uploads\\\/2018\\\/12\\\/Halle-G1-friche-industrielle-Fives-Cail-Lille.png\",\"keywords\":[\"friche industrielle\",\"r\u00e9habilitation\"],\"articleSection\":[\"Actualit\u00e9s\",\"Architecture &amp; Conception\",\"zz_Atrium Patrimoine\"],\"inLanguage\":\"fr-FR\"},{\"@type\":\"WebPage\",\"@id\":\"https:\\\/\\\/batijournal.com\\\/index.php\\\/appel-a-projets-pour-la-rehabilitation-et-loccupation-dune-ancienne-halle-industrielle\\\/101124\\\/\",\"url\":\"https:\\\/\\\/batijournal.com\\\/index.php\\\/appel-a-projets-pour-la-rehabilitation-et-loccupation-dune-ancienne-halle-industrielle\\\/101124\\\/\",\"name\":\"Appel \u00e0 projets pour la r\u00e9habilitation et l\u2019occupation d\u2019une ancienne halle industrielle\",\"isPartOf\":{\"@id\":\"https:\\\/\\\/batijournal.com\\\/#website\"},\"primaryImageOfPage\":{\"@id\":\"https:\\\/\\\/batijournal.com\\\/index.php\\\/appel-a-projets-pour-la-rehabilitation-et-loccupation-dune-ancienne-halle-industrielle\\\/101124\\\/#primaryimage\"},\"image\":{\"@id\":\"https:\\\/\\\/batijournal.com\\\/index.php\\\/appel-a-projets-pour-la-rehabilitation-et-loccupation-dune-ancienne-halle-industrielle\\\/101124\\\/#primaryimage\"},\"thumbnailUrl\":\"https:\\\/\\\/batijournal.com\\\/wp-content\\\/uploads\\\/2018\\\/12\\\/Halle-G1-friche-industrielle-Fives-Cail-Lille.png\",\"datePublished\":\"2018-12-19T07:10:12+00:00\",\"dateModified\":\"2019-07-15T09:14:45+00:00\",\"author\":{\"@id\":\"https:\\\/\\\/batijournal.com\\\/#\\\/schema\\\/person\\\/1dc96ec6957aa1ccb25ebe78bb19f100\"},\"description\":\"Soreli lance un appel \u00e0 projets pour la r\u00e9habilitation et l\u2019occupation de l'ancienne halle industrielle G1 de la friche industrielle Fives-Cail \u00e0 Lille\",\"breadcrumb\":{\"@id\":\"https:\\\/\\\/batijournal.com\\\/index.php\\\/appel-a-projets-pour-la-rehabilitation-et-loccupation-dune-ancienne-halle-industrielle\\\/101124\\\/#breadcrumb\"},\"inLanguage\":\"fr-FR\",\"potentialAction\":[{\"@type\":\"ReadAction\",\"target\":[\"https:\\\/\\\/batijournal.com\\\/index.php\\\/appel-a-projets-pour-la-rehabilitation-et-loccupation-dune-ancienne-halle-industrielle\\\/101124\\\/\"]}]},{\"@type\":\"ImageObject\",\"inLanguage\":\"fr-FR\",\"@id\":\"https:\\\/\\\/batijournal.com\\\/index.php\\\/appel-a-projets-pour-la-rehabilitation-et-loccupation-dune-ancienne-halle-industrielle\\\/101124\\\/#primaryimage\",\"url\":\"https:\\\/\\\/batijournal.com\\\/wp-content\\\/uploads\\\/2018\\\/12\\\/Halle-G1-friche-industrielle-Fives-Cail-Lille.png\",\"contentUrl\":\"https:\\\/\\\/batijournal.com\\\/wp-content\\\/uploads\\\/2018\\\/12\\\/Halle-G1-friche-industrielle-Fives-Cail-Lille.png\",\"width\":594,\"height\":591},{\"@type\":\"BreadcrumbList\",\"@id\":\"https:\\\/\\\/batijournal.com\\\/index.php\\\/appel-a-projets-pour-la-rehabilitation-et-loccupation-dune-ancienne-halle-industrielle\\\/101124\\\/#breadcrumb\",\"itemListElement\":[{\"@type\":\"ListItem\",\"position\":1,\"name\":\"Accueil\",\"item\":\"https:\\\/\\\/batijournal.com\\\/\"},{\"@type\":\"ListItem\",\"position\":2,\"name\":\"Actualit\u00e9s\",\"item\":\"https:\\\/\\\/batijournal.com\\\/index.php\\\/category\\\/actualites\\\/\"},{\"@type\":\"ListItem\",\"position\":3,\"name\":\"Appel \u00e0 projets pour la r\u00e9habilitation et l\u2019occupation d\u2019une ancienne halle industrielle\"}]},{\"@type\":\"WebSite\",\"@id\":\"https:\\\/\\\/batijournal.com\\\/#website\",\"url\":\"https:\\\/\\\/batijournal.com\\\/\",\"name\":\"Batijournal\",\"description\":\"L&#039;actualit\u00e9 du b\u00e2timent\",\"potentialAction\":[{\"@type\":\"SearchAction\",\"target\":{\"@type\":\"EntryPoint\",\"urlTemplate\":\"https:\\\/\\\/batijournal.com\\\/?s={search_term_string}\"},\"query-input\":{\"@type\":\"PropertyValueSpecification\",\"valueRequired\":true,\"valueName\":\"search_term_string\"}}],\"inLanguage\":\"fr-FR\"},{\"@type\":\"Person\",\"@id\":\"https:\\\/\\\/batijournal.com\\\/#\\\/schema\\\/person\\\/1dc96ec6957aa1ccb25ebe78bb19f100\",\"name\":\"St\u00e9phane Miget\",\"image\":{\"@type\":\"ImageObject\",\"inLanguage\":\"fr-FR\",\"@id\":\"https:\\\/\\\/secure.gravatar.com\\\/avatar\\\/89915563d925342126b8ef0281b93d9d7fc337043e8df017f780908eb9644451?s=96&d=mm&r=g\",\"url\":\"https:\\\/\\\/secure.gravatar.com\\\/avatar\\\/89915563d925342126b8ef0281b93d9d7fc337043e8df017f780908eb9644451?s=96&d=mm&r=g\",\"contentUrl\":\"https:\\\/\\\/secure.gravatar.com\\\/avatar\\\/89915563d925342126b8ef0281b93d9d7fc337043e8df017f780908eb9644451?s=96&d=mm&r=g\",\"caption\":\"St\u00e9phane Miget\"},\"url\":\"https:\\\/\\\/batijournal.com\\\/index.php\\\/author\\\/stephane\\\/\"}]}<\/script>\n<!-- \/ Yoast SEO plugin. -->","yoast_head_json":{"title":"Appel \u00e0 projets pour la r\u00e9habilitation et l\u2019occupation d\u2019une ancienne halle industrielle","description":"Soreli lance un appel \u00e0 projets pour la r\u00e9habilitation et l\u2019occupation de l'ancienne halle industrielle G1 de la friche industrielle Fives-Cail \u00e0 Lille","robots":{"index":"index","follow":"follow","max-snippet":"max-snippet:-1","max-image-preview":"max-image-preview:large","max-video-preview":"max-video-preview:-1"},"canonical":"https:\/\/batijournal.com\/index.php\/appel-a-projets-pour-la-rehabilitation-et-loccupation-dune-ancienne-halle-industrielle\/101124\/","og_locale":"fr_FR","og_type":"article","og_title":"Appel \u00e0 projets pour la r\u00e9habilitation et l\u2019occupation d\u2019une ancienne halle industrielle","og_description":"Soreli lance un appel \u00e0 projets pour la r\u00e9habilitation et l\u2019occupation de l'ancienne halle industrielle G1 de la friche industrielle Fives-Cail \u00e0 Lille","og_url":"https:\/\/batijournal.com\/index.php\/appel-a-projets-pour-la-rehabilitation-et-loccupation-dune-ancienne-halle-industrielle\/101124\/","og_site_name":"Batijournal","article_published_time":"2018-12-19T07:10:12+00:00","article_modified_time":"2019-07-15T09:14:45+00:00","og_image":[{"width":594,"height":591,"url":"https:\/\/batijournal.com\/wp-content\/uploads\/2018\/12\/Halle-G1-friche-industrielle-Fives-Cail-Lille.png","type":"image\/png"}],"author":"St\u00e9phane Miget","twitter_card":"summary_large_image","twitter_creator":"@bati_journal","twitter_site":"@bati_journal","twitter_misc":{"\u00c9crit par":"St\u00e9phane Miget","Dur\u00e9e de lecture estim\u00e9e":"1 minute"},"schema":{"@context":"https:\/\/schema.org","@graph":[{"@type":"Article","@id":"https:\/\/batijournal.com\/index.php\/appel-a-projets-pour-la-rehabilitation-et-loccupation-dune-ancienne-halle-industrielle\/101124\/#article","isPartOf":{"@id":"https:\/\/batijournal.com\/index.php\/appel-a-projets-pour-la-rehabilitation-et-loccupation-dune-ancienne-halle-industrielle\/101124\/"},"author":{"name":"St\u00e9phane Miget","@id":"https:\/\/batijournal.com\/#\/schema\/person\/1dc96ec6957aa1ccb25ebe78bb19f100"},"headline":"Appel \u00e0 projets pour la r\u00e9habilitation et l\u2019occupation d\u2019une ancienne halle industrielle","datePublished":"2018-12-19T07:10:12+00:00","dateModified":"2019-07-15T09:14:45+00:00","mainEntityOfPage":{"@id":"https:\/\/batijournal.com\/index.php\/appel-a-projets-pour-la-rehabilitation-et-loccupation-dune-ancienne-halle-industrielle\/101124\/"},"wordCount":223,"image":{"@id":"https:\/\/batijournal.com\/index.php\/appel-a-projets-pour-la-rehabilitation-et-loccupation-dune-ancienne-halle-industrielle\/101124\/#primaryimage"},"thumbnailUrl":"https:\/\/batijournal.com\/wp-content\/uploads\/2018\/12\/Halle-G1-friche-industrielle-Fives-Cail-Lille.png","keywords":["friche industrielle","r\u00e9habilitation"],"articleSection":["Actualit\u00e9s","Architecture &amp; Conception","zz_Atrium Patrimoine"],"inLanguage":"fr-FR"},{"@type":"WebPage","@id":"https:\/\/batijournal.com\/index.php\/appel-a-projets-pour-la-rehabilitation-et-loccupation-dune-ancienne-halle-industrielle\/101124\/","url":"https:\/\/batijournal.com\/index.php\/appel-a-projets-pour-la-rehabilitation-et-loccupation-dune-ancienne-halle-industrielle\/101124\/","name":"Appel \u00e0 projets pour la r\u00e9habilitation et l\u2019occupation d\u2019une ancienne halle industrielle","isPartOf":{"@id":"https:\/\/batijournal.com\/#website"},"primaryImageOfPage":{"@id":"https:\/\/batijournal.com\/index.php\/appel-a-projets-pour-la-rehabilitation-et-loccupation-dune-ancienne-halle-industrielle\/101124\/#primaryimage"},"image":{"@id":"https:\/\/batijournal.com\/index.php\/appel-a-projets-pour-la-rehabilitation-et-loccupation-dune-ancienne-halle-industrielle\/101124\/#primaryimage"},"thumbnailUrl":"https:\/\/batijournal.com\/wp-content\/uploads\/2018\/12\/Halle-G1-friche-industrielle-Fives-Cail-Lille.png","datePublished":"2018-12-19T07:10:12+00:00","dateModified":"2019-07-15T09:14:45+00:00","author":{"@id":"https:\/\/batijournal.com\/#\/schema\/person\/1dc96ec6957aa1ccb25ebe78bb19f100"},"description":"Soreli lance un appel \u00e0 projets pour la r\u00e9habilitation et l\u2019occupation de l'ancienne halle industrielle G1 de la friche industrielle Fives-Cail \u00e0 Lille","breadcrumb":{"@id":"https:\/\/batijournal.com\/index.php\/appel-a-projets-pour-la-rehabilitation-et-loccupation-dune-ancienne-halle-industrielle\/101124\/#breadcrumb"},"inLanguage":"fr-FR","potentialAction":[{"@type":"ReadAction","target":["https:\/\/batijournal.com\/index.php\/appel-a-projets-pour-la-rehabilitation-et-loccupation-dune-ancienne-halle-industrielle\/101124\/"]}]},{"@type":"ImageObject","inLanguage":"fr-FR","@id":"https:\/\/batijournal.com\/index.php\/appel-a-projets-pour-la-rehabilitation-et-loccupation-dune-ancienne-halle-industrielle\/101124\/#primaryimage","url":"https:\/\/batijournal.com\/wp-content\/uploads\/2018\/12\/Halle-G1-friche-industrielle-Fives-Cail-Lille.png","contentUrl":"https:\/\/batijournal.com\/wp-content\/uploads\/2018\/12\/Halle-G1-friche-industrielle-Fives-Cail-Lille.png","width":594,"height":591},{"@type":"BreadcrumbList","@id":"https:\/\/batijournal.com\/index.php\/appel-a-projets-pour-la-rehabilitation-et-loccupation-dune-ancienne-halle-industrielle\/101124\/#breadcrumb","itemListElement":[{"@type":"ListItem","position":1,"name":"Accueil","item":"https:\/\/batijournal.com\/"},{"@type":"ListItem","position":2,"name":"Actualit\u00e9s","item":"https:\/\/batijournal.com\/index.php\/category\/actualites\/"},{"@type":"ListItem","position":3,"name":"Appel \u00e0 projets pour la r\u00e9habilitation et l\u2019occupation d\u2019une ancienne halle industrielle"}]},{"@type":"WebSite","@id":"https:\/\/batijournal.com\/#website","url":"https:\/\/batijournal.com\/","name":"Batijournal","description":"L&#039;actualit\u00e9 du b\u00e2timent","potentialAction":[{"@type":"SearchAction","target":{"@type":"EntryPoint","urlTemplate":"https:\/\/batijournal.com\/?s={search_term_string}"},"query-input":{"@type":"PropertyValueSpecification","valueRequired":true,"valueName":"search_term_string"}}],"inLanguage":"fr-FR"},{"@type":"Person","@id":"https:\/\/batijournal.com\/#\/schema\/person\/1dc96ec6957aa1ccb25ebe78bb19f100","name":"St\u00e9phane Miget","image":{"@type":"ImageObject","inLanguage":"fr-FR","@id":"https:\/\/secure.gravatar.com\/avatar\/89915563d925342126b8ef0281b93d9d7fc337043e8df017f780908eb9644451?s=96&d=mm&r=g","url":"https:\/\/secure.gravatar.com\/avatar\/89915563d925342126b8ef0281b93d9d7fc337043e8df017f780908eb9644451?s=96&d=mm&r=g","contentUrl":"https:\/\/secure.gravatar.com\/avatar\/89915563d925342126b8ef0281b93d9d7fc337043e8df017f780908eb9644451?s=96&d=mm&r=g","caption":"St\u00e9phane Miget"},"url":"https:\/\/batijournal.com\/index.php\/author\/stephane\/"}]}},"_links":{"self":[{"href":"https:\/\/batijournal.com\/index.php\/wp-json\/wp\/v2\/posts\/101124","targetHints":{"allow":["GET"]}}],"collection":[{"href":"https:\/\/batijournal.com\/index.php\/wp-json\/wp\/v2\/posts"}],"about":[{"href":"https:\/\/batijournal.com\/index.php\/wp-json\/wp\/v2\/types\/post"}],"author":[{"embeddable":true,"href":"https:\/\/batijournal.com\/index.php\/wp-json\/wp\/v2\/users\/17"}],"replies":[{"embeddable":true,"href":"https:\/\/batijournal.com\/index.php\/wp-json\/wp\/v2\/comments?post=101124"}],"version-history":[{"count":0,"href":"https:\/\/batijournal.com\/index.php\/wp-json\/wp\/v2\/posts\/101124\/revisions"}],"wp:featuredmedia":[{"embeddable":true,"href":"https:\/\/batijournal.com\/index.php\/wp-json\/wp\/v2\/media\/101125"}],"wp:attachment":[{"href":"https:\/\/batijournal.com\/index.php\/wp-json\/wp\/v2\/media?parent=101124"}],"wp:term":[{"taxonomy":"category","embeddable":true,"href":"https:\/\/batijournal.com\/index.php\/wp-json\/wp\/v2\/categories?post=101124"},{"taxonomy":"post_tag","embeddable":true,"href":"https:\/\/batijournal.com\/index.php\/wp-json\/wp\/v2\/tags?post=101124"}],"curies":[{"name":"wp","href":"https:\/\/api.w.org\/{rel}","templated":true}]}}