{"id":101126,"date":"2018-12-19T08:34:00","date_gmt":"2018-12-19T07:34:00","guid":{"rendered":"https:\/\/batijournal.com\/?p=101126"},"modified":"2019-07-15T11:14:45","modified_gmt":"2019-07-15T09:14:45","slug":"reinventons-nos-coeurs-de-ville","status":"publish","type":"post","link":"https:\/\/batijournal.com\/index.php\/reinventons-nos-coeurs-de-ville\/101126\/","title":{"rendered":"R\u00e9inventons nos c\u0153urs de ville"},"content":{"rendered":"<p><strong>Le minist\u00e8re de la Coh\u00e9sion des territoires et des Relations avec les collectivit\u00e9s territoriales, en liaison avec le minist\u00e8re de la Culture et en partenariat \u00e9troit avec la Cit\u00e9 de l\u2019architecture et du Patrimoine, lance une consultation nationale \u00e0 l\u2019attention des 222 territoires du programme Action C\u0153ur de Ville, intitul\u00e9e \u00ab R\u00e9inventons nos c\u0153urs de ville \u00bb. Elle entend favoriser la mise en \u0153uvre de projets urbains novateurs et ambitieux en faveur de la reconqu\u00eate des centres-villes.<\/strong><\/p>\n<p>La d\u00e9marche se d\u00e9roule en deux temps. D\u2019abord, un appel \u00e0 manifestation d\u2019int\u00e9r\u00eat est adress\u00e9 \u00e0 l\u2019ensemble des 222 villes du programme. Les collectivit\u00e9s int\u00e9ress\u00e9es seront invit\u00e9es \u00e0 proposer d\u2019ici mi-f\u00e9vrier 2019 un site (terrain ou immeuble) \u2013 dont elles sont en mesure d\u2019acqu\u00e9rir ou de garantir la ma\u00eetrise fonci\u00e8re \u00e0 court terme &#8211; et qui s\u2019inscrit dans la strat\u00e9gie globale de revitalisation du centre-ville. La liste des villes retenues sera arr\u00eat\u00e9e en mars, apr\u00e8s avis d\u2019un comit\u00e9 de pilotage partenarial associant les r\u00e9seaux administratifs et professionnels comp\u00e9tents.<\/p>\n<p>Ensuite, les laur\u00e9ats lanceront leur propre appel \u00e0 projets local et b\u00e9n\u00e9ficieront \u00e0 cette fin d\u2019un accompagnement soutenu (technique, m\u00e9thodologique et financier) de l\u2019Etat et des partenaires nationaux du programme. Dans le respect du caract\u00e8re d\u00e9centralis\u00e9 d\u2019Action C\u0153ur de Ville, les collectivit\u00e9s conduiront directement leur appel \u00e0 projets et s\u00e9lectionneront les offres d\u2019op\u00e9rateurs immobiliers en groupement avec des concepteurs (architectes, programmistes, paysagistes,) proposant des projets op\u00e9rationnels. L\u2019appel \u00e0 projet local aura pour objectif de favoriser l\u2019\u00e9mergence de projets immobiliers li\u00e9s au logement, au d\u00e9veloppement \u00e9conomique et commercial, tout en accompagnant fortement les politiques li\u00e9es aux transitions \u00e9nerg\u00e9tique, climatique, num\u00e9rique et sociale.<\/p>\n","protected":false},"excerpt":{"rendered":"<p>Le minist\u00e8re de la Coh\u00e9sion des territoires et des Relations avec les collectivit\u00e9s territoriales, en liaison avec le minist\u00e8re de la Culture et en partenariat \u00e9troit avec la Cit\u00e9 de l\u2019architecture et du Patrimoine, lance une consultation nationale \u00e0 l\u2019attention des 222 territoires du programme Action C\u0153ur de Ville, intitul\u00e9e \u00ab R\u00e9inventons nos c\u0153urs de [&hellip;]<\/p>\n","protected":false},"author":17,"featured_media":101127,"comment_status":"closed","ping_status":"closed","sticky":false,"template":"","format":"standard","meta":{"_et_pb_use_builder":"","_et_pb_old_content":"","_et_gb_content_width":"","footnotes":""},"categories":[10530,6340,10785],"tags":[12335],"class_list":["post-101126","post","type-post","status-publish","format-standard","has-post-thumbnail","hentry","category-actualites","category-architecture-conception","category-atrium","tag-centre-ville"],"yoast_head":"<!-- This site is optimized with the Yoast SEO plugin v27.4 - https:\/\/yoast.com\/product\/yoast-seo-wordpress\/ -->\n<title>R\u00e9inventons nos c\u0153urs de ville<\/title>\n<meta name=\"description\" content=\"Une consultation nationale \u00e0 l\u2019attention des 222 territoires du programme Action C\u0153ur de Ville, intitul\u00e9e \u00ab R\u00e9inventons nos c\u0153urs de ville \u00bb\" \/>\n<meta name=\"robots\" content=\"index, follow, max-snippet:-1, max-image-preview:large, max-video-preview:-1\" \/>\n<link rel=\"canonical\" href=\"https:\/\/batijournal.com\/index.php\/reinventons-nos-coeurs-de-ville\/101126\/\" \/>\n<meta property=\"og:locale\" content=\"fr_FR\" \/>\n<meta property=\"og:type\" content=\"article\" \/>\n<meta property=\"og:title\" content=\"R\u00e9inventons nos c\u0153urs de ville\" \/>\n<meta property=\"og:description\" content=\"Une consultation nationale \u00e0 l\u2019attention des 222 territoires du programme Action C\u0153ur de Ville, intitul\u00e9e \u00ab R\u00e9inventons nos c\u0153urs de ville \u00bb\" \/>\n<meta property=\"og:url\" content=\"https:\/\/batijournal.com\/index.php\/reinventons-nos-coeurs-de-ville\/101126\/\" \/>\n<meta property=\"og:site_name\" content=\"Batijournal\" \/>\n<meta property=\"article:published_time\" content=\"2018-12-19T07:34:00+00:00\" \/>\n<meta property=\"article:modified_time\" content=\"2019-07-15T09:14:45+00:00\" \/>\n<meta property=\"og:image\" content=\"https:\/\/batijournal.com\/wp-content\/uploads\/2018\/12\/coeur-de-ville.jpg\" \/>\n\t<meta property=\"og:image:width\" content=\"1200\" \/>\n\t<meta property=\"og:image:height\" content=\"676\" \/>\n\t<meta property=\"og:image:type\" content=\"image\/jpeg\" \/>\n<meta name=\"author\" content=\"St\u00e9phane Miget\" \/>\n<meta name=\"twitter:card\" content=\"summary_large_image\" \/>\n<meta name=\"twitter:creator\" content=\"@bati_journal\" \/>\n<meta name=\"twitter:site\" content=\"@bati_journal\" \/>\n<meta name=\"twitter:label1\" content=\"\u00c9crit par\" \/>\n\t<meta name=\"twitter:data1\" content=\"St\u00e9phane Miget\" \/>\n\t<meta name=\"twitter:label2\" content=\"Dur\u00e9e de lecture estim\u00e9e\" \/>\n\t<meta name=\"twitter:data2\" content=\"2 minutes\" \/>\n<script type=\"application\/ld+json\" class=\"yoast-schema-graph\">{\"@context\":\"https:\\\/\\\/schema.org\",\"@graph\":[{\"@type\":\"Article\",\"@id\":\"https:\\\/\\\/batijournal.com\\\/index.php\\\/reinventons-nos-coeurs-de-ville\\\/101126\\\/#article\",\"isPartOf\":{\"@id\":\"https:\\\/\\\/batijournal.com\\\/index.php\\\/reinventons-nos-coeurs-de-ville\\\/101126\\\/\"},\"author\":{\"name\":\"St\u00e9phane Miget\",\"@id\":\"https:\\\/\\\/batijournal.com\\\/#\\\/schema\\\/person\\\/1dc96ec6957aa1ccb25ebe78bb19f100\"},\"headline\":\"R\u00e9inventons nos c\u0153urs de ville\",\"datePublished\":\"2018-12-19T07:34:00+00:00\",\"dateModified\":\"2019-07-15T09:14:45+00:00\",\"mainEntityOfPage\":{\"@id\":\"https:\\\/\\\/batijournal.com\\\/index.php\\\/reinventons-nos-coeurs-de-ville\\\/101126\\\/\"},\"wordCount\":316,\"image\":{\"@id\":\"https:\\\/\\\/batijournal.com\\\/index.php\\\/reinventons-nos-coeurs-de-ville\\\/101126\\\/#primaryimage\"},\"thumbnailUrl\":\"https:\\\/\\\/batijournal.com\\\/wp-content\\\/uploads\\\/2018\\\/12\\\/coeur-de-ville.jpg\",\"keywords\":[\"centre ville\"],\"articleSection\":[\"Actualit\u00e9s\",\"Architecture &amp; Conception\",\"zz_Atrium Patrimoine\"],\"inLanguage\":\"fr-FR\"},{\"@type\":\"WebPage\",\"@id\":\"https:\\\/\\\/batijournal.com\\\/index.php\\\/reinventons-nos-coeurs-de-ville\\\/101126\\\/\",\"url\":\"https:\\\/\\\/batijournal.com\\\/index.php\\\/reinventons-nos-coeurs-de-ville\\\/101126\\\/\",\"name\":\"R\u00e9inventons nos c\u0153urs de ville\",\"isPartOf\":{\"@id\":\"https:\\\/\\\/batijournal.com\\\/#website\"},\"primaryImageOfPage\":{\"@id\":\"https:\\\/\\\/batijournal.com\\\/index.php\\\/reinventons-nos-coeurs-de-ville\\\/101126\\\/#primaryimage\"},\"image\":{\"@id\":\"https:\\\/\\\/batijournal.com\\\/index.php\\\/reinventons-nos-coeurs-de-ville\\\/101126\\\/#primaryimage\"},\"thumbnailUrl\":\"https:\\\/\\\/batijournal.com\\\/wp-content\\\/uploads\\\/2018\\\/12\\\/coeur-de-ville.jpg\",\"datePublished\":\"2018-12-19T07:34:00+00:00\",\"dateModified\":\"2019-07-15T09:14:45+00:00\",\"author\":{\"@id\":\"https:\\\/\\\/batijournal.com\\\/#\\\/schema\\\/person\\\/1dc96ec6957aa1ccb25ebe78bb19f100\"},\"description\":\"Une consultation nationale \u00e0 l\u2019attention des 222 territoires du programme Action C\u0153ur de Ville, intitul\u00e9e \u00ab R\u00e9inventons nos c\u0153urs de ville \u00bb\",\"breadcrumb\":{\"@id\":\"https:\\\/\\\/batijournal.com\\\/index.php\\\/reinventons-nos-coeurs-de-ville\\\/101126\\\/#breadcrumb\"},\"inLanguage\":\"fr-FR\",\"potentialAction\":[{\"@type\":\"ReadAction\",\"target\":[\"https:\\\/\\\/batijournal.com\\\/index.php\\\/reinventons-nos-coeurs-de-ville\\\/101126\\\/\"]}]},{\"@type\":\"ImageObject\",\"inLanguage\":\"fr-FR\",\"@id\":\"https:\\\/\\\/batijournal.com\\\/index.php\\\/reinventons-nos-coeurs-de-ville\\\/101126\\\/#primaryimage\",\"url\":\"https:\\\/\\\/batijournal.com\\\/wp-content\\\/uploads\\\/2018\\\/12\\\/coeur-de-ville.jpg\",\"contentUrl\":\"https:\\\/\\\/batijournal.com\\\/wp-content\\\/uploads\\\/2018\\\/12\\\/coeur-de-ville.jpg\",\"width\":1200,\"height\":676},{\"@type\":\"BreadcrumbList\",\"@id\":\"https:\\\/\\\/batijournal.com\\\/index.php\\\/reinventons-nos-coeurs-de-ville\\\/101126\\\/#breadcrumb\",\"itemListElement\":[{\"@type\":\"ListItem\",\"position\":1,\"name\":\"Accueil\",\"item\":\"https:\\\/\\\/batijournal.com\\\/\"},{\"@type\":\"ListItem\",\"position\":2,\"name\":\"Actualit\u00e9s\",\"item\":\"https:\\\/\\\/batijournal.com\\\/index.php\\\/category\\\/actualites\\\/\"},{\"@type\":\"ListItem\",\"position\":3,\"name\":\"R\u00e9inventons nos c\u0153urs de ville\"}]},{\"@type\":\"WebSite\",\"@id\":\"https:\\\/\\\/batijournal.com\\\/#website\",\"url\":\"https:\\\/\\\/batijournal.com\\\/\",\"name\":\"Batijournal\",\"description\":\"L&#039;actualit\u00e9 du b\u00e2timent\",\"potentialAction\":[{\"@type\":\"SearchAction\",\"target\":{\"@type\":\"EntryPoint\",\"urlTemplate\":\"https:\\\/\\\/batijournal.com\\\/?s={search_term_string}\"},\"query-input\":{\"@type\":\"PropertyValueSpecification\",\"valueRequired\":true,\"valueName\":\"search_term_string\"}}],\"inLanguage\":\"fr-FR\"},{\"@type\":\"Person\",\"@id\":\"https:\\\/\\\/batijournal.com\\\/#\\\/schema\\\/person\\\/1dc96ec6957aa1ccb25ebe78bb19f100\",\"name\":\"St\u00e9phane Miget\",\"image\":{\"@type\":\"ImageObject\",\"inLanguage\":\"fr-FR\",\"@id\":\"https:\\\/\\\/secure.gravatar.com\\\/avatar\\\/89915563d925342126b8ef0281b93d9d7fc337043e8df017f780908eb9644451?s=96&d=mm&r=g\",\"url\":\"https:\\\/\\\/secure.gravatar.com\\\/avatar\\\/89915563d925342126b8ef0281b93d9d7fc337043e8df017f780908eb9644451?s=96&d=mm&r=g\",\"contentUrl\":\"https:\\\/\\\/secure.gravatar.com\\\/avatar\\\/89915563d925342126b8ef0281b93d9d7fc337043e8df017f780908eb9644451?s=96&d=mm&r=g\",\"caption\":\"St\u00e9phane Miget\"},\"url\":\"https:\\\/\\\/batijournal.com\\\/index.php\\\/author\\\/stephane\\\/\"}]}<\/script>\n<!-- \/ Yoast SEO plugin. -->","yoast_head_json":{"title":"R\u00e9inventons nos c\u0153urs de ville","description":"Une consultation nationale \u00e0 l\u2019attention des 222 territoires du programme Action C\u0153ur de Ville, intitul\u00e9e \u00ab R\u00e9inventons nos c\u0153urs de ville \u00bb","robots":{"index":"index","follow":"follow","max-snippet":"max-snippet:-1","max-image-preview":"max-image-preview:large","max-video-preview":"max-video-preview:-1"},"canonical":"https:\/\/batijournal.com\/index.php\/reinventons-nos-coeurs-de-ville\/101126\/","og_locale":"fr_FR","og_type":"article","og_title":"R\u00e9inventons nos c\u0153urs de ville","og_description":"Une consultation nationale \u00e0 l\u2019attention des 222 territoires du programme Action C\u0153ur de Ville, intitul\u00e9e \u00ab R\u00e9inventons nos c\u0153urs de ville \u00bb","og_url":"https:\/\/batijournal.com\/index.php\/reinventons-nos-coeurs-de-ville\/101126\/","og_site_name":"Batijournal","article_published_time":"2018-12-19T07:34:00+00:00","article_modified_time":"2019-07-15T09:14:45+00:00","og_image":[{"width":1200,"height":676,"url":"https:\/\/batijournal.com\/wp-content\/uploads\/2018\/12\/coeur-de-ville.jpg","type":"image\/jpeg"}],"author":"St\u00e9phane Miget","twitter_card":"summary_large_image","twitter_creator":"@bati_journal","twitter_site":"@bati_journal","twitter_misc":{"\u00c9crit par":"St\u00e9phane Miget","Dur\u00e9e de lecture estim\u00e9e":"2 minutes"},"schema":{"@context":"https:\/\/schema.org","@graph":[{"@type":"Article","@id":"https:\/\/batijournal.com\/index.php\/reinventons-nos-coeurs-de-ville\/101126\/#article","isPartOf":{"@id":"https:\/\/batijournal.com\/index.php\/reinventons-nos-coeurs-de-ville\/101126\/"},"author":{"name":"St\u00e9phane Miget","@id":"https:\/\/batijournal.com\/#\/schema\/person\/1dc96ec6957aa1ccb25ebe78bb19f100"},"headline":"R\u00e9inventons nos c\u0153urs de ville","datePublished":"2018-12-19T07:34:00+00:00","dateModified":"2019-07-15T09:14:45+00:00","mainEntityOfPage":{"@id":"https:\/\/batijournal.com\/index.php\/reinventons-nos-coeurs-de-ville\/101126\/"},"wordCount":316,"image":{"@id":"https:\/\/batijournal.com\/index.php\/reinventons-nos-coeurs-de-ville\/101126\/#primaryimage"},"thumbnailUrl":"https:\/\/batijournal.com\/wp-content\/uploads\/2018\/12\/coeur-de-ville.jpg","keywords":["centre ville"],"articleSection":["Actualit\u00e9s","Architecture &amp; Conception","zz_Atrium Patrimoine"],"inLanguage":"fr-FR"},{"@type":"WebPage","@id":"https:\/\/batijournal.com\/index.php\/reinventons-nos-coeurs-de-ville\/101126\/","url":"https:\/\/batijournal.com\/index.php\/reinventons-nos-coeurs-de-ville\/101126\/","name":"R\u00e9inventons nos c\u0153urs de ville","isPartOf":{"@id":"https:\/\/batijournal.com\/#website"},"primaryImageOfPage":{"@id":"https:\/\/batijournal.com\/index.php\/reinventons-nos-coeurs-de-ville\/101126\/#primaryimage"},"image":{"@id":"https:\/\/batijournal.com\/index.php\/reinventons-nos-coeurs-de-ville\/101126\/#primaryimage"},"thumbnailUrl":"https:\/\/batijournal.com\/wp-content\/uploads\/2018\/12\/coeur-de-ville.jpg","datePublished":"2018-12-19T07:34:00+00:00","dateModified":"2019-07-15T09:14:45+00:00","author":{"@id":"https:\/\/batijournal.com\/#\/schema\/person\/1dc96ec6957aa1ccb25ebe78bb19f100"},"description":"Une consultation nationale \u00e0 l\u2019attention des 222 territoires du programme Action C\u0153ur de Ville, intitul\u00e9e \u00ab R\u00e9inventons nos c\u0153urs de ville \u00bb","breadcrumb":{"@id":"https:\/\/batijournal.com\/index.php\/reinventons-nos-coeurs-de-ville\/101126\/#breadcrumb"},"inLanguage":"fr-FR","potentialAction":[{"@type":"ReadAction","target":["https:\/\/batijournal.com\/index.php\/reinventons-nos-coeurs-de-ville\/101126\/"]}]},{"@type":"ImageObject","inLanguage":"fr-FR","@id":"https:\/\/batijournal.com\/index.php\/reinventons-nos-coeurs-de-ville\/101126\/#primaryimage","url":"https:\/\/batijournal.com\/wp-content\/uploads\/2018\/12\/coeur-de-ville.jpg","contentUrl":"https:\/\/batijournal.com\/wp-content\/uploads\/2018\/12\/coeur-de-ville.jpg","width":1200,"height":676},{"@type":"BreadcrumbList","@id":"https:\/\/batijournal.com\/index.php\/reinventons-nos-coeurs-de-ville\/101126\/#breadcrumb","itemListElement":[{"@type":"ListItem","position":1,"name":"Accueil","item":"https:\/\/batijournal.com\/"},{"@type":"ListItem","position":2,"name":"Actualit\u00e9s","item":"https:\/\/batijournal.com\/index.php\/category\/actualites\/"},{"@type":"ListItem","position":3,"name":"R\u00e9inventons nos c\u0153urs de ville"}]},{"@type":"WebSite","@id":"https:\/\/batijournal.com\/#website","url":"https:\/\/batijournal.com\/","name":"Batijournal","description":"L&#039;actualit\u00e9 du b\u00e2timent","potentialAction":[{"@type":"SearchAction","target":{"@type":"EntryPoint","urlTemplate":"https:\/\/batijournal.com\/?s={search_term_string}"},"query-input":{"@type":"PropertyValueSpecification","valueRequired":true,"valueName":"search_term_string"}}],"inLanguage":"fr-FR"},{"@type":"Person","@id":"https:\/\/batijournal.com\/#\/schema\/person\/1dc96ec6957aa1ccb25ebe78bb19f100","name":"St\u00e9phane Miget","image":{"@type":"ImageObject","inLanguage":"fr-FR","@id":"https:\/\/secure.gravatar.com\/avatar\/89915563d925342126b8ef0281b93d9d7fc337043e8df017f780908eb9644451?s=96&d=mm&r=g","url":"https:\/\/secure.gravatar.com\/avatar\/89915563d925342126b8ef0281b93d9d7fc337043e8df017f780908eb9644451?s=96&d=mm&r=g","contentUrl":"https:\/\/secure.gravatar.com\/avatar\/89915563d925342126b8ef0281b93d9d7fc337043e8df017f780908eb9644451?s=96&d=mm&r=g","caption":"St\u00e9phane Miget"},"url":"https:\/\/batijournal.com\/index.php\/author\/stephane\/"}]}},"_links":{"self":[{"href":"https:\/\/batijournal.com\/index.php\/wp-json\/wp\/v2\/posts\/101126","targetHints":{"allow":["GET"]}}],"collection":[{"href":"https:\/\/batijournal.com\/index.php\/wp-json\/wp\/v2\/posts"}],"about":[{"href":"https:\/\/batijournal.com\/index.php\/wp-json\/wp\/v2\/types\/post"}],"author":[{"embeddable":true,"href":"https:\/\/batijournal.com\/index.php\/wp-json\/wp\/v2\/users\/17"}],"replies":[{"embeddable":true,"href":"https:\/\/batijournal.com\/index.php\/wp-json\/wp\/v2\/comments?post=101126"}],"version-history":[{"count":0,"href":"https:\/\/batijournal.com\/index.php\/wp-json\/wp\/v2\/posts\/101126\/revisions"}],"wp:featuredmedia":[{"embeddable":true,"href":"https:\/\/batijournal.com\/index.php\/wp-json\/wp\/v2\/media\/101127"}],"wp:attachment":[{"href":"https:\/\/batijournal.com\/index.php\/wp-json\/wp\/v2\/media?parent=101126"}],"wp:term":[{"taxonomy":"category","embeddable":true,"href":"https:\/\/batijournal.com\/index.php\/wp-json\/wp\/v2\/categories?post=101126"},{"taxonomy":"post_tag","embeddable":true,"href":"https:\/\/batijournal.com\/index.php\/wp-json\/wp\/v2\/tags?post=101126"}],"curies":[{"name":"wp","href":"https:\/\/api.w.org\/{rel}","templated":true}]}}